{"id":39715,"date":"2026-03-25T11:15:11","date_gmt":"2026-03-25T10:15:11","guid":{"rendered":"https:\/\/veritasinfo.org\/?p=39715"},"modified":"2026-03-25T11:15:11","modified_gmt":"2026-03-25T10:15:11","slug":"hoxha-kosova-prioritet-kryesor-i-politikes-se-jashtme-te-shqiperise","status":"publish","type":"post","link":"https:\/\/veritasinfo.org\/?p=39715","title":{"rendered":"Hoxha: Kosova, prioritet kryesor i politik\u00ebs s\u00eb jashtme t\u00eb Shqip\u00ebris\u00eb"},"content":{"rendered":"<p>Prishtin\u00eb 25 Mars 2026 11:14<\/p>\n<p>Ministri p\u00ebr Evrop\u00ebn dhe Pun\u00ebt e Jashtme i Shqip\u00ebris\u00eb, Ferit Hoxha, ka zhvilluar nj\u00eb takim me ambasadorin e Kosov\u00ebs n\u00eb Shqip\u00ebri, Sk\u00ebnder Durmishi, ku \u00ebsht\u00eb v\u00ebn\u00eb n\u00eb thelb forcimi i marr\u00ebdh\u00ebnieve dypal\u00ebshe mes dy vendeve.<\/p>\n<p>N\u00eb nj\u00eb shkrim n\u00eb \u201cX\u201d, Hoxha e ka cil\u00ebsuar takimin si shum\u00eb miq\u00ebsor, nd\u00ebrsa theksoi se Kosova mbetet nj\u00eb p\u00ebrpar\u00ebsi e padiskutueshme e politik\u00ebs s\u00eb jashtme t\u00eb Shqip\u00ebris\u00eb, duke rikujtuar se k\u00ebt\u00eb q\u00ebndrim ia ka konfirmuar m\u00eb her\u00ebt edhe ministrit Glauk Konjufca.<\/p>\n<p>Sipas tij, gjat\u00eb takimit u rikonfirmua angazhimi i p\u00ebrbashk\u00ebt p\u00ebr thellimin e partneritetit t\u00eb ve\u00e7ant\u00eb Shqip\u00ebri\u2013Kosov\u00eb dhe zgjerimin e bashk\u00ebpunimit n\u00eb t\u00eb gjitha fushat. Ky bashk\u00ebpunim do t\u00eb konkretizohet p\u00ebrmes koordinimit m\u00eb t\u00eb ngusht\u00eb institucional, rritjes s\u00eb shk\u00ebmbimeve ekonomike dhe avancimit t\u00eb projekteve t\u00eb p\u00ebrbashk\u00ebta me r\u00ebnd\u00ebsi strategjike, ve\u00e7an\u00ebrisht n\u00eb sektor\u00ebt e siguris\u00eb, energjis\u00eb, infrastruktur\u00ebs dhe arsimit.<\/p>\n<p>Hoxha ka n\u00ebnvizuar gjithashtu se Shqip\u00ebria do t\u00eb vijoj\u00eb t\u00eb mb\u00ebshtes\u00eb fuqish\u00ebm forcimin e subjektivitetit nd\u00ebrkomb\u00ebtar t\u00eb Kosov\u00ebs, si dhe procesin e integrimit t\u00eb saj euroatlantik.<\/p>\n","protected":false},"excerpt":{"rendered":"<p>Prishtin\u00eb 25 Mars 2026 11:14 Ministri p\u00ebr Evrop\u00ebn dhe Pun\u00ebt e Jashtme i Shqip\u00ebris\u00eb, Ferit Hoxha, ka zhvilluar nj\u00eb takim me ambasadorin e Kosov\u00ebs n\u00eb<\/p>\n","protected":false},"author":6,"featured_media":39716,"comment_status":"open","ping_status":"open","sticky":false,"template":"","format":"standard","meta":{"footnotes":""},"categories":[58],"tags":[],"class_list":["post-39715","post","type-post","status-publish","format-standard","has-post-thumbnail","hentry","category-politike-sq"],"yoast_head":"<!-- This site is optimized with the Yoast SEO plugin v25.3.1 - https:\/\/yoast.com\/wordpress\/plugins\/seo\/ -->\n<title>Hoxha: Kosova, prioritet kryesor i politik\u00ebs s\u00eb jashtme t\u00eb Shqip\u00ebris\u00eb -<\/title>\n<meta name=\"robots\" content=\"index, follow, max-snippet:-1, max-image-preview:large, max-video-preview:-1\" \/>\n<link rel=\"canonical\" href=\"https:\/\/veritasinfo.org\/?p=39715\" \/>\n<meta property=\"og:locale\" content=\"en_US\" \/>\n<meta property=\"og:type\" content=\"article\" \/>\n<meta property=\"og:title\" content=\"Hoxha: Kosova, prioritet kryesor i politik\u00ebs s\u00eb jashtme t\u00eb Shqip\u00ebris\u00eb -\" \/>\n<meta property=\"og:description\" content=\"Prishtin\u00eb 25 Mars 2026 11:14 Ministri p\u00ebr Evrop\u00ebn dhe Pun\u00ebt e Jashtme i Shqip\u00ebris\u00eb, Ferit Hoxha, ka zhvilluar nj\u00eb takim me ambasadorin e Kosov\u00ebs n\u00eb\" \/>\n<meta property=\"og:url\" content=\"https:\/\/veritasinfo.org\/?p=39715\" \/>\n<meta property=\"article:published_time\" content=\"2026-03-25T10:15:11+00:00\" \/>\n<meta property=\"og:image\" content=\"https:\/\/veritasinfo.org\/wp-content\/uploads\/2026\/03\/720669-DrIxQ6RpSX.jpg\" \/>\n\t<meta property=\"og:image:width\" content=\"780\" \/>\n\t<meta property=\"og:image:height\" content=\"500\" \/>\n\t<meta property=\"og:image:type\" content=\"image\/jpeg\" \/>\n<meta name=\"author\" content=\"US5\" \/>\n<meta name=\"twitter:card\" content=\"summary_large_image\" \/>\n<meta name=\"twitter:label1\" content=\"Written by\" \/>\n\t<meta name=\"twitter:data1\" content=\"US5\" \/>\n\t<meta name=\"twitter:label2\" content=\"Est. reading time\" \/>\n\t<meta name=\"twitter:data2\" content=\"1 minute\" \/>\n<script type=\"application\/ld+json\" class=\"yoast-schema-graph\">{\"@context\":\"https:\/\/schema.org\",\"@graph\":[{\"@type\":\"WebPage\",\"@id\":\"https:\/\/veritasinfo.org\/?p=39715\",\"url\":\"https:\/\/veritasinfo.org\/?p=39715\",\"name\":\"Hoxha: Kosova, prioritet kryesor i politik\u00ebs s\u00eb jashtme t\u00eb Shqip\u00ebris\u00eb -\",\"isPartOf\":{\"@id\":\"https:\/\/veritasinfo.org\/#website\"},\"primaryImageOfPage\":{\"@id\":\"https:\/\/veritasinfo.org\/?p=39715#primaryimage\"},\"image\":{\"@id\":\"https:\/\/veritasinfo.org\/?p=39715#primaryimage\"},\"thumbnailUrl\":\"https:\/\/veritasinfo.org\/wp-content\/uploads\/2026\/03\/720669-DrIxQ6RpSX.jpg\",\"datePublished\":\"2026-03-25T10:15:11+00:00\",\"author\":{\"@id\":\"https:\/\/veritasinfo.org\/#\/schema\/person\/bc442336e35414d04494ab8fb45db4c6\"},\"breadcrumb\":{\"@id\":\"https:\/\/veritasinfo.org\/?p=39715#breadcrumb\"},\"inLanguage\":\"en-US\",\"potentialAction\":[{\"@type\":\"ReadAction\",\"target\":[\"https:\/\/veritasinfo.org\/?p=39715\"]}]},{\"@type\":\"ImageObject\",\"inLanguage\":\"en-US\",\"@id\":\"https:\/\/veritasinfo.org\/?p=39715#primaryimage\",\"url\":\"https:\/\/veritasinfo.org\/wp-content\/uploads\/2026\/03\/720669-DrIxQ6RpSX.jpg\",\"contentUrl\":\"https:\/\/veritasinfo.org\/wp-content\/uploads\/2026\/03\/720669-DrIxQ6RpSX.jpg\",\"width\":780,\"height\":500},{\"@type\":\"BreadcrumbList\",\"@id\":\"https:\/\/veritasinfo.org\/?p=39715#breadcrumb\",\"itemListElement\":[{\"@type\":\"ListItem\",\"position\":1,\"name\":\"Home\",\"item\":\"https:\/\/veritasinfo.org\/\"},{\"@type\":\"ListItem\",\"position\":2,\"name\":\"Hoxha: Kosova, prioritet kryesor i politik\u00ebs s\u00eb jashtme t\u00eb Shqip\u00ebris\u00eb\"}]},{\"@type\":\"WebSite\",\"@id\":\"https:\/\/veritasinfo.org\/#website\",\"url\":\"https:\/\/veritasinfo.org\/\",\"name\":\"\",\"description\":\"\",\"potentialAction\":[{\"@type\":\"SearchAction\",\"target\":{\"@type\":\"EntryPoint\",\"urlTemplate\":\"https:\/\/veritasinfo.org\/?s={search_term_string}\"},\"query-input\":{\"@type\":\"PropertyValueSpecification\",\"valueRequired\":true,\"valueName\":\"search_term_string\"}}],\"inLanguage\":\"en-US\"},{\"@type\":\"Person\",\"@id\":\"https:\/\/veritasinfo.org\/#\/schema\/person\/bc442336e35414d04494ab8fb45db4c6\",\"name\":\"US5\",\"image\":{\"@type\":\"ImageObject\",\"inLanguage\":\"en-US\",\"@id\":\"https:\/\/veritasinfo.org\/#\/schema\/person\/image\/\",\"url\":\"https:\/\/secure.gravatar.com\/avatar\/16a61e7272a0c5d001121ebb9e60e925d5816e4ac1e443ed3e640d9a6ae55d0c?s=96&d=mm&r=g\",\"contentUrl\":\"https:\/\/secure.gravatar.com\/avatar\/16a61e7272a0c5d001121ebb9e60e925d5816e4ac1e443ed3e640d9a6ae55d0c?s=96&d=mm&r=g\",\"caption\":\"US5\"},\"url\":\"https:\/\/veritasinfo.org\/?author=6\"}]}<\/script>\n<!-- \/ Yoast SEO plugin. -->","yoast_head_json":{"title":"Hoxha: Kosova, prioritet kryesor i politik\u00ebs s\u00eb jashtme t\u00eb Shqip\u00ebris\u00eb -","robots":{"index":"index","follow":"follow","max-snippet":"max-snippet:-1","max-image-preview":"max-image-preview:large","max-video-preview":"max-video-preview:-1"},"canonical":"https:\/\/veritasinfo.org\/?p=39715","og_locale":"en_US","og_type":"article","og_title":"Hoxha: Kosova, prioritet kryesor i politik\u00ebs s\u00eb jashtme t\u00eb Shqip\u00ebris\u00eb -","og_description":"Prishtin\u00eb 25 Mars 2026 11:14 Ministri p\u00ebr Evrop\u00ebn dhe Pun\u00ebt e Jashtme i Shqip\u00ebris\u00eb, Ferit Hoxha, ka zhvilluar nj\u00eb takim me ambasadorin e Kosov\u00ebs n\u00eb","og_url":"https:\/\/veritasinfo.org\/?p=39715","article_published_time":"2026-03-25T10:15:11+00:00","og_image":[{"width":780,"height":500,"url":"https:\/\/veritasinfo.org\/wp-content\/uploads\/2026\/03\/720669-DrIxQ6RpSX.jpg","type":"image\/jpeg"}],"author":"US5","twitter_card":"summary_large_image","twitter_misc":{"Written by":"US5","Est. reading time":"1 minute"},"schema":{"@context":"https:\/\/schema.org","@graph":[{"@type":"WebPage","@id":"https:\/\/veritasinfo.org\/?p=39715","url":"https:\/\/veritasinfo.org\/?p=39715","name":"Hoxha: Kosova, prioritet kryesor i politik\u00ebs s\u00eb jashtme t\u00eb Shqip\u00ebris\u00eb -","isPartOf":{"@id":"https:\/\/veritasinfo.org\/#website"},"primaryImageOfPage":{"@id":"https:\/\/veritasinfo.org\/?p=39715#primaryimage"},"image":{"@id":"https:\/\/veritasinfo.org\/?p=39715#primaryimage"},"thumbnailUrl":"https:\/\/veritasinfo.org\/wp-content\/uploads\/2026\/03\/720669-DrIxQ6RpSX.jpg","datePublished":"2026-03-25T10:15:11+00:00","author":{"@id":"https:\/\/veritasinfo.org\/#\/schema\/person\/bc442336e35414d04494ab8fb45db4c6"},"breadcrumb":{"@id":"https:\/\/veritasinfo.org\/?p=39715#breadcrumb"},"inLanguage":"en-US","potentialAction":[{"@type":"ReadAction","target":["https:\/\/veritasinfo.org\/?p=39715"]}]},{"@type":"ImageObject","inLanguage":"en-US","@id":"https:\/\/veritasinfo.org\/?p=39715#primaryimage","url":"https:\/\/veritasinfo.org\/wp-content\/uploads\/2026\/03\/720669-DrIxQ6RpSX.jpg","contentUrl":"https:\/\/veritasinfo.org\/wp-content\/uploads\/2026\/03\/720669-DrIxQ6RpSX.jpg","width":780,"height":500},{"@type":"BreadcrumbList","@id":"https:\/\/veritasinfo.org\/?p=39715#breadcrumb","itemListElement":[{"@type":"ListItem","position":1,"name":"Home","item":"https:\/\/veritasinfo.org\/"},{"@type":"ListItem","position":2,"name":"Hoxha: Kosova, prioritet kryesor i politik\u00ebs s\u00eb jashtme t\u00eb Shqip\u00ebris\u00eb"}]},{"@type":"WebSite","@id":"https:\/\/veritasinfo.org\/#website","url":"https:\/\/veritasinfo.org\/","name":"","description":"","potentialAction":[{"@type":"SearchAction","target":{"@type":"EntryPoint","urlTemplate":"https:\/\/veritasinfo.org\/?s={search_term_string}"},"query-input":{"@type":"PropertyValueSpecification","valueRequired":true,"valueName":"search_term_string"}}],"inLanguage":"en-US"},{"@type":"Person","@id":"https:\/\/veritasinfo.org\/#\/schema\/person\/bc442336e35414d04494ab8fb45db4c6","name":"US5","image":{"@type":"ImageObject","inLanguage":"en-US","@id":"https:\/\/veritasinfo.org\/#\/schema\/person\/image\/","url":"https:\/\/secure.gravatar.com\/avatar\/16a61e7272a0c5d001121ebb9e60e925d5816e4ac1e443ed3e640d9a6ae55d0c?s=96&d=mm&r=g","contentUrl":"https:\/\/secure.gravatar.com\/avatar\/16a61e7272a0c5d001121ebb9e60e925d5816e4ac1e443ed3e640d9a6ae55d0c?s=96&d=mm&r=g","caption":"US5"},"url":"https:\/\/veritasinfo.org\/?author=6"}]}},"featured_image_urls":{"full":["https:\/\/veritasinfo.org\/wp-content\/uploads\/2026\/03\/720669-DrIxQ6RpSX.jpg",780,500,false],"thumbnail":["https:\/\/veritasinfo.org\/wp-content\/uploads\/2026\/03\/720669-DrIxQ6RpSX-150x150.jpg",150,150,true],"medium":["https:\/\/veritasinfo.org\/wp-content\/uploads\/2026\/03\/720669-DrIxQ6RpSX-300x192.jpg",300,192,true],"medium_large":["https:\/\/veritasinfo.org\/wp-content\/uploads\/2026\/03\/720669-DrIxQ6RpSX-768x492.jpg",640,410,true],"large":["https:\/\/veritasinfo.org\/wp-content\/uploads\/2026\/03\/720669-DrIxQ6RpSX.jpg",640,410,false],"1536x1536":["https:\/\/veritasinfo.org\/wp-content\/uploads\/2026\/03\/720669-DrIxQ6RpSX.jpg",780,500,false],"2048x2048":["https:\/\/veritasinfo.org\/wp-content\/uploads\/2026\/03\/720669-DrIxQ6RpSX.jpg",780,500,false],"kreeti-slider-full":["https:\/\/veritasinfo.org\/wp-content\/uploads\/2026\/03\/720669-DrIxQ6RpSX.jpg",780,500,false],"kreeti-featured":["https:\/\/veritasinfo.org\/wp-content\/uploads\/2026\/03\/720669-DrIxQ6RpSX.jpg",780,500,false],"kreeti-medium":["https:\/\/veritasinfo.org\/wp-content\/uploads\/2026\/03\/720669-DrIxQ6RpSX.jpg",720,462,false],"kreeti-medium-square":["https:\/\/veritasinfo.org\/wp-content\/uploads\/2026\/03\/720669-DrIxQ6RpSX.jpg",350,224,false]},"author_info":{"info":["US5"]},"category_info":"<a href=\"https:\/\/veritasinfo.org\/?cat=58\" rel=\"category\">Politik\u00eb<\/a>","tag_info":"Politik\u00eb","comment_count":"0","_links":{"self":[{"href":"https:\/\/veritasinfo.org\/index.php?rest_route=\/wp\/v2\/posts\/39715","targetHints":{"allow":["GET"]}}],"collection":[{"href":"https:\/\/veritasinfo.org\/index.php?rest_route=\/wp\/v2\/posts"}],"about":[{"href":"https:\/\/veritasinfo.org\/index.php?rest_route=\/wp\/v2\/types\/post"}],"author":[{"embeddable":true,"href":"https:\/\/veritasinfo.org\/index.php?rest_route=\/wp\/v2\/users\/6"}],"replies":[{"embeddable":true,"href":"https:\/\/veritasinfo.org\/index.php?rest_route=%2Fwp%2Fv2%2Fcomments&post=39715"}],"version-history":[{"count":2,"href":"https:\/\/veritasinfo.org\/index.php?rest_route=\/wp\/v2\/posts\/39715\/revisions"}],"predecessor-version":[{"id":39718,"href":"https:\/\/veritasinfo.org\/index.php?rest_route=\/wp\/v2\/posts\/39715\/revisions\/39718"}],"wp:featuredmedia":[{"embeddable":true,"href":"https:\/\/veritasinfo.org\/index.php?rest_route=\/wp\/v2\/media\/39716"}],"wp:attachment":[{"href":"https:\/\/veritasinfo.org\/index.php?rest_route=%2Fwp%2Fv2%2Fmedia&parent=39715"}],"wp:term":[{"taxonomy":"category","embeddable":true,"href":"https:\/\/veritasinfo.org\/index.php?rest_route=%2Fwp%2Fv2%2Fcategories&post=39715"},{"taxonomy":"post_tag","embeddable":true,"href":"https:\/\/veritasinfo.org\/index.php?rest_route=%2Fwp%2Fv2%2Ftags&post=39715"}],"curies":[{"name":"wp","href":"https:\/\/api.w.org\/{rel}","templated":true}]}}