{"id":39698,"date":"2026-03-25T09:57:51","date_gmt":"2026-03-25T08:57:51","guid":{"rendered":"https:\/\/veritasinfo.org\/?p=39698"},"modified":"2026-03-25T10:01:54","modified_gmt":"2026-03-25T09:01:54","slug":"mitrovice-e-veriut-arrestohet-i-dyshuari-qe-shtirej-si-polic","status":"publish","type":"post","link":"https:\/\/veritasinfo.org\/?p=39698","title":{"rendered":"Mitrovic\u00eb e Veriut: Arrestohet i dyshuari q\u00eb shtirej si polic"},"content":{"rendered":"<p>Prishtin\u00eb 25 Mars 2026 9:56<\/p>\n<p>Nj\u00eb person \u00ebsht\u00eb arrestuar n\u00eb Mitrovic\u00eb t\u00eb Veriut pasi dyshohet se \u00ebsht\u00eb paraqitur n\u00eb m\u00ebnyr\u00eb t\u00eb rreme si pjes\u00ebtar i Policis\u00eb s\u00eb Kosov\u00ebs.<\/p>\n<p>Sipas raportit policor, rasti ka ndodhur, m\u00eb 24 mars 2026, rreth or\u00ebs 08:10, ku i dyshuari mashkull kosovar ishte veshur me rroba taktike dhe kishte vendosur emblem\u00ebn e Policis\u00eb s\u00eb Kosov\u00ebs.<\/p>\n<p>Gjat\u00eb kontrollit nga autoritetet, tek i dyshuari \u00ebsht\u00eb gjetur edhe nj\u00eb elektroshok. <\/p>\n","protected":false},"excerpt":{"rendered":"<p>Prishtin\u00eb 25 Mars 2026 9:56 Nj\u00eb person \u00ebsht\u00eb arrestuar n\u00eb Mitrovic\u00eb t\u00eb Veriut pasi dyshohet se \u00ebsht\u00eb paraqitur n\u00eb m\u00ebnyr\u00eb t\u00eb rreme si pjes\u00ebtar i<\/p>\n","protected":false},"author":6,"featured_media":39707,"comment_status":"open","ping_status":"open","sticky":false,"template":"","format":"standard","meta":{"footnotes":""},"categories":[60],"tags":[],"class_list":["post-39698","post","type-post","status-publish","format-standard","has-post-thumbnail","hentry","category-shoqerore-sq"],"yoast_head":"<!-- This site is optimized with the Yoast SEO plugin v25.3.1 - https:\/\/yoast.com\/wordpress\/plugins\/seo\/ -->\n<title>Mitrovic\u00eb e Veriut: Arrestohet i dyshuari q\u00eb shtirej si polic -<\/title>\n<meta name=\"robots\" content=\"index, follow, max-snippet:-1, max-image-preview:large, max-video-preview:-1\" \/>\n<link rel=\"canonical\" href=\"https:\/\/veritasinfo.org\/?p=39698\" \/>\n<meta property=\"og:locale\" content=\"en_US\" \/>\n<meta property=\"og:type\" content=\"article\" \/>\n<meta property=\"og:title\" content=\"Mitrovic\u00eb e Veriut: Arrestohet i dyshuari q\u00eb shtirej si polic -\" \/>\n<meta property=\"og:description\" content=\"Prishtin\u00eb 25 Mars 2026 9:56 Nj\u00eb person \u00ebsht\u00eb arrestuar n\u00eb Mitrovic\u00eb t\u00eb Veriut pasi dyshohet se \u00ebsht\u00eb paraqitur n\u00eb m\u00ebnyr\u00eb t\u00eb rreme si pjes\u00ebtar i\" \/>\n<meta property=\"og:url\" content=\"https:\/\/veritasinfo.org\/?p=39698\" \/>\n<meta property=\"article:published_time\" content=\"2026-03-25T08:57:51+00:00\" \/>\n<meta property=\"article:modified_time\" content=\"2026-03-25T09:01:54+00:00\" \/>\n<meta property=\"og:image\" content=\"https:\/\/veritasinfo.org\/wp-content\/uploads\/2026\/03\/720666-fBOgyx7OKs.jpg\" \/>\n\t<meta property=\"og:image:width\" content=\"780\" \/>\n\t<meta property=\"og:image:height\" content=\"500\" \/>\n\t<meta property=\"og:image:type\" content=\"image\/jpeg\" \/>\n<meta name=\"author\" content=\"US5\" \/>\n<meta name=\"twitter:card\" content=\"summary_large_image\" \/>\n<meta name=\"twitter:label1\" content=\"Written by\" \/>\n\t<meta name=\"twitter:data1\" content=\"US5\" \/>\n\t<meta name=\"twitter:label2\" content=\"Est. reading time\" \/>\n\t<meta name=\"twitter:data2\" content=\"1 minute\" \/>\n<script type=\"application\/ld+json\" class=\"yoast-schema-graph\">{\"@context\":\"https:\/\/schema.org\",\"@graph\":[{\"@type\":\"WebPage\",\"@id\":\"https:\/\/veritasinfo.org\/?p=39698\",\"url\":\"https:\/\/veritasinfo.org\/?p=39698\",\"name\":\"Mitrovic\u00eb e Veriut: Arrestohet i dyshuari q\u00eb shtirej si polic -\",\"isPartOf\":{\"@id\":\"https:\/\/veritasinfo.org\/#website\"},\"primaryImageOfPage\":{\"@id\":\"https:\/\/veritasinfo.org\/?p=39698#primaryimage\"},\"image\":{\"@id\":\"https:\/\/veritasinfo.org\/?p=39698#primaryimage\"},\"thumbnailUrl\":\"https:\/\/veritasinfo.org\/wp-content\/uploads\/2026\/03\/720666-fBOgyx7OKs.jpg\",\"datePublished\":\"2026-03-25T08:57:51+00:00\",\"dateModified\":\"2026-03-25T09:01:54+00:00\",\"author\":{\"@id\":\"https:\/\/veritasinfo.org\/#\/schema\/person\/bc442336e35414d04494ab8fb45db4c6\"},\"breadcrumb\":{\"@id\":\"https:\/\/veritasinfo.org\/?p=39698#breadcrumb\"},\"inLanguage\":\"en-US\",\"potentialAction\":[{\"@type\":\"ReadAction\",\"target\":[\"https:\/\/veritasinfo.org\/?p=39698\"]}]},{\"@type\":\"ImageObject\",\"inLanguage\":\"en-US\",\"@id\":\"https:\/\/veritasinfo.org\/?p=39698#primaryimage\",\"url\":\"https:\/\/veritasinfo.org\/wp-content\/uploads\/2026\/03\/720666-fBOgyx7OKs.jpg\",\"contentUrl\":\"https:\/\/veritasinfo.org\/wp-content\/uploads\/2026\/03\/720666-fBOgyx7OKs.jpg\",\"width\":780,\"height\":500},{\"@type\":\"BreadcrumbList\",\"@id\":\"https:\/\/veritasinfo.org\/?p=39698#breadcrumb\",\"itemListElement\":[{\"@type\":\"ListItem\",\"position\":1,\"name\":\"Home\",\"item\":\"https:\/\/veritasinfo.org\/\"},{\"@type\":\"ListItem\",\"position\":2,\"name\":\"Mitrovic\u00eb e Veriut: Arrestohet i dyshuari q\u00eb shtirej si polic\"}]},{\"@type\":\"WebSite\",\"@id\":\"https:\/\/veritasinfo.org\/#website\",\"url\":\"https:\/\/veritasinfo.org\/\",\"name\":\"\",\"description\":\"\",\"potentialAction\":[{\"@type\":\"SearchAction\",\"target\":{\"@type\":\"EntryPoint\",\"urlTemplate\":\"https:\/\/veritasinfo.org\/?s={search_term_string}\"},\"query-input\":{\"@type\":\"PropertyValueSpecification\",\"valueRequired\":true,\"valueName\":\"search_term_string\"}}],\"inLanguage\":\"en-US\"},{\"@type\":\"Person\",\"@id\":\"https:\/\/veritasinfo.org\/#\/schema\/person\/bc442336e35414d04494ab8fb45db4c6\",\"name\":\"US5\",\"image\":{\"@type\":\"ImageObject\",\"inLanguage\":\"en-US\",\"@id\":\"https:\/\/veritasinfo.org\/#\/schema\/person\/image\/\",\"url\":\"https:\/\/secure.gravatar.com\/avatar\/16a61e7272a0c5d001121ebb9e60e925d5816e4ac1e443ed3e640d9a6ae55d0c?s=96&d=mm&r=g\",\"contentUrl\":\"https:\/\/secure.gravatar.com\/avatar\/16a61e7272a0c5d001121ebb9e60e925d5816e4ac1e443ed3e640d9a6ae55d0c?s=96&d=mm&r=g\",\"caption\":\"US5\"},\"url\":\"https:\/\/veritasinfo.org\/?author=6\"}]}<\/script>\n<!-- \/ Yoast SEO plugin. -->","yoast_head_json":{"title":"Mitrovic\u00eb e Veriut: Arrestohet i dyshuari q\u00eb shtirej si polic -","robots":{"index":"index","follow":"follow","max-snippet":"max-snippet:-1","max-image-preview":"max-image-preview:large","max-video-preview":"max-video-preview:-1"},"canonical":"https:\/\/veritasinfo.org\/?p=39698","og_locale":"en_US","og_type":"article","og_title":"Mitrovic\u00eb e Veriut: Arrestohet i dyshuari q\u00eb shtirej si polic -","og_description":"Prishtin\u00eb 25 Mars 2026 9:56 Nj\u00eb person \u00ebsht\u00eb arrestuar n\u00eb Mitrovic\u00eb t\u00eb Veriut pasi dyshohet se \u00ebsht\u00eb paraqitur n\u00eb m\u00ebnyr\u00eb t\u00eb rreme si pjes\u00ebtar i","og_url":"https:\/\/veritasinfo.org\/?p=39698","article_published_time":"2026-03-25T08:57:51+00:00","article_modified_time":"2026-03-25T09:01:54+00:00","og_image":[{"width":780,"height":500,"url":"https:\/\/veritasinfo.org\/wp-content\/uploads\/2026\/03\/720666-fBOgyx7OKs.jpg","type":"image\/jpeg"}],"author":"US5","twitter_card":"summary_large_image","twitter_misc":{"Written by":"US5","Est. reading time":"1 minute"},"schema":{"@context":"https:\/\/schema.org","@graph":[{"@type":"WebPage","@id":"https:\/\/veritasinfo.org\/?p=39698","url":"https:\/\/veritasinfo.org\/?p=39698","name":"Mitrovic\u00eb e Veriut: Arrestohet i dyshuari q\u00eb shtirej si polic -","isPartOf":{"@id":"https:\/\/veritasinfo.org\/#website"},"primaryImageOfPage":{"@id":"https:\/\/veritasinfo.org\/?p=39698#primaryimage"},"image":{"@id":"https:\/\/veritasinfo.org\/?p=39698#primaryimage"},"thumbnailUrl":"https:\/\/veritasinfo.org\/wp-content\/uploads\/2026\/03\/720666-fBOgyx7OKs.jpg","datePublished":"2026-03-25T08:57:51+00:00","dateModified":"2026-03-25T09:01:54+00:00","author":{"@id":"https:\/\/veritasinfo.org\/#\/schema\/person\/bc442336e35414d04494ab8fb45db4c6"},"breadcrumb":{"@id":"https:\/\/veritasinfo.org\/?p=39698#breadcrumb"},"inLanguage":"en-US","potentialAction":[{"@type":"ReadAction","target":["https:\/\/veritasinfo.org\/?p=39698"]}]},{"@type":"ImageObject","inLanguage":"en-US","@id":"https:\/\/veritasinfo.org\/?p=39698#primaryimage","url":"https:\/\/veritasinfo.org\/wp-content\/uploads\/2026\/03\/720666-fBOgyx7OKs.jpg","contentUrl":"https:\/\/veritasinfo.org\/wp-content\/uploads\/2026\/03\/720666-fBOgyx7OKs.jpg","width":780,"height":500},{"@type":"BreadcrumbList","@id":"https:\/\/veritasinfo.org\/?p=39698#breadcrumb","itemListElement":[{"@type":"ListItem","position":1,"name":"Home","item":"https:\/\/veritasinfo.org\/"},{"@type":"ListItem","position":2,"name":"Mitrovic\u00eb e Veriut: Arrestohet i dyshuari q\u00eb shtirej si polic"}]},{"@type":"WebSite","@id":"https:\/\/veritasinfo.org\/#website","url":"https:\/\/veritasinfo.org\/","name":"","description":"","potentialAction":[{"@type":"SearchAction","target":{"@type":"EntryPoint","urlTemplate":"https:\/\/veritasinfo.org\/?s={search_term_string}"},"query-input":{"@type":"PropertyValueSpecification","valueRequired":true,"valueName":"search_term_string"}}],"inLanguage":"en-US"},{"@type":"Person","@id":"https:\/\/veritasinfo.org\/#\/schema\/person\/bc442336e35414d04494ab8fb45db4c6","name":"US5","image":{"@type":"ImageObject","inLanguage":"en-US","@id":"https:\/\/veritasinfo.org\/#\/schema\/person\/image\/","url":"https:\/\/secure.gravatar.com\/avatar\/16a61e7272a0c5d001121ebb9e60e925d5816e4ac1e443ed3e640d9a6ae55d0c?s=96&d=mm&r=g","contentUrl":"https:\/\/secure.gravatar.com\/avatar\/16a61e7272a0c5d001121ebb9e60e925d5816e4ac1e443ed3e640d9a6ae55d0c?s=96&d=mm&r=g","caption":"US5"},"url":"https:\/\/veritasinfo.org\/?author=6"}]}},"featured_image_urls":{"full":["https:\/\/veritasinfo.org\/wp-content\/uploads\/2026\/03\/720666-fBOgyx7OKs.jpg",780,500,false],"thumbnail":["https:\/\/veritasinfo.org\/wp-content\/uploads\/2026\/03\/720666-fBOgyx7OKs-150x150.jpg",150,150,true],"medium":["https:\/\/veritasinfo.org\/wp-content\/uploads\/2026\/03\/720666-fBOgyx7OKs-300x192.jpg",300,192,true],"medium_large":["https:\/\/veritasinfo.org\/wp-content\/uploads\/2026\/03\/720666-fBOgyx7OKs-768x492.jpg",640,410,true],"large":["https:\/\/veritasinfo.org\/wp-content\/uploads\/2026\/03\/720666-fBOgyx7OKs.jpg",640,410,false],"1536x1536":["https:\/\/veritasinfo.org\/wp-content\/uploads\/2026\/03\/720666-fBOgyx7OKs.jpg",780,500,false],"2048x2048":["https:\/\/veritasinfo.org\/wp-content\/uploads\/2026\/03\/720666-fBOgyx7OKs.jpg",780,500,false],"kreeti-slider-full":["https:\/\/veritasinfo.org\/wp-content\/uploads\/2026\/03\/720666-fBOgyx7OKs.jpg",780,500,false],"kreeti-featured":["https:\/\/veritasinfo.org\/wp-content\/uploads\/2026\/03\/720666-fBOgyx7OKs.jpg",780,500,false],"kreeti-medium":["https:\/\/veritasinfo.org\/wp-content\/uploads\/2026\/03\/720666-fBOgyx7OKs.jpg",720,462,false],"kreeti-medium-square":["https:\/\/veritasinfo.org\/wp-content\/uploads\/2026\/03\/720666-fBOgyx7OKs.jpg",350,224,false]},"author_info":{"info":["US5"]},"category_info":"<a href=\"https:\/\/veritasinfo.org\/?cat=60\" rel=\"category\">Shoq\u00ebrore<\/a>","tag_info":"Shoq\u00ebrore","comment_count":"0","_links":{"self":[{"href":"https:\/\/veritasinfo.org\/index.php?rest_route=\/wp\/v2\/posts\/39698","targetHints":{"allow":["GET"]}}],"collection":[{"href":"https:\/\/veritasinfo.org\/index.php?rest_route=\/wp\/v2\/posts"}],"about":[{"href":"https:\/\/veritasinfo.org\/index.php?rest_route=\/wp\/v2\/types\/post"}],"author":[{"embeddable":true,"href":"https:\/\/veritasinfo.org\/index.php?rest_route=\/wp\/v2\/users\/6"}],"replies":[{"embeddable":true,"href":"https:\/\/veritasinfo.org\/index.php?rest_route=%2Fwp%2Fv2%2Fcomments&post=39698"}],"version-history":[{"count":3,"href":"https:\/\/veritasinfo.org\/index.php?rest_route=\/wp\/v2\/posts\/39698\/revisions"}],"predecessor-version":[{"id":39704,"href":"https:\/\/veritasinfo.org\/index.php?rest_route=\/wp\/v2\/posts\/39698\/revisions\/39704"}],"wp:featuredmedia":[{"embeddable":true,"href":"https:\/\/veritasinfo.org\/index.php?rest_route=\/wp\/v2\/media\/39707"}],"wp:attachment":[{"href":"https:\/\/veritasinfo.org\/index.php?rest_route=%2Fwp%2Fv2%2Fmedia&parent=39698"}],"wp:term":[{"taxonomy":"category","embeddable":true,"href":"https:\/\/veritasinfo.org\/index.php?rest_route=%2Fwp%2Fv2%2Fcategories&post=39698"},{"taxonomy":"post_tag","embeddable":true,"href":"https:\/\/veritasinfo.org\/index.php?rest_route=%2Fwp%2Fv2%2Ftags&post=39698"}],"curies":[{"name":"wp","href":"https:\/\/api.w.org\/{rel}","templated":true}]}}