{"id":39686,"date":"2026-03-25T08:50:39","date_gmt":"2026-03-25T07:50:39","guid":{"rendered":"https:\/\/veritasinfo.org\/?p=39686"},"modified":"2026-03-25T08:50:39","modified_gmt":"2026-03-25T07:50:39","slug":"rruga-drejt-nato-s-mbetet-prioritet-per-kosoven","status":"publish","type":"post","link":"https:\/\/veritasinfo.org\/?p=39686","title":{"rendered":"Rruga drejt NATO-s mbetet prioritet p\u00ebr Kosov\u00ebn"},"content":{"rendered":"<p>Prishtin\u00eb 25 Mars 2026 8:50<\/p>\n<p>Thuajse tri dekada pas nd\u00ebrhyrjes s\u00eb NATO-s, e cila ndryshoi rrjedh\u00ebn e historis\u00eb duke hapur rrug\u00ebn drejt liris\u00eb dhe shtet\u00ebsis\u00eb, aspiratat p\u00ebr integrim n\u00eb strukturat euroatlantike mbeten prioritet i Republik\u00ebs s\u00eb Kosov\u00ebs.<\/p>\n<p>Nd\u00ebrhyrja ushtarake e NATO-s mbi caqet serbe mbetet nj\u00eb nga momentet ky\u00e7e p\u00ebr rrug\u00ebtimin shtetformues t\u00eb Kosov\u00ebs. Duke marr\u00eb p\u00ebr baz\u00eb se Kosova ndodhet n\u00eb faz\u00ebn e konsolidimit institucional, nj\u00eb nga synimet kryesore mbetet edhe an\u00ebtar\u00ebsimi n\u00eb organizata nd\u00ebrkomb\u00ebtare, p\u00ebrfshir\u00eb aleanc\u00ebn veriatlantike.<\/p>\n<p>\u201cPor bombardimet e NATO-s n\u00eb caqet serbe jan\u00eb kthesa e madhe ushtarake dhe m\u00eb pas edhe politike p\u00ebr Kosov\u00ebn si shtet i pavarur, ku Kosova tani ve\u00e7 \u00ebsht\u00eb n\u00eb faz\u00ebn e konsolidimit t\u00eb plot\u00eb t\u00eb institucioneve dhe nj\u00ebkoh\u00ebsisht t\u00eb fitimit t\u00eb t\u00eb drejt\u00ebs, ose ka p\u00ebr synim an\u00ebtar\u00ebsimin n\u00eb organizata nd\u00ebrkomb\u00ebtare, fillimisht n\u00eb OKB e m\u00eb pas, pa m\u00ebdyshje, q\u00eb \u00ebsht\u00eb interes shum\u00eb i madh t\u00eb an\u00ebtar\u00ebsohet edhe n\u00eb NATO. Kur mund t\u00eb an\u00ebtar\u00ebsohet dhe cilat jan\u00eb pengesat \u00ebsht\u00eb tem\u00eb tjet\u00ebr, por synimi p\u00ebrfundimtar \u00ebsht\u00eb q\u00eb Kosova t\u00eb jet\u00eb n\u00eb NATO dhe i ka plot\u00ebsuar kushtet edhe n\u00eb aspektin ushtarak dhe t\u00eb tjera. Kosova \u00ebsht\u00eb e denj\u00eb t\u00eb jet\u00eb nj\u00eb an\u00ebtare e re e organizat\u00ebs edhe m\u00eb tutje m\u00eb e fuqishme ushtarake dhe politike n\u00eb bot\u00eb\u201d, tha Fatmir \u00c7ollaku, profesor universitar.<\/p>\n<p>Nd\u00ebrkoh\u00eb, mb\u00ebshtetja nd\u00ebrkomb\u00ebtare p\u00ebr k\u00ebt\u00eb rrug\u00ebtim vazhdon. Ambasadori gjerman n\u00eb RTK Prime, dit\u00eb m\u00eb par\u00eb, ka ritheksuar p\u00ebrkrahjen p\u00ebr aspiratat e Kosov\u00ebs drejt integrimit n\u00eb Bashkimin Evropian dhe strukturat euroatlantike.<\/p>\n<p>Edhe ish-z\u00ebdh\u00ebn\u00ebsi i NATO-s gjat\u00eb luft\u00ebs, Jamie Shea, e konsideron t\u00eb domosdosh\u00ebm afrimin e m\u00ebtejsh\u00ebm t\u00eb Kosov\u00ebs me aleanc\u00ebn.<\/p>\n<p>\u201cUn\u00eb jam nj\u00eb mb\u00ebshtet\u00ebs i vendosur q\u00eb Kosova t\u00eb b\u00ebhet an\u00ebtare e plot\u00eb e Partneritetit p\u00ebr Paqe. NATO duhej t\u2019ia kishte ofruar Kosov\u00ebs k\u00ebt\u00eb mund\u00ebsi q\u00eb prej vitesh. Kjo do t\u00eb hapte shum\u00eb m\u00eb tep\u00ebr rrug\u00eb p\u00ebr bashk\u00ebpunim praktik me NATO-n sesa grupi i kufizuar i aktiviteteve p\u00ebr t\u00eb cilat aleat\u00ebt kan\u00eb r\u00ebn\u00eb dakord deri m\u00eb tani dhe \u00ebsht\u00eb nj\u00eb zhvillim logjik p\u00ebr nj\u00eb vend si Kosova q\u00eb synon an\u00ebtar\u00ebsimin n\u00eb NATO. Nuk e shoh pse \u00e7\u00ebshtja e njohjes duhet t\u00eb p\u00ebrdoret p\u00ebr t\u00eb penguar Kosov\u00ebn t\u00eb hedh\u00eb hapin e par\u00eb drejt integrimit n\u00eb NATO duke iu bashkuar Partneritetit p\u00ebr Paqe, nj\u00eb hap q\u00eb dy duzina vendesh t\u00eb tjera evropiane e kan\u00eb nd\u00ebrmarr\u00eb prej koh\u00ebsh. Kosova ndan vlerat e NATO-s dhe ka treguar se d\u00ebshiron t\u00eb kontribuoj\u00eb n\u00eb sigurin\u00eb e p\u00ebrgjithshme t\u00eb NATO-s dhe jo vet\u00ebm t\u00eb p\u00ebrfitoj\u00eb nga siguria q\u00eb NATO mund t\u2019i ofroj\u00eb Kosov\u00ebs, p\u00ebr shembull p\u00ebrmes KFOR-it\u201d, theksoi Jamie Shea, ish-z\u00ebdh\u00ebn\u00ebs i NATO-s.<\/p>\n<p>N\u00eb 27-vjetorin e nd\u00ebrhyrjes s\u00eb NATO-s, Kosova, teksa kujton t\u00eb kaluar\u00ebn, shikon drejt s\u00eb ardhmes me synimin p\u00ebr t\u2019u b\u00ebr\u00eb pjes\u00eb e strukturave m\u00eb t\u00eb r\u00ebnd\u00ebsishme nd\u00ebrkomb\u00ebtare t\u00eb siguris\u00eb dhe politik\u00ebs globale.<\/p>\n","protected":false},"excerpt":{"rendered":"<p>Prishtin\u00eb 25 Mars 2026 8:50 Thuajse tri dekada pas nd\u00ebrhyrjes s\u00eb NATO-s, e cila ndryshoi rrjedh\u00ebn e historis\u00eb duke hapur rrug\u00ebn drejt liris\u00eb dhe shtet\u00ebsis\u00eb,<\/p>\n","protected":false},"author":6,"featured_media":39687,"comment_status":"open","ping_status":"open","sticky":false,"template":"","format":"standard","meta":{"footnotes":""},"categories":[58],"tags":[],"class_list":["post-39686","post","type-post","status-publish","format-standard","has-post-thumbnail","hentry","category-politike-sq"],"yoast_head":"<!-- This site is optimized with the Yoast SEO plugin v25.3.1 - https:\/\/yoast.com\/wordpress\/plugins\/seo\/ -->\n<title>Rruga drejt NATO-s mbetet prioritet p\u00ebr Kosov\u00ebn -<\/title>\n<meta name=\"robots\" content=\"index, follow, max-snippet:-1, max-image-preview:large, max-video-preview:-1\" \/>\n<link rel=\"canonical\" href=\"https:\/\/veritasinfo.org\/?p=39686\" \/>\n<meta property=\"og:locale\" content=\"en_US\" \/>\n<meta property=\"og:type\" content=\"article\" \/>\n<meta property=\"og:title\" content=\"Rruga drejt NATO-s mbetet prioritet p\u00ebr Kosov\u00ebn -\" \/>\n<meta property=\"og:description\" content=\"Prishtin\u00eb 25 Mars 2026 8:50 Thuajse tri dekada pas nd\u00ebrhyrjes s\u00eb NATO-s, e cila ndryshoi rrjedh\u00ebn e historis\u00eb duke hapur rrug\u00ebn drejt liris\u00eb dhe shtet\u00ebsis\u00eb,\" \/>\n<meta property=\"og:url\" content=\"https:\/\/veritasinfo.org\/?p=39686\" \/>\n<meta property=\"article:published_time\" content=\"2026-03-25T07:50:39+00:00\" \/>\n<meta property=\"og:image\" content=\"https:\/\/veritasinfo.org\/wp-content\/uploads\/2026\/03\/12-2.webp\" \/>\n\t<meta property=\"og:image:width\" content=\"600\" \/>\n\t<meta property=\"og:image:height\" content=\"360\" \/>\n\t<meta property=\"og:image:type\" content=\"image\/webp\" \/>\n<meta name=\"author\" content=\"US5\" \/>\n<meta name=\"twitter:card\" content=\"summary_large_image\" \/>\n<meta name=\"twitter:label1\" content=\"Written by\" \/>\n\t<meta name=\"twitter:data1\" content=\"US5\" \/>\n\t<meta name=\"twitter:label2\" content=\"Est. reading time\" \/>\n\t<meta name=\"twitter:data2\" content=\"3 minutes\" \/>\n<script type=\"application\/ld+json\" class=\"yoast-schema-graph\">{\"@context\":\"https:\/\/schema.org\",\"@graph\":[{\"@type\":\"WebPage\",\"@id\":\"https:\/\/veritasinfo.org\/?p=39686\",\"url\":\"https:\/\/veritasinfo.org\/?p=39686\",\"name\":\"Rruga drejt NATO-s mbetet prioritet p\u00ebr Kosov\u00ebn -\",\"isPartOf\":{\"@id\":\"https:\/\/veritasinfo.org\/#website\"},\"primaryImageOfPage\":{\"@id\":\"https:\/\/veritasinfo.org\/?p=39686#primaryimage\"},\"image\":{\"@id\":\"https:\/\/veritasinfo.org\/?p=39686#primaryimage\"},\"thumbnailUrl\":\"https:\/\/veritasinfo.org\/wp-content\/uploads\/2026\/03\/12-2.webp\",\"datePublished\":\"2026-03-25T07:50:39+00:00\",\"author\":{\"@id\":\"https:\/\/veritasinfo.org\/#\/schema\/person\/bc442336e35414d04494ab8fb45db4c6\"},\"breadcrumb\":{\"@id\":\"https:\/\/veritasinfo.org\/?p=39686#breadcrumb\"},\"inLanguage\":\"en-US\",\"potentialAction\":[{\"@type\":\"ReadAction\",\"target\":[\"https:\/\/veritasinfo.org\/?p=39686\"]}]},{\"@type\":\"ImageObject\",\"inLanguage\":\"en-US\",\"@id\":\"https:\/\/veritasinfo.org\/?p=39686#primaryimage\",\"url\":\"https:\/\/veritasinfo.org\/wp-content\/uploads\/2026\/03\/12-2.webp\",\"contentUrl\":\"https:\/\/veritasinfo.org\/wp-content\/uploads\/2026\/03\/12-2.webp\",\"width\":600,\"height\":360},{\"@type\":\"BreadcrumbList\",\"@id\":\"https:\/\/veritasinfo.org\/?p=39686#breadcrumb\",\"itemListElement\":[{\"@type\":\"ListItem\",\"position\":1,\"name\":\"Home\",\"item\":\"https:\/\/veritasinfo.org\/\"},{\"@type\":\"ListItem\",\"position\":2,\"name\":\"Rruga drejt NATO-s mbetet prioritet p\u00ebr Kosov\u00ebn\"}]},{\"@type\":\"WebSite\",\"@id\":\"https:\/\/veritasinfo.org\/#website\",\"url\":\"https:\/\/veritasinfo.org\/\",\"name\":\"\",\"description\":\"\",\"potentialAction\":[{\"@type\":\"SearchAction\",\"target\":{\"@type\":\"EntryPoint\",\"urlTemplate\":\"https:\/\/veritasinfo.org\/?s={search_term_string}\"},\"query-input\":{\"@type\":\"PropertyValueSpecification\",\"valueRequired\":true,\"valueName\":\"search_term_string\"}}],\"inLanguage\":\"en-US\"},{\"@type\":\"Person\",\"@id\":\"https:\/\/veritasinfo.org\/#\/schema\/person\/bc442336e35414d04494ab8fb45db4c6\",\"name\":\"US5\",\"image\":{\"@type\":\"ImageObject\",\"inLanguage\":\"en-US\",\"@id\":\"https:\/\/veritasinfo.org\/#\/schema\/person\/image\/\",\"url\":\"https:\/\/secure.gravatar.com\/avatar\/16a61e7272a0c5d001121ebb9e60e925d5816e4ac1e443ed3e640d9a6ae55d0c?s=96&d=mm&r=g\",\"contentUrl\":\"https:\/\/secure.gravatar.com\/avatar\/16a61e7272a0c5d001121ebb9e60e925d5816e4ac1e443ed3e640d9a6ae55d0c?s=96&d=mm&r=g\",\"caption\":\"US5\"},\"url\":\"https:\/\/veritasinfo.org\/?author=6\"}]}<\/script>\n<!-- \/ Yoast SEO plugin. -->","yoast_head_json":{"title":"Rruga drejt NATO-s mbetet prioritet p\u00ebr Kosov\u00ebn -","robots":{"index":"index","follow":"follow","max-snippet":"max-snippet:-1","max-image-preview":"max-image-preview:large","max-video-preview":"max-video-preview:-1"},"canonical":"https:\/\/veritasinfo.org\/?p=39686","og_locale":"en_US","og_type":"article","og_title":"Rruga drejt NATO-s mbetet prioritet p\u00ebr Kosov\u00ebn -","og_description":"Prishtin\u00eb 25 Mars 2026 8:50 Thuajse tri dekada pas nd\u00ebrhyrjes s\u00eb NATO-s, e cila ndryshoi rrjedh\u00ebn e historis\u00eb duke hapur rrug\u00ebn drejt liris\u00eb dhe shtet\u00ebsis\u00eb,","og_url":"https:\/\/veritasinfo.org\/?p=39686","article_published_time":"2026-03-25T07:50:39+00:00","og_image":[{"width":600,"height":360,"url":"https:\/\/veritasinfo.org\/wp-content\/uploads\/2026\/03\/12-2.webp","type":"image\/webp"}],"author":"US5","twitter_card":"summary_large_image","twitter_misc":{"Written by":"US5","Est. reading time":"3 minutes"},"schema":{"@context":"https:\/\/schema.org","@graph":[{"@type":"WebPage","@id":"https:\/\/veritasinfo.org\/?p=39686","url":"https:\/\/veritasinfo.org\/?p=39686","name":"Rruga drejt NATO-s mbetet prioritet p\u00ebr Kosov\u00ebn -","isPartOf":{"@id":"https:\/\/veritasinfo.org\/#website"},"primaryImageOfPage":{"@id":"https:\/\/veritasinfo.org\/?p=39686#primaryimage"},"image":{"@id":"https:\/\/veritasinfo.org\/?p=39686#primaryimage"},"thumbnailUrl":"https:\/\/veritasinfo.org\/wp-content\/uploads\/2026\/03\/12-2.webp","datePublished":"2026-03-25T07:50:39+00:00","author":{"@id":"https:\/\/veritasinfo.org\/#\/schema\/person\/bc442336e35414d04494ab8fb45db4c6"},"breadcrumb":{"@id":"https:\/\/veritasinfo.org\/?p=39686#breadcrumb"},"inLanguage":"en-US","potentialAction":[{"@type":"ReadAction","target":["https:\/\/veritasinfo.org\/?p=39686"]}]},{"@type":"ImageObject","inLanguage":"en-US","@id":"https:\/\/veritasinfo.org\/?p=39686#primaryimage","url":"https:\/\/veritasinfo.org\/wp-content\/uploads\/2026\/03\/12-2.webp","contentUrl":"https:\/\/veritasinfo.org\/wp-content\/uploads\/2026\/03\/12-2.webp","width":600,"height":360},{"@type":"BreadcrumbList","@id":"https:\/\/veritasinfo.org\/?p=39686#breadcrumb","itemListElement":[{"@type":"ListItem","position":1,"name":"Home","item":"https:\/\/veritasinfo.org\/"},{"@type":"ListItem","position":2,"name":"Rruga drejt NATO-s mbetet prioritet p\u00ebr Kosov\u00ebn"}]},{"@type":"WebSite","@id":"https:\/\/veritasinfo.org\/#website","url":"https:\/\/veritasinfo.org\/","name":"","description":"","potentialAction":[{"@type":"SearchAction","target":{"@type":"EntryPoint","urlTemplate":"https:\/\/veritasinfo.org\/?s={search_term_string}"},"query-input":{"@type":"PropertyValueSpecification","valueRequired":true,"valueName":"search_term_string"}}],"inLanguage":"en-US"},{"@type":"Person","@id":"https:\/\/veritasinfo.org\/#\/schema\/person\/bc442336e35414d04494ab8fb45db4c6","name":"US5","image":{"@type":"ImageObject","inLanguage":"en-US","@id":"https:\/\/veritasinfo.org\/#\/schema\/person\/image\/","url":"https:\/\/secure.gravatar.com\/avatar\/16a61e7272a0c5d001121ebb9e60e925d5816e4ac1e443ed3e640d9a6ae55d0c?s=96&d=mm&r=g","contentUrl":"https:\/\/secure.gravatar.com\/avatar\/16a61e7272a0c5d001121ebb9e60e925d5816e4ac1e443ed3e640d9a6ae55d0c?s=96&d=mm&r=g","caption":"US5"},"url":"https:\/\/veritasinfo.org\/?author=6"}]}},"featured_image_urls":{"full":["https:\/\/veritasinfo.org\/wp-content\/uploads\/2026\/03\/12-2.webp",600,360,false],"thumbnail":["https:\/\/veritasinfo.org\/wp-content\/uploads\/2026\/03\/12-2-150x150.webp",150,150,true],"medium":["https:\/\/veritasinfo.org\/wp-content\/uploads\/2026\/03\/12-2-300x180.webp",300,180,true],"medium_large":["https:\/\/veritasinfo.org\/wp-content\/uploads\/2026\/03\/12-2.webp",600,360,false],"large":["https:\/\/veritasinfo.org\/wp-content\/uploads\/2026\/03\/12-2.webp",600,360,false],"1536x1536":["https:\/\/veritasinfo.org\/wp-content\/uploads\/2026\/03\/12-2.webp",600,360,false],"2048x2048":["https:\/\/veritasinfo.org\/wp-content\/uploads\/2026\/03\/12-2.webp",600,360,false],"kreeti-slider-full":["https:\/\/veritasinfo.org\/wp-content\/uploads\/2026\/03\/12-2.webp",600,360,false],"kreeti-featured":["https:\/\/veritasinfo.org\/wp-content\/uploads\/2026\/03\/12-2.webp",600,360,false],"kreeti-medium":["https:\/\/veritasinfo.org\/wp-content\/uploads\/2026\/03\/12-2.webp",600,360,false],"kreeti-medium-square":["https:\/\/veritasinfo.org\/wp-content\/uploads\/2026\/03\/12-2.webp",350,210,false]},"author_info":{"info":["US5"]},"category_info":"<a href=\"https:\/\/veritasinfo.org\/?cat=58\" rel=\"category\">Politik\u00eb<\/a>","tag_info":"Politik\u00eb","comment_count":"0","_links":{"self":[{"href":"https:\/\/veritasinfo.org\/index.php?rest_route=\/wp\/v2\/posts\/39686","targetHints":{"allow":["GET"]}}],"collection":[{"href":"https:\/\/veritasinfo.org\/index.php?rest_route=\/wp\/v2\/posts"}],"about":[{"href":"https:\/\/veritasinfo.org\/index.php?rest_route=\/wp\/v2\/types\/post"}],"author":[{"embeddable":true,"href":"https:\/\/veritasinfo.org\/index.php?rest_route=\/wp\/v2\/users\/6"}],"replies":[{"embeddable":true,"href":"https:\/\/veritasinfo.org\/index.php?rest_route=%2Fwp%2Fv2%2Fcomments&post=39686"}],"version-history":[{"count":2,"href":"https:\/\/veritasinfo.org\/index.php?rest_route=\/wp\/v2\/posts\/39686\/revisions"}],"predecessor-version":[{"id":39689,"href":"https:\/\/veritasinfo.org\/index.php?rest_route=\/wp\/v2\/posts\/39686\/revisions\/39689"}],"wp:featuredmedia":[{"embeddable":true,"href":"https:\/\/veritasinfo.org\/index.php?rest_route=\/wp\/v2\/media\/39687"}],"wp:attachment":[{"href":"https:\/\/veritasinfo.org\/index.php?rest_route=%2Fwp%2Fv2%2Fmedia&parent=39686"}],"wp:term":[{"taxonomy":"category","embeddable":true,"href":"https:\/\/veritasinfo.org\/index.php?rest_route=%2Fwp%2Fv2%2Fcategories&post=39686"},{"taxonomy":"post_tag","embeddable":true,"href":"https:\/\/veritasinfo.org\/index.php?rest_route=%2Fwp%2Fv2%2Ftags&post=39686"}],"curies":[{"name":"wp","href":"https:\/\/api.w.org\/{rel}","templated":true}]}}