{"id":39642,"date":"2026-03-25T08:02:32","date_gmt":"2026-03-25T07:02:32","guid":{"rendered":"https:\/\/veritasinfo.org\/?p=39642"},"modified":"2026-03-25T08:02:32","modified_gmt":"2026-03-25T07:02:32","slug":"u-gjet-i-vdekur-dy-vjet-me-pare-varroset-sot-ish-ushtari-i-uck-se-samir-puza","status":"publish","type":"post","link":"https:\/\/veritasinfo.org\/?p=39642","title":{"rendered":"U gjet i vdekur dy vjet m\u00eb par\u00eb, varroset sot ish-ushtari i U\u00c7K-s\u00eb, Samir Puza"},"content":{"rendered":"<p>Prishtin\u00eb, 25 mars 2026 08:01<\/p>\n<p>Sot do t\u00eb varroset ish-ushtari i U\u00c7K-s\u00eb, Samir Puza, i cili u gjet i vdekur m\u00eb 1 mars t\u00eb vitit 2024 n\u00eb nj\u00eb puset\u00eb n\u00eb Parkun \u201cKaragaq\u201d Pej\u00eb.<\/p>\n<p>K\u00ebt\u00eb e ka b\u00ebr\u00eb t\u00eb ditur familja e t\u00eb ndjerit, derisa u b\u00eb e ditur se ai do t\u00eb varroset me nderime ushtarake n\u00eb varrezat e veteran\u00ebve t\u00eb Ushtris\u00eb \u00c7lirimtare t\u00eb Kosov\u00ebs n\u00eb \u201cKompleksin Memorial n\u00eb Koshare\u201d nga ora 14:00.<\/p>\n<p>Nd\u00ebrkoh\u00eb, p\u00ebrfaq\u00ebsuesi ligjor i familjes Puza, avokati Granit Cenaj deklaroi rasti i zhdukjes dhe i vdekjes s\u00eb Samirit, \u00ebsht\u00eb hetuar nga Prokuroria Themelore n\u00eb Pej\u00eb dhe deri n\u00eb k\u00ebt\u00eb moment, sipas tij, nuk ka asnj\u00eb epilog t\u00eb qart\u00eb se \u00e7far\u00eb ka ndodhur me t\u00eb ndjerin.<\/p>\n<p>\u201cKonkretisht se a \u00ebsht\u00eb nj\u00eb vrasje pa autor apo \u00ebsht\u00eb nj\u00eb vdekje natyrale e shkaktuar si pasoj\u00eb e vdekjes s\u00eb natyrshme\u201d, ka th\u00ebn\u00eb Cenaj.<\/p>\n<p>Ai shton se n\u00eb baz\u00eb t\u00eb t\u00eb gjeturave (kamerave t\u00eb siguris\u00eb, d\u00ebshmitar\u00ebve etj) Prokuroria nuk ka arritur q\u00eb t\u00eb nd\u00ebrlidh\u00eb k\u00ebt\u00eb rast me ndonj\u00eb autor apo ngjarje tjet\u00ebr konkrete.<\/p>\n<p>Sipas ekspertimit mjekoligjor t\u00eb dat\u00ebs 06.09.2024 rezulton se shkaku i vdekjes s\u00eb Samir Puz\u00ebs \u00ebsht\u00eb i \u201cpa p\u00ebrcaktuar\u201d e gjithashtu edhe m\u00ebnyra e vdekjes \u00ebsht\u00eb e \u201cpa p\u00ebrcaktuar\u201d.<\/p>\n<p>&nbsp;<\/p>\n","protected":false},"excerpt":{"rendered":"<p>Prishtin\u00eb, 25 mars 2026 08:01 Sot do t\u00eb varroset ish-ushtari i U\u00c7K-s\u00eb, Samir Puza, i cili u gjet i vdekur m\u00eb 1 mars t\u00eb vitit<\/p>\n","protected":false},"author":7,"featured_media":39646,"comment_status":"open","ping_status":"open","sticky":false,"template":"","format":"standard","meta":{"footnotes":""},"categories":[60],"tags":[],"class_list":["post-39642","post","type-post","status-publish","format-standard","has-post-thumbnail","hentry","category-shoqerore-sq"],"yoast_head":"<!-- This site is optimized with the Yoast SEO plugin v25.3.1 - https:\/\/yoast.com\/wordpress\/plugins\/seo\/ -->\n<title>U gjet i vdekur dy vjet m\u00eb par\u00eb, varroset sot ish-ushtari i U\u00c7K-s\u00eb, Samir Puza -<\/title>\n<meta name=\"robots\" content=\"index, follow, max-snippet:-1, max-image-preview:large, max-video-preview:-1\" \/>\n<link rel=\"canonical\" href=\"https:\/\/veritasinfo.org\/?p=39642\" \/>\n<meta property=\"og:locale\" content=\"en_US\" \/>\n<meta property=\"og:type\" content=\"article\" \/>\n<meta property=\"og:title\" content=\"U gjet i vdekur dy vjet m\u00eb par\u00eb, varroset sot ish-ushtari i U\u00c7K-s\u00eb, Samir Puza -\" \/>\n<meta property=\"og:description\" content=\"Prishtin\u00eb, 25 mars 2026 08:01 Sot do t\u00eb varroset ish-ushtari i U\u00c7K-s\u00eb, Samir Puza, i cili u gjet i vdekur m\u00eb 1 mars t\u00eb vitit\" \/>\n<meta property=\"og:url\" content=\"https:\/\/veritasinfo.org\/?p=39642\" \/>\n<meta property=\"article:published_time\" content=\"2026-03-25T07:02:32+00:00\" \/>\n<meta property=\"og:image\" content=\"https:\/\/veritasinfo.org\/wp-content\/uploads\/2026\/03\/auto_Samir1774421418.jpg\" \/>\n\t<meta property=\"og:image:width\" content=\"850\" \/>\n\t<meta property=\"og:image:height\" content=\"666\" \/>\n\t<meta property=\"og:image:type\" content=\"image\/jpeg\" \/>\n<meta name=\"author\" content=\"US6\" \/>\n<meta name=\"twitter:card\" content=\"summary_large_image\" \/>\n<meta name=\"twitter:label1\" content=\"Written by\" \/>\n\t<meta name=\"twitter:data1\" content=\"US6\" \/>\n\t<meta name=\"twitter:label2\" content=\"Est. reading time\" \/>\n\t<meta name=\"twitter:data2\" content=\"2 minutes\" \/>\n<script type=\"application\/ld+json\" class=\"yoast-schema-graph\">{\"@context\":\"https:\/\/schema.org\",\"@graph\":[{\"@type\":\"WebPage\",\"@id\":\"https:\/\/veritasinfo.org\/?p=39642\",\"url\":\"https:\/\/veritasinfo.org\/?p=39642\",\"name\":\"U gjet i vdekur dy vjet m\u00eb par\u00eb, varroset sot ish-ushtari i U\u00c7K-s\u00eb, Samir Puza -\",\"isPartOf\":{\"@id\":\"https:\/\/veritasinfo.org\/#website\"},\"primaryImageOfPage\":{\"@id\":\"https:\/\/veritasinfo.org\/?p=39642#primaryimage\"},\"image\":{\"@id\":\"https:\/\/veritasinfo.org\/?p=39642#primaryimage\"},\"thumbnailUrl\":\"https:\/\/veritasinfo.org\/wp-content\/uploads\/2026\/03\/auto_Samir1774421418.jpg\",\"datePublished\":\"2026-03-25T07:02:32+00:00\",\"author\":{\"@id\":\"https:\/\/veritasinfo.org\/#\/schema\/person\/fe199eede04c3937362892b7444747cc\"},\"breadcrumb\":{\"@id\":\"https:\/\/veritasinfo.org\/?p=39642#breadcrumb\"},\"inLanguage\":\"en-US\",\"potentialAction\":[{\"@type\":\"ReadAction\",\"target\":[\"https:\/\/veritasinfo.org\/?p=39642\"]}]},{\"@type\":\"ImageObject\",\"inLanguage\":\"en-US\",\"@id\":\"https:\/\/veritasinfo.org\/?p=39642#primaryimage\",\"url\":\"https:\/\/veritasinfo.org\/wp-content\/uploads\/2026\/03\/auto_Samir1774421418.jpg\",\"contentUrl\":\"https:\/\/veritasinfo.org\/wp-content\/uploads\/2026\/03\/auto_Samir1774421418.jpg\",\"width\":850,\"height\":666},{\"@type\":\"BreadcrumbList\",\"@id\":\"https:\/\/veritasinfo.org\/?p=39642#breadcrumb\",\"itemListElement\":[{\"@type\":\"ListItem\",\"position\":1,\"name\":\"Home\",\"item\":\"https:\/\/veritasinfo.org\/\"},{\"@type\":\"ListItem\",\"position\":2,\"name\":\"U gjet i vdekur dy vjet m\u00eb par\u00eb, varroset sot ish-ushtari i U\u00c7K-s\u00eb, Samir Puza\"}]},{\"@type\":\"WebSite\",\"@id\":\"https:\/\/veritasinfo.org\/#website\",\"url\":\"https:\/\/veritasinfo.org\/\",\"name\":\"\",\"description\":\"\",\"potentialAction\":[{\"@type\":\"SearchAction\",\"target\":{\"@type\":\"EntryPoint\",\"urlTemplate\":\"https:\/\/veritasinfo.org\/?s={search_term_string}\"},\"query-input\":{\"@type\":\"PropertyValueSpecification\",\"valueRequired\":true,\"valueName\":\"search_term_string\"}}],\"inLanguage\":\"en-US\"},{\"@type\":\"Person\",\"@id\":\"https:\/\/veritasinfo.org\/#\/schema\/person\/fe199eede04c3937362892b7444747cc\",\"name\":\"US6\",\"image\":{\"@type\":\"ImageObject\",\"inLanguage\":\"en-US\",\"@id\":\"https:\/\/veritasinfo.org\/#\/schema\/person\/image\/\",\"url\":\"https:\/\/secure.gravatar.com\/avatar\/cb16c3c31c9d23b9b8c705964598220b3014e42ff51eb540ff23cefa3ae8c15f?s=96&d=mm&r=g\",\"contentUrl\":\"https:\/\/secure.gravatar.com\/avatar\/cb16c3c31c9d23b9b8c705964598220b3014e42ff51eb540ff23cefa3ae8c15f?s=96&d=mm&r=g\",\"caption\":\"US6\"},\"url\":\"https:\/\/veritasinfo.org\/?author=7\"}]}<\/script>\n<!-- \/ Yoast SEO plugin. -->","yoast_head_json":{"title":"U gjet i vdekur dy vjet m\u00eb par\u00eb, varroset sot ish-ushtari i U\u00c7K-s\u00eb, Samir Puza -","robots":{"index":"index","follow":"follow","max-snippet":"max-snippet:-1","max-image-preview":"max-image-preview:large","max-video-preview":"max-video-preview:-1"},"canonical":"https:\/\/veritasinfo.org\/?p=39642","og_locale":"en_US","og_type":"article","og_title":"U gjet i vdekur dy vjet m\u00eb par\u00eb, varroset sot ish-ushtari i U\u00c7K-s\u00eb, Samir Puza -","og_description":"Prishtin\u00eb, 25 mars 2026 08:01 Sot do t\u00eb varroset ish-ushtari i U\u00c7K-s\u00eb, Samir Puza, i cili u gjet i vdekur m\u00eb 1 mars t\u00eb vitit","og_url":"https:\/\/veritasinfo.org\/?p=39642","article_published_time":"2026-03-25T07:02:32+00:00","og_image":[{"width":850,"height":666,"url":"https:\/\/veritasinfo.org\/wp-content\/uploads\/2026\/03\/auto_Samir1774421418.jpg","type":"image\/jpeg"}],"author":"US6","twitter_card":"summary_large_image","twitter_misc":{"Written by":"US6","Est. reading time":"2 minutes"},"schema":{"@context":"https:\/\/schema.org","@graph":[{"@type":"WebPage","@id":"https:\/\/veritasinfo.org\/?p=39642","url":"https:\/\/veritasinfo.org\/?p=39642","name":"U gjet i vdekur dy vjet m\u00eb par\u00eb, varroset sot ish-ushtari i U\u00c7K-s\u00eb, Samir Puza -","isPartOf":{"@id":"https:\/\/veritasinfo.org\/#website"},"primaryImageOfPage":{"@id":"https:\/\/veritasinfo.org\/?p=39642#primaryimage"},"image":{"@id":"https:\/\/veritasinfo.org\/?p=39642#primaryimage"},"thumbnailUrl":"https:\/\/veritasinfo.org\/wp-content\/uploads\/2026\/03\/auto_Samir1774421418.jpg","datePublished":"2026-03-25T07:02:32+00:00","author":{"@id":"https:\/\/veritasinfo.org\/#\/schema\/person\/fe199eede04c3937362892b7444747cc"},"breadcrumb":{"@id":"https:\/\/veritasinfo.org\/?p=39642#breadcrumb"},"inLanguage":"en-US","potentialAction":[{"@type":"ReadAction","target":["https:\/\/veritasinfo.org\/?p=39642"]}]},{"@type":"ImageObject","inLanguage":"en-US","@id":"https:\/\/veritasinfo.org\/?p=39642#primaryimage","url":"https:\/\/veritasinfo.org\/wp-content\/uploads\/2026\/03\/auto_Samir1774421418.jpg","contentUrl":"https:\/\/veritasinfo.org\/wp-content\/uploads\/2026\/03\/auto_Samir1774421418.jpg","width":850,"height":666},{"@type":"BreadcrumbList","@id":"https:\/\/veritasinfo.org\/?p=39642#breadcrumb","itemListElement":[{"@type":"ListItem","position":1,"name":"Home","item":"https:\/\/veritasinfo.org\/"},{"@type":"ListItem","position":2,"name":"U gjet i vdekur dy vjet m\u00eb par\u00eb, varroset sot ish-ushtari i U\u00c7K-s\u00eb, Samir Puza"}]},{"@type":"WebSite","@id":"https:\/\/veritasinfo.org\/#website","url":"https:\/\/veritasinfo.org\/","name":"","description":"","potentialAction":[{"@type":"SearchAction","target":{"@type":"EntryPoint","urlTemplate":"https:\/\/veritasinfo.org\/?s={search_term_string}"},"query-input":{"@type":"PropertyValueSpecification","valueRequired":true,"valueName":"search_term_string"}}],"inLanguage":"en-US"},{"@type":"Person","@id":"https:\/\/veritasinfo.org\/#\/schema\/person\/fe199eede04c3937362892b7444747cc","name":"US6","image":{"@type":"ImageObject","inLanguage":"en-US","@id":"https:\/\/veritasinfo.org\/#\/schema\/person\/image\/","url":"https:\/\/secure.gravatar.com\/avatar\/cb16c3c31c9d23b9b8c705964598220b3014e42ff51eb540ff23cefa3ae8c15f?s=96&d=mm&r=g","contentUrl":"https:\/\/secure.gravatar.com\/avatar\/cb16c3c31c9d23b9b8c705964598220b3014e42ff51eb540ff23cefa3ae8c15f?s=96&d=mm&r=g","caption":"US6"},"url":"https:\/\/veritasinfo.org\/?author=7"}]}},"featured_image_urls":{"full":["https:\/\/veritasinfo.org\/wp-content\/uploads\/2026\/03\/auto_Samir1774421418.jpg",850,666,false],"thumbnail":["https:\/\/veritasinfo.org\/wp-content\/uploads\/2026\/03\/auto_Samir1774421418-150x150.jpg",150,150,true],"medium":["https:\/\/veritasinfo.org\/wp-content\/uploads\/2026\/03\/auto_Samir1774421418-300x235.jpg",300,235,true],"medium_large":["https:\/\/veritasinfo.org\/wp-content\/uploads\/2026\/03\/auto_Samir1774421418-768x602.jpg",640,502,true],"large":["https:\/\/veritasinfo.org\/wp-content\/uploads\/2026\/03\/auto_Samir1774421418.jpg",640,501,false],"1536x1536":["https:\/\/veritasinfo.org\/wp-content\/uploads\/2026\/03\/auto_Samir1774421418.jpg",850,666,false],"2048x2048":["https:\/\/veritasinfo.org\/wp-content\/uploads\/2026\/03\/auto_Samir1774421418.jpg",850,666,false],"kreeti-slider-full":["https:\/\/veritasinfo.org\/wp-content\/uploads\/2026\/03\/auto_Samir1774421418.jpg",850,666,false],"kreeti-featured":["https:\/\/veritasinfo.org\/wp-content\/uploads\/2026\/03\/auto_Samir1774421418.jpg",850,666,false],"kreeti-medium":["https:\/\/veritasinfo.org\/wp-content\/uploads\/2026\/03\/auto_Samir1774421418.jpg",676,530,false],"kreeti-medium-square":["https:\/\/veritasinfo.org\/wp-content\/uploads\/2026\/03\/auto_Samir1774421418.jpg",350,274,false]},"author_info":{"info":["US6"]},"category_info":"<a href=\"https:\/\/veritasinfo.org\/?cat=60\" rel=\"category\">Shoq\u00ebrore<\/a>","tag_info":"Shoq\u00ebrore","comment_count":"0","_links":{"self":[{"href":"https:\/\/veritasinfo.org\/index.php?rest_route=\/wp\/v2\/posts\/39642","targetHints":{"allow":["GET"]}}],"collection":[{"href":"https:\/\/veritasinfo.org\/index.php?rest_route=\/wp\/v2\/posts"}],"about":[{"href":"https:\/\/veritasinfo.org\/index.php?rest_route=\/wp\/v2\/types\/post"}],"author":[{"embeddable":true,"href":"https:\/\/veritasinfo.org\/index.php?rest_route=\/wp\/v2\/users\/7"}],"replies":[{"embeddable":true,"href":"https:\/\/veritasinfo.org\/index.php?rest_route=%2Fwp%2Fv2%2Fcomments&post=39642"}],"version-history":[{"count":1,"href":"https:\/\/veritasinfo.org\/index.php?rest_route=\/wp\/v2\/posts\/39642\/revisions"}],"predecessor-version":[{"id":39647,"href":"https:\/\/veritasinfo.org\/index.php?rest_route=\/wp\/v2\/posts\/39642\/revisions\/39647"}],"wp:featuredmedia":[{"embeddable":true,"href":"https:\/\/veritasinfo.org\/index.php?rest_route=\/wp\/v2\/media\/39646"}],"wp:attachment":[{"href":"https:\/\/veritasinfo.org\/index.php?rest_route=%2Fwp%2Fv2%2Fmedia&parent=39642"}],"wp:term":[{"taxonomy":"category","embeddable":true,"href":"https:\/\/veritasinfo.org\/index.php?rest_route=%2Fwp%2Fv2%2Fcategories&post=39642"},{"taxonomy":"post_tag","embeddable":true,"href":"https:\/\/veritasinfo.org\/index.php?rest_route=%2Fwp%2Fv2%2Ftags&post=39642"}],"curies":[{"name":"wp","href":"https:\/\/api.w.org\/{rel}","templated":true}]}}