{"id":39638,"date":"2026-03-25T07:59:43","date_gmt":"2026-03-25T06:59:43","guid":{"rendered":"https:\/\/veritasinfo.org\/?p=39638"},"modified":"2026-03-25T07:59:56","modified_gmt":"2026-03-25T06:59:56","slug":"39638","status":"publish","type":"post","link":"https:\/\/veritasinfo.org\/?p=39638","title":{"rendered":"Njohja reciproke Kosov\u00eb\u2013Serbi n\u00eb qend\u00ebr t\u00eb diskutimeve n\u00eb Uashington"},"content":{"rendered":"<p>Prishtin\u00eb 25 Mars 2026 7:58<\/p>\n<p>P\u00ebrfaq\u00ebsues t\u00eb komunitetit shqiptaro-amerikan, t\u00eb udh\u00ebhequr nga an\u00ebtar\u00eb t\u00eb Bordit t\u00eb K\u00ebshillit t\u00eb Marr\u00ebdh\u00ebnieve Shqiptaro-Amerikane (AARC), kan\u00eb zhvilluar nj\u00eb takim me kryetaren e Konferenc\u00ebs Republikane n\u00eb Dhom\u00ebn e P\u00ebrfaq\u00ebsuesve, Lisa McClain.<\/p>\n<p>Sipas nj\u00eb njoftimi t\u00eb publikuar nga AARC, gjat\u00eb takimit Presidenti i K\u00ebshillit, Martin Vulaj, propozoi riaktivizimin dhe mobilizimin e Kaukusit Shqiptar n\u00eb Kongresin Amerikan.<\/p>\n<p>\u201cKryetarja McClain e mir\u00ebpriti iniciativ\u00ebn, duke shprehur mb\u00ebshtetjen e saj dhe duke premtuar se do t\u00eb marr\u00eb pjes\u00eb aktivisht n\u00eb p\u00ebrpjekjet p\u00ebr t\u2019i dh\u00ebn\u00eb nj\u00eb fokus dhe koordinim t\u00eb ri k\u00ebtij kaukusi. Nj\u00eb veprimtari pritet t\u00eb organizohet n\u00eb t\u00eb ardhmen e af\u00ebrt p\u00ebr t\u00eb mbledhur t\u00eb gjith\u00eb an\u00ebtar\u00ebt e kaukusit n\u00eb nj\u00eb sesion t\u00eb gjer\u00eb t\u00eb p\u00ebrqendruar n\u00eb informimin mbi rajonin dhe n\u00eb harmonizimin strategjik\u201d, thuhet n\u00eb njoftim.<\/p>\n<p>Sipas njoftimit, kryetarja McClain theksoi r\u00ebnd\u00ebsin\u00eb e paraqitjes s\u00eb zgjidhjeve konkrete krahas identifikimit t\u00eb sfidave, duke v\u00ebn\u00eb n\u00eb dukje se p\u00ebrparimi n\u00eb Uashington k\u00ebrkon si p\u00ebrcaktim t\u00eb qart\u00eb t\u00eb problemeve, ashtu edhe nj\u00eb rrug\u00eb strategjike p\u00ebrpara.<\/p>\n<p>Nj\u00eb pik\u00eb qendrore e diskutimit ishte dialogu n\u00eb vazhdim nd\u00ebrmjet Kosov\u00ebs dhe Serbis\u00eb.<\/p>\n<p>Vulaj theksoi se njohja reciproke midis Kosov\u00ebs dhe Serbis\u00eb duhet t\u00eb mbetet synimi p\u00ebrfundimtar i deklaruar i \u00e7do marr\u00ebveshjeje mes dy vendeve. U theksua gjithashtu se udh\u00ebheqja e Evrop\u00ebs n\u00eb k\u00ebt\u00eb proces ka qen\u00eb e dob\u00ebt dhe joefektive, dhe se roli drejtues i Shteteve t\u00eb Bashkuara \u00ebsht\u00eb i domosdosh\u00ebm p\u00ebr nj\u00eb rezultat t\u00eb suksessh\u00ebm.<\/p>\n<p>\u201cR\u00ebnd\u00ebsia strategjike e an\u00ebtar\u00ebsimit t\u00eb Kosov\u00ebs n\u00eb NATO u theksua fuqish\u00ebm. Pjes\u00ebmarr\u00ebsit n\u00ebnvizuan se integrimi i Kosov\u00ebs n\u00eb NATO \u00ebsht\u00eb thelb\u00ebsor jo vet\u00ebm p\u00ebr sigurin\u00eb e saj dhe stabilitetin e Ballkanit Per\u00ebndimor, por edhe p\u00ebr avancimin e interesave komb\u00ebtare amerikane. Si\u00e7 u diskutua, rajoni mbetet thell\u00ebsisht i nd\u00ebrlidhur, ku zhvillimet politike n\u00eb nj\u00eb vend ndikojn\u00eb drejtp\u00ebrdrejt n\u00eb shtetet fqinje. An\u00ebtar\u00ebsimi i Kosov\u00ebs n\u00eb NATO do t\u00eb sh\u00ebrbente si nj\u00eb garanci e r\u00ebnd\u00ebsishme kund\u00ebr zgjerimit t\u00eb ndikimit rus dhe kinez n\u00eb rajon\u201d, thuhet n\u00eb njoftim.<\/p>\n<p>Sipas njoftimit, n\u00eb takim u ngrit\u00ebn gjithashtu shqet\u00ebsime shtes\u00eb lidhur me t\u00eb drejtat e shqiptar\u00ebve n\u00eb mbar\u00eb rajonin.<\/p>\n<p>Vehbi Bajrami, botues i gazet\u00ebs \u201cIllyria\u201d dhe ish-shef i Seksionit t\u00eb Gjuh\u00ebs Shqipe n\u00eb \u201cZ\u00ebrin e Amerik\u00ebs\u201d, foli p\u00ebr shkeljen sistematike t\u00eb t\u00eb drejtave t\u00eb pakic\u00ebs shqiptare n\u00eb Serbi, duke b\u00ebr\u00eb thirrje p\u00ebr trajtim t\u00eb barabart\u00eb dhe barazi me t\u00eb drejtat q\u00eb u garantohen serb\u00ebve n\u00eb Kosov\u00eb. Ai, sipas njoftimit, preku edhe \u00e7\u00ebshtjen kritike t\u00eb pasivizimit t\u00eb adresave.<\/p>\n<p>Kryetari i Bordit t\u00eb AARC, Eli Rusi, theksoi sfidat e vazhdueshme n\u00eb Maqedonin\u00eb e Veriut, sidomos n\u00eb lidhje me zbatimin e Marr\u00ebveshjes s\u00eb Ohrit dhe munges\u00ebn e zbatimit t\u00eb plot\u00eb t\u00eb t\u00eb drejtave gjuh\u00ebsore p\u00ebr student\u00ebt shqiptar\u00eb n\u00eb arsimin juridik, pavar\u00ebsisht se k\u00ebto dispozita jan\u00eb t\u00eb p\u00ebrfshira n\u00eb kushtetut\u00ebn e vendit.<\/p>\n<p>Takimi p\u00ebrfundoi me nj\u00eb angazhim t\u00eb p\u00ebrbashk\u00ebt p\u00ebr bashk\u00ebpunim t\u00eb vazhduesh\u00ebm, avokim strategjik dhe avancimin e politikave q\u00eb promovojn\u00eb stabilitetin, barazin\u00eb dhe zhvillimin demokratik n\u00eb gjith\u00eb Ballkanin Per\u00ebndimor.<\/p>\n<p>Nd\u00ebr t\u00eb pranishmit ishin edhe Kryetari i Partis\u00eb Republikane n\u00eb shtetin e Nju Jorkut, Edward Cox, si dhe ish-ndihm\u00ebsi i Presidentit Clinton, Christopher Hyland. Cox, i cili \u00ebsht\u00eb gjithashtu dh\u00ebndri i ish-Presidentit Richard Nixon, ishte fol\u00ebs i ftuar n\u00eb dark\u00ebn vjetore t\u00eb AARC. Hyland ka nd\u00ebrtuar nj\u00eb marr\u00ebdh\u00ebnie t\u00eb fort\u00eb me komunitetin shqiptar q\u00eb nga koha kur sh\u00ebrbeu si Z\u00ebvend\u00ebs Drejtor Komb\u00ebtar Politik p\u00ebr \u00c7\u00ebshtjet e Komuniteteve Etnike i fushat\u00ebs presidenciale t\u00eb Bill Clinton-it n\u00eb vitin 1992.<\/p>\n<p>Kryetarja e Konferenc\u00ebs Republikane n\u00eb Dhom\u00ebn e P\u00ebrfaq\u00ebsuesve p\u00ebr Kongresin e 119-t\u00eb, Lisa McClain, sh\u00ebrben gjithashtu si bashk\u00ebkryetare e Kaukusit p\u00ebr \u00c7\u00ebshtjet Shqiptare n\u00eb Dhom\u00ebn e P\u00ebrfaq\u00ebsuesve.<\/p>\n<p>Ajo p\u00ebrfaq\u00ebson Distriktin e 9-t\u00eb t\u00eb Michiganit dhe \u00ebsht\u00eb an\u00ebtare e Komisionit p\u00ebr Sh\u00ebrbimet Financiare dhe e Komisionit p\u00ebr Arsimin dhe Forc\u00ebn e Pun\u00ebs. Me p\u00ebrvoj\u00ebn e saj t\u00eb fort\u00eb n\u00eb biznes dhe angazhimin p\u00ebr t\u00eb nd\u00ebrtuar lidhje t\u00eb forta me zgjedh\u00ebsit e saj, ajo ka mbajtur p\u00ebr shum\u00eb vite nj\u00eb marr\u00ebdh\u00ebnie pune me komunitetin shqiptaro-amerikan.<\/p>\n","protected":false},"excerpt":{"rendered":"<p>Prishtin\u00eb 25 Mars 2026 7:58 P\u00ebrfaq\u00ebsues t\u00eb komunitetit shqiptaro-amerikan, t\u00eb udh\u00ebhequr nga an\u00ebtar\u00eb t\u00eb Bordit t\u00eb K\u00ebshillit t\u00eb Marr\u00ebdh\u00ebnieve Shqiptaro-Amerikane (AARC), kan\u00eb zhvilluar nj\u00eb takim<\/p>\n","protected":false},"author":6,"featured_media":39639,"comment_status":"open","ping_status":"open","sticky":false,"template":"","format":"standard","meta":{"footnotes":""},"categories":[58],"tags":[],"class_list":["post-39638","post","type-post","status-publish","format-standard","has-post-thumbnail","hentry","category-politike-sq"],"yoast_head":"<!-- This site is optimized with the Yoast SEO plugin v25.3.1 - https:\/\/yoast.com\/wordpress\/plugins\/seo\/ -->\n<title>Njohja reciproke Kosov\u00eb\u2013Serbi n\u00eb qend\u00ebr t\u00eb diskutimeve n\u00eb Uashington -<\/title>\n<meta name=\"robots\" content=\"index, follow, max-snippet:-1, max-image-preview:large, max-video-preview:-1\" \/>\n<link rel=\"canonical\" href=\"https:\/\/veritasinfo.org\/?p=39638\" \/>\n<meta property=\"og:locale\" content=\"en_US\" \/>\n<meta property=\"og:type\" content=\"article\" \/>\n<meta property=\"og:title\" content=\"Njohja reciproke Kosov\u00eb\u2013Serbi n\u00eb qend\u00ebr t\u00eb diskutimeve n\u00eb Uashington -\" \/>\n<meta property=\"og:description\" content=\"Prishtin\u00eb 25 Mars 2026 7:58 P\u00ebrfaq\u00ebsues t\u00eb komunitetit shqiptaro-amerikan, t\u00eb udh\u00ebhequr nga an\u00ebtar\u00eb t\u00eb Bordit t\u00eb K\u00ebshillit t\u00eb Marr\u00ebdh\u00ebnieve Shqiptaro-Amerikane (AARC), kan\u00eb zhvilluar nj\u00eb takim\" \/>\n<meta property=\"og:url\" content=\"https:\/\/veritasinfo.org\/?p=39638\" \/>\n<meta property=\"article:published_time\" content=\"2026-03-25T06:59:43+00:00\" \/>\n<meta property=\"article:modified_time\" content=\"2026-03-25T06:59:56+00:00\" \/>\n<meta property=\"og:image\" content=\"https:\/\/veritasinfo.org\/wp-content\/uploads\/2026\/03\/auto_720651-e7OhASdyk01774388994.jpg\" \/>\n\t<meta property=\"og:image:width\" content=\"900\" \/>\n\t<meta property=\"og:image:height\" content=\"577\" \/>\n\t<meta property=\"og:image:type\" content=\"image\/jpeg\" \/>\n<meta name=\"author\" content=\"US5\" \/>\n<meta name=\"twitter:card\" content=\"summary_large_image\" \/>\n<meta name=\"twitter:label1\" content=\"Written by\" \/>\n\t<meta name=\"twitter:data1\" content=\"US5\" \/>\n\t<meta name=\"twitter:label2\" content=\"Est. reading time\" \/>\n\t<meta name=\"twitter:data2\" content=\"3 minutes\" \/>\n<script type=\"application\/ld+json\" class=\"yoast-schema-graph\">{\"@context\":\"https:\/\/schema.org\",\"@graph\":[{\"@type\":\"WebPage\",\"@id\":\"https:\/\/veritasinfo.org\/?p=39638\",\"url\":\"https:\/\/veritasinfo.org\/?p=39638\",\"name\":\"Njohja reciproke Kosov\u00eb\u2013Serbi n\u00eb qend\u00ebr t\u00eb diskutimeve n\u00eb Uashington -\",\"isPartOf\":{\"@id\":\"https:\/\/veritasinfo.org\/#website\"},\"primaryImageOfPage\":{\"@id\":\"https:\/\/veritasinfo.org\/?p=39638#primaryimage\"},\"image\":{\"@id\":\"https:\/\/veritasinfo.org\/?p=39638#primaryimage\"},\"thumbnailUrl\":\"https:\/\/veritasinfo.org\/wp-content\/uploads\/2026\/03\/auto_720651-e7OhASdyk01774388994.jpg\",\"datePublished\":\"2026-03-25T06:59:43+00:00\",\"dateModified\":\"2026-03-25T06:59:56+00:00\",\"author\":{\"@id\":\"https:\/\/veritasinfo.org\/#\/schema\/person\/bc442336e35414d04494ab8fb45db4c6\"},\"breadcrumb\":{\"@id\":\"https:\/\/veritasinfo.org\/?p=39638#breadcrumb\"},\"inLanguage\":\"en-US\",\"potentialAction\":[{\"@type\":\"ReadAction\",\"target\":[\"https:\/\/veritasinfo.org\/?p=39638\"]}]},{\"@type\":\"ImageObject\",\"inLanguage\":\"en-US\",\"@id\":\"https:\/\/veritasinfo.org\/?p=39638#primaryimage\",\"url\":\"https:\/\/veritasinfo.org\/wp-content\/uploads\/2026\/03\/auto_720651-e7OhASdyk01774388994.jpg\",\"contentUrl\":\"https:\/\/veritasinfo.org\/wp-content\/uploads\/2026\/03\/auto_720651-e7OhASdyk01774388994.jpg\",\"width\":900,\"height\":577},{\"@type\":\"BreadcrumbList\",\"@id\":\"https:\/\/veritasinfo.org\/?p=39638#breadcrumb\",\"itemListElement\":[{\"@type\":\"ListItem\",\"position\":1,\"name\":\"Home\",\"item\":\"https:\/\/veritasinfo.org\/\"},{\"@type\":\"ListItem\",\"position\":2,\"name\":\"Njohja reciproke Kosov\u00eb\u2013Serbi n\u00eb qend\u00ebr t\u00eb diskutimeve n\u00eb Uashington\"}]},{\"@type\":\"WebSite\",\"@id\":\"https:\/\/veritasinfo.org\/#website\",\"url\":\"https:\/\/veritasinfo.org\/\",\"name\":\"\",\"description\":\"\",\"potentialAction\":[{\"@type\":\"SearchAction\",\"target\":{\"@type\":\"EntryPoint\",\"urlTemplate\":\"https:\/\/veritasinfo.org\/?s={search_term_string}\"},\"query-input\":{\"@type\":\"PropertyValueSpecification\",\"valueRequired\":true,\"valueName\":\"search_term_string\"}}],\"inLanguage\":\"en-US\"},{\"@type\":\"Person\",\"@id\":\"https:\/\/veritasinfo.org\/#\/schema\/person\/bc442336e35414d04494ab8fb45db4c6\",\"name\":\"US5\",\"image\":{\"@type\":\"ImageObject\",\"inLanguage\":\"en-US\",\"@id\":\"https:\/\/veritasinfo.org\/#\/schema\/person\/image\/\",\"url\":\"https:\/\/secure.gravatar.com\/avatar\/16a61e7272a0c5d001121ebb9e60e925d5816e4ac1e443ed3e640d9a6ae55d0c?s=96&d=mm&r=g\",\"contentUrl\":\"https:\/\/secure.gravatar.com\/avatar\/16a61e7272a0c5d001121ebb9e60e925d5816e4ac1e443ed3e640d9a6ae55d0c?s=96&d=mm&r=g\",\"caption\":\"US5\"},\"url\":\"https:\/\/veritasinfo.org\/?author=6\"}]}<\/script>\n<!-- \/ Yoast SEO plugin. -->","yoast_head_json":{"title":"Njohja reciproke Kosov\u00eb\u2013Serbi n\u00eb qend\u00ebr t\u00eb diskutimeve n\u00eb Uashington -","robots":{"index":"index","follow":"follow","max-snippet":"max-snippet:-1","max-image-preview":"max-image-preview:large","max-video-preview":"max-video-preview:-1"},"canonical":"https:\/\/veritasinfo.org\/?p=39638","og_locale":"en_US","og_type":"article","og_title":"Njohja reciproke Kosov\u00eb\u2013Serbi n\u00eb qend\u00ebr t\u00eb diskutimeve n\u00eb Uashington -","og_description":"Prishtin\u00eb 25 Mars 2026 7:58 P\u00ebrfaq\u00ebsues t\u00eb komunitetit shqiptaro-amerikan, t\u00eb udh\u00ebhequr nga an\u00ebtar\u00eb t\u00eb Bordit t\u00eb K\u00ebshillit t\u00eb Marr\u00ebdh\u00ebnieve Shqiptaro-Amerikane (AARC), kan\u00eb zhvilluar nj\u00eb takim","og_url":"https:\/\/veritasinfo.org\/?p=39638","article_published_time":"2026-03-25T06:59:43+00:00","article_modified_time":"2026-03-25T06:59:56+00:00","og_image":[{"width":900,"height":577,"url":"https:\/\/veritasinfo.org\/wp-content\/uploads\/2026\/03\/auto_720651-e7OhASdyk01774388994.jpg","type":"image\/jpeg"}],"author":"US5","twitter_card":"summary_large_image","twitter_misc":{"Written by":"US5","Est. reading time":"3 minutes"},"schema":{"@context":"https:\/\/schema.org","@graph":[{"@type":"WebPage","@id":"https:\/\/veritasinfo.org\/?p=39638","url":"https:\/\/veritasinfo.org\/?p=39638","name":"Njohja reciproke Kosov\u00eb\u2013Serbi n\u00eb qend\u00ebr t\u00eb diskutimeve n\u00eb Uashington -","isPartOf":{"@id":"https:\/\/veritasinfo.org\/#website"},"primaryImageOfPage":{"@id":"https:\/\/veritasinfo.org\/?p=39638#primaryimage"},"image":{"@id":"https:\/\/veritasinfo.org\/?p=39638#primaryimage"},"thumbnailUrl":"https:\/\/veritasinfo.org\/wp-content\/uploads\/2026\/03\/auto_720651-e7OhASdyk01774388994.jpg","datePublished":"2026-03-25T06:59:43+00:00","dateModified":"2026-03-25T06:59:56+00:00","author":{"@id":"https:\/\/veritasinfo.org\/#\/schema\/person\/bc442336e35414d04494ab8fb45db4c6"},"breadcrumb":{"@id":"https:\/\/veritasinfo.org\/?p=39638#breadcrumb"},"inLanguage":"en-US","potentialAction":[{"@type":"ReadAction","target":["https:\/\/veritasinfo.org\/?p=39638"]}]},{"@type":"ImageObject","inLanguage":"en-US","@id":"https:\/\/veritasinfo.org\/?p=39638#primaryimage","url":"https:\/\/veritasinfo.org\/wp-content\/uploads\/2026\/03\/auto_720651-e7OhASdyk01774388994.jpg","contentUrl":"https:\/\/veritasinfo.org\/wp-content\/uploads\/2026\/03\/auto_720651-e7OhASdyk01774388994.jpg","width":900,"height":577},{"@type":"BreadcrumbList","@id":"https:\/\/veritasinfo.org\/?p=39638#breadcrumb","itemListElement":[{"@type":"ListItem","position":1,"name":"Home","item":"https:\/\/veritasinfo.org\/"},{"@type":"ListItem","position":2,"name":"Njohja reciproke Kosov\u00eb\u2013Serbi n\u00eb qend\u00ebr t\u00eb diskutimeve n\u00eb Uashington"}]},{"@type":"WebSite","@id":"https:\/\/veritasinfo.org\/#website","url":"https:\/\/veritasinfo.org\/","name":"","description":"","potentialAction":[{"@type":"SearchAction","target":{"@type":"EntryPoint","urlTemplate":"https:\/\/veritasinfo.org\/?s={search_term_string}"},"query-input":{"@type":"PropertyValueSpecification","valueRequired":true,"valueName":"search_term_string"}}],"inLanguage":"en-US"},{"@type":"Person","@id":"https:\/\/veritasinfo.org\/#\/schema\/person\/bc442336e35414d04494ab8fb45db4c6","name":"US5","image":{"@type":"ImageObject","inLanguage":"en-US","@id":"https:\/\/veritasinfo.org\/#\/schema\/person\/image\/","url":"https:\/\/secure.gravatar.com\/avatar\/16a61e7272a0c5d001121ebb9e60e925d5816e4ac1e443ed3e640d9a6ae55d0c?s=96&d=mm&r=g","contentUrl":"https:\/\/secure.gravatar.com\/avatar\/16a61e7272a0c5d001121ebb9e60e925d5816e4ac1e443ed3e640d9a6ae55d0c?s=96&d=mm&r=g","caption":"US5"},"url":"https:\/\/veritasinfo.org\/?author=6"}]}},"featured_image_urls":{"full":["https:\/\/veritasinfo.org\/wp-content\/uploads\/2026\/03\/auto_720651-e7OhASdyk01774388994.jpg",900,577,false],"thumbnail":["https:\/\/veritasinfo.org\/wp-content\/uploads\/2026\/03\/auto_720651-e7OhASdyk01774388994-150x150.jpg",150,150,true],"medium":["https:\/\/veritasinfo.org\/wp-content\/uploads\/2026\/03\/auto_720651-e7OhASdyk01774388994-300x192.jpg",300,192,true],"medium_large":["https:\/\/veritasinfo.org\/wp-content\/uploads\/2026\/03\/auto_720651-e7OhASdyk01774388994-768x492.jpg",640,410,true],"large":["https:\/\/veritasinfo.org\/wp-content\/uploads\/2026\/03\/auto_720651-e7OhASdyk01774388994.jpg",640,410,false],"1536x1536":["https:\/\/veritasinfo.org\/wp-content\/uploads\/2026\/03\/auto_720651-e7OhASdyk01774388994.jpg",900,577,false],"2048x2048":["https:\/\/veritasinfo.org\/wp-content\/uploads\/2026\/03\/auto_720651-e7OhASdyk01774388994.jpg",900,577,false],"kreeti-slider-full":["https:\/\/veritasinfo.org\/wp-content\/uploads\/2026\/03\/auto_720651-e7OhASdyk01774388994.jpg",900,577,false],"kreeti-featured":["https:\/\/veritasinfo.org\/wp-content\/uploads\/2026\/03\/auto_720651-e7OhASdyk01774388994.jpg",900,577,false],"kreeti-medium":["https:\/\/veritasinfo.org\/wp-content\/uploads\/2026\/03\/auto_720651-e7OhASdyk01774388994.jpg",720,462,false],"kreeti-medium-square":["https:\/\/veritasinfo.org\/wp-content\/uploads\/2026\/03\/auto_720651-e7OhASdyk01774388994.jpg",350,224,false]},"author_info":{"info":["US5"]},"category_info":"<a href=\"https:\/\/veritasinfo.org\/?cat=58\" rel=\"category\">Politik\u00eb<\/a>","tag_info":"Politik\u00eb","comment_count":"0","_links":{"self":[{"href":"https:\/\/veritasinfo.org\/index.php?rest_route=\/wp\/v2\/posts\/39638","targetHints":{"allow":["GET"]}}],"collection":[{"href":"https:\/\/veritasinfo.org\/index.php?rest_route=\/wp\/v2\/posts"}],"about":[{"href":"https:\/\/veritasinfo.org\/index.php?rest_route=\/wp\/v2\/types\/post"}],"author":[{"embeddable":true,"href":"https:\/\/veritasinfo.org\/index.php?rest_route=\/wp\/v2\/users\/6"}],"replies":[{"embeddable":true,"href":"https:\/\/veritasinfo.org\/index.php?rest_route=%2Fwp%2Fv2%2Fcomments&post=39638"}],"version-history":[{"count":2,"href":"https:\/\/veritasinfo.org\/index.php?rest_route=\/wp\/v2\/posts\/39638\/revisions"}],"predecessor-version":[{"id":39641,"href":"https:\/\/veritasinfo.org\/index.php?rest_route=\/wp\/v2\/posts\/39638\/revisions\/39641"}],"wp:featuredmedia":[{"embeddable":true,"href":"https:\/\/veritasinfo.org\/index.php?rest_route=\/wp\/v2\/media\/39639"}],"wp:attachment":[{"href":"https:\/\/veritasinfo.org\/index.php?rest_route=%2Fwp%2Fv2%2Fmedia&parent=39638"}],"wp:term":[{"taxonomy":"category","embeddable":true,"href":"https:\/\/veritasinfo.org\/index.php?rest_route=%2Fwp%2Fv2%2Fcategories&post=39638"},{"taxonomy":"post_tag","embeddable":true,"href":"https:\/\/veritasinfo.org\/index.php?rest_route=%2Fwp%2Fv2%2Ftags&post=39638"}],"curies":[{"name":"wp","href":"https:\/\/api.w.org\/{rel}","templated":true}]}}