{"id":39626,"date":"2026-03-25T07:28:45","date_gmt":"2026-03-25T06:28:45","guid":{"rendered":"https:\/\/veritasinfo.org\/?p=39626"},"modified":"2026-03-25T07:28:45","modified_gmt":"2026-03-25T06:28:45","slug":"pervjetori-i-bombardimeve-te-nato-s-ne-serbi-u-shoqerua-me-dezinformata-e-mesazhe-te-krimineleve-te-luftes","status":"publish","type":"post","link":"https:\/\/veritasinfo.org\/?p=39626","title":{"rendered":"P\u00ebrvjetori i bombardimeve t\u00eb NATO-s n\u00eb Serbi u shoq\u00ebrua me dezinformata e mesazhe t\u00eb kriminel\u00ebve t\u00eb luft\u00ebs"},"content":{"rendered":"<p>Prishtin\u00eb, 25 mars 2026 07:26<\/p>\n<p>&#8220;Engj\u00eblli M\u00ebshirues\u2019 e b\u00ebri Serbin\u00eb rrafsh me tok\u00ebn\u201d, \u201cE mbrojt\u00ebm atdheun dhe e mahnit\u00ebm bot\u00ebn\u201d.<\/p>\n<p>K\u00ebta tituj, si dhe mesazhet e kriminel\u00ebve t\u00eb d\u00ebnuar t\u00eb luft\u00ebs, shoq\u00ebrojn\u00eb raportimet e gazetave ditore dhe tabloideve n\u00eb Serbi n\u00eb 27-vjetorin e fillimit t\u00eb bombardimeve t\u00eb NATO-s mbi caqet ushtarake dhe policore serbe n\u00eb ish-Jugosllavi.<\/p>\n<p>Bombardimet nis\u00ebn m\u00eb 24 mars 1999 dhe zgjat\u00ebn 78 dit\u00eb me q\u00ebllim parandalimin e krimeve t\u00eb nj\u00ebsive policore dhe ushtarake serbe ndaj civil\u00ebve shqiptar\u00eb n\u00eb Kosov\u00eb, t\u00eb cilat jan\u00eb d\u00ebshmuar me vendime t\u00eb Gjykat\u00ebs Nd\u00ebrkomb\u00ebtare n\u00eb Hag\u00eb.<\/p>\n<p>Raportet p\u00ebr krimet dhe d\u00ebbimin e popullsis\u00eb shqiptare q\u00eb i paraprin\u00eb bombardimeve nuk p\u00ebrmenden n\u00eb mediat e lidhura me pushtetin n\u00eb Serbi, dhe ato mungojn\u00eb edhe n\u00eb deklaratat e zyrtar\u00ebve serb\u00eb.<\/p>\n<p>Edhe pse shteti kurr\u00eb nuk e ka p\u00ebrpiluar ndonj\u00eb list\u00eb zyrtare t\u00eb viktimave t\u00eb bombardimeve t\u00eb NATO-s, pushteti flet p\u00ebr \u201cmij\u00ebra t\u00eb vrar\u00eb\u201d.<\/p>\n<p>Sipas regjistrit me emra t\u00eb viktimave, t\u00eb publikuar n\u00eb vitin 2014 nga fondet joqeveritare p\u00ebr t\u00eb drejt\u00ebn humanitare (FHP) n\u00eb Serbi dhe n\u00eb Kosov\u00eb, n\u00eb sulmet e NATO-s jet\u00ebn e humb\u00ebn 450 civil\u00eb dhe 305 pjes\u00ebtar\u00eb t\u00eb forcave t\u00eb armatosura.<\/p>\n<p>\u201cKeqp\u00ebrdorimi i kujtes\u00ebs\u201d<\/p>\n<p>Interpretimin e ngjarjeve t\u00eb para 27 vjet\u00ebve n\u00eb faqet e disa mediave n\u00eb Serbi e japin t\u00eb d\u00ebnuarit p\u00ebr krime lufte n\u00eb Hag\u00eb.<\/p>\n<p>\u201cKjo \u00ebsht\u00eb keqp\u00ebrdorim i kujtes\u00ebs dhe i p\u00ebrkujtimit me q\u00ebllim mohimin e viktimave shqiptare\u201d, thot\u00eb p\u00ebr Radion Evropa e Lir\u00eb (REL) Marko Millosavljeviq nga organizata joqeveritare Iniciativa e t\u00eb Rinjve p\u00ebr t\u00eb Drejtat e Njeriut.<\/p>\n<p>Intervist\u00eb p\u00ebr gazet\u00ebn ditore Politika, me rastin e p\u00ebrvjetorit t\u00eb bombardimeve, dha Vladimir Lazareviq, duke e vler\u00ebsuar nd\u00ebrhyrjen e NATO-s si \u201ckrim t\u00eb papar\u00eb\u201d.<\/p>\n<p>Lazareviq \u00ebsht\u00eb ish-gjeneral i Ushtris\u00eb s\u00eb Jugosllavis\u00eb, i cili p\u00ebr krimet ndaj civil\u00ebve shqiptar\u00eb n\u00eb Kosov\u00eb n\u00eb vitin 1999 u d\u00ebnua n\u00eb Hag\u00eb me 14 vjet burgim.<\/p>\n<p>Tribunali e shpalli fajtor n\u00eb vitin 2009 p\u00ebr p\u00ebrgjegj\u00ebsi komanduese p\u00ebr ndihm\u00eb dhe mb\u00ebshtetje t\u00eb krimeve kund\u00ebr njer\u00ebzimit, q\u00eb p\u00ebrfshinin d\u00ebbim dhe zhvendosje t\u00eb detyruara t\u00eb civil\u00ebve shqiptar\u00eb nga Kosova.<\/p>\n<p>Pas vuajtjes s\u00eb d\u00ebnimit, ai u kthye n\u00eb Serbi n\u00eb vitin 2015, me avion t\u00eb Qeveris\u00eb dhe u prit nga ministrat. M\u00eb von\u00eb e fitoi nj\u00eb vend pune si ligj\u00ebrues n\u00eb Akademin\u00eb Ushtarake, e m\u00eb pas edhe titullin qytetar nderi i nj\u00eb komune n\u00eb jug t\u00eb Serbis\u00eb.<\/p>\n<p>Hap\u00ebsir\u00eb mediatike p\u00ebr interpretimin e ngjarjeve t\u00eb vitit 1999 disa media i dhan\u00eb edhe Nikolla Shainoviqit, ish-n\u00ebnkryetar i Qeveris\u00eb s\u00eb Jugosllavis\u00eb dhe i d\u00ebnuar nga Haga.<\/p>\n<p>Shainoviqi n\u00eb Hag\u00eb u d\u00ebnua me 18 vjet burgim p\u00ebr zhvendosje t\u00eb detyruara, d\u00ebbime, vrasje dhe p\u00ebrndjekje t\u00eb popullsis\u00eb shqiptare nga Kosova n\u00eb gjysm\u00ebn e par\u00eb t\u00eb vitit 1999.<\/p>\n<p>Promovimi i kriminel\u00ebve t\u00eb d\u00ebnuar t\u00eb luft\u00ebs \u00ebsht\u00eb n\u00eb linj\u00eb me politik\u00ebn shtet\u00ebrore n\u00eb Serbi.<\/p>\n<p>Prej vitesh, pushteti dhe mediat pran\u00eb tij i quajn\u00eb ata \u201cheronj\u201d, nd\u00ebrsa ministri i Drejt\u00ebsis\u00eb i Serbis\u00eb, Nenad Vujiq, n\u00eb vitin 2025 tha se shteti duhet t\u00eb tregoj\u00eb se q\u00ebndron pas t\u00eb gjith\u00eb t\u00eb d\u00ebnuarve n\u00eb Hag\u00eb.<\/p>\n<p>Disa media p\u00ebr nd\u00ebrhyrjen ushtarake t\u00eb NATO-s p\u00ebrdorin termin \u201cEngj\u00eblli M\u00ebshirues\u201d, edhe pse emri zyrtar i operacionit ishte \u201cOperacioni Forcat Aleate\u201d.<\/p>\n<p>\u00c7far\u00eb i parapriu bombardimeve?<\/p>\n<p>REL-i pyeti qytetar\u00ebt e Beogradit se cili ishte shkaku i bombardimeve, sipas tyre.<\/p>\n<p>Petari thekson se arsyeja e v\u00ebrtet\u00eb ishte \u201cq\u00eb Serbia nuk duhet t\u00eb jet\u00eb e fort\u00eb n\u00eb rajon\u201d.<\/p>\n<p>Milka i tha RE-it se bombardimet filluan \u201cpa arsye\u201d.<\/p>\n<p>\u201cQ\u00ebllimi ishte vet\u00ebm t\u00eb shkat\u00ebrrohej vendi dhe t\u00eb vinin trupat e huaja\u201d, pretendoi ajo.<\/p>\n<p>Radoslavi thot\u00eb se \u00ebsht\u00eb e mundur q\u00eb at\u00ebher\u00eb t\u00eb ket\u00eb ndodhur \u201cdi\u00e7ka q\u00eb nuk duhej\u201d, por se \u201creagimi nuk ishte i duhur\u201d.<\/p>\n<p>Marko Millosavleviq nga Iniciativa e t\u00eb Rinjve p\u00ebr t\u00eb Drejtat e Njeriut thekson se hulumtimet e tyre tregojn\u00eb se rreth 80 p\u00ebr qind e t\u00eb rinjve n\u00eb Serbi nuk din\u00eb p\u00ebr krimet e luft\u00ebs ku jan\u00eb p\u00ebrcaktuar kryer\u00ebsit (pjes\u00ebtar\u00eb t\u00eb forcave t\u00eb armatosura serbe).<\/p>\n<p>\u201cKjo vlen ve\u00e7an\u00ebrisht p\u00ebr luft\u00ebn n\u00eb Kosov\u00eb dhe n\u00eb Bosnje e Hercegovin\u00eb (n\u00eb vitet \u201890)\u201d, thot\u00eb ai.<\/p>\n<p>Bombardimeve t\u00eb NATO-s n\u00eb vitin 1999 u parapriu lufta n\u00eb Kosov\u00eb (1998\u20131999), n\u00eb t\u00eb cil\u00ebn u vran\u00eb rreth 13.000 njer\u00ebz, kryesisht shqiptar\u00eb, nd\u00ebrsa mij\u00ebra t\u00eb tjer\u00eb u zhduk\u00ebn.<\/p>\n<p>Sekretari i P\u00ebrgjithsh\u00ebm i NATO-s asokohe, Javier Solana, i autorizoi sulmet ajrore pas p\u00ebrpjekjeve t\u00eb d\u00ebshtuara t\u00eb bashk\u00ebsis\u00eb nd\u00ebrkomb\u00ebtare p\u00ebr ta bindur ish-liderin serb, Sllobodan Millosheviq, p\u00ebr arm\u00ebpushim.<\/p>\n<p>Fakte mbi numrin e viktimave<\/p>\n<p>N\u00eb bombardime humb\u00ebn jet\u00ebn 261 persona n\u00eb territorin e Serbis\u00eb, 10 n\u00eb Mal t\u00eb Zi dhe 484 n\u00eb Kosov\u00eb, tregojn\u00eb t\u00eb dh\u00ebnat e Fondit p\u00ebr t\u00eb Drejt\u00ebn Humanitare.<\/p>\n<p>Nd\u00ebr viktimat civile kishte m\u00eb s\u00eb shumti persona t\u00eb p\u00ebrkat\u00ebsis\u00eb shqiptare: 217.<\/p>\n<p>Gjithashtu u vran\u00eb 205 civil\u00eb t\u00eb p\u00ebrkat\u00ebsis\u00eb serbe dhe malazeze, 14 rom\u00eb dhe 14 civil\u00eb t\u00eb p\u00ebrkat\u00ebsive t\u00eb tjera.<\/p>\n<p>Gjat\u00eb fushat\u00ebs ajrore u shkat\u00ebrruan objekte ushtarake n\u00eb Serbi, Mal t\u00eb Zi dhe n\u00eb Kosov\u00eb, si dhe sistemet e komand\u00ebs dhe kontrollit, mbrojtjes kund\u00ebrajrore, infrastruktura energjetike dhe ajo e komunikimit, dhe t\u00eb tjera.<\/p>\n<p>Ushtria dhe policia serbe pas bombardimeve t\u00eb NATO-s u t\u00ebrhoq\u00ebn nga Kosova, e cila n\u00eb vitin 2008 shpalli pavar\u00ebsin\u00eb. Beogradi nuk e njeh at\u00eb sot e k\u00ebsaj dite.<\/p>\n<p>P\u00ebrvjetorin e bombardimeve t\u00eb NATO-s zyrtar\u00ebt e Serbis\u00eb e sh\u00ebnojn\u00eb me ngjarje p\u00ebrkujtimore.<\/p>\n<p>Deklaratat e tyre, si edhe viteve t\u00eb m\u00ebparshme, shoq\u00ebrohen me t\u00eb dh\u00ebna p\u00ebr \u201cmij\u00ebra viktima civile\u201d t\u00eb bombardimeve.<\/p>\n<p>Numri m\u00eb i p\u00ebrmendur, q\u00eb e ka p\u00ebrmendur edhe presidenti i Serbis\u00eb, Aleksandar Vu\u00e7iq, \u00ebsht\u00eb se jan\u00eb vrar\u00eb 2.500 njer\u00ebz, \u201cjo vet\u00ebm civil\u00eb, por edhe ushtar\u00eb dhe polic\u00eb\u201d.<\/p>\n<p>Megjithat\u00eb, ai nuk ka treguar n\u00eb cilat burime mb\u00ebshtetet.<\/p>\n<p>Hulumtimi i Iniciativ\u00ebs s\u00eb t\u00eb Rinjve p\u00ebr t\u00eb Drejtat e Njeriut ka treguar se m\u00eb shum\u00eb se 90 p\u00ebr qind e t\u00eb rinjve besojn\u00eb se mij\u00ebra njer\u00ebz jan\u00eb vrar\u00eb gjat\u00eb bombardimeve.<\/p>\n<p>\u201cAjo q\u00eb mungon n\u00eb p\u00ebrkujtimet shtet\u00ebrore jan\u00eb pik\u00ebrisht faktet dhe t\u00eb dh\u00ebnat\u201d, thekson Millosavleviq dhe shton se viktimat shqiptare nuk p\u00ebrmenden.<\/p>\n<p>Dezinformata nga Rusia<\/p>\n<p>Me rastin e p\u00ebrvjetorit t\u00eb bombardimeve t\u00eb NATO-s u prononcua edhe Ministria e Pun\u00ebve t\u00eb Jashtme e Rusis\u00eb, duke th\u00ebn\u00eb se bombardimet ishin \u201ctragjedi, pasojat afatgjata dhe t\u00eb shum\u00ebfishta t\u00eb s\u00eb cil\u00ebs ndihen edhe sot\u201d.<\/p>\n<p>Ministria njoftoi n\u00eb Telegram se \u201cNATO p\u00ebrdori municion me uranium t\u00eb varf\u00ebruar\u201d, gj\u00eb q\u00eb \u201c\u00e7oi n\u00eb rritje t\u00eb paprecedent\u00eb t\u00eb numrit t\u00eb llojeve t\u00eb ndryshme t\u00eb kancerit\u201d.<\/p>\n<p>Nuk ka prova q\u00eb p\u00ebrdorimi i municionit me uranium t\u00eb varf\u00ebruar ka \u00e7uar n\u00eb rritje t\u00eb numrit t\u00eb rasteve t\u00eb kancerit n\u00eb rajon.<\/p>\n<p>N\u00eb maj t\u00eb vitit 2018, Kuvendi i Serbis\u00eb themeloi nj\u00eb Komision p\u00ebr hetimin e pasojave t\u00eb bombardimeve t\u00eb NATO-s mbi sh\u00ebndetin e qytetar\u00ebve dhe mjedisin, por raporti i tyre deri m\u00eb sot nuk \u00ebsht\u00eb publikuar.<\/p>\n<p>Zyrtar\u00ebt e Serbis\u00eb kultivojn\u00eb lidhje t\u00eb ngushta me Rusin\u00eb, nd\u00ebrsa n\u00eb vitet e kaluara, n\u00eb prag t\u00eb p\u00ebrvjetor\u00ebve t\u00eb bombardimeve t\u00eb NATO-s jan\u00eb organizuar nj\u00eb seri ekspozitash dhe ngjarjesh kulturore n\u00ebn patronazhin e Sht\u00ebpis\u00eb Ruse n\u00eb Beograd, e cila financohet nga Rusia.<\/p>\n<p>Rusia n\u00eb vitin 2024 n\u00eb dy raste k\u00ebrkoi q\u00eb K\u00ebshilli i Sigurimit i OKB-s\u00eb t\u00eb diskutoj\u00eb p\u00ebr bombardimet e NATO-s, por k\u00ebto propozime nuk u miratuan.<\/p>\n","protected":false},"excerpt":{"rendered":"<p>Prishtin\u00eb, 25 mars 2026 07:26 &#8220;Engj\u00eblli M\u00ebshirues\u2019 e b\u00ebri Serbin\u00eb rrafsh me tok\u00ebn\u201d, \u201cE mbrojt\u00ebm atdheun dhe e mahnit\u00ebm bot\u00ebn\u201d. K\u00ebta tituj, si dhe mesazhet<\/p>\n","protected":false},"author":7,"featured_media":39627,"comment_status":"open","ping_status":"open","sticky":false,"template":"","format":"standard","meta":{"footnotes":""},"categories":[60],"tags":[],"class_list":["post-39626","post","type-post","status-publish","format-standard","has-post-thumbnail","hentry","category-shoqerore-sq"],"yoast_head":"<!-- This site is optimized with the Yoast SEO plugin v25.3.1 - https:\/\/yoast.com\/wordpress\/plugins\/seo\/ -->\n<title>P\u00ebrvjetori i bombardimeve t\u00eb NATO-s n\u00eb Serbi u shoq\u00ebrua me dezinformata e mesazhe t\u00eb kriminel\u00ebve t\u00eb luft\u00ebs -<\/title>\n<meta name=\"robots\" content=\"index, follow, max-snippet:-1, max-image-preview:large, max-video-preview:-1\" \/>\n<link rel=\"canonical\" href=\"https:\/\/veritasinfo.org\/?p=39626\" \/>\n<meta property=\"og:locale\" content=\"en_US\" \/>\n<meta property=\"og:type\" content=\"article\" \/>\n<meta property=\"og:title\" content=\"P\u00ebrvjetori i bombardimeve t\u00eb NATO-s n\u00eb Serbi u shoq\u00ebrua me dezinformata e mesazhe t\u00eb kriminel\u00ebve t\u00eb luft\u00ebs -\" \/>\n<meta property=\"og:description\" content=\"Prishtin\u00eb, 25 mars 2026 07:26 &#8220;Engj\u00eblli M\u00ebshirues\u2019 e b\u00ebri Serbin\u00eb rrafsh me tok\u00ebn\u201d, \u201cE mbrojt\u00ebm atdheun dhe e mahnit\u00ebm bot\u00ebn\u201d. K\u00ebta tituj, si dhe mesazhet\" \/>\n<meta property=\"og:url\" content=\"https:\/\/veritasinfo.org\/?p=39626\" \/>\n<meta property=\"article:published_time\" content=\"2026-03-25T06:28:45+00:00\" \/>\n<meta property=\"og:image\" content=\"https:\/\/veritasinfo.org\/wp-content\/uploads\/2026\/03\/Screenshot_20260325_072748_Chrome.jpg\" \/>\n\t<meta property=\"og:image:width\" content=\"959\" \/>\n\t<meta property=\"og:image:height\" content=\"462\" \/>\n\t<meta property=\"og:image:type\" content=\"image\/jpeg\" \/>\n<meta name=\"author\" content=\"US6\" \/>\n<meta name=\"twitter:card\" content=\"summary_large_image\" \/>\n<meta name=\"twitter:label1\" content=\"Written by\" \/>\n\t<meta name=\"twitter:data1\" content=\"US6\" \/>\n\t<meta name=\"twitter:label2\" content=\"Est. reading time\" \/>\n\t<meta name=\"twitter:data2\" content=\"5 minutes\" \/>\n<script type=\"application\/ld+json\" class=\"yoast-schema-graph\">{\"@context\":\"https:\/\/schema.org\",\"@graph\":[{\"@type\":\"WebPage\",\"@id\":\"https:\/\/veritasinfo.org\/?p=39626\",\"url\":\"https:\/\/veritasinfo.org\/?p=39626\",\"name\":\"P\u00ebrvjetori i bombardimeve t\u00eb NATO-s n\u00eb Serbi u shoq\u00ebrua me dezinformata e mesazhe t\u00eb kriminel\u00ebve t\u00eb luft\u00ebs -\",\"isPartOf\":{\"@id\":\"https:\/\/veritasinfo.org\/#website\"},\"primaryImageOfPage\":{\"@id\":\"https:\/\/veritasinfo.org\/?p=39626#primaryimage\"},\"image\":{\"@id\":\"https:\/\/veritasinfo.org\/?p=39626#primaryimage\"},\"thumbnailUrl\":\"https:\/\/veritasinfo.org\/wp-content\/uploads\/2026\/03\/Screenshot_20260325_072748_Chrome.jpg\",\"datePublished\":\"2026-03-25T06:28:45+00:00\",\"author\":{\"@id\":\"https:\/\/veritasinfo.org\/#\/schema\/person\/fe199eede04c3937362892b7444747cc\"},\"breadcrumb\":{\"@id\":\"https:\/\/veritasinfo.org\/?p=39626#breadcrumb\"},\"inLanguage\":\"en-US\",\"potentialAction\":[{\"@type\":\"ReadAction\",\"target\":[\"https:\/\/veritasinfo.org\/?p=39626\"]}]},{\"@type\":\"ImageObject\",\"inLanguage\":\"en-US\",\"@id\":\"https:\/\/veritasinfo.org\/?p=39626#primaryimage\",\"url\":\"https:\/\/veritasinfo.org\/wp-content\/uploads\/2026\/03\/Screenshot_20260325_072748_Chrome.jpg\",\"contentUrl\":\"https:\/\/veritasinfo.org\/wp-content\/uploads\/2026\/03\/Screenshot_20260325_072748_Chrome.jpg\",\"width\":959,\"height\":462},{\"@type\":\"BreadcrumbList\",\"@id\":\"https:\/\/veritasinfo.org\/?p=39626#breadcrumb\",\"itemListElement\":[{\"@type\":\"ListItem\",\"position\":1,\"name\":\"Home\",\"item\":\"https:\/\/veritasinfo.org\/\"},{\"@type\":\"ListItem\",\"position\":2,\"name\":\"P\u00ebrvjetori i bombardimeve t\u00eb NATO-s n\u00eb Serbi u shoq\u00ebrua me dezinformata e mesazhe t\u00eb kriminel\u00ebve t\u00eb luft\u00ebs\"}]},{\"@type\":\"WebSite\",\"@id\":\"https:\/\/veritasinfo.org\/#website\",\"url\":\"https:\/\/veritasinfo.org\/\",\"name\":\"\",\"description\":\"\",\"potentialAction\":[{\"@type\":\"SearchAction\",\"target\":{\"@type\":\"EntryPoint\",\"urlTemplate\":\"https:\/\/veritasinfo.org\/?s={search_term_string}\"},\"query-input\":{\"@type\":\"PropertyValueSpecification\",\"valueRequired\":true,\"valueName\":\"search_term_string\"}}],\"inLanguage\":\"en-US\"},{\"@type\":\"Person\",\"@id\":\"https:\/\/veritasinfo.org\/#\/schema\/person\/fe199eede04c3937362892b7444747cc\",\"name\":\"US6\",\"image\":{\"@type\":\"ImageObject\",\"inLanguage\":\"en-US\",\"@id\":\"https:\/\/veritasinfo.org\/#\/schema\/person\/image\/\",\"url\":\"https:\/\/secure.gravatar.com\/avatar\/cb16c3c31c9d23b9b8c705964598220b3014e42ff51eb540ff23cefa3ae8c15f?s=96&d=mm&r=g\",\"contentUrl\":\"https:\/\/secure.gravatar.com\/avatar\/cb16c3c31c9d23b9b8c705964598220b3014e42ff51eb540ff23cefa3ae8c15f?s=96&d=mm&r=g\",\"caption\":\"US6\"},\"url\":\"https:\/\/veritasinfo.org\/?author=7\"}]}<\/script>\n<!-- \/ Yoast SEO plugin. -->","yoast_head_json":{"title":"P\u00ebrvjetori i bombardimeve t\u00eb NATO-s n\u00eb Serbi u shoq\u00ebrua me dezinformata e mesazhe t\u00eb kriminel\u00ebve t\u00eb luft\u00ebs -","robots":{"index":"index","follow":"follow","max-snippet":"max-snippet:-1","max-image-preview":"max-image-preview:large","max-video-preview":"max-video-preview:-1"},"canonical":"https:\/\/veritasinfo.org\/?p=39626","og_locale":"en_US","og_type":"article","og_title":"P\u00ebrvjetori i bombardimeve t\u00eb NATO-s n\u00eb Serbi u shoq\u00ebrua me dezinformata e mesazhe t\u00eb kriminel\u00ebve t\u00eb luft\u00ebs -","og_description":"Prishtin\u00eb, 25 mars 2026 07:26 &#8220;Engj\u00eblli M\u00ebshirues\u2019 e b\u00ebri Serbin\u00eb rrafsh me tok\u00ebn\u201d, \u201cE mbrojt\u00ebm atdheun dhe e mahnit\u00ebm bot\u00ebn\u201d. K\u00ebta tituj, si dhe mesazhet","og_url":"https:\/\/veritasinfo.org\/?p=39626","article_published_time":"2026-03-25T06:28:45+00:00","og_image":[{"width":959,"height":462,"url":"https:\/\/veritasinfo.org\/wp-content\/uploads\/2026\/03\/Screenshot_20260325_072748_Chrome.jpg","type":"image\/jpeg"}],"author":"US6","twitter_card":"summary_large_image","twitter_misc":{"Written by":"US6","Est. reading time":"5 minutes"},"schema":{"@context":"https:\/\/schema.org","@graph":[{"@type":"WebPage","@id":"https:\/\/veritasinfo.org\/?p=39626","url":"https:\/\/veritasinfo.org\/?p=39626","name":"P\u00ebrvjetori i bombardimeve t\u00eb NATO-s n\u00eb Serbi u shoq\u00ebrua me dezinformata e mesazhe t\u00eb kriminel\u00ebve t\u00eb luft\u00ebs -","isPartOf":{"@id":"https:\/\/veritasinfo.org\/#website"},"primaryImageOfPage":{"@id":"https:\/\/veritasinfo.org\/?p=39626#primaryimage"},"image":{"@id":"https:\/\/veritasinfo.org\/?p=39626#primaryimage"},"thumbnailUrl":"https:\/\/veritasinfo.org\/wp-content\/uploads\/2026\/03\/Screenshot_20260325_072748_Chrome.jpg","datePublished":"2026-03-25T06:28:45+00:00","author":{"@id":"https:\/\/veritasinfo.org\/#\/schema\/person\/fe199eede04c3937362892b7444747cc"},"breadcrumb":{"@id":"https:\/\/veritasinfo.org\/?p=39626#breadcrumb"},"inLanguage":"en-US","potentialAction":[{"@type":"ReadAction","target":["https:\/\/veritasinfo.org\/?p=39626"]}]},{"@type":"ImageObject","inLanguage":"en-US","@id":"https:\/\/veritasinfo.org\/?p=39626#primaryimage","url":"https:\/\/veritasinfo.org\/wp-content\/uploads\/2026\/03\/Screenshot_20260325_072748_Chrome.jpg","contentUrl":"https:\/\/veritasinfo.org\/wp-content\/uploads\/2026\/03\/Screenshot_20260325_072748_Chrome.jpg","width":959,"height":462},{"@type":"BreadcrumbList","@id":"https:\/\/veritasinfo.org\/?p=39626#breadcrumb","itemListElement":[{"@type":"ListItem","position":1,"name":"Home","item":"https:\/\/veritasinfo.org\/"},{"@type":"ListItem","position":2,"name":"P\u00ebrvjetori i bombardimeve t\u00eb NATO-s n\u00eb Serbi u shoq\u00ebrua me dezinformata e mesazhe t\u00eb kriminel\u00ebve t\u00eb luft\u00ebs"}]},{"@type":"WebSite","@id":"https:\/\/veritasinfo.org\/#website","url":"https:\/\/veritasinfo.org\/","name":"","description":"","potentialAction":[{"@type":"SearchAction","target":{"@type":"EntryPoint","urlTemplate":"https:\/\/veritasinfo.org\/?s={search_term_string}"},"query-input":{"@type":"PropertyValueSpecification","valueRequired":true,"valueName":"search_term_string"}}],"inLanguage":"en-US"},{"@type":"Person","@id":"https:\/\/veritasinfo.org\/#\/schema\/person\/fe199eede04c3937362892b7444747cc","name":"US6","image":{"@type":"ImageObject","inLanguage":"en-US","@id":"https:\/\/veritasinfo.org\/#\/schema\/person\/image\/","url":"https:\/\/secure.gravatar.com\/avatar\/cb16c3c31c9d23b9b8c705964598220b3014e42ff51eb540ff23cefa3ae8c15f?s=96&d=mm&r=g","contentUrl":"https:\/\/secure.gravatar.com\/avatar\/cb16c3c31c9d23b9b8c705964598220b3014e42ff51eb540ff23cefa3ae8c15f?s=96&d=mm&r=g","caption":"US6"},"url":"https:\/\/veritasinfo.org\/?author=7"}]}},"featured_image_urls":{"full":["https:\/\/veritasinfo.org\/wp-content\/uploads\/2026\/03\/Screenshot_20260325_072748_Chrome.jpg",959,462,false],"thumbnail":["https:\/\/veritasinfo.org\/wp-content\/uploads\/2026\/03\/Screenshot_20260325_072748_Chrome-150x150.jpg",150,150,true],"medium":["https:\/\/veritasinfo.org\/wp-content\/uploads\/2026\/03\/Screenshot_20260325_072748_Chrome-300x145.jpg",300,145,true],"medium_large":["https:\/\/veritasinfo.org\/wp-content\/uploads\/2026\/03\/Screenshot_20260325_072748_Chrome-768x370.jpg",640,308,true],"large":["https:\/\/veritasinfo.org\/wp-content\/uploads\/2026\/03\/Screenshot_20260325_072748_Chrome.jpg",640,308,false],"1536x1536":["https:\/\/veritasinfo.org\/wp-content\/uploads\/2026\/03\/Screenshot_20260325_072748_Chrome.jpg",959,462,false],"2048x2048":["https:\/\/veritasinfo.org\/wp-content\/uploads\/2026\/03\/Screenshot_20260325_072748_Chrome.jpg",959,462,false],"kreeti-slider-full":["https:\/\/veritasinfo.org\/wp-content\/uploads\/2026\/03\/Screenshot_20260325_072748_Chrome.jpg",959,462,false],"kreeti-featured":["https:\/\/veritasinfo.org\/wp-content\/uploads\/2026\/03\/Screenshot_20260325_072748_Chrome.jpg",959,462,false],"kreeti-medium":["https:\/\/veritasinfo.org\/wp-content\/uploads\/2026\/03\/Screenshot_20260325_072748_Chrome.jpg",720,347,false],"kreeti-medium-square":["https:\/\/veritasinfo.org\/wp-content\/uploads\/2026\/03\/Screenshot_20260325_072748_Chrome.jpg",350,169,false]},"author_info":{"info":["US6"]},"category_info":"<a href=\"https:\/\/veritasinfo.org\/?cat=60\" rel=\"category\">Shoq\u00ebrore<\/a>","tag_info":"Shoq\u00ebrore","comment_count":"0","_links":{"self":[{"href":"https:\/\/veritasinfo.org\/index.php?rest_route=\/wp\/v2\/posts\/39626","targetHints":{"allow":["GET"]}}],"collection":[{"href":"https:\/\/veritasinfo.org\/index.php?rest_route=\/wp\/v2\/posts"}],"about":[{"href":"https:\/\/veritasinfo.org\/index.php?rest_route=\/wp\/v2\/types\/post"}],"author":[{"embeddable":true,"href":"https:\/\/veritasinfo.org\/index.php?rest_route=\/wp\/v2\/users\/7"}],"replies":[{"embeddable":true,"href":"https:\/\/veritasinfo.org\/index.php?rest_route=%2Fwp%2Fv2%2Fcomments&post=39626"}],"version-history":[{"count":1,"href":"https:\/\/veritasinfo.org\/index.php?rest_route=\/wp\/v2\/posts\/39626\/revisions"}],"predecessor-version":[{"id":39628,"href":"https:\/\/veritasinfo.org\/index.php?rest_route=\/wp\/v2\/posts\/39626\/revisions\/39628"}],"wp:featuredmedia":[{"embeddable":true,"href":"https:\/\/veritasinfo.org\/index.php?rest_route=\/wp\/v2\/media\/39627"}],"wp:attachment":[{"href":"https:\/\/veritasinfo.org\/index.php?rest_route=%2Fwp%2Fv2%2Fmedia&parent=39626"}],"wp:term":[{"taxonomy":"category","embeddable":true,"href":"https:\/\/veritasinfo.org\/index.php?rest_route=%2Fwp%2Fv2%2Fcategories&post=39626"},{"taxonomy":"post_tag","embeddable":true,"href":"https:\/\/veritasinfo.org\/index.php?rest_route=%2Fwp%2Fv2%2Ftags&post=39626"}],"curies":[{"name":"wp","href":"https:\/\/api.w.org\/{rel}","templated":true}]}}