{"id":39620,"date":"2026-03-24T22:51:00","date_gmt":"2026-03-24T21:51:00","guid":{"rendered":"https:\/\/veritasinfo.org\/?p=39620"},"modified":"2026-03-24T22:51:00","modified_gmt":"2026-03-24T21:51:00","slug":"si-i-tradhtoi-zoran-stankoviq-fqinjet-shqiptare-me-te-nisur-lufta","status":"publish","type":"post","link":"https:\/\/veritasinfo.org\/?p=39620","title":{"rendered":"Si i tradhtoi Zoran Stankoviq fqinj\u00ebt shqiptar\u00eb me t\u00eb nisur lufta?"},"content":{"rendered":"<p><strong>Prishtin\u00eb, 24 mars 2026 22:50 \u00a0\u00a0<\/strong><\/p>\n<p><strong>Burimi: T\u00ebv\u00eb<\/strong><\/p>\n<p>28 vite pas luf\u00ebs, shum\u00eb prej akter\u00ebve t\u00eb krimeve akoma nuk kan\u00eb dalur para drejt\u00ebsis\u00eb. Mir\u00ebpo, dje iu vun\u00eb prangat Zoran Stankoviqit, si t\u00eb dyshuar p\u00ebr krime lufte n\u00eb Matiqan t\u00eb Prishtin\u00ebs. Banor\u00ebt e Matiqan kujtojn\u00eb se si Stankoviqi para luft\u00ebs ishte nj\u00eb fqinj i zakonsh\u00ebm, i cili m\u00eb pas sipas tyre u shnd\u00ebrrua n\u00eb bashk\u00ebpun\u00ebtor t\u00eb ushtris\u00eb e policis\u00eb serbe.<\/p>\n<p>Para viteve t\u00eb 90-ta, Zoran Stankoviq, ishte nj\u00eb fqinj i zakonsh\u00ebm p\u00ebr banor\u00ebt e fshatit Matiqan t\u00eb Prishtin\u00ebs.<\/p>\n<p>Mir\u00ebpo, me nisjen e luft\u00ebs, gjith\u00e7ka ndryshoi.<\/p>\n<p>Stankoviq dyshohet se u p\u00ebrfshi n\u00eb krimet q\u00eb i kryen n\u00eb k\u00ebt\u00eb pjes\u00eb t\u00eb Kosov\u00ebs, ushtria dhe policia serbe.<\/p>\n<p>Para luft\u00ebs, Hysen Gashi rr\u00ebfen se kishim raporte t\u00eb mira me Stankoviqin.<\/p>\n<p>\u201cKemi qen\u00eb kojshi, i kemi rujt\u00eb kafsh\u00ebt bashk\u00eb, kemi nejt bashk\u00eb. E kom njoft\u00eb bab\u00ebn e tij, na kemi kalu mir\u00eb me ta p\u00ebrpara, na vendasit qetu. S\u2019kena pas\u00eb kurr\u00eb problem, i kemi pas\u00eb bahqet bashk\u00eb, i kemi punu bashk\u00eb, deri kur u ardh\u00eb lufta jan\u00eb kon posht\u00eb n\u00eb katun na jemi kon nalt\u00eb. Ama na s\u2019kemi pas\u00eb kurfar\u00eb problemi\u00a0 me ta\u201d, ka th\u00ebn\u00eb Gashi.<\/p>\n<p>Gashi kujton se si Stankoviq nisi bashk\u00ebpunimin kriminel\u00ebt serb\u00eb.<\/p>\n<p>\u201cKur jan\u00eb vendos\u00eb policia dhe ushtria q\u00eb erdh\u00ebn para bombardimeve, ata ua qojshin me traktor buk\u00ebn n\u00ebp\u00ebr kodra. Me qat Bor\u00ebn, me traktor t\u00eb qatij e di q\u00eb e kan\u00eb qu buk\u00ebn\u201d, u shpreh tutje Gashi.<\/p>\n<p>Pik\u00ebrisht n\u00ebn dyshimin p\u00ebr p\u00ebrfshirje n\u00eb krime lufte, Zoran Stankoviq, u arrestua m\u00eb 23 mars n\u00eb kufirin Kosov\u00eb \u2013 Serbi.<\/p>\n<p>E Gashi tregon se serb\u00ebt dogj\u00ebn gjith\u00e7ka q\u00eb u doli p\u00ebrpara.<\/p>\n<p>\u201cN\u00eb koh\u00ebn e bombardimeve neve na ka djeg dikush kto maqinat. Qysh kom ni une, njani u kon i \u00c7agllavic\u00ebs me qat Bor\u00ebn, kishin pas\u00eb marr\u00eb pjes\u00eb n\u00eb qat far\u00eb kalljen. Ama maqinat m\u2019kan\u00eb shku diku 200-300 mij\u00eb euro\u201d, theksoj Gashi.<\/p>\n<p>Pas p\u00ebrfundimit t\u00eb luft\u00ebs dhe kthimit t\u00eb shqiptar\u00ebve n\u00ebp\u00ebr sht\u00ebpit\u00eb e tyre, nuk u pan\u00eb m\u00eb gjurm\u00eb t\u00eb serb\u00ebve q\u00eb jetonin andej.<\/p>\n<p>\u201cMas lufte s\u2019u kon k\u2019tu. Se kur jemi kthy prej Maqedonie, k\u2019tu nuk kan\u00eb ekzistu mo asnjo hiq. Ishin kon shkue\u201d, ka p\u00ebrfunduar Gashi.<\/p>\n<p>Ndaj Stankoviqit Gjykata Themelore e Prishtin\u00ebs ka caktuar mas\u00ebn e paraburgimit prej 30 dit\u00ebve.<\/p>\n","protected":false},"excerpt":{"rendered":"<p>Prishtin\u00eb, 24 mars 2026 22:50 \u00a0\u00a0 Burimi: T\u00ebv\u00eb 28 vite pas luf\u00ebs, shum\u00eb prej akter\u00ebve t\u00eb krimeve akoma nuk kan\u00eb dalur para drejt\u00ebsis\u00eb. Mir\u00ebpo, dje<\/p>\n","protected":false},"author":2,"featured_media":39621,"comment_status":"open","ping_status":"open","sticky":false,"template":"","format":"standard","meta":{"footnotes":""},"categories":[60],"tags":[],"class_list":["post-39620","post","type-post","status-publish","format-standard","has-post-thumbnail","hentry","category-shoqerore-sq"],"yoast_head":"<!-- This site is optimized with the Yoast SEO plugin v25.3.1 - https:\/\/yoast.com\/wordpress\/plugins\/seo\/ -->\n<title>Si i tradhtoi Zoran Stankoviq fqinj\u00ebt shqiptar\u00eb me t\u00eb nisur lufta? -<\/title>\n<meta name=\"robots\" content=\"index, follow, max-snippet:-1, max-image-preview:large, max-video-preview:-1\" \/>\n<link rel=\"canonical\" href=\"https:\/\/veritasinfo.org\/?p=39620\" \/>\n<meta property=\"og:locale\" content=\"en_US\" \/>\n<meta property=\"og:type\" content=\"article\" \/>\n<meta property=\"og:title\" content=\"Si i tradhtoi Zoran Stankoviq fqinj\u00ebt shqiptar\u00eb me t\u00eb nisur lufta? -\" \/>\n<meta property=\"og:description\" content=\"Prishtin\u00eb, 24 mars 2026 22:50 \u00a0\u00a0 Burimi: T\u00ebv\u00eb 28 vite pas luf\u00ebs, shum\u00eb prej akter\u00ebve t\u00eb krimeve akoma nuk kan\u00eb dalur para drejt\u00ebsis\u00eb. Mir\u00ebpo, dje\" \/>\n<meta property=\"og:url\" content=\"https:\/\/veritasinfo.org\/?p=39620\" \/>\n<meta property=\"article:published_time\" content=\"2026-03-24T21:51:00+00:00\" \/>\n<meta property=\"og:image\" content=\"https:\/\/veritasinfo.org\/wp-content\/uploads\/2026\/03\/matiqani.jpeg\" \/>\n\t<meta property=\"og:image:width\" content=\"259\" \/>\n\t<meta property=\"og:image:height\" content=\"194\" \/>\n\t<meta property=\"og:image:type\" content=\"image\/jpeg\" \/>\n<meta name=\"author\" content=\"US1\" \/>\n<meta name=\"twitter:card\" content=\"summary_large_image\" \/>\n<meta name=\"twitter:label1\" content=\"Written by\" \/>\n\t<meta name=\"twitter:data1\" content=\"US1\" \/>\n\t<meta name=\"twitter:label2\" content=\"Est. reading time\" \/>\n\t<meta name=\"twitter:data2\" content=\"2 minutes\" \/>\n<script type=\"application\/ld+json\" class=\"yoast-schema-graph\">{\"@context\":\"https:\/\/schema.org\",\"@graph\":[{\"@type\":\"WebPage\",\"@id\":\"https:\/\/veritasinfo.org\/?p=39620\",\"url\":\"https:\/\/veritasinfo.org\/?p=39620\",\"name\":\"Si i tradhtoi Zoran Stankoviq fqinj\u00ebt shqiptar\u00eb me t\u00eb nisur lufta? -\",\"isPartOf\":{\"@id\":\"https:\/\/veritasinfo.org\/#website\"},\"primaryImageOfPage\":{\"@id\":\"https:\/\/veritasinfo.org\/?p=39620#primaryimage\"},\"image\":{\"@id\":\"https:\/\/veritasinfo.org\/?p=39620#primaryimage\"},\"thumbnailUrl\":\"https:\/\/veritasinfo.org\/wp-content\/uploads\/2026\/03\/matiqani.jpeg\",\"datePublished\":\"2026-03-24T21:51:00+00:00\",\"author\":{\"@id\":\"https:\/\/veritasinfo.org\/#\/schema\/person\/c2b8be262ea994d0995addca692c5e98\"},\"breadcrumb\":{\"@id\":\"https:\/\/veritasinfo.org\/?p=39620#breadcrumb\"},\"inLanguage\":\"en-US\",\"potentialAction\":[{\"@type\":\"ReadAction\",\"target\":[\"https:\/\/veritasinfo.org\/?p=39620\"]}]},{\"@type\":\"ImageObject\",\"inLanguage\":\"en-US\",\"@id\":\"https:\/\/veritasinfo.org\/?p=39620#primaryimage\",\"url\":\"https:\/\/veritasinfo.org\/wp-content\/uploads\/2026\/03\/matiqani.jpeg\",\"contentUrl\":\"https:\/\/veritasinfo.org\/wp-content\/uploads\/2026\/03\/matiqani.jpeg\",\"width\":259,\"height\":194},{\"@type\":\"BreadcrumbList\",\"@id\":\"https:\/\/veritasinfo.org\/?p=39620#breadcrumb\",\"itemListElement\":[{\"@type\":\"ListItem\",\"position\":1,\"name\":\"Home\",\"item\":\"https:\/\/veritasinfo.org\/\"},{\"@type\":\"ListItem\",\"position\":2,\"name\":\"Si i tradhtoi Zoran Stankoviq fqinj\u00ebt shqiptar\u00eb me t\u00eb nisur lufta?\"}]},{\"@type\":\"WebSite\",\"@id\":\"https:\/\/veritasinfo.org\/#website\",\"url\":\"https:\/\/veritasinfo.org\/\",\"name\":\"\",\"description\":\"\",\"potentialAction\":[{\"@type\":\"SearchAction\",\"target\":{\"@type\":\"EntryPoint\",\"urlTemplate\":\"https:\/\/veritasinfo.org\/?s={search_term_string}\"},\"query-input\":{\"@type\":\"PropertyValueSpecification\",\"valueRequired\":true,\"valueName\":\"search_term_string\"}}],\"inLanguage\":\"en-US\"},{\"@type\":\"Person\",\"@id\":\"https:\/\/veritasinfo.org\/#\/schema\/person\/c2b8be262ea994d0995addca692c5e98\",\"name\":\"US1\",\"image\":{\"@type\":\"ImageObject\",\"inLanguage\":\"en-US\",\"@id\":\"https:\/\/veritasinfo.org\/#\/schema\/person\/image\/\",\"url\":\"https:\/\/secure.gravatar.com\/avatar\/4e96a59bd256abf9956eb9963ac891a47461ffb364d47b0e9aab113328fdb75b?s=96&d=mm&r=g\",\"contentUrl\":\"https:\/\/secure.gravatar.com\/avatar\/4e96a59bd256abf9956eb9963ac891a47461ffb364d47b0e9aab113328fdb75b?s=96&d=mm&r=g\",\"caption\":\"US1\"},\"url\":\"https:\/\/veritasinfo.org\/?author=2\"}]}<\/script>\n<!-- \/ Yoast SEO plugin. -->","yoast_head_json":{"title":"Si i tradhtoi Zoran Stankoviq fqinj\u00ebt shqiptar\u00eb me t\u00eb nisur lufta? -","robots":{"index":"index","follow":"follow","max-snippet":"max-snippet:-1","max-image-preview":"max-image-preview:large","max-video-preview":"max-video-preview:-1"},"canonical":"https:\/\/veritasinfo.org\/?p=39620","og_locale":"en_US","og_type":"article","og_title":"Si i tradhtoi Zoran Stankoviq fqinj\u00ebt shqiptar\u00eb me t\u00eb nisur lufta? -","og_description":"Prishtin\u00eb, 24 mars 2026 22:50 \u00a0\u00a0 Burimi: T\u00ebv\u00eb 28 vite pas luf\u00ebs, shum\u00eb prej akter\u00ebve t\u00eb krimeve akoma nuk kan\u00eb dalur para drejt\u00ebsis\u00eb. Mir\u00ebpo, dje","og_url":"https:\/\/veritasinfo.org\/?p=39620","article_published_time":"2026-03-24T21:51:00+00:00","og_image":[{"width":259,"height":194,"url":"https:\/\/veritasinfo.org\/wp-content\/uploads\/2026\/03\/matiqani.jpeg","type":"image\/jpeg"}],"author":"US1","twitter_card":"summary_large_image","twitter_misc":{"Written by":"US1","Est. reading time":"2 minutes"},"schema":{"@context":"https:\/\/schema.org","@graph":[{"@type":"WebPage","@id":"https:\/\/veritasinfo.org\/?p=39620","url":"https:\/\/veritasinfo.org\/?p=39620","name":"Si i tradhtoi Zoran Stankoviq fqinj\u00ebt shqiptar\u00eb me t\u00eb nisur lufta? -","isPartOf":{"@id":"https:\/\/veritasinfo.org\/#website"},"primaryImageOfPage":{"@id":"https:\/\/veritasinfo.org\/?p=39620#primaryimage"},"image":{"@id":"https:\/\/veritasinfo.org\/?p=39620#primaryimage"},"thumbnailUrl":"https:\/\/veritasinfo.org\/wp-content\/uploads\/2026\/03\/matiqani.jpeg","datePublished":"2026-03-24T21:51:00+00:00","author":{"@id":"https:\/\/veritasinfo.org\/#\/schema\/person\/c2b8be262ea994d0995addca692c5e98"},"breadcrumb":{"@id":"https:\/\/veritasinfo.org\/?p=39620#breadcrumb"},"inLanguage":"en-US","potentialAction":[{"@type":"ReadAction","target":["https:\/\/veritasinfo.org\/?p=39620"]}]},{"@type":"ImageObject","inLanguage":"en-US","@id":"https:\/\/veritasinfo.org\/?p=39620#primaryimage","url":"https:\/\/veritasinfo.org\/wp-content\/uploads\/2026\/03\/matiqani.jpeg","contentUrl":"https:\/\/veritasinfo.org\/wp-content\/uploads\/2026\/03\/matiqani.jpeg","width":259,"height":194},{"@type":"BreadcrumbList","@id":"https:\/\/veritasinfo.org\/?p=39620#breadcrumb","itemListElement":[{"@type":"ListItem","position":1,"name":"Home","item":"https:\/\/veritasinfo.org\/"},{"@type":"ListItem","position":2,"name":"Si i tradhtoi Zoran Stankoviq fqinj\u00ebt shqiptar\u00eb me t\u00eb nisur lufta?"}]},{"@type":"WebSite","@id":"https:\/\/veritasinfo.org\/#website","url":"https:\/\/veritasinfo.org\/","name":"","description":"","potentialAction":[{"@type":"SearchAction","target":{"@type":"EntryPoint","urlTemplate":"https:\/\/veritasinfo.org\/?s={search_term_string}"},"query-input":{"@type":"PropertyValueSpecification","valueRequired":true,"valueName":"search_term_string"}}],"inLanguage":"en-US"},{"@type":"Person","@id":"https:\/\/veritasinfo.org\/#\/schema\/person\/c2b8be262ea994d0995addca692c5e98","name":"US1","image":{"@type":"ImageObject","inLanguage":"en-US","@id":"https:\/\/veritasinfo.org\/#\/schema\/person\/image\/","url":"https:\/\/secure.gravatar.com\/avatar\/4e96a59bd256abf9956eb9963ac891a47461ffb364d47b0e9aab113328fdb75b?s=96&d=mm&r=g","contentUrl":"https:\/\/secure.gravatar.com\/avatar\/4e96a59bd256abf9956eb9963ac891a47461ffb364d47b0e9aab113328fdb75b?s=96&d=mm&r=g","caption":"US1"},"url":"https:\/\/veritasinfo.org\/?author=2"}]}},"featured_image_urls":{"full":["https:\/\/veritasinfo.org\/wp-content\/uploads\/2026\/03\/matiqani.jpeg",259,194,false],"thumbnail":["https:\/\/veritasinfo.org\/wp-content\/uploads\/2026\/03\/matiqani-150x150.jpeg",150,150,true],"medium":["https:\/\/veritasinfo.org\/wp-content\/uploads\/2026\/03\/matiqani.jpeg",259,194,false],"medium_large":["https:\/\/veritasinfo.org\/wp-content\/uploads\/2026\/03\/matiqani.jpeg",259,194,false],"large":["https:\/\/veritasinfo.org\/wp-content\/uploads\/2026\/03\/matiqani.jpeg",259,194,false],"1536x1536":["https:\/\/veritasinfo.org\/wp-content\/uploads\/2026\/03\/matiqani.jpeg",259,194,false],"2048x2048":["https:\/\/veritasinfo.org\/wp-content\/uploads\/2026\/03\/matiqani.jpeg",259,194,false],"kreeti-slider-full":["https:\/\/veritasinfo.org\/wp-content\/uploads\/2026\/03\/matiqani.jpeg",259,194,false],"kreeti-featured":["https:\/\/veritasinfo.org\/wp-content\/uploads\/2026\/03\/matiqani.jpeg",259,194,false],"kreeti-medium":["https:\/\/veritasinfo.org\/wp-content\/uploads\/2026\/03\/matiqani.jpeg",259,194,false],"kreeti-medium-square":["https:\/\/veritasinfo.org\/wp-content\/uploads\/2026\/03\/matiqani.jpeg",259,194,false]},"author_info":{"info":["US1"]},"category_info":"<a href=\"https:\/\/veritasinfo.org\/?cat=60\" rel=\"category\">Shoq\u00ebrore<\/a>","tag_info":"Shoq\u00ebrore","comment_count":"0","_links":{"self":[{"href":"https:\/\/veritasinfo.org\/index.php?rest_route=\/wp\/v2\/posts\/39620","targetHints":{"allow":["GET"]}}],"collection":[{"href":"https:\/\/veritasinfo.org\/index.php?rest_route=\/wp\/v2\/posts"}],"about":[{"href":"https:\/\/veritasinfo.org\/index.php?rest_route=\/wp\/v2\/types\/post"}],"author":[{"embeddable":true,"href":"https:\/\/veritasinfo.org\/index.php?rest_route=\/wp\/v2\/users\/2"}],"replies":[{"embeddable":true,"href":"https:\/\/veritasinfo.org\/index.php?rest_route=%2Fwp%2Fv2%2Fcomments&post=39620"}],"version-history":[{"count":1,"href":"https:\/\/veritasinfo.org\/index.php?rest_route=\/wp\/v2\/posts\/39620\/revisions"}],"predecessor-version":[{"id":39622,"href":"https:\/\/veritasinfo.org\/index.php?rest_route=\/wp\/v2\/posts\/39620\/revisions\/39622"}],"wp:featuredmedia":[{"embeddable":true,"href":"https:\/\/veritasinfo.org\/index.php?rest_route=\/wp\/v2\/media\/39621"}],"wp:attachment":[{"href":"https:\/\/veritasinfo.org\/index.php?rest_route=%2Fwp%2Fv2%2Fmedia&parent=39620"}],"wp:term":[{"taxonomy":"category","embeddable":true,"href":"https:\/\/veritasinfo.org\/index.php?rest_route=%2Fwp%2Fv2%2Fcategories&post=39620"},{"taxonomy":"post_tag","embeddable":true,"href":"https:\/\/veritasinfo.org\/index.php?rest_route=%2Fwp%2Fv2%2Ftags&post=39620"}],"curies":[{"name":"wp","href":"https:\/\/api.w.org\/{rel}","templated":true}]}}