{"id":39602,"date":"2026-03-24T21:44:53","date_gmt":"2026-03-24T20:44:53","guid":{"rendered":"https:\/\/veritasinfo.org\/?p=39602"},"modified":"2026-03-24T21:44:53","modified_gmt":"2026-03-24T20:44:53","slug":"kurti-priti-ne-takim-komisionerin-kamp","status":"publish","type":"post","link":"https:\/\/veritasinfo.org\/?p=39602","title":{"rendered":"Kurti priti n\u00eb takim komisionerin Kamp"},"content":{"rendered":"<p><strong>Prishtin\u00eb, 24 mars 2026 21:45<\/strong><br \/>\nKryeministri i Republik\u00ebs s\u00eb Kosov\u00ebs, Albin Kurti, priti sot n\u00eb takim Komisionerin e Lart\u00eb t\u00eb OSCE-s\u00eb p\u00ebr Minoritetet, Christophe Kamp.<br \/>\nGjat\u00eb takimit, kryeministri Kurti e fal\u00ebnderoi Komisionerin Kamp p\u00ebr vizit\u00ebn, p\u00ebr letr\u00ebn dhe rekomandimet e tij, duke theksuar q\u00eb Qeveria e Republik\u00ebs s\u00eb Kosov\u00ebs pajtohet plot\u00ebsisht me konstatimin e tij q\u00eb p\u00ebrgjegj\u00ebsia bie mbi serb\u00ebt lokal t\u00eb shfryt\u00ebzojn\u00eb t\u00eb drejtat e garantuara n\u00eb Kosov\u00eb.<br \/>\n\u201cKryeministri theksoi se korniza ligjore e Kosov\u00ebs \u00ebsht\u00eb e nd\u00ebrtuar mbi nj\u00eb model fuqizues, q\u00eb mund\u00ebson pjes\u00ebmarrjen aktive t\u00eb komuniteteve, por q\u00eb k\u00ebrkon edhe angazhim dhe pron\u00ebsi lokale p\u00ebr shfryt\u00ebzimin e t\u00eb drejtave t\u00eb garantuara\u201d, thuhet n\u00eb komunikat\u00eb.<br \/>\nGjat\u00eb takimit, u diskutuan zhvillimet pozitive lidhur me zbatimin e Ligjit p\u00ebr t\u00eb Huajt dhe hapat e radh\u00ebs drejt integrimit t\u00eb plot\u00eb t\u00eb sh\u00ebndet\u00ebsis\u00eb dhe arsimit n\u00eb pjes\u00ebn veriore t\u00eb Republik\u00ebs, brenda korniz\u00ebs ligjore t\u00eb Kosov\u00ebs.<br \/>\nN\u00eb fush\u00ebn e t\u00eb drejtave gjuh\u00ebsore dhe t\u00eb komuniteteve, kryeministri Kurti informoi p\u00ebr hapat konkret\u00eb t\u00eb nd\u00ebrmarr\u00eb nga Qeveria, p\u00ebrfshir\u00eb hapjen e pozitave t\u00eb drejtorit t\u00eb Departamentit p\u00ebr \u00c7\u00ebshtje t\u00eb Komuniteteve n\u00eb Zyr\u00ebn e Kryeministrit, si dhe at\u00eb t\u00eb Komisionerit p\u00ebr Gjuh\u00ebt, si dhe angazhimin p\u00ebr rritjen e kapaciteteve p\u00ebr harmonizim gjuh\u00ebsor.<br \/>\nN\u00eb p\u00ebrfundim, kryeministri Kurti theksoi se faza e ardhshme nuk ka t\u00eb b\u00ebj\u00eb me zgjerimin e t\u00eb drejtave, por me thellimin e p\u00ebrdorimit t\u00eb tyre p\u00ebrmes nd\u00ebrtimit t\u00eb besimit, angazhimit t\u00eb komuniteteve dhe qasjes s\u00eb plot\u00eb n\u00eb institucione.<\/p>\n","protected":false},"excerpt":{"rendered":"<p>Prishtin\u00eb, 24 mars 2026 21:45 Kryeministri i Republik\u00ebs s\u00eb Kosov\u00ebs, Albin Kurti, priti sot n\u00eb takim Komisionerin e Lart\u00eb t\u00eb OSCE-s\u00eb p\u00ebr Minoritetet, Christophe Kamp.<\/p>\n","protected":false},"author":2,"featured_media":39603,"comment_status":"open","ping_status":"open","sticky":false,"template":"","format":"standard","meta":{"footnotes":""},"categories":[58],"tags":[],"class_list":["post-39602","post","type-post","status-publish","format-standard","has-post-thumbnail","hentry","category-politike-sq"],"yoast_head":"<!-- This site is optimized with the Yoast SEO plugin v25.3.1 - https:\/\/yoast.com\/wordpress\/plugins\/seo\/ -->\n<title>Kurti priti n\u00eb takim komisionerin Kamp -<\/title>\n<meta name=\"robots\" content=\"index, follow, max-snippet:-1, max-image-preview:large, max-video-preview:-1\" \/>\n<link rel=\"canonical\" href=\"https:\/\/veritasinfo.org\/?p=39602\" \/>\n<meta property=\"og:locale\" content=\"en_US\" \/>\n<meta property=\"og:type\" content=\"article\" \/>\n<meta property=\"og:title\" content=\"Kurti priti n\u00eb takim komisionerin Kamp -\" \/>\n<meta property=\"og:description\" content=\"Prishtin\u00eb, 24 mars 2026 21:45 Kryeministri i Republik\u00ebs s\u00eb Kosov\u00ebs, Albin Kurti, priti sot n\u00eb takim Komisionerin e Lart\u00eb t\u00eb OSCE-s\u00eb p\u00ebr Minoritetet, Christophe Kamp.\" \/>\n<meta property=\"og:url\" content=\"https:\/\/veritasinfo.org\/?p=39602\" \/>\n<meta property=\"article:published_time\" content=\"2026-03-24T20:44:53+00:00\" \/>\n<meta property=\"og:image\" content=\"https:\/\/veritasinfo.org\/wp-content\/uploads\/2026\/03\/Cump.jpg\" \/>\n\t<meta property=\"og:image:width\" content=\"900\" \/>\n\t<meta property=\"og:image:height\" content=\"601\" \/>\n\t<meta property=\"og:image:type\" content=\"image\/jpeg\" \/>\n<meta name=\"author\" content=\"US1\" \/>\n<meta name=\"twitter:card\" content=\"summary_large_image\" \/>\n<meta name=\"twitter:label1\" content=\"Written by\" \/>\n\t<meta name=\"twitter:data1\" content=\"US1\" \/>\n\t<meta name=\"twitter:label2\" content=\"Est. reading time\" \/>\n\t<meta name=\"twitter:data2\" content=\"2 minutes\" \/>\n<script type=\"application\/ld+json\" class=\"yoast-schema-graph\">{\"@context\":\"https:\/\/schema.org\",\"@graph\":[{\"@type\":\"WebPage\",\"@id\":\"https:\/\/veritasinfo.org\/?p=39602\",\"url\":\"https:\/\/veritasinfo.org\/?p=39602\",\"name\":\"Kurti priti n\u00eb takim komisionerin Kamp -\",\"isPartOf\":{\"@id\":\"https:\/\/veritasinfo.org\/#website\"},\"primaryImageOfPage\":{\"@id\":\"https:\/\/veritasinfo.org\/?p=39602#primaryimage\"},\"image\":{\"@id\":\"https:\/\/veritasinfo.org\/?p=39602#primaryimage\"},\"thumbnailUrl\":\"https:\/\/veritasinfo.org\/wp-content\/uploads\/2026\/03\/Cump.jpg\",\"datePublished\":\"2026-03-24T20:44:53+00:00\",\"author\":{\"@id\":\"https:\/\/veritasinfo.org\/#\/schema\/person\/c2b8be262ea994d0995addca692c5e98\"},\"breadcrumb\":{\"@id\":\"https:\/\/veritasinfo.org\/?p=39602#breadcrumb\"},\"inLanguage\":\"en-US\",\"potentialAction\":[{\"@type\":\"ReadAction\",\"target\":[\"https:\/\/veritasinfo.org\/?p=39602\"]}]},{\"@type\":\"ImageObject\",\"inLanguage\":\"en-US\",\"@id\":\"https:\/\/veritasinfo.org\/?p=39602#primaryimage\",\"url\":\"https:\/\/veritasinfo.org\/wp-content\/uploads\/2026\/03\/Cump.jpg\",\"contentUrl\":\"https:\/\/veritasinfo.org\/wp-content\/uploads\/2026\/03\/Cump.jpg\",\"width\":900,\"height\":601},{\"@type\":\"BreadcrumbList\",\"@id\":\"https:\/\/veritasinfo.org\/?p=39602#breadcrumb\",\"itemListElement\":[{\"@type\":\"ListItem\",\"position\":1,\"name\":\"Home\",\"item\":\"https:\/\/veritasinfo.org\/\"},{\"@type\":\"ListItem\",\"position\":2,\"name\":\"Kurti priti n\u00eb takim komisionerin Kamp\"}]},{\"@type\":\"WebSite\",\"@id\":\"https:\/\/veritasinfo.org\/#website\",\"url\":\"https:\/\/veritasinfo.org\/\",\"name\":\"\",\"description\":\"\",\"potentialAction\":[{\"@type\":\"SearchAction\",\"target\":{\"@type\":\"EntryPoint\",\"urlTemplate\":\"https:\/\/veritasinfo.org\/?s={search_term_string}\"},\"query-input\":{\"@type\":\"PropertyValueSpecification\",\"valueRequired\":true,\"valueName\":\"search_term_string\"}}],\"inLanguage\":\"en-US\"},{\"@type\":\"Person\",\"@id\":\"https:\/\/veritasinfo.org\/#\/schema\/person\/c2b8be262ea994d0995addca692c5e98\",\"name\":\"US1\",\"image\":{\"@type\":\"ImageObject\",\"inLanguage\":\"en-US\",\"@id\":\"https:\/\/veritasinfo.org\/#\/schema\/person\/image\/\",\"url\":\"https:\/\/secure.gravatar.com\/avatar\/4e96a59bd256abf9956eb9963ac891a47461ffb364d47b0e9aab113328fdb75b?s=96&d=mm&r=g\",\"contentUrl\":\"https:\/\/secure.gravatar.com\/avatar\/4e96a59bd256abf9956eb9963ac891a47461ffb364d47b0e9aab113328fdb75b?s=96&d=mm&r=g\",\"caption\":\"US1\"},\"url\":\"https:\/\/veritasinfo.org\/?author=2\"}]}<\/script>\n<!-- \/ Yoast SEO plugin. -->","yoast_head_json":{"title":"Kurti priti n\u00eb takim komisionerin Kamp -","robots":{"index":"index","follow":"follow","max-snippet":"max-snippet:-1","max-image-preview":"max-image-preview:large","max-video-preview":"max-video-preview:-1"},"canonical":"https:\/\/veritasinfo.org\/?p=39602","og_locale":"en_US","og_type":"article","og_title":"Kurti priti n\u00eb takim komisionerin Kamp -","og_description":"Prishtin\u00eb, 24 mars 2026 21:45 Kryeministri i Republik\u00ebs s\u00eb Kosov\u00ebs, Albin Kurti, priti sot n\u00eb takim Komisionerin e Lart\u00eb t\u00eb OSCE-s\u00eb p\u00ebr Minoritetet, Christophe Kamp.","og_url":"https:\/\/veritasinfo.org\/?p=39602","article_published_time":"2026-03-24T20:44:53+00:00","og_image":[{"width":900,"height":601,"url":"https:\/\/veritasinfo.org\/wp-content\/uploads\/2026\/03\/Cump.jpg","type":"image\/jpeg"}],"author":"US1","twitter_card":"summary_large_image","twitter_misc":{"Written by":"US1","Est. reading time":"2 minutes"},"schema":{"@context":"https:\/\/schema.org","@graph":[{"@type":"WebPage","@id":"https:\/\/veritasinfo.org\/?p=39602","url":"https:\/\/veritasinfo.org\/?p=39602","name":"Kurti priti n\u00eb takim komisionerin Kamp -","isPartOf":{"@id":"https:\/\/veritasinfo.org\/#website"},"primaryImageOfPage":{"@id":"https:\/\/veritasinfo.org\/?p=39602#primaryimage"},"image":{"@id":"https:\/\/veritasinfo.org\/?p=39602#primaryimage"},"thumbnailUrl":"https:\/\/veritasinfo.org\/wp-content\/uploads\/2026\/03\/Cump.jpg","datePublished":"2026-03-24T20:44:53+00:00","author":{"@id":"https:\/\/veritasinfo.org\/#\/schema\/person\/c2b8be262ea994d0995addca692c5e98"},"breadcrumb":{"@id":"https:\/\/veritasinfo.org\/?p=39602#breadcrumb"},"inLanguage":"en-US","potentialAction":[{"@type":"ReadAction","target":["https:\/\/veritasinfo.org\/?p=39602"]}]},{"@type":"ImageObject","inLanguage":"en-US","@id":"https:\/\/veritasinfo.org\/?p=39602#primaryimage","url":"https:\/\/veritasinfo.org\/wp-content\/uploads\/2026\/03\/Cump.jpg","contentUrl":"https:\/\/veritasinfo.org\/wp-content\/uploads\/2026\/03\/Cump.jpg","width":900,"height":601},{"@type":"BreadcrumbList","@id":"https:\/\/veritasinfo.org\/?p=39602#breadcrumb","itemListElement":[{"@type":"ListItem","position":1,"name":"Home","item":"https:\/\/veritasinfo.org\/"},{"@type":"ListItem","position":2,"name":"Kurti priti n\u00eb takim komisionerin Kamp"}]},{"@type":"WebSite","@id":"https:\/\/veritasinfo.org\/#website","url":"https:\/\/veritasinfo.org\/","name":"","description":"","potentialAction":[{"@type":"SearchAction","target":{"@type":"EntryPoint","urlTemplate":"https:\/\/veritasinfo.org\/?s={search_term_string}"},"query-input":{"@type":"PropertyValueSpecification","valueRequired":true,"valueName":"search_term_string"}}],"inLanguage":"en-US"},{"@type":"Person","@id":"https:\/\/veritasinfo.org\/#\/schema\/person\/c2b8be262ea994d0995addca692c5e98","name":"US1","image":{"@type":"ImageObject","inLanguage":"en-US","@id":"https:\/\/veritasinfo.org\/#\/schema\/person\/image\/","url":"https:\/\/secure.gravatar.com\/avatar\/4e96a59bd256abf9956eb9963ac891a47461ffb364d47b0e9aab113328fdb75b?s=96&d=mm&r=g","contentUrl":"https:\/\/secure.gravatar.com\/avatar\/4e96a59bd256abf9956eb9963ac891a47461ffb364d47b0e9aab113328fdb75b?s=96&d=mm&r=g","caption":"US1"},"url":"https:\/\/veritasinfo.org\/?author=2"}]}},"featured_image_urls":{"full":["https:\/\/veritasinfo.org\/wp-content\/uploads\/2026\/03\/Cump.jpg",900,601,false],"thumbnail":["https:\/\/veritasinfo.org\/wp-content\/uploads\/2026\/03\/Cump-150x150.jpg",150,150,true],"medium":["https:\/\/veritasinfo.org\/wp-content\/uploads\/2026\/03\/Cump-300x200.jpg",300,200,true],"medium_large":["https:\/\/veritasinfo.org\/wp-content\/uploads\/2026\/03\/Cump-768x513.jpg",640,428,true],"large":["https:\/\/veritasinfo.org\/wp-content\/uploads\/2026\/03\/Cump.jpg",640,427,false],"1536x1536":["https:\/\/veritasinfo.org\/wp-content\/uploads\/2026\/03\/Cump.jpg",900,601,false],"2048x2048":["https:\/\/veritasinfo.org\/wp-content\/uploads\/2026\/03\/Cump.jpg",900,601,false],"kreeti-slider-full":["https:\/\/veritasinfo.org\/wp-content\/uploads\/2026\/03\/Cump.jpg",900,601,false],"kreeti-featured":["https:\/\/veritasinfo.org\/wp-content\/uploads\/2026\/03\/Cump.jpg",900,601,false],"kreeti-medium":["https:\/\/veritasinfo.org\/wp-content\/uploads\/2026\/03\/Cump.jpg",720,481,false],"kreeti-medium-square":["https:\/\/veritasinfo.org\/wp-content\/uploads\/2026\/03\/Cump.jpg",350,234,false]},"author_info":{"info":["US1"]},"category_info":"<a href=\"https:\/\/veritasinfo.org\/?cat=58\" rel=\"category\">Politik\u00eb<\/a>","tag_info":"Politik\u00eb","comment_count":"0","_links":{"self":[{"href":"https:\/\/veritasinfo.org\/index.php?rest_route=\/wp\/v2\/posts\/39602","targetHints":{"allow":["GET"]}}],"collection":[{"href":"https:\/\/veritasinfo.org\/index.php?rest_route=\/wp\/v2\/posts"}],"about":[{"href":"https:\/\/veritasinfo.org\/index.php?rest_route=\/wp\/v2\/types\/post"}],"author":[{"embeddable":true,"href":"https:\/\/veritasinfo.org\/index.php?rest_route=\/wp\/v2\/users\/2"}],"replies":[{"embeddable":true,"href":"https:\/\/veritasinfo.org\/index.php?rest_route=%2Fwp%2Fv2%2Fcomments&post=39602"}],"version-history":[{"count":1,"href":"https:\/\/veritasinfo.org\/index.php?rest_route=\/wp\/v2\/posts\/39602\/revisions"}],"predecessor-version":[{"id":39604,"href":"https:\/\/veritasinfo.org\/index.php?rest_route=\/wp\/v2\/posts\/39602\/revisions\/39604"}],"wp:featuredmedia":[{"embeddable":true,"href":"https:\/\/veritasinfo.org\/index.php?rest_route=\/wp\/v2\/media\/39603"}],"wp:attachment":[{"href":"https:\/\/veritasinfo.org\/index.php?rest_route=%2Fwp%2Fv2%2Fmedia&parent=39602"}],"wp:term":[{"taxonomy":"category","embeddable":true,"href":"https:\/\/veritasinfo.org\/index.php?rest_route=%2Fwp%2Fv2%2Fcategories&post=39602"},{"taxonomy":"post_tag","embeddable":true,"href":"https:\/\/veritasinfo.org\/index.php?rest_route=%2Fwp%2Fv2%2Ftags&post=39602"}],"curies":[{"name":"wp","href":"https:\/\/api.w.org\/{rel}","templated":true}]}}