{"id":39584,"date":"2026-03-24T18:54:26","date_gmt":"2026-03-24T17:54:26","guid":{"rendered":"https:\/\/veritasinfo.org\/?p=39584"},"modified":"2026-03-24T18:54:58","modified_gmt":"2026-03-24T17:54:58","slug":"kosova-behet-pjese-e-programit-zyrtar-per-250-vjetorin-e-shba-se","status":"publish","type":"post","link":"https:\/\/veritasinfo.org\/?p=39584","title":{"rendered":"Kosova b\u00ebhet pjes\u00eb e programit zyrtar p\u00ebr 250-vjetorin e SHBA-s\u00eb"},"content":{"rendered":"<p>Prishtin\u00eb, 24 mars 2026 18:53<\/p>\n<p>Kosova \u00ebsht\u00eb p\u00ebrfshir\u00eb n\u00eb m\u00ebnyr\u00eb zyrtare n\u00eb programin e sh\u00ebnimit t\u00eb 250-vjetorit t\u00eb Shteteve t\u00eb Bashkuara t\u00eb Amerik\u00ebs, duke u b\u00ebr\u00eb vendi i par\u00eb jasht\u00eb territorit amerikan q\u00eb merr nj\u00eb rol t\u00eb till\u00eb n\u00eb k\u00ebt\u00eb jubile historik.<\/p>\n<p>Lajmin e ka b\u00ebr\u00eb t\u00eb ditur ish-deputeti i Kuvendit t\u00eb Kosov\u00ebs, Faton Bislimi, i cili e ka cil\u00ebsuar k\u00ebt\u00eb si nj\u00eb moment t\u00eb ve\u00e7ant\u00eb p\u00ebr vendin dhe p\u00ebr raportet me SHBA-t\u00eb. Sipas tij, projekti \u201cAmerica Inspires Freedom \u2013 The Kosovo Story\u201d tashm\u00eb \u00ebsht\u00eb pranuar si pjes\u00eb e programit zyrtar nga Komisioni Shtet\u00ebror amerikan p\u00ebr sh\u00ebnimin e k\u00ebtij p\u00ebrvjetori, pas n\u00ebnshkrimit t\u00eb nj\u00eb memorandumi mir\u00ebkuptimi me iniciativ\u00ebn America250.<\/p>\n<p>Ky zhvillim e vendos Kosov\u00ebn n\u00eb agjend\u00ebn zyrtare t\u00eb aktiviteteve q\u00eb do t\u00eb organizohen n\u00eb kuad\u00ebr t\u00eb jubileut t\u00eb madh amerikan, duke reflektuar lidhjet e ngushta dhe partneritetin nd\u00ebrmjet dy vendeve.<\/p>\n<p>Sipas Bislimit, projekti do t\u00eb p\u00ebrfshij\u00eb nj\u00eb s\u00ebr\u00eb aktivitetesh kulturore, diplomatike dhe edukative, t\u00eb cilat synojn\u00eb t\u00eb promovojn\u00eb historin\u00eb e Kosov\u00ebs, si dhe ndikimin q\u00eb Shtetet e Bashkuara kan\u00eb pasur n\u00eb rrug\u00ebtimin e saj drejt liris\u00eb dhe shtetnd\u00ebrtimit.<\/p>\n<p>Ai ka theksuar se kjo nism\u00eb nuk \u00ebsht\u00eb vet\u00ebm nj\u00eb projekt simbolik, por nj\u00eb d\u00ebshmi konkrete e miq\u00ebsis\u00eb s\u00eb q\u00ebndrueshme Kosov\u00eb\u2013SHBA dhe nj\u00eb mund\u00ebsi p\u00ebr ta prezantuar vendin n\u00eb sken\u00ebn nd\u00ebrkomb\u00ebtare gjat\u00eb nj\u00eb ngjarjeje globale me r\u00ebnd\u00ebsi t\u00eb ve\u00e7ant\u00eb.<\/p>\n","protected":false},"excerpt":{"rendered":"<p>Prishtin\u00eb, 24 mars 2026 18:53 Kosova \u00ebsht\u00eb p\u00ebrfshir\u00eb n\u00eb m\u00ebnyr\u00eb zyrtare n\u00eb programin e sh\u00ebnimit t\u00eb 250-vjetorit t\u00eb Shteteve t\u00eb Bashkuara t\u00eb Amerik\u00ebs, duke u<\/p>\n","protected":false},"author":7,"featured_media":39585,"comment_status":"open","ping_status":"open","sticky":false,"template":"","format":"standard","meta":{"footnotes":""},"categories":[58],"tags":[],"class_list":["post-39584","post","type-post","status-publish","format-standard","has-post-thumbnail","hentry","category-politike-sq"],"yoast_head":"<!-- This site is optimized with the Yoast SEO plugin v25.3.1 - https:\/\/yoast.com\/wordpress\/plugins\/seo\/ -->\n<title>Kosova b\u00ebhet pjes\u00eb e programit zyrtar p\u00ebr 250-vjetorin e SHBA-s\u00eb -<\/title>\n<meta name=\"robots\" content=\"index, follow, max-snippet:-1, max-image-preview:large, max-video-preview:-1\" \/>\n<link rel=\"canonical\" href=\"https:\/\/veritasinfo.org\/?p=39584\" \/>\n<meta property=\"og:locale\" content=\"en_US\" \/>\n<meta property=\"og:type\" content=\"article\" \/>\n<meta property=\"og:title\" content=\"Kosova b\u00ebhet pjes\u00eb e programit zyrtar p\u00ebr 250-vjetorin e SHBA-s\u00eb -\" \/>\n<meta property=\"og:description\" content=\"Prishtin\u00eb, 24 mars 2026 18:53 Kosova \u00ebsht\u00eb p\u00ebrfshir\u00eb n\u00eb m\u00ebnyr\u00eb zyrtare n\u00eb programin e sh\u00ebnimit t\u00eb 250-vjetorit t\u00eb Shteteve t\u00eb Bashkuara t\u00eb Amerik\u00ebs, duke u\" \/>\n<meta property=\"og:url\" content=\"https:\/\/veritasinfo.org\/?p=39584\" \/>\n<meta property=\"article:published_time\" content=\"2026-03-24T17:54:26+00:00\" \/>\n<meta property=\"article:modified_time\" content=\"2026-03-24T17:54:58+00:00\" \/>\n<meta property=\"og:image\" content=\"https:\/\/veritasinfo.org\/wp-content\/uploads\/2026\/03\/images-1-9.jpeg\" \/>\n\t<meta property=\"og:image:width\" content=\"701\" \/>\n\t<meta property=\"og:image:height\" content=\"438\" \/>\n\t<meta property=\"og:image:type\" content=\"image\/jpeg\" \/>\n<meta name=\"author\" content=\"US6\" \/>\n<meta name=\"twitter:card\" content=\"summary_large_image\" \/>\n<meta name=\"twitter:label1\" content=\"Written by\" \/>\n\t<meta name=\"twitter:data1\" content=\"US6\" \/>\n\t<meta name=\"twitter:label2\" content=\"Est. reading time\" \/>\n\t<meta name=\"twitter:data2\" content=\"2 minutes\" \/>\n<script type=\"application\/ld+json\" class=\"yoast-schema-graph\">{\"@context\":\"https:\/\/schema.org\",\"@graph\":[{\"@type\":\"WebPage\",\"@id\":\"https:\/\/veritasinfo.org\/?p=39584\",\"url\":\"https:\/\/veritasinfo.org\/?p=39584\",\"name\":\"Kosova b\u00ebhet pjes\u00eb e programit zyrtar p\u00ebr 250-vjetorin e SHBA-s\u00eb -\",\"isPartOf\":{\"@id\":\"https:\/\/veritasinfo.org\/#website\"},\"primaryImageOfPage\":{\"@id\":\"https:\/\/veritasinfo.org\/?p=39584#primaryimage\"},\"image\":{\"@id\":\"https:\/\/veritasinfo.org\/?p=39584#primaryimage\"},\"thumbnailUrl\":\"https:\/\/veritasinfo.org\/wp-content\/uploads\/2026\/03\/images-1-9.jpeg\",\"datePublished\":\"2026-03-24T17:54:26+00:00\",\"dateModified\":\"2026-03-24T17:54:58+00:00\",\"author\":{\"@id\":\"https:\/\/veritasinfo.org\/#\/schema\/person\/fe199eede04c3937362892b7444747cc\"},\"breadcrumb\":{\"@id\":\"https:\/\/veritasinfo.org\/?p=39584#breadcrumb\"},\"inLanguage\":\"en-US\",\"potentialAction\":[{\"@type\":\"ReadAction\",\"target\":[\"https:\/\/veritasinfo.org\/?p=39584\"]}]},{\"@type\":\"ImageObject\",\"inLanguage\":\"en-US\",\"@id\":\"https:\/\/veritasinfo.org\/?p=39584#primaryimage\",\"url\":\"https:\/\/veritasinfo.org\/wp-content\/uploads\/2026\/03\/images-1-9.jpeg\",\"contentUrl\":\"https:\/\/veritasinfo.org\/wp-content\/uploads\/2026\/03\/images-1-9.jpeg\",\"width\":701,\"height\":438},{\"@type\":\"BreadcrumbList\",\"@id\":\"https:\/\/veritasinfo.org\/?p=39584#breadcrumb\",\"itemListElement\":[{\"@type\":\"ListItem\",\"position\":1,\"name\":\"Home\",\"item\":\"https:\/\/veritasinfo.org\/\"},{\"@type\":\"ListItem\",\"position\":2,\"name\":\"Kosova b\u00ebhet pjes\u00eb e programit zyrtar p\u00ebr 250-vjetorin e SHBA-s\u00eb\"}]},{\"@type\":\"WebSite\",\"@id\":\"https:\/\/veritasinfo.org\/#website\",\"url\":\"https:\/\/veritasinfo.org\/\",\"name\":\"\",\"description\":\"\",\"potentialAction\":[{\"@type\":\"SearchAction\",\"target\":{\"@type\":\"EntryPoint\",\"urlTemplate\":\"https:\/\/veritasinfo.org\/?s={search_term_string}\"},\"query-input\":{\"@type\":\"PropertyValueSpecification\",\"valueRequired\":true,\"valueName\":\"search_term_string\"}}],\"inLanguage\":\"en-US\"},{\"@type\":\"Person\",\"@id\":\"https:\/\/veritasinfo.org\/#\/schema\/person\/fe199eede04c3937362892b7444747cc\",\"name\":\"US6\",\"image\":{\"@type\":\"ImageObject\",\"inLanguage\":\"en-US\",\"@id\":\"https:\/\/veritasinfo.org\/#\/schema\/person\/image\/\",\"url\":\"https:\/\/secure.gravatar.com\/avatar\/cb16c3c31c9d23b9b8c705964598220b3014e42ff51eb540ff23cefa3ae8c15f?s=96&d=mm&r=g\",\"contentUrl\":\"https:\/\/secure.gravatar.com\/avatar\/cb16c3c31c9d23b9b8c705964598220b3014e42ff51eb540ff23cefa3ae8c15f?s=96&d=mm&r=g\",\"caption\":\"US6\"},\"url\":\"https:\/\/veritasinfo.org\/?author=7\"}]}<\/script>\n<!-- \/ Yoast SEO plugin. -->","yoast_head_json":{"title":"Kosova b\u00ebhet pjes\u00eb e programit zyrtar p\u00ebr 250-vjetorin e SHBA-s\u00eb -","robots":{"index":"index","follow":"follow","max-snippet":"max-snippet:-1","max-image-preview":"max-image-preview:large","max-video-preview":"max-video-preview:-1"},"canonical":"https:\/\/veritasinfo.org\/?p=39584","og_locale":"en_US","og_type":"article","og_title":"Kosova b\u00ebhet pjes\u00eb e programit zyrtar p\u00ebr 250-vjetorin e SHBA-s\u00eb -","og_description":"Prishtin\u00eb, 24 mars 2026 18:53 Kosova \u00ebsht\u00eb p\u00ebrfshir\u00eb n\u00eb m\u00ebnyr\u00eb zyrtare n\u00eb programin e sh\u00ebnimit t\u00eb 250-vjetorit t\u00eb Shteteve t\u00eb Bashkuara t\u00eb Amerik\u00ebs, duke u","og_url":"https:\/\/veritasinfo.org\/?p=39584","article_published_time":"2026-03-24T17:54:26+00:00","article_modified_time":"2026-03-24T17:54:58+00:00","og_image":[{"width":701,"height":438,"url":"https:\/\/veritasinfo.org\/wp-content\/uploads\/2026\/03\/images-1-9.jpeg","type":"image\/jpeg"}],"author":"US6","twitter_card":"summary_large_image","twitter_misc":{"Written by":"US6","Est. reading time":"2 minutes"},"schema":{"@context":"https:\/\/schema.org","@graph":[{"@type":"WebPage","@id":"https:\/\/veritasinfo.org\/?p=39584","url":"https:\/\/veritasinfo.org\/?p=39584","name":"Kosova b\u00ebhet pjes\u00eb e programit zyrtar p\u00ebr 250-vjetorin e SHBA-s\u00eb -","isPartOf":{"@id":"https:\/\/veritasinfo.org\/#website"},"primaryImageOfPage":{"@id":"https:\/\/veritasinfo.org\/?p=39584#primaryimage"},"image":{"@id":"https:\/\/veritasinfo.org\/?p=39584#primaryimage"},"thumbnailUrl":"https:\/\/veritasinfo.org\/wp-content\/uploads\/2026\/03\/images-1-9.jpeg","datePublished":"2026-03-24T17:54:26+00:00","dateModified":"2026-03-24T17:54:58+00:00","author":{"@id":"https:\/\/veritasinfo.org\/#\/schema\/person\/fe199eede04c3937362892b7444747cc"},"breadcrumb":{"@id":"https:\/\/veritasinfo.org\/?p=39584#breadcrumb"},"inLanguage":"en-US","potentialAction":[{"@type":"ReadAction","target":["https:\/\/veritasinfo.org\/?p=39584"]}]},{"@type":"ImageObject","inLanguage":"en-US","@id":"https:\/\/veritasinfo.org\/?p=39584#primaryimage","url":"https:\/\/veritasinfo.org\/wp-content\/uploads\/2026\/03\/images-1-9.jpeg","contentUrl":"https:\/\/veritasinfo.org\/wp-content\/uploads\/2026\/03\/images-1-9.jpeg","width":701,"height":438},{"@type":"BreadcrumbList","@id":"https:\/\/veritasinfo.org\/?p=39584#breadcrumb","itemListElement":[{"@type":"ListItem","position":1,"name":"Home","item":"https:\/\/veritasinfo.org\/"},{"@type":"ListItem","position":2,"name":"Kosova b\u00ebhet pjes\u00eb e programit zyrtar p\u00ebr 250-vjetorin e SHBA-s\u00eb"}]},{"@type":"WebSite","@id":"https:\/\/veritasinfo.org\/#website","url":"https:\/\/veritasinfo.org\/","name":"","description":"","potentialAction":[{"@type":"SearchAction","target":{"@type":"EntryPoint","urlTemplate":"https:\/\/veritasinfo.org\/?s={search_term_string}"},"query-input":{"@type":"PropertyValueSpecification","valueRequired":true,"valueName":"search_term_string"}}],"inLanguage":"en-US"},{"@type":"Person","@id":"https:\/\/veritasinfo.org\/#\/schema\/person\/fe199eede04c3937362892b7444747cc","name":"US6","image":{"@type":"ImageObject","inLanguage":"en-US","@id":"https:\/\/veritasinfo.org\/#\/schema\/person\/image\/","url":"https:\/\/secure.gravatar.com\/avatar\/cb16c3c31c9d23b9b8c705964598220b3014e42ff51eb540ff23cefa3ae8c15f?s=96&d=mm&r=g","contentUrl":"https:\/\/secure.gravatar.com\/avatar\/cb16c3c31c9d23b9b8c705964598220b3014e42ff51eb540ff23cefa3ae8c15f?s=96&d=mm&r=g","caption":"US6"},"url":"https:\/\/veritasinfo.org\/?author=7"}]}},"featured_image_urls":{"full":["https:\/\/veritasinfo.org\/wp-content\/uploads\/2026\/03\/images-1-9.jpeg",701,438,false],"thumbnail":["https:\/\/veritasinfo.org\/wp-content\/uploads\/2026\/03\/images-1-9-150x150.jpeg",150,150,true],"medium":["https:\/\/veritasinfo.org\/wp-content\/uploads\/2026\/03\/images-1-9-300x187.jpeg",300,187,true],"medium_large":["https:\/\/veritasinfo.org\/wp-content\/uploads\/2026\/03\/images-1-9.jpeg",640,400,false],"large":["https:\/\/veritasinfo.org\/wp-content\/uploads\/2026\/03\/images-1-9.jpeg",640,400,false],"1536x1536":["https:\/\/veritasinfo.org\/wp-content\/uploads\/2026\/03\/images-1-9.jpeg",701,438,false],"2048x2048":["https:\/\/veritasinfo.org\/wp-content\/uploads\/2026\/03\/images-1-9.jpeg",701,438,false],"kreeti-slider-full":["https:\/\/veritasinfo.org\/wp-content\/uploads\/2026\/03\/images-1-9.jpeg",701,438,false],"kreeti-featured":["https:\/\/veritasinfo.org\/wp-content\/uploads\/2026\/03\/images-1-9.jpeg",701,438,false],"kreeti-medium":["https:\/\/veritasinfo.org\/wp-content\/uploads\/2026\/03\/images-1-9.jpeg",701,438,false],"kreeti-medium-square":["https:\/\/veritasinfo.org\/wp-content\/uploads\/2026\/03\/images-1-9.jpeg",350,219,false]},"author_info":{"info":["US6"]},"category_info":"<a href=\"https:\/\/veritasinfo.org\/?cat=58\" rel=\"category\">Politik\u00eb<\/a>","tag_info":"Politik\u00eb","comment_count":"0","_links":{"self":[{"href":"https:\/\/veritasinfo.org\/index.php?rest_route=\/wp\/v2\/posts\/39584","targetHints":{"allow":["GET"]}}],"collection":[{"href":"https:\/\/veritasinfo.org\/index.php?rest_route=\/wp\/v2\/posts"}],"about":[{"href":"https:\/\/veritasinfo.org\/index.php?rest_route=\/wp\/v2\/types\/post"}],"author":[{"embeddable":true,"href":"https:\/\/veritasinfo.org\/index.php?rest_route=\/wp\/v2\/users\/7"}],"replies":[{"embeddable":true,"href":"https:\/\/veritasinfo.org\/index.php?rest_route=%2Fwp%2Fv2%2Fcomments&post=39584"}],"version-history":[{"count":1,"href":"https:\/\/veritasinfo.org\/index.php?rest_route=\/wp\/v2\/posts\/39584\/revisions"}],"predecessor-version":[{"id":39586,"href":"https:\/\/veritasinfo.org\/index.php?rest_route=\/wp\/v2\/posts\/39584\/revisions\/39586"}],"wp:featuredmedia":[{"embeddable":true,"href":"https:\/\/veritasinfo.org\/index.php?rest_route=\/wp\/v2\/media\/39585"}],"wp:attachment":[{"href":"https:\/\/veritasinfo.org\/index.php?rest_route=%2Fwp%2Fv2%2Fmedia&parent=39584"}],"wp:term":[{"taxonomy":"category","embeddable":true,"href":"https:\/\/veritasinfo.org\/index.php?rest_route=%2Fwp%2Fv2%2Fcategories&post=39584"},{"taxonomy":"post_tag","embeddable":true,"href":"https:\/\/veritasinfo.org\/index.php?rest_route=%2Fwp%2Fv2%2Ftags&post=39584"}],"curies":[{"name":"wp","href":"https:\/\/api.w.org\/{rel}","templated":true}]}}