{"id":39579,"date":"2026-03-24T18:43:40","date_gmt":"2026-03-24T17:43:40","guid":{"rendered":"https:\/\/veritasinfo.org\/?p=39579"},"modified":"2026-03-24T18:43:40","modified_gmt":"2026-03-24T17:43:40","slug":"komiteti-irlandez-per-ceshtjet-e-be-se-diskuton-zgjerimin-flasin-ambasadoret-e-kosoves-e-te-ukraines","status":"publish","type":"post","link":"https:\/\/veritasinfo.org\/?p=39579","title":{"rendered":"Komiteti irlandez p\u00ebr \u00c7\u00ebshtjet e BE-s\u00eb diskuton zgjerimin, flasin ambasador\u00ebt e Kosov\u00ebs e t\u00eb Ukrain\u00ebs"},"content":{"rendered":"<p>Prishtin\u00eb, 24 mars 2026 18:43<\/p>\n<p>Komiteti i P\u00ebrbashk\u00ebt p\u00ebr \u00c7\u00ebshtjet e Bashkimit Evropian i Kuvendit t\u00eb Irland\u00ebs do t\u00eb mblidhet t\u00eb m\u00ebrkur\u00ebn, m\u00eb 25 mars, p\u00ebr t\u00eb zhvilluar nj\u00eb diskutim me ambasador\u00ebt e Kosov\u00ebs dhe t\u00eb Ukrain\u00ebs n\u00eb Irland\u00eb, n\u00eb kuad\u00ebr t\u00eb shqyrtimit t\u00eb vazhduesh\u00ebm t\u00eb procesit t\u00eb zgjerimit t\u00eb Bashkimit Evropian.Takimi, sipas njoftimit, do t\u00eb mbahet n\u00eb sall\u00ebn e komisioneve n\u00eb Parlamentin e Irland\u00ebs.<\/p>\n<p>Sipas njoftimit, n\u00eb k\u00ebt\u00eb mbledhje pritet t\u00eb marrin pjes\u00eb Shk\u00eblqesia e Tij, Ilir Kapiti, Ambasador i Republik\u00ebs s\u00eb Kosov\u00ebs n\u00eb Mbret\u00ebrin\u00eb e Bashkuar t\u00eb Britanis\u00eb s\u00eb Madhe, q\u00eb p\u00ebrfshin edhe Irland\u00ebn, dhe Larysa Gerasko, Ambasadore e Ukrain\u00ebs n\u00eb Irland\u00eb.Kryetari i Komitetit, deputeti Barry Ward, duke folur para takimit, theksoi r\u00ebnd\u00ebsin\u00eb e d\u00ebgjimit t\u00eb drejtp\u00ebrdrejt\u00eb nga p\u00ebrfaq\u00ebsuesit diplomatik\u00eb t\u00eb dy vendeve.<\/p>\n<p>\u201cNe e mir\u00ebpresim mund\u00ebsin\u00eb p\u00ebr t\u00eb d\u00ebgjuar nga ambasador\u00ebt e Ukrain\u00ebs dhe Kosov\u00ebs, t\u00eb cil\u00ebt secili do t\u00eb ofroj\u00eb nj\u00eb p\u00ebrdit\u00ebsim mbi progresin e vendeve t\u00eb tyre drejt an\u00ebtar\u00ebsimit n\u00eb Bashkimin Evropian, p\u00ebrpjekjet e vazhdueshme p\u00ebr reforma, si dhe kontekstin m\u00eb t\u00eb gjer\u00eb gjeopolitik q\u00eb po ndikon n\u00eb politik\u00ebn e zgjerimit\u201d, deklaroi Ward.Ai vuri theksin edhe te p\u00ebrvoja e Irland\u00ebs, duke e lidhur at\u00eb me r\u00ebnd\u00ebsin\u00eb e integrimit evropian p\u00ebr vendet aspiruese si Kosova.<\/p>\n<p>\u201cP\u00ebrvoja e vet\u00eb Irland\u00ebs tregon se si integrimi evropian mund t\u00eb sjell\u00eb paqe, t\u00eb transformoj\u00eb ekonomit\u00eb, t\u00eb forcoj\u00eb institucionet demokratike dhe t\u00eb siguroj\u00eb stabilitet dhe prosperitet afatgjat\u00eb. Zgjerimi \u00ebsht\u00eb pa dyshim i mir\u00eb p\u00ebr Evrop\u00ebn n\u00eb t\u00ebr\u00ebsi, p\u00ebr shtetet an\u00ebtare individuale dhe p\u00ebr vendet q\u00eb synojn\u00eb an\u00ebtar\u00ebsimin\u201d, u shpreh ai.Ward theksoi se zgjerimi i BE-s\u00eb mbetet nj\u00eb nga instrumentet m\u00eb t\u00eb r\u00ebnd\u00ebsishme strategjike t\u00eb Unionit, sidomos n\u00eb koh\u00eb pasigurie gjeopolitike.<\/p>\n<p>\u201cN\u00eb nj\u00eb koh\u00eb t\u00eb pasigurive t\u00eb m\u00ebdha gjeopolitike, \u00ebsht\u00eb thelb\u00ebsore q\u00eb Irlanda dhe Bashkimi Evropian n\u00eb t\u00ebr\u00ebsi t\u00eb q\u00ebndrojn\u00eb pran\u00eb vendeve kandidate dhe aplikuese, duke mb\u00ebshtetur p\u00ebrpjekjet e tyre p\u00ebr reforma dhe progresin drejt an\u00ebtar\u00ebsimit\u201d, tha ai.Sipas tij, ambasador\u00ebt pritet t\u00eb raportojn\u00eb mbi p\u00ebrparimin n\u00eb fusha ky\u00e7e si sundimi i ligjit, administrata publike dhe qeverisja ekonomike, si dhe p\u00ebrafrimi i vendeve t\u00eb tyre me standardet dhe politikat e Bashkimit Evropian.<\/p>\n<p>Ai shtoi se, pavar\u00ebsisht luft\u00ebs, Ukraina ka vazhduar me reformat e nevojshme p\u00ebr an\u00ebtar\u00ebsim dhe me harmonizimin e legjislacionit me acquis communautaire t\u00eb BE-s\u00eb.N\u00eb fund, Ward theksoi rolin q\u00eb Irlanda mund t\u00eb luaj\u00eb n\u00eb k\u00ebt\u00eb proces, ve\u00e7an\u00ebrisht n\u00eb prag t\u00eb Presidenc\u00ebs s\u00eb ardhshme t\u00eb BE-s\u00eb.<\/p>\n<p>\u201cNe presim me interes t\u00eb diskutojm\u00eb rolin q\u00eb Irlanda mund t\u00eb luaj\u00eb, ve\u00e7an\u00ebrisht para Presidenc\u00ebs s\u00eb saj t\u00eb ardhshme n\u00eb BE, n\u00eb promovimin e nj\u00eb procesi t\u00eb besuesh\u00ebm dhe t\u00eb bazuar n\u00eb merit\u00eb p\u00ebr zgjerimin\u201d, p\u00ebrfundoi kryetari i Komitetit t\u00eb P\u00ebrbashk\u00ebt p\u00ebr \u00c7\u00ebshtjet e Bashkimit Evropian, deputeti Barry Ward<\/p>\n","protected":false},"excerpt":{"rendered":"<p>Prishtin\u00eb, 24 mars 2026 18:43 Komiteti i P\u00ebrbashk\u00ebt p\u00ebr \u00c7\u00ebshtjet e Bashkimit Evropian i Kuvendit t\u00eb Irland\u00ebs do t\u00eb mblidhet t\u00eb m\u00ebrkur\u00ebn, m\u00eb 25 mars,<\/p>\n","protected":false},"author":7,"featured_media":39580,"comment_status":"open","ping_status":"open","sticky":false,"template":"","format":"standard","meta":{"footnotes":""},"categories":[58],"tags":[],"class_list":["post-39579","post","type-post","status-publish","format-standard","has-post-thumbnail","hentry","category-politike-sq"],"yoast_head":"<!-- This site is optimized with the Yoast SEO plugin v25.3.1 - https:\/\/yoast.com\/wordpress\/plugins\/seo\/ -->\n<title>Komiteti irlandez p\u00ebr \u00c7\u00ebshtjet e BE-s\u00eb diskuton zgjerimin, flasin ambasador\u00ebt e Kosov\u00ebs e t\u00eb Ukrain\u00ebs -<\/title>\n<meta name=\"robots\" content=\"index, follow, max-snippet:-1, max-image-preview:large, max-video-preview:-1\" \/>\n<link rel=\"canonical\" href=\"https:\/\/veritasinfo.org\/?p=39579\" \/>\n<meta property=\"og:locale\" content=\"en_US\" \/>\n<meta property=\"og:type\" content=\"article\" \/>\n<meta property=\"og:title\" content=\"Komiteti irlandez p\u00ebr \u00c7\u00ebshtjet e BE-s\u00eb diskuton zgjerimin, flasin ambasador\u00ebt e Kosov\u00ebs e t\u00eb Ukrain\u00ebs -\" \/>\n<meta property=\"og:description\" content=\"Prishtin\u00eb, 24 mars 2026 18:43 Komiteti i P\u00ebrbashk\u00ebt p\u00ebr \u00c7\u00ebshtjet e Bashkimit Evropian i Kuvendit t\u00eb Irland\u00ebs do t\u00eb mblidhet t\u00eb m\u00ebrkur\u00ebn, m\u00eb 25 mars,\" \/>\n<meta property=\"og:url\" content=\"https:\/\/veritasinfo.org\/?p=39579\" \/>\n<meta property=\"article:published_time\" content=\"2026-03-24T17:43:40+00:00\" \/>\n<meta property=\"og:image\" content=\"https:\/\/veritasinfo.org\/wp-content\/uploads\/2026\/03\/ilir-kapiti.jpg\" \/>\n\t<meta property=\"og:image:width\" content=\"1245\" \/>\n\t<meta property=\"og:image:height\" content=\"700\" \/>\n\t<meta property=\"og:image:type\" content=\"image\/jpeg\" \/>\n<meta name=\"author\" content=\"US6\" \/>\n<meta name=\"twitter:card\" content=\"summary_large_image\" \/>\n<meta name=\"twitter:label1\" content=\"Written by\" \/>\n\t<meta name=\"twitter:data1\" content=\"US6\" \/>\n\t<meta name=\"twitter:label2\" content=\"Est. reading time\" \/>\n\t<meta name=\"twitter:data2\" content=\"3 minutes\" \/>\n<script type=\"application\/ld+json\" class=\"yoast-schema-graph\">{\"@context\":\"https:\/\/schema.org\",\"@graph\":[{\"@type\":\"WebPage\",\"@id\":\"https:\/\/veritasinfo.org\/?p=39579\",\"url\":\"https:\/\/veritasinfo.org\/?p=39579\",\"name\":\"Komiteti irlandez p\u00ebr \u00c7\u00ebshtjet e BE-s\u00eb diskuton zgjerimin, flasin ambasador\u00ebt e Kosov\u00ebs e t\u00eb Ukrain\u00ebs -\",\"isPartOf\":{\"@id\":\"https:\/\/veritasinfo.org\/#website\"},\"primaryImageOfPage\":{\"@id\":\"https:\/\/veritasinfo.org\/?p=39579#primaryimage\"},\"image\":{\"@id\":\"https:\/\/veritasinfo.org\/?p=39579#primaryimage\"},\"thumbnailUrl\":\"https:\/\/veritasinfo.org\/wp-content\/uploads\/2026\/03\/ilir-kapiti.jpg\",\"datePublished\":\"2026-03-24T17:43:40+00:00\",\"author\":{\"@id\":\"https:\/\/veritasinfo.org\/#\/schema\/person\/fe199eede04c3937362892b7444747cc\"},\"breadcrumb\":{\"@id\":\"https:\/\/veritasinfo.org\/?p=39579#breadcrumb\"},\"inLanguage\":\"en-US\",\"potentialAction\":[{\"@type\":\"ReadAction\",\"target\":[\"https:\/\/veritasinfo.org\/?p=39579\"]}]},{\"@type\":\"ImageObject\",\"inLanguage\":\"en-US\",\"@id\":\"https:\/\/veritasinfo.org\/?p=39579#primaryimage\",\"url\":\"https:\/\/veritasinfo.org\/wp-content\/uploads\/2026\/03\/ilir-kapiti.jpg\",\"contentUrl\":\"https:\/\/veritasinfo.org\/wp-content\/uploads\/2026\/03\/ilir-kapiti.jpg\",\"width\":1245,\"height\":700},{\"@type\":\"BreadcrumbList\",\"@id\":\"https:\/\/veritasinfo.org\/?p=39579#breadcrumb\",\"itemListElement\":[{\"@type\":\"ListItem\",\"position\":1,\"name\":\"Home\",\"item\":\"https:\/\/veritasinfo.org\/\"},{\"@type\":\"ListItem\",\"position\":2,\"name\":\"Komiteti irlandez p\u00ebr \u00c7\u00ebshtjet e BE-s\u00eb diskuton zgjerimin, flasin ambasador\u00ebt e Kosov\u00ebs e t\u00eb Ukrain\u00ebs\"}]},{\"@type\":\"WebSite\",\"@id\":\"https:\/\/veritasinfo.org\/#website\",\"url\":\"https:\/\/veritasinfo.org\/\",\"name\":\"\",\"description\":\"\",\"potentialAction\":[{\"@type\":\"SearchAction\",\"target\":{\"@type\":\"EntryPoint\",\"urlTemplate\":\"https:\/\/veritasinfo.org\/?s={search_term_string}\"},\"query-input\":{\"@type\":\"PropertyValueSpecification\",\"valueRequired\":true,\"valueName\":\"search_term_string\"}}],\"inLanguage\":\"en-US\"},{\"@type\":\"Person\",\"@id\":\"https:\/\/veritasinfo.org\/#\/schema\/person\/fe199eede04c3937362892b7444747cc\",\"name\":\"US6\",\"image\":{\"@type\":\"ImageObject\",\"inLanguage\":\"en-US\",\"@id\":\"https:\/\/veritasinfo.org\/#\/schema\/person\/image\/\",\"url\":\"https:\/\/secure.gravatar.com\/avatar\/cb16c3c31c9d23b9b8c705964598220b3014e42ff51eb540ff23cefa3ae8c15f?s=96&d=mm&r=g\",\"contentUrl\":\"https:\/\/secure.gravatar.com\/avatar\/cb16c3c31c9d23b9b8c705964598220b3014e42ff51eb540ff23cefa3ae8c15f?s=96&d=mm&r=g\",\"caption\":\"US6\"},\"url\":\"https:\/\/veritasinfo.org\/?author=7\"}]}<\/script>\n<!-- \/ Yoast SEO plugin. -->","yoast_head_json":{"title":"Komiteti irlandez p\u00ebr \u00c7\u00ebshtjet e BE-s\u00eb diskuton zgjerimin, flasin ambasador\u00ebt e Kosov\u00ebs e t\u00eb Ukrain\u00ebs -","robots":{"index":"index","follow":"follow","max-snippet":"max-snippet:-1","max-image-preview":"max-image-preview:large","max-video-preview":"max-video-preview:-1"},"canonical":"https:\/\/veritasinfo.org\/?p=39579","og_locale":"en_US","og_type":"article","og_title":"Komiteti irlandez p\u00ebr \u00c7\u00ebshtjet e BE-s\u00eb diskuton zgjerimin, flasin ambasador\u00ebt e Kosov\u00ebs e t\u00eb Ukrain\u00ebs -","og_description":"Prishtin\u00eb, 24 mars 2026 18:43 Komiteti i P\u00ebrbashk\u00ebt p\u00ebr \u00c7\u00ebshtjet e Bashkimit Evropian i Kuvendit t\u00eb Irland\u00ebs do t\u00eb mblidhet t\u00eb m\u00ebrkur\u00ebn, m\u00eb 25 mars,","og_url":"https:\/\/veritasinfo.org\/?p=39579","article_published_time":"2026-03-24T17:43:40+00:00","og_image":[{"width":1245,"height":700,"url":"https:\/\/veritasinfo.org\/wp-content\/uploads\/2026\/03\/ilir-kapiti.jpg","type":"image\/jpeg"}],"author":"US6","twitter_card":"summary_large_image","twitter_misc":{"Written by":"US6","Est. reading time":"3 minutes"},"schema":{"@context":"https:\/\/schema.org","@graph":[{"@type":"WebPage","@id":"https:\/\/veritasinfo.org\/?p=39579","url":"https:\/\/veritasinfo.org\/?p=39579","name":"Komiteti irlandez p\u00ebr \u00c7\u00ebshtjet e BE-s\u00eb diskuton zgjerimin, flasin ambasador\u00ebt e Kosov\u00ebs e t\u00eb Ukrain\u00ebs -","isPartOf":{"@id":"https:\/\/veritasinfo.org\/#website"},"primaryImageOfPage":{"@id":"https:\/\/veritasinfo.org\/?p=39579#primaryimage"},"image":{"@id":"https:\/\/veritasinfo.org\/?p=39579#primaryimage"},"thumbnailUrl":"https:\/\/veritasinfo.org\/wp-content\/uploads\/2026\/03\/ilir-kapiti.jpg","datePublished":"2026-03-24T17:43:40+00:00","author":{"@id":"https:\/\/veritasinfo.org\/#\/schema\/person\/fe199eede04c3937362892b7444747cc"},"breadcrumb":{"@id":"https:\/\/veritasinfo.org\/?p=39579#breadcrumb"},"inLanguage":"en-US","potentialAction":[{"@type":"ReadAction","target":["https:\/\/veritasinfo.org\/?p=39579"]}]},{"@type":"ImageObject","inLanguage":"en-US","@id":"https:\/\/veritasinfo.org\/?p=39579#primaryimage","url":"https:\/\/veritasinfo.org\/wp-content\/uploads\/2026\/03\/ilir-kapiti.jpg","contentUrl":"https:\/\/veritasinfo.org\/wp-content\/uploads\/2026\/03\/ilir-kapiti.jpg","width":1245,"height":700},{"@type":"BreadcrumbList","@id":"https:\/\/veritasinfo.org\/?p=39579#breadcrumb","itemListElement":[{"@type":"ListItem","position":1,"name":"Home","item":"https:\/\/veritasinfo.org\/"},{"@type":"ListItem","position":2,"name":"Komiteti irlandez p\u00ebr \u00c7\u00ebshtjet e BE-s\u00eb diskuton zgjerimin, flasin ambasador\u00ebt e Kosov\u00ebs e t\u00eb Ukrain\u00ebs"}]},{"@type":"WebSite","@id":"https:\/\/veritasinfo.org\/#website","url":"https:\/\/veritasinfo.org\/","name":"","description":"","potentialAction":[{"@type":"SearchAction","target":{"@type":"EntryPoint","urlTemplate":"https:\/\/veritasinfo.org\/?s={search_term_string}"},"query-input":{"@type":"PropertyValueSpecification","valueRequired":true,"valueName":"search_term_string"}}],"inLanguage":"en-US"},{"@type":"Person","@id":"https:\/\/veritasinfo.org\/#\/schema\/person\/fe199eede04c3937362892b7444747cc","name":"US6","image":{"@type":"ImageObject","inLanguage":"en-US","@id":"https:\/\/veritasinfo.org\/#\/schema\/person\/image\/","url":"https:\/\/secure.gravatar.com\/avatar\/cb16c3c31c9d23b9b8c705964598220b3014e42ff51eb540ff23cefa3ae8c15f?s=96&d=mm&r=g","contentUrl":"https:\/\/secure.gravatar.com\/avatar\/cb16c3c31c9d23b9b8c705964598220b3014e42ff51eb540ff23cefa3ae8c15f?s=96&d=mm&r=g","caption":"US6"},"url":"https:\/\/veritasinfo.org\/?author=7"}]}},"featured_image_urls":{"full":["https:\/\/veritasinfo.org\/wp-content\/uploads\/2026\/03\/ilir-kapiti.jpg",1245,700,false],"thumbnail":["https:\/\/veritasinfo.org\/wp-content\/uploads\/2026\/03\/ilir-kapiti-150x150.jpg",150,150,true],"medium":["https:\/\/veritasinfo.org\/wp-content\/uploads\/2026\/03\/ilir-kapiti-300x169.jpg",300,169,true],"medium_large":["https:\/\/veritasinfo.org\/wp-content\/uploads\/2026\/03\/ilir-kapiti-768x432.jpg",640,360,true],"large":["https:\/\/veritasinfo.org\/wp-content\/uploads\/2026\/03\/ilir-kapiti-1024x576.jpg",640,360,true],"1536x1536":["https:\/\/veritasinfo.org\/wp-content\/uploads\/2026\/03\/ilir-kapiti.jpg",1245,700,false],"2048x2048":["https:\/\/veritasinfo.org\/wp-content\/uploads\/2026\/03\/ilir-kapiti.jpg",1245,700,false],"kreeti-slider-full":["https:\/\/veritasinfo.org\/wp-content\/uploads\/2026\/03\/ilir-kapiti.jpg",1245,700,false],"kreeti-featured":["https:\/\/veritasinfo.org\/wp-content\/uploads\/2026\/03\/ilir-kapiti.jpg",1024,576,false],"kreeti-medium":["https:\/\/veritasinfo.org\/wp-content\/uploads\/2026\/03\/ilir-kapiti.jpg",720,405,false],"kreeti-medium-square":["https:\/\/veritasinfo.org\/wp-content\/uploads\/2026\/03\/ilir-kapiti.jpg",350,197,false]},"author_info":{"info":["US6"]},"category_info":"<a href=\"https:\/\/veritasinfo.org\/?cat=58\" rel=\"category\">Politik\u00eb<\/a>","tag_info":"Politik\u00eb","comment_count":"0","_links":{"self":[{"href":"https:\/\/veritasinfo.org\/index.php?rest_route=\/wp\/v2\/posts\/39579","targetHints":{"allow":["GET"]}}],"collection":[{"href":"https:\/\/veritasinfo.org\/index.php?rest_route=\/wp\/v2\/posts"}],"about":[{"href":"https:\/\/veritasinfo.org\/index.php?rest_route=\/wp\/v2\/types\/post"}],"author":[{"embeddable":true,"href":"https:\/\/veritasinfo.org\/index.php?rest_route=\/wp\/v2\/users\/7"}],"replies":[{"embeddable":true,"href":"https:\/\/veritasinfo.org\/index.php?rest_route=%2Fwp%2Fv2%2Fcomments&post=39579"}],"version-history":[{"count":1,"href":"https:\/\/veritasinfo.org\/index.php?rest_route=\/wp\/v2\/posts\/39579\/revisions"}],"predecessor-version":[{"id":39581,"href":"https:\/\/veritasinfo.org\/index.php?rest_route=\/wp\/v2\/posts\/39579\/revisions\/39581"}],"wp:featuredmedia":[{"embeddable":true,"href":"https:\/\/veritasinfo.org\/index.php?rest_route=\/wp\/v2\/media\/39580"}],"wp:attachment":[{"href":"https:\/\/veritasinfo.org\/index.php?rest_route=%2Fwp%2Fv2%2Fmedia&parent=39579"}],"wp:term":[{"taxonomy":"category","embeddable":true,"href":"https:\/\/veritasinfo.org\/index.php?rest_route=%2Fwp%2Fv2%2Fcategories&post=39579"},{"taxonomy":"post_tag","embeddable":true,"href":"https:\/\/veritasinfo.org\/index.php?rest_route=%2Fwp%2Fv2%2Ftags&post=39579"}],"curies":[{"name":"wp","href":"https:\/\/api.w.org\/{rel}","templated":true}]}}