{"id":39487,"date":"2026-03-24T12:56:55","date_gmt":"2026-03-24T11:56:55","guid":{"rendered":"https:\/\/veritasinfo.org\/?p=39487"},"modified":"2026-03-24T12:56:55","modified_gmt":"2026-03-24T11:56:55","slug":"muja-paralajmeron-reforma-ne-sigurine-ushqimore-sipas-standardeve-evropiane","status":"publish","type":"post","link":"https:\/\/veritasinfo.org\/?p=39487","title":{"rendered":"Muja paralajm\u00ebron reforma n\u00eb sigurin\u00eb ushqimore sipas standardeve evropiane"},"content":{"rendered":"<p>Prishtin\u00eb 24 Mars 2026 12:56<\/p>\n<p>Ministria e Bujq\u00ebsis\u00eb, Pylltaris\u00eb dhe Zhvillimit Rural, brenda k\u00ebtij viti, do t\u00eb publikoj\u00eb nj\u00eb udh\u00ebrr\u00ebfyes komb\u00ebtar p\u00ebr p\u00ebrafrimin me standardet e Bashkimit Evropian n\u00eb fush\u00ebn e siguris\u00eb ushqimore dhe sh\u00ebndetit t\u00eb kafsh\u00ebve, me afate konkrete dhe institucione p\u00ebrgjegj\u00ebse, i cili do t\u00eb jet\u00eb i hapur p\u00ebr publikun.<\/p>\n<p>K\u00ebt\u00eb e b\u00ebri t\u00eb ditur sot Ministri i BPZhR-s\u00eb, Armend Muja, n\u00eb Konferenc\u00ebn Nd\u00ebrkomb\u00ebtare me tem\u00ebn \u201cRoli i EFSA-s n\u00eb mb\u00ebshtetjen e vendeve t\u00eb IPA-s n\u00eb rrug\u00ebn e tyre drejt standardeve t\u00eb BE-s\u00eb p\u00ebr sigurin\u00eb ushqimore dhe sh\u00ebndetin e kafsh\u00ebve\u201d, e organizuar nga MBPZhR dhe AUV n\u00eb bashk\u00ebpunim me Autoritetin Evropian p\u00ebr Sigurin\u00eb Ushqimore (EFSA).<\/p>\n<p>Gjat\u00eb fjalimit t\u00eb tij, ministri Muja theksoi se brenda dymb\u00ebdhjet\u00eb muajve do t\u00eb reformohet sistemi i inspektimeve, duke kaluar nga kontrolle formale n\u00eb kontrolle t\u00eb bazuara n\u00eb rrezik, me q\u00ebllim rritjen e efektivitetit dhe uljen e barr\u00ebs s\u00eb panevojshme p\u00ebr bizneset q\u00eb respektojn\u00eb rregullat.<\/p>\n<p>\u201cDeri n\u00eb vitin 2027, do t\u00eb nd\u00ebrtojm\u00eb nj\u00eb sistem t\u00eb plot\u00eb t\u00eb gjurmueshm\u00ebris\u00eb digjitale, ku \u00e7do produkt mund t\u00eb ndiqet nga ferma deri n\u00eb treg, duke rritur transparenc\u00ebn dhe besimin n\u00eb zinxhirin ushqimor\u201d, tha ministri Muja, thuhet n\u00eb komunikat\u00ebn p\u00ebr media.<\/p>\n<p>Nd\u00ebr t\u00eb tjera, ai theksoi se siguria ushqimore nuk \u00ebsht\u00eb vet\u00ebm nj\u00eb \u00e7\u00ebshtje teknike, por nj\u00eb kontrat\u00eb mes shtetit dhe qytetarit \u2013 nj\u00eb marr\u00ebdh\u00ebnie besimi q\u00eb nd\u00ebrtohet \u00e7do dit\u00eb.<\/p>\n<p>Duke n\u00ebnvizuar se bujq\u00ebsia mbetet nj\u00eb nga sektor\u00ebt ky\u00e7 t\u00eb ekonomis\u00eb dhe nj\u00eb burim i r\u00ebnd\u00ebsish\u00ebm i jetes\u00ebs p\u00ebr mij\u00ebra familje n\u00eb Kosov\u00eb, ministri shtoi se, sipas t\u00eb dh\u00ebnave zyrtare, n\u00eb vitin 2025 vlera e shtuar bruto n\u00eb bujq\u00ebsi ka arritur mbi 811.5 milion\u00eb euro, duke d\u00ebshmuar potencialin real t\u00eb k\u00ebtij sektori p\u00ebr zhvillim dhe rritje. Sipas tij, k\u00ebto nuk jan\u00eb vet\u00ebm shifra, por mund\u00ebsi konkrete p\u00ebr zhvillim rural, pun\u00ebsim dhe rritje t\u00eb eksportit.<\/p>\n<p>Muja potencoi se Kosova ka b\u00ebr\u00eb progres t\u00eb r\u00ebnd\u00ebsish\u00ebm n\u00eb vitet e fundit n\u00eb nd\u00ebrtimin e sistemit t\u00eb siguris\u00eb ushqimore dhe sh\u00ebndetit t\u00eb kafsh\u00ebve.<\/p>\n<p>\u201cKemi siguruar financimin e plot\u00eb t\u00eb fushatave t\u00eb vaksinimit kund\u00ebr t\u00ebrbimit p\u00ebr vitet e fundit, kemi avancuar sistemet e kontrollit dhe gjurmueshm\u00ebris\u00eb ushqimore dhe kemi vendosur bazat p\u00ebr nj\u00eb qasje m\u00eb moderne dhe m\u00eb t\u00eb integruar. Megjithat\u00eb, duhet t\u00eb jemi t\u00eb sinqert\u00eb: jemi ende n\u00eb nj\u00eb faz\u00eb t\u00eb p\u00ebrgatitjes s\u00eb moderuar n\u00eb p\u00ebrmbushjen e standardeve t\u00eb Bashkimit Evropian. Kjo do t\u00eb thot\u00eb se p\u00ebrpara kemi shum\u00eb pun\u00eb dhe nj\u00eb nevoj\u00eb urgjente p\u00ebr p\u00ebrshpejtim t\u00eb reformave\u201d, tha ai.<\/p>\n<p>Duke folur p\u00ebr sigurin\u00eb ushqimore moderne, ai theksoi se ajo k\u00ebrkon nj\u00eb qasje t\u00eb integruar q\u00eb lidh sh\u00ebndetin e njer\u00ebzve, kafsh\u00ebve dhe mjedisit. P\u00ebr k\u00ebt\u00eb arsye, ministri Muja n\u00ebnvizoi se do t\u00eb fuqizohet qasja \u201cOne Health\u201d dhe do t\u00eb nd\u00ebrtohen mekanizma t\u00eb koordinuar p\u00ebr t\u00eb adresuar rreziqe si rezistenca ndaj antibiotik\u00ebve dhe s\u00ebmundjet zoonotike.<\/p>\n<p>Sa i p\u00ebrket standardeve t\u00eb Bashkimit Evropian, ai tha se ato nuk duhet t\u00eb shihen si barr\u00eb p\u00ebr fermer\u00ebt, por si nj\u00eb mund\u00ebsi reale p\u00ebr zhvillim dhe eksport.<\/p>\n<p>\u201cAto jan\u00eb nj\u00eb pasaport\u00eb q\u00eb u mund\u00ebson produkteve t\u00eb Kosov\u00ebs t\u00eb hyjn\u00eb n\u00eb tregje m\u00eb t\u00eb m\u00ebdha dhe m\u00eb konkurruese. Roli i shtetit \u00ebsht\u00eb q\u00eb k\u00ebto standarde t\u2019i b\u00ebj\u00eb t\u00eb arritshme p\u00ebrmes mb\u00ebshtetjes s\u00eb drejtp\u00ebrdrejt\u00eb, digjitalizimit t\u00eb sh\u00ebrbimeve dhe zbatimit t\u00eb drejt\u00eb dhe t\u00eb barabart\u00eb t\u00eb ligjit\u201d, theksoi Muja.<\/p>\n<p>P\u00ebr arritjen e suksesit n\u00eb k\u00ebto reforma, ministri theksoi se bashk\u00ebpunimi me Bashkimin Evropian, organizatat nd\u00ebrkomb\u00ebtare dhe partner\u00ebt zhvillimor\u00eb \u00ebsht\u00eb thelb\u00ebsor p\u00ebr ngritjen e kapaciteteve dhe p\u00ebrshpejtimin e reformave. Po aq i r\u00ebnd\u00ebsish\u00ebm, tha se \u00ebsht\u00eb edhe partneriteti me fermer\u00ebt dhe bizneset vendore, t\u00eb cil\u00ebt jan\u00eb aktor\u00ebt kryesor\u00eb t\u00eb k\u00ebtij transformimi.<\/p>\n<p>N\u00eb fund t\u00eb konferenc\u00ebs, ministri Muja theksoi se siguria ushqimore \u00ebsht\u00eb siguri komb\u00ebtare, sh\u00ebndet publik dhe zhvillim ekonomik, si dhe rruga drejt Bashkimit Evropian.<\/p>\n<p>N\u00eb k\u00ebt\u00eb konferenc\u00eb kan\u00eb marr\u00eb pjes\u00eb p\u00ebrfaq\u00ebsues t\u00eb Zyr\u00ebs s\u00eb Bashkimit Evropian n\u00eb Kosov\u00eb dhe t\u00eb EFSA-s, kryetari i Komisionit Parlamentar p\u00ebr Mjedis, Ushqim, Bujq\u00ebsi, Pylltari dhe Zhvillim Rural, si dhe p\u00ebrfaq\u00ebsues t\u00eb institucioneve dhe ekspert\u00eb t\u00eb fush\u00ebs.<\/p>\n","protected":false},"excerpt":{"rendered":"<p>Prishtin\u00eb 24 Mars 2026 12:56 Ministria e Bujq\u00ebsis\u00eb, Pylltaris\u00eb dhe Zhvillimit Rural, brenda k\u00ebtij viti, do t\u00eb publikoj\u00eb nj\u00eb udh\u00ebrr\u00ebfyes komb\u00ebtar p\u00ebr p\u00ebrafrimin me standardet<\/p>\n","protected":false},"author":6,"featured_media":39488,"comment_status":"open","ping_status":"open","sticky":false,"template":"","format":"standard","meta":{"footnotes":""},"categories":[60],"tags":[],"class_list":["post-39487","post","type-post","status-publish","format-standard","has-post-thumbnail","hentry","category-shoqerore-sq"],"yoast_head":"<!-- This site is optimized with the Yoast SEO plugin v25.3.1 - https:\/\/yoast.com\/wordpress\/plugins\/seo\/ -->\n<title>Muja paralajm\u00ebron reforma n\u00eb sigurin\u00eb ushqimore sipas standardeve evropiane -<\/title>\n<meta name=\"robots\" content=\"index, follow, max-snippet:-1, max-image-preview:large, max-video-preview:-1\" \/>\n<link rel=\"canonical\" href=\"https:\/\/veritasinfo.org\/?p=39487\" \/>\n<meta property=\"og:locale\" content=\"en_US\" \/>\n<meta property=\"og:type\" content=\"article\" \/>\n<meta property=\"og:title\" content=\"Muja paralajm\u00ebron reforma n\u00eb sigurin\u00eb ushqimore sipas standardeve evropiane -\" \/>\n<meta property=\"og:description\" content=\"Prishtin\u00eb 24 Mars 2026 12:56 Ministria e Bujq\u00ebsis\u00eb, Pylltaris\u00eb dhe Zhvillimit Rural, brenda k\u00ebtij viti, do t\u00eb publikoj\u00eb nj\u00eb udh\u00ebrr\u00ebfyes komb\u00ebtar p\u00ebr p\u00ebrafrimin me standardet\" \/>\n<meta property=\"og:url\" content=\"https:\/\/veritasinfo.org\/?p=39487\" \/>\n<meta property=\"article:published_time\" content=\"2026-03-24T11:56:55+00:00\" \/>\n<meta property=\"og:image\" content=\"https:\/\/veritasinfo.org\/wp-content\/uploads\/2026\/03\/IMG-20260324-WA0004.jpg\" \/>\n\t<meta property=\"og:image:width\" content=\"677\" \/>\n\t<meta property=\"og:image:height\" content=\"570\" \/>\n\t<meta property=\"og:image:type\" content=\"image\/jpeg\" \/>\n<meta name=\"author\" content=\"US5\" \/>\n<meta name=\"twitter:card\" content=\"summary_large_image\" \/>\n<meta name=\"twitter:label1\" content=\"Written by\" \/>\n\t<meta name=\"twitter:data1\" content=\"US5\" \/>\n\t<meta name=\"twitter:label2\" content=\"Est. reading time\" \/>\n\t<meta name=\"twitter:data2\" content=\"1 minute\" \/>\n<script type=\"application\/ld+json\" class=\"yoast-schema-graph\">{\"@context\":\"https:\/\/schema.org\",\"@graph\":[{\"@type\":\"WebPage\",\"@id\":\"https:\/\/veritasinfo.org\/?p=39487\",\"url\":\"https:\/\/veritasinfo.org\/?p=39487\",\"name\":\"Muja paralajm\u00ebron reforma n\u00eb sigurin\u00eb ushqimore sipas standardeve evropiane -\",\"isPartOf\":{\"@id\":\"https:\/\/veritasinfo.org\/#website\"},\"primaryImageOfPage\":{\"@id\":\"https:\/\/veritasinfo.org\/?p=39487#primaryimage\"},\"image\":{\"@id\":\"https:\/\/veritasinfo.org\/?p=39487#primaryimage\"},\"thumbnailUrl\":\"https:\/\/veritasinfo.org\/wp-content\/uploads\/2026\/03\/IMG-20260324-WA0004.jpg\",\"datePublished\":\"2026-03-24T11:56:55+00:00\",\"author\":{\"@id\":\"https:\/\/veritasinfo.org\/#\/schema\/person\/bc442336e35414d04494ab8fb45db4c6\"},\"breadcrumb\":{\"@id\":\"https:\/\/veritasinfo.org\/?p=39487#breadcrumb\"},\"inLanguage\":\"en-US\",\"potentialAction\":[{\"@type\":\"ReadAction\",\"target\":[\"https:\/\/veritasinfo.org\/?p=39487\"]}]},{\"@type\":\"ImageObject\",\"inLanguage\":\"en-US\",\"@id\":\"https:\/\/veritasinfo.org\/?p=39487#primaryimage\",\"url\":\"https:\/\/veritasinfo.org\/wp-content\/uploads\/2026\/03\/IMG-20260324-WA0004.jpg\",\"contentUrl\":\"https:\/\/veritasinfo.org\/wp-content\/uploads\/2026\/03\/IMG-20260324-WA0004.jpg\",\"width\":677,\"height\":570},{\"@type\":\"BreadcrumbList\",\"@id\":\"https:\/\/veritasinfo.org\/?p=39487#breadcrumb\",\"itemListElement\":[{\"@type\":\"ListItem\",\"position\":1,\"name\":\"Home\",\"item\":\"https:\/\/veritasinfo.org\/\"},{\"@type\":\"ListItem\",\"position\":2,\"name\":\"Muja paralajm\u00ebron reforma n\u00eb sigurin\u00eb ushqimore sipas standardeve evropiane\"}]},{\"@type\":\"WebSite\",\"@id\":\"https:\/\/veritasinfo.org\/#website\",\"url\":\"https:\/\/veritasinfo.org\/\",\"name\":\"\",\"description\":\"\",\"potentialAction\":[{\"@type\":\"SearchAction\",\"target\":{\"@type\":\"EntryPoint\",\"urlTemplate\":\"https:\/\/veritasinfo.org\/?s={search_term_string}\"},\"query-input\":{\"@type\":\"PropertyValueSpecification\",\"valueRequired\":true,\"valueName\":\"search_term_string\"}}],\"inLanguage\":\"en-US\"},{\"@type\":\"Person\",\"@id\":\"https:\/\/veritasinfo.org\/#\/schema\/person\/bc442336e35414d04494ab8fb45db4c6\",\"name\":\"US5\",\"image\":{\"@type\":\"ImageObject\",\"inLanguage\":\"en-US\",\"@id\":\"https:\/\/veritasinfo.org\/#\/schema\/person\/image\/\",\"url\":\"https:\/\/secure.gravatar.com\/avatar\/16a61e7272a0c5d001121ebb9e60e925d5816e4ac1e443ed3e640d9a6ae55d0c?s=96&d=mm&r=g\",\"contentUrl\":\"https:\/\/secure.gravatar.com\/avatar\/16a61e7272a0c5d001121ebb9e60e925d5816e4ac1e443ed3e640d9a6ae55d0c?s=96&d=mm&r=g\",\"caption\":\"US5\"},\"url\":\"https:\/\/veritasinfo.org\/?author=6\"}]}<\/script>\n<!-- \/ Yoast SEO plugin. -->","yoast_head_json":{"title":"Muja paralajm\u00ebron reforma n\u00eb sigurin\u00eb ushqimore sipas standardeve evropiane -","robots":{"index":"index","follow":"follow","max-snippet":"max-snippet:-1","max-image-preview":"max-image-preview:large","max-video-preview":"max-video-preview:-1"},"canonical":"https:\/\/veritasinfo.org\/?p=39487","og_locale":"en_US","og_type":"article","og_title":"Muja paralajm\u00ebron reforma n\u00eb sigurin\u00eb ushqimore sipas standardeve evropiane -","og_description":"Prishtin\u00eb 24 Mars 2026 12:56 Ministria e Bujq\u00ebsis\u00eb, Pylltaris\u00eb dhe Zhvillimit Rural, brenda k\u00ebtij viti, do t\u00eb publikoj\u00eb nj\u00eb udh\u00ebrr\u00ebfyes komb\u00ebtar p\u00ebr p\u00ebrafrimin me standardet","og_url":"https:\/\/veritasinfo.org\/?p=39487","article_published_time":"2026-03-24T11:56:55+00:00","og_image":[{"width":677,"height":570,"url":"https:\/\/veritasinfo.org\/wp-content\/uploads\/2026\/03\/IMG-20260324-WA0004.jpg","type":"image\/jpeg"}],"author":"US5","twitter_card":"summary_large_image","twitter_misc":{"Written by":"US5","Est. reading time":"1 minute"},"schema":{"@context":"https:\/\/schema.org","@graph":[{"@type":"WebPage","@id":"https:\/\/veritasinfo.org\/?p=39487","url":"https:\/\/veritasinfo.org\/?p=39487","name":"Muja paralajm\u00ebron reforma n\u00eb sigurin\u00eb ushqimore sipas standardeve evropiane -","isPartOf":{"@id":"https:\/\/veritasinfo.org\/#website"},"primaryImageOfPage":{"@id":"https:\/\/veritasinfo.org\/?p=39487#primaryimage"},"image":{"@id":"https:\/\/veritasinfo.org\/?p=39487#primaryimage"},"thumbnailUrl":"https:\/\/veritasinfo.org\/wp-content\/uploads\/2026\/03\/IMG-20260324-WA0004.jpg","datePublished":"2026-03-24T11:56:55+00:00","author":{"@id":"https:\/\/veritasinfo.org\/#\/schema\/person\/bc442336e35414d04494ab8fb45db4c6"},"breadcrumb":{"@id":"https:\/\/veritasinfo.org\/?p=39487#breadcrumb"},"inLanguage":"en-US","potentialAction":[{"@type":"ReadAction","target":["https:\/\/veritasinfo.org\/?p=39487"]}]},{"@type":"ImageObject","inLanguage":"en-US","@id":"https:\/\/veritasinfo.org\/?p=39487#primaryimage","url":"https:\/\/veritasinfo.org\/wp-content\/uploads\/2026\/03\/IMG-20260324-WA0004.jpg","contentUrl":"https:\/\/veritasinfo.org\/wp-content\/uploads\/2026\/03\/IMG-20260324-WA0004.jpg","width":677,"height":570},{"@type":"BreadcrumbList","@id":"https:\/\/veritasinfo.org\/?p=39487#breadcrumb","itemListElement":[{"@type":"ListItem","position":1,"name":"Home","item":"https:\/\/veritasinfo.org\/"},{"@type":"ListItem","position":2,"name":"Muja paralajm\u00ebron reforma n\u00eb sigurin\u00eb ushqimore sipas standardeve evropiane"}]},{"@type":"WebSite","@id":"https:\/\/veritasinfo.org\/#website","url":"https:\/\/veritasinfo.org\/","name":"","description":"","potentialAction":[{"@type":"SearchAction","target":{"@type":"EntryPoint","urlTemplate":"https:\/\/veritasinfo.org\/?s={search_term_string}"},"query-input":{"@type":"PropertyValueSpecification","valueRequired":true,"valueName":"search_term_string"}}],"inLanguage":"en-US"},{"@type":"Person","@id":"https:\/\/veritasinfo.org\/#\/schema\/person\/bc442336e35414d04494ab8fb45db4c6","name":"US5","image":{"@type":"ImageObject","inLanguage":"en-US","@id":"https:\/\/veritasinfo.org\/#\/schema\/person\/image\/","url":"https:\/\/secure.gravatar.com\/avatar\/16a61e7272a0c5d001121ebb9e60e925d5816e4ac1e443ed3e640d9a6ae55d0c?s=96&d=mm&r=g","contentUrl":"https:\/\/secure.gravatar.com\/avatar\/16a61e7272a0c5d001121ebb9e60e925d5816e4ac1e443ed3e640d9a6ae55d0c?s=96&d=mm&r=g","caption":"US5"},"url":"https:\/\/veritasinfo.org\/?author=6"}]}},"featured_image_urls":{"full":["https:\/\/veritasinfo.org\/wp-content\/uploads\/2026\/03\/IMG-20260324-WA0004.jpg",677,570,false],"thumbnail":["https:\/\/veritasinfo.org\/wp-content\/uploads\/2026\/03\/IMG-20260324-WA0004-150x150.jpg",150,150,true],"medium":["https:\/\/veritasinfo.org\/wp-content\/uploads\/2026\/03\/IMG-20260324-WA0004-300x253.jpg",300,253,true],"medium_large":["https:\/\/veritasinfo.org\/wp-content\/uploads\/2026\/03\/IMG-20260324-WA0004.jpg",640,539,false],"large":["https:\/\/veritasinfo.org\/wp-content\/uploads\/2026\/03\/IMG-20260324-WA0004.jpg",640,539,false],"1536x1536":["https:\/\/veritasinfo.org\/wp-content\/uploads\/2026\/03\/IMG-20260324-WA0004.jpg",677,570,false],"2048x2048":["https:\/\/veritasinfo.org\/wp-content\/uploads\/2026\/03\/IMG-20260324-WA0004.jpg",677,570,false],"kreeti-slider-full":["https:\/\/veritasinfo.org\/wp-content\/uploads\/2026\/03\/IMG-20260324-WA0004.jpg",677,570,false],"kreeti-featured":["https:\/\/veritasinfo.org\/wp-content\/uploads\/2026\/03\/IMG-20260324-WA0004.jpg",677,570,false],"kreeti-medium":["https:\/\/veritasinfo.org\/wp-content\/uploads\/2026\/03\/IMG-20260324-WA0004.jpg",629,530,false],"kreeti-medium-square":["https:\/\/veritasinfo.org\/wp-content\/uploads\/2026\/03\/IMG-20260324-WA0004.jpg",350,295,false]},"author_info":{"info":["US5"]},"category_info":"<a href=\"https:\/\/veritasinfo.org\/?cat=60\" rel=\"category\">Shoq\u00ebrore<\/a>","tag_info":"Shoq\u00ebrore","comment_count":"0","_links":{"self":[{"href":"https:\/\/veritasinfo.org\/index.php?rest_route=\/wp\/v2\/posts\/39487","targetHints":{"allow":["GET"]}}],"collection":[{"href":"https:\/\/veritasinfo.org\/index.php?rest_route=\/wp\/v2\/posts"}],"about":[{"href":"https:\/\/veritasinfo.org\/index.php?rest_route=\/wp\/v2\/types\/post"}],"author":[{"embeddable":true,"href":"https:\/\/veritasinfo.org\/index.php?rest_route=\/wp\/v2\/users\/6"}],"replies":[{"embeddable":true,"href":"https:\/\/veritasinfo.org\/index.php?rest_route=%2Fwp%2Fv2%2Fcomments&post=39487"}],"version-history":[{"count":2,"href":"https:\/\/veritasinfo.org\/index.php?rest_route=\/wp\/v2\/posts\/39487\/revisions"}],"predecessor-version":[{"id":39490,"href":"https:\/\/veritasinfo.org\/index.php?rest_route=\/wp\/v2\/posts\/39487\/revisions\/39490"}],"wp:featuredmedia":[{"embeddable":true,"href":"https:\/\/veritasinfo.org\/index.php?rest_route=\/wp\/v2\/media\/39488"}],"wp:attachment":[{"href":"https:\/\/veritasinfo.org\/index.php?rest_route=%2Fwp%2Fv2%2Fmedia&parent=39487"}],"wp:term":[{"taxonomy":"category","embeddable":true,"href":"https:\/\/veritasinfo.org\/index.php?rest_route=%2Fwp%2Fv2%2Fcategories&post=39487"},{"taxonomy":"post_tag","embeddable":true,"href":"https:\/\/veritasinfo.org\/index.php?rest_route=%2Fwp%2Fv2%2Ftags&post=39487"}],"curies":[{"name":"wp","href":"https:\/\/api.w.org\/{rel}","templated":true}]}}