{"id":39454,"date":"2026-03-24T11:43:17","date_gmt":"2026-03-24T10:43:17","guid":{"rendered":"https:\/\/veritasinfo.org\/?p=39454"},"modified":"2026-03-24T11:43:17","modified_gmt":"2026-03-24T10:43:17","slug":"kosova-75-vjet-me-arkiv","status":"publish","type":"post","link":"https:\/\/veritasinfo.org\/?p=39454","title":{"rendered":"Kosova, 75 vjet me arkiv"},"content":{"rendered":"<p>Prishtin\u00eb 24 Mars 2026 11:42<\/p>\n<p>N\u00eb kuad\u00ebr t\u00eb 75-vjetorit t\u00eb themelimit, Arkivi i Kosov\u00ebs ka n\u00ebnshkruar marr\u00ebveshjen e par\u00eb t\u00eb bashk\u00ebpunimit me Arkivin Komb\u00ebtar t\u00eb Hungaris\u00eb, p\u00ebr shk\u00ebmbim p\u00ebrvojash dhe bashk\u00ebpunim n\u00eb ruajtjen e trash\u00ebgimis\u00eb dokumentare. Sipas p\u00ebrfaq\u00ebsuesve nga t\u00eb dyja vendet, ky shk\u00ebmbim i p\u00ebrvojave \u00ebsht\u00eb i nj\u00eb r\u00ebnd\u00ebsie t\u00eb ve\u00e7ant\u00eb<br \/>\nArkivi i Kosov\u00ebs ka n\u00ebnshkruar marr\u00ebveshjen e par\u00eb t\u00eb bashk\u00ebpunimit me Arkivin Komb\u00ebtar t\u00eb Hungaris\u00eb, n\u00eb kuad\u00ebr t\u00eb 75-vjetorit t\u00eb themelimit dhe hapjes s\u00eb \u201cJav\u00ebs s\u00eb Arkivit t\u00eb Hapur\u201d.<br \/>\nSekretari i p\u00ebrgjithsh\u00ebm i Ministris\u00eb s\u00eb Kultur\u00ebs, Rinis\u00eb dhe Sportit, Bislim Bislimi, ka th\u00ebn\u00eb se ky institucion mbetet i p\u00ebrkushtuar p\u00ebr t\u00eb mb\u00ebshtetur zhvillimin e m\u00ebtejsh\u00ebm t\u00eb objektivave strategjike t\u00eb Agjencis\u00eb Shtet\u00ebrore t\u00eb Arkivave t\u00eb Kosov\u00ebs.<\/p>\n<p>Sipas tij, shk\u00ebmbimi i p\u00ebrvojave mes dy shteteve \u00ebsht\u00eb i nj\u00eb r\u00ebnd\u00ebsie t\u00eb ve\u00e7ant\u00eb.<\/p>\n<p>Mb\u00ebshtete KOH\u00cbN. Ruaje t\u00eb v\u00ebrtet\u00ebn.<br \/>\nGazetaria profesionale \u00ebsht\u00eb interes publik. Mb\u00ebshtetja juaj ndihmon q\u00eb ajo t\u00eb mbetet e pavarur dhe e besueshme. Kontribuoni edhe ju. 1 euro e b\u00ebn dallimin.<\/p>\n<p>\u201cRepublika e Kosov\u00ebs \u00ebsht\u00eb n\u00eb proces t\u00eb konsolidimit dhe transformimit t\u00eb nj\u00eb sistemi t\u00eb q\u00ebndruesh\u00ebm t\u00eb menaxhimit t\u00eb trash\u00ebgimis\u00eb son\u00eb dokumentare t\u00eb arkivave dhe n\u00eb k\u00ebt\u00eb rrug\u00eb n\u00eb k\u00ebt\u00eb proces ne llogarisim jasht\u00ebzakonisht shum\u00eb n\u00eb shtetin q\u00eb presim ta kemi nga p\u00ebrvojat e suksesshme, t\u00eb cilat ju tashm\u00eb i keni implementuar n\u00eb shtetet prej nga vini dhe organizatat tjera q\u00eb kan\u00eb p\u00ebr fush\u00ebveprim \u00e7\u00ebshtje t\u00eb r\u00ebnd\u00ebsishme t\u00eb fush\u00ebs s\u00eb arkivave\u201d, ka th\u00ebn\u00eb Bislimi.<\/p>\n<p>Nd\u00ebrkaq p\u00ebrfaq\u00ebsuesja e Arkivit Komb\u00ebtar t\u00eb Hungaris\u00eb, Ildik\u00f3 Szer\u00e9nyi, ka theksuar lidhjet historike dhe kulturore mes hungarez\u00ebve dhe popujve t\u00eb Ballkanit, duke p\u00ebrmendur edhe ngjarje t\u00eb r\u00ebnd\u00ebsishme historike.<\/p>\n<p>\u201cK\u00ebto lidhje historike jan\u00eb form\u00ebsuar prej shekujsh n\u00eb kufijt\u00eb e Perandoris\u00eb Osmane dhe Austro-Hungaris\u00eb. Ndryshimet politike, konfliktet ushtarake, migrimet dhe shk\u00ebmbimet kulturore kan\u00eb l\u00ebn\u00eb gjurm\u00eb afatgjata n\u00eb t\u00eb gjith\u00eb rajonin. Ka edhe momente konkrete historike q\u00eb i lidhin historit\u00eb tona, si Beteja e Kosov\u00ebs m\u00eb 1389 dhe Beteja e Moh\u00e1\u00e7it m\u00eb 1526, 500-vjetorin e s\u00eb cil\u00ebs Hungaria e sh\u00ebnon sivjet\u201d, \u00ebsht\u00eb shprehur Szer\u00e9nyi<\/p>\n<p>E z\u00ebvend\u00ebsdrejtori i p\u00ebrgjithsh\u00ebm i Arkivit t\u00eb Shqip\u00ebris\u00eb, Endrit Musaj, ka deklaruar se 75-vjetori i Arkivit t\u00eb Kosov\u00ebs p\u00ebrfaq\u00ebson m\u00eb shum\u00eb se nj\u00eb p\u00ebrvjetor institucional.<\/p>\n<p>\u201cKy jubile p\u00ebrfaq\u00ebson m\u00eb shum\u00eb se nj\u00eb p\u00ebrvjetor institucional dhe \u00ebsht\u00eb nj\u00eb moment reflektimi me nj\u00eb rrug\u00ebtim t\u00eb gjat\u00eb profesional dhe nj\u00ebkoh\u00ebsisht nj\u00eb d\u00ebshmi e nj\u00eb roli t\u00eb paz\u00ebvend\u00ebsuesh\u00ebm q\u00eb Arkivi i Kosov\u00ebs ka luajtur n\u00eb ruajtjen, administrimin dhe promovimin e trash\u00ebgimis\u00eb dokumentare. Q\u00eb prej themelimit t\u00eb tij n\u00eb vitin 1951 Arkivi i Kosov\u00ebs ka nd\u00ebrtuar nj\u00eb tradit\u00eb t\u00eb q\u00ebndrueshme n\u00eb sh\u00ebrbim t\u00eb kujtes\u00ebs historike dhe t\u00eb funksionit institucional t\u00eb shtetit\u201d, ka th\u00ebn\u00eb ai.<\/p>\n<p>Me rastin e 75-vjetorit t\u00eb themelimit t\u00eb Arkivit t\u00eb Kosov\u00ebs, Agjencia Shtet\u00ebrore e Arkivave t\u00eb Kosov\u00ebs do ta sh\u00ebnoj\u00eb k\u00ebt\u00eb jubile me program nj\u00ebjavor aktivitetesh, nga e h\u00ebna (23 mars) e deri m\u00eb 27 mars 2026.<\/p>\n<p>Gjat\u00eb k\u00ebsaj jave, Arkivi do t\u00eb mir\u00ebpres\u00eb student\u00eb, nx\u00ebn\u00ebs, studiues dhe t\u00eb gjith\u00eb t\u00eb interesuarit, t\u00eb cil\u00ebt do t\u00eb ken\u00eb mund\u00ebsin\u00eb t\u00eb njihen nga af\u00ebr me pun\u00ebn dhe aktivitetet profesionale t\u00eb arkivit<\/p>\n","protected":false},"excerpt":{"rendered":"<p>Prishtin\u00eb 24 Mars 2026 11:42 N\u00eb kuad\u00ebr t\u00eb 75-vjetorit t\u00eb themelimit, Arkivi i Kosov\u00ebs ka n\u00ebnshkruar marr\u00ebveshjen e par\u00eb t\u00eb bashk\u00ebpunimit me Arkivin Komb\u00ebtar t\u00eb<\/p>\n","protected":false},"author":6,"featured_media":39455,"comment_status":"open","ping_status":"open","sticky":false,"template":"","format":"standard","meta":{"footnotes":""},"categories":[60],"tags":[],"class_list":["post-39454","post","type-post","status-publish","format-standard","has-post-thumbnail","hentry","category-shoqerore-sq"],"yoast_head":"<!-- This site is optimized with the Yoast SEO plugin v25.3.1 - https:\/\/yoast.com\/wordpress\/plugins\/seo\/ -->\n<title>Kosova, 75 vjet me arkiv -<\/title>\n<meta name=\"robots\" content=\"index, follow, max-snippet:-1, max-image-preview:large, max-video-preview:-1\" \/>\n<link rel=\"canonical\" href=\"https:\/\/veritasinfo.org\/?p=39454\" \/>\n<meta property=\"og:locale\" content=\"en_US\" \/>\n<meta property=\"og:type\" content=\"article\" \/>\n<meta property=\"og:title\" content=\"Kosova, 75 vjet me arkiv -\" \/>\n<meta property=\"og:description\" content=\"Prishtin\u00eb 24 Mars 2026 11:42 N\u00eb kuad\u00ebr t\u00eb 75-vjetorit t\u00eb themelimit, Arkivi i Kosov\u00ebs ka n\u00ebnshkruar marr\u00ebveshjen e par\u00eb t\u00eb bashk\u00ebpunimit me Arkivin Komb\u00ebtar t\u00eb\" \/>\n<meta property=\"og:url\" content=\"https:\/\/veritasinfo.org\/?p=39454\" \/>\n<meta property=\"article:published_time\" content=\"2026-03-24T10:43:17+00:00\" \/>\n<meta property=\"og:image\" content=\"https:\/\/veritasinfo.org\/wp-content\/uploads\/2026\/03\/9224d541-120a-4ed1-94ed-c4a301de4ca4.webp\" \/>\n\t<meta property=\"og:image:width\" content=\"1089\" \/>\n\t<meta property=\"og:image:height\" content=\"622\" \/>\n\t<meta property=\"og:image:type\" content=\"image\/webp\" \/>\n<meta name=\"author\" content=\"US5\" \/>\n<meta name=\"twitter:card\" content=\"summary_large_image\" \/>\n<meta name=\"twitter:label1\" content=\"Written by\" \/>\n\t<meta name=\"twitter:data1\" content=\"US5\" \/>\n\t<meta name=\"twitter:label2\" content=\"Est. reading time\" \/>\n\t<meta name=\"twitter:data2\" content=\"1 minute\" \/>\n<script type=\"application\/ld+json\" class=\"yoast-schema-graph\">{\"@context\":\"https:\/\/schema.org\",\"@graph\":[{\"@type\":\"WebPage\",\"@id\":\"https:\/\/veritasinfo.org\/?p=39454\",\"url\":\"https:\/\/veritasinfo.org\/?p=39454\",\"name\":\"Kosova, 75 vjet me arkiv -\",\"isPartOf\":{\"@id\":\"https:\/\/veritasinfo.org\/#website\"},\"primaryImageOfPage\":{\"@id\":\"https:\/\/veritasinfo.org\/?p=39454#primaryimage\"},\"image\":{\"@id\":\"https:\/\/veritasinfo.org\/?p=39454#primaryimage\"},\"thumbnailUrl\":\"https:\/\/veritasinfo.org\/wp-content\/uploads\/2026\/03\/9224d541-120a-4ed1-94ed-c4a301de4ca4.webp\",\"datePublished\":\"2026-03-24T10:43:17+00:00\",\"author\":{\"@id\":\"https:\/\/veritasinfo.org\/#\/schema\/person\/bc442336e35414d04494ab8fb45db4c6\"},\"breadcrumb\":{\"@id\":\"https:\/\/veritasinfo.org\/?p=39454#breadcrumb\"},\"inLanguage\":\"en-US\",\"potentialAction\":[{\"@type\":\"ReadAction\",\"target\":[\"https:\/\/veritasinfo.org\/?p=39454\"]}]},{\"@type\":\"ImageObject\",\"inLanguage\":\"en-US\",\"@id\":\"https:\/\/veritasinfo.org\/?p=39454#primaryimage\",\"url\":\"https:\/\/veritasinfo.org\/wp-content\/uploads\/2026\/03\/9224d541-120a-4ed1-94ed-c4a301de4ca4.webp\",\"contentUrl\":\"https:\/\/veritasinfo.org\/wp-content\/uploads\/2026\/03\/9224d541-120a-4ed1-94ed-c4a301de4ca4.webp\",\"width\":1089,\"height\":622},{\"@type\":\"BreadcrumbList\",\"@id\":\"https:\/\/veritasinfo.org\/?p=39454#breadcrumb\",\"itemListElement\":[{\"@type\":\"ListItem\",\"position\":1,\"name\":\"Home\",\"item\":\"https:\/\/veritasinfo.org\/\"},{\"@type\":\"ListItem\",\"position\":2,\"name\":\"Kosova, 75 vjet me arkiv\"}]},{\"@type\":\"WebSite\",\"@id\":\"https:\/\/veritasinfo.org\/#website\",\"url\":\"https:\/\/veritasinfo.org\/\",\"name\":\"\",\"description\":\"\",\"potentialAction\":[{\"@type\":\"SearchAction\",\"target\":{\"@type\":\"EntryPoint\",\"urlTemplate\":\"https:\/\/veritasinfo.org\/?s={search_term_string}\"},\"query-input\":{\"@type\":\"PropertyValueSpecification\",\"valueRequired\":true,\"valueName\":\"search_term_string\"}}],\"inLanguage\":\"en-US\"},{\"@type\":\"Person\",\"@id\":\"https:\/\/veritasinfo.org\/#\/schema\/person\/bc442336e35414d04494ab8fb45db4c6\",\"name\":\"US5\",\"image\":{\"@type\":\"ImageObject\",\"inLanguage\":\"en-US\",\"@id\":\"https:\/\/veritasinfo.org\/#\/schema\/person\/image\/\",\"url\":\"https:\/\/secure.gravatar.com\/avatar\/16a61e7272a0c5d001121ebb9e60e925d5816e4ac1e443ed3e640d9a6ae55d0c?s=96&d=mm&r=g\",\"contentUrl\":\"https:\/\/secure.gravatar.com\/avatar\/16a61e7272a0c5d001121ebb9e60e925d5816e4ac1e443ed3e640d9a6ae55d0c?s=96&d=mm&r=g\",\"caption\":\"US5\"},\"url\":\"https:\/\/veritasinfo.org\/?author=6\"}]}<\/script>\n<!-- \/ Yoast SEO plugin. -->","yoast_head_json":{"title":"Kosova, 75 vjet me arkiv -","robots":{"index":"index","follow":"follow","max-snippet":"max-snippet:-1","max-image-preview":"max-image-preview:large","max-video-preview":"max-video-preview:-1"},"canonical":"https:\/\/veritasinfo.org\/?p=39454","og_locale":"en_US","og_type":"article","og_title":"Kosova, 75 vjet me arkiv -","og_description":"Prishtin\u00eb 24 Mars 2026 11:42 N\u00eb kuad\u00ebr t\u00eb 75-vjetorit t\u00eb themelimit, Arkivi i Kosov\u00ebs ka n\u00ebnshkruar marr\u00ebveshjen e par\u00eb t\u00eb bashk\u00ebpunimit me Arkivin Komb\u00ebtar t\u00eb","og_url":"https:\/\/veritasinfo.org\/?p=39454","article_published_time":"2026-03-24T10:43:17+00:00","og_image":[{"width":1089,"height":622,"url":"https:\/\/veritasinfo.org\/wp-content\/uploads\/2026\/03\/9224d541-120a-4ed1-94ed-c4a301de4ca4.webp","type":"image\/webp"}],"author":"US5","twitter_card":"summary_large_image","twitter_misc":{"Written by":"US5","Est. reading time":"1 minute"},"schema":{"@context":"https:\/\/schema.org","@graph":[{"@type":"WebPage","@id":"https:\/\/veritasinfo.org\/?p=39454","url":"https:\/\/veritasinfo.org\/?p=39454","name":"Kosova, 75 vjet me arkiv -","isPartOf":{"@id":"https:\/\/veritasinfo.org\/#website"},"primaryImageOfPage":{"@id":"https:\/\/veritasinfo.org\/?p=39454#primaryimage"},"image":{"@id":"https:\/\/veritasinfo.org\/?p=39454#primaryimage"},"thumbnailUrl":"https:\/\/veritasinfo.org\/wp-content\/uploads\/2026\/03\/9224d541-120a-4ed1-94ed-c4a301de4ca4.webp","datePublished":"2026-03-24T10:43:17+00:00","author":{"@id":"https:\/\/veritasinfo.org\/#\/schema\/person\/bc442336e35414d04494ab8fb45db4c6"},"breadcrumb":{"@id":"https:\/\/veritasinfo.org\/?p=39454#breadcrumb"},"inLanguage":"en-US","potentialAction":[{"@type":"ReadAction","target":["https:\/\/veritasinfo.org\/?p=39454"]}]},{"@type":"ImageObject","inLanguage":"en-US","@id":"https:\/\/veritasinfo.org\/?p=39454#primaryimage","url":"https:\/\/veritasinfo.org\/wp-content\/uploads\/2026\/03\/9224d541-120a-4ed1-94ed-c4a301de4ca4.webp","contentUrl":"https:\/\/veritasinfo.org\/wp-content\/uploads\/2026\/03\/9224d541-120a-4ed1-94ed-c4a301de4ca4.webp","width":1089,"height":622},{"@type":"BreadcrumbList","@id":"https:\/\/veritasinfo.org\/?p=39454#breadcrumb","itemListElement":[{"@type":"ListItem","position":1,"name":"Home","item":"https:\/\/veritasinfo.org\/"},{"@type":"ListItem","position":2,"name":"Kosova, 75 vjet me arkiv"}]},{"@type":"WebSite","@id":"https:\/\/veritasinfo.org\/#website","url":"https:\/\/veritasinfo.org\/","name":"","description":"","potentialAction":[{"@type":"SearchAction","target":{"@type":"EntryPoint","urlTemplate":"https:\/\/veritasinfo.org\/?s={search_term_string}"},"query-input":{"@type":"PropertyValueSpecification","valueRequired":true,"valueName":"search_term_string"}}],"inLanguage":"en-US"},{"@type":"Person","@id":"https:\/\/veritasinfo.org\/#\/schema\/person\/bc442336e35414d04494ab8fb45db4c6","name":"US5","image":{"@type":"ImageObject","inLanguage":"en-US","@id":"https:\/\/veritasinfo.org\/#\/schema\/person\/image\/","url":"https:\/\/secure.gravatar.com\/avatar\/16a61e7272a0c5d001121ebb9e60e925d5816e4ac1e443ed3e640d9a6ae55d0c?s=96&d=mm&r=g","contentUrl":"https:\/\/secure.gravatar.com\/avatar\/16a61e7272a0c5d001121ebb9e60e925d5816e4ac1e443ed3e640d9a6ae55d0c?s=96&d=mm&r=g","caption":"US5"},"url":"https:\/\/veritasinfo.org\/?author=6"}]}},"featured_image_urls":{"full":["https:\/\/veritasinfo.org\/wp-content\/uploads\/2026\/03\/9224d541-120a-4ed1-94ed-c4a301de4ca4.webp",1089,622,false],"thumbnail":["https:\/\/veritasinfo.org\/wp-content\/uploads\/2026\/03\/9224d541-120a-4ed1-94ed-c4a301de4ca4-150x150.webp",150,150,true],"medium":["https:\/\/veritasinfo.org\/wp-content\/uploads\/2026\/03\/9224d541-120a-4ed1-94ed-c4a301de4ca4-300x171.webp",300,171,true],"medium_large":["https:\/\/veritasinfo.org\/wp-content\/uploads\/2026\/03\/9224d541-120a-4ed1-94ed-c4a301de4ca4-768x439.webp",640,366,true],"large":["https:\/\/veritasinfo.org\/wp-content\/uploads\/2026\/03\/9224d541-120a-4ed1-94ed-c4a301de4ca4-1024x585.webp",640,366,true],"1536x1536":["https:\/\/veritasinfo.org\/wp-content\/uploads\/2026\/03\/9224d541-120a-4ed1-94ed-c4a301de4ca4.webp",1089,622,false],"2048x2048":["https:\/\/veritasinfo.org\/wp-content\/uploads\/2026\/03\/9224d541-120a-4ed1-94ed-c4a301de4ca4.webp",1089,622,false],"kreeti-slider-full":["https:\/\/veritasinfo.org\/wp-content\/uploads\/2026\/03\/9224d541-120a-4ed1-94ed-c4a301de4ca4.webp",1089,622,false],"kreeti-featured":["https:\/\/veritasinfo.org\/wp-content\/uploads\/2026\/03\/9224d541-120a-4ed1-94ed-c4a301de4ca4.webp",1024,585,false],"kreeti-medium":["https:\/\/veritasinfo.org\/wp-content\/uploads\/2026\/03\/9224d541-120a-4ed1-94ed-c4a301de4ca4.webp",720,411,false],"kreeti-medium-square":["https:\/\/veritasinfo.org\/wp-content\/uploads\/2026\/03\/9224d541-120a-4ed1-94ed-c4a301de4ca4.webp",350,200,false]},"author_info":{"info":["US5"]},"category_info":"<a href=\"https:\/\/veritasinfo.org\/?cat=60\" rel=\"category\">Shoq\u00ebrore<\/a>","tag_info":"Shoq\u00ebrore","comment_count":"0","_links":{"self":[{"href":"https:\/\/veritasinfo.org\/index.php?rest_route=\/wp\/v2\/posts\/39454","targetHints":{"allow":["GET"]}}],"collection":[{"href":"https:\/\/veritasinfo.org\/index.php?rest_route=\/wp\/v2\/posts"}],"about":[{"href":"https:\/\/veritasinfo.org\/index.php?rest_route=\/wp\/v2\/types\/post"}],"author":[{"embeddable":true,"href":"https:\/\/veritasinfo.org\/index.php?rest_route=\/wp\/v2\/users\/6"}],"replies":[{"embeddable":true,"href":"https:\/\/veritasinfo.org\/index.php?rest_route=%2Fwp%2Fv2%2Fcomments&post=39454"}],"version-history":[{"count":1,"href":"https:\/\/veritasinfo.org\/index.php?rest_route=\/wp\/v2\/posts\/39454\/revisions"}],"predecessor-version":[{"id":39456,"href":"https:\/\/veritasinfo.org\/index.php?rest_route=\/wp\/v2\/posts\/39454\/revisions\/39456"}],"wp:featuredmedia":[{"embeddable":true,"href":"https:\/\/veritasinfo.org\/index.php?rest_route=\/wp\/v2\/media\/39455"}],"wp:attachment":[{"href":"https:\/\/veritasinfo.org\/index.php?rest_route=%2Fwp%2Fv2%2Fmedia&parent=39454"}],"wp:term":[{"taxonomy":"category","embeddable":true,"href":"https:\/\/veritasinfo.org\/index.php?rest_route=%2Fwp%2Fv2%2Fcategories&post=39454"},{"taxonomy":"post_tag","embeddable":true,"href":"https:\/\/veritasinfo.org\/index.php?rest_route=%2Fwp%2Fv2%2Ftags&post=39454"}],"curies":[{"name":"wp","href":"https:\/\/api.w.org\/{rel}","templated":true}]}}