{"id":39429,"date":"2026-03-24T09:30:11","date_gmt":"2026-03-24T08:30:11","guid":{"rendered":"https:\/\/veritasinfo.org\/?p=39429"},"modified":"2026-03-24T09:30:11","modified_gmt":"2026-03-24T08:30:11","slug":"uefa-pise-o-velikom-golu-kosova-pokazuje-sta-fodana-cini-hrabrim","status":"publish","type":"post","link":"https:\/\/veritasinfo.org\/?p=39429&lang=sr","title":{"rendered":"UEFA pi\u0161e o velikom golu Kosova, \u201epokazuje\u201c \u0161ta Fodana \u010dini hrabrim"},"content":{"rendered":"<p>Pri\u0161tina, 24. mart 2026. 9:27<\/p>\n<p>UEFA je pisala o polufinalnim utakmicama evropskog plej-ofa za kvalifikacije za Svetsko prvenstvo u fudbalu.<\/p>\n<p>\u0160esnaestogodi\u0161nje evropske reprezentacije takmi\u010di se za \u010detiri karte za Svetsko prvenstvo koje c\u0301e se letom odr\u017eati u SAD, Kanadi i Meksiku. Postoje \u010detiri \u201eputa\u201c sa po \u010detiri predstavnika, koje dodeljuje po jedan tim za Svetsko prvenstvo.<\/p>\n<p>Podr\u017eite TIME. Za\u0161titite istinu.<\/p>\n<p>Profesionalno novinarstvo je u javnom interesu. Va\u0161a podr\u0161ka mu poma\u017ee da ostane nezavisno i kredibilno. Doprinesite i vi. 1 evro \u010dini razliku.<\/p>\n<p>Kosovo je tako\u0111e na putu C, gde se u polufinalu suo\u010dava sa Slova\u010dkom u \u010detvrtak, od 20:45 u Bratislavi. Drugo polufinale u \u201eC\u201c je izme\u0111u Turske i Rumunije, a odr\u017eava se od 18:00 u Istanbulu. Reprezentacije koje pobede u polufinalu sastac\u0301e se u Pri\u0161tini ili Bratislavi 31. marta u finalu plej-ofa. Pobednik finala c\u0301e se plasirati na Svetsko prvenstvo.<\/p>\n<p>Gubitnici polufinala c\u0301e tako\u0111e igrati, ponovo u Bratislavi ili Pri\u0161tini, ali c\u0301e utakmica izme\u0111u gubitnika polufinala biti prijateljska.<\/p>\n<p>Zvani\u010dna veb stranica UEFA, odnosno Evropske fudbalske konfederacije, napravila je kratak prikaz svih utakmica.<\/p>\n<p>\u201eCilj Kosova je prva kvalifikacija za veliki doga\u0111aj, a njegov nema\u010dki selektor, Franko Foda, ohrabren je serijom od pet utakmica bez poraza, tri pobede i dva remija\u201c, napisala je UEFA.<br \/>\nZa Slova\u010dku je, prema UEFA, va\u017eno da tim bude spreman za utakmicu, nakon problema sa povredama.<\/p>\n<p>Kosovo je ostvarilo seriju od pet utakmica bez poraza u redovnim kvalifikacijama za Svetsko prvenstvo. Nakon te\u0161kog poraza od \u0160vajcarske u prvoj utakmici, Kosovo je na jesen imalo dve pobede protiv \u0160vedske, remi i pobedu protiv Slovenije i remi sa \u0160vajcarskom. Zahvaljujuc\u0301i ovim rezultatima, obezbedilo je plej-of.<\/p>\n<p>Po prvi put, Albanija je tako\u0111e u plej-ofu za kvalifikacije za Svetsko prvenstvo.<\/p>\n<p>Crveno-crni igraju protiv Poljske u \u010detvrtak uve\u010de u Var\u0161avi. Ukrajina &#8211; \u0160vedska je drugo polufinale \u201erute B\u201c. Ukrajina i \u0160vedska, kao pobednik i gubitnik, bic\u0301e domac\u0301ini utakmica 31. marta. Ukrajina, zbog toga \u0161to se suo\u010dava sa ruskom invazijom, igra kao domac\u0301in u Valensiji, u \u0160paniji.<\/p>\n<p>Albanija i Poljska su se u poslednje vreme \u010desto sastajale. U kvalifikacijama za Evro 2024, gde je u\u010destvovala Albanija, utakmica u Tirani zavr\u0161ena je 2:0 za crveno-crne, dok je ona u Var\u0161avi zavr\u0161ena 1:0 za Poljake.<\/p>\n<p>Istorija ide na ruku Poljskoj, koja ima deset pobeda protiv Albanije, tri remija i dva poraza. Ali Albanija putuje sa velikim nadama.<\/p>\n<p>U \u201eruti A\u201c polufinalne utakmice su Italija &#8211; Severna Irska i Vels &#8211; Bosna i Hercegovina.<\/p>\n<p>U me\u0111uvremenu, Severna Makedonija se suo\u010dava sa veoma te\u0161kim polufinalom protiv Danske, u okviru \u201erute D\u201c. Drugo polufinale je izme\u0111u \u010ce\u0161ke i Irske.<\/p>\n<p>Severna Makedonija ima prili\u010dno veliku grupu albanskih fudbalera.<\/p>\n<p>Polufinale plej-ofa<\/p>\n<p>\u010cetvrtak<br \/>\n\u201eA\u201c<br \/>\nItalija protiv Severne Irske (20:45, Bergamo)<br \/>\nVels protiv Bosne i Hercegovine (20:45, Kardif)<\/p>\n<p>\u201eB\u201c<br \/>\nUkrajina protiv \u0160vedske (20:45, Valensija, \u0160panija)<br \/>\nPoljska protiv Albanije (20:45, Var\u0161ava)<\/p>\n<p>\u201eC\u201c<br \/>\nTurska protiv Rumunije (18:00, Istanbul)<br \/>\nSlova\u010dka protiv Kosova (20:45, Bratislava)<\/p>\n<p>\u201eD\u201c<br \/>\nDanska protiv Severne Makedonije (20:45, Kopenhagen)<br \/>\n\u010ce\u0161ka protiv Irske (20:45, Prag)<\/p>\n","protected":false},"excerpt":{"rendered":"<p>Pri\u0161tina, 24. mart 2026. 9:27 UEFA je pisala o polufinalnim utakmicama evropskog plej-ofa za kvalifikacije za Svetsko prvenstvo u fudbalu. \u0160esnaestogodi\u0161nje evropske reprezentacije takmi\u010di se<\/p>\n","protected":false},"author":6,"featured_media":39430,"comment_status":"open","ping_status":"open","sticky":false,"template":"","format":"standard","meta":{"footnotes":""},"categories":[36],"tags":[],"class_list":["post-39429","post","type-post","status-publish","format-standard","has-post-thumbnail","hentry","category-sport-sr"],"yoast_head":"<!-- This site is optimized with the Yoast SEO plugin v25.3.1 - https:\/\/yoast.com\/wordpress\/plugins\/seo\/ -->\n<title>UEFA pi\u0161e o velikom golu Kosova, \u201epokazuje\u201c \u0161ta Fodana \u010dini hrabrim -<\/title>\n<meta name=\"robots\" content=\"index, follow, max-snippet:-1, max-image-preview:large, max-video-preview:-1\" \/>\n<link rel=\"canonical\" href=\"https:\/\/veritasinfo.org\/?p=39429&lang=sr\" \/>\n<meta property=\"og:locale\" content=\"en_US\" \/>\n<meta property=\"og:type\" content=\"article\" \/>\n<meta property=\"og:title\" content=\"UEFA pi\u0161e o velikom golu Kosova, \u201epokazuje\u201c \u0161ta Fodana \u010dini hrabrim -\" \/>\n<meta property=\"og:description\" content=\"Pri\u0161tina, 24. mart 2026. 9:27 UEFA je pisala o polufinalnim utakmicama evropskog plej-ofa za kvalifikacije za Svetsko prvenstvo u fudbalu. \u0160esnaestogodi\u0161nje evropske reprezentacije takmi\u010di se\" \/>\n<meta property=\"og:url\" content=\"https:\/\/veritasinfo.org\/?p=39429&amp;lang=sr\" \/>\n<meta property=\"article:published_time\" content=\"2026-03-24T08:30:11+00:00\" \/>\n<meta property=\"og:image\" content=\"https:\/\/veritasinfo.org\/wp-content\/uploads\/2026\/03\/bdf76eeb-fc09-405c-80ca-3b1944705e0a-1.webp\" \/>\n\t<meta property=\"og:image:width\" content=\"633\" \/>\n\t<meta property=\"og:image:height\" content=\"586\" \/>\n\t<meta property=\"og:image:type\" content=\"image\/webp\" \/>\n<meta name=\"author\" content=\"US5\" \/>\n<meta name=\"twitter:card\" content=\"summary_large_image\" \/>\n<meta name=\"twitter:label1\" content=\"Written by\" \/>\n\t<meta name=\"twitter:data1\" content=\"US5\" \/>\n<script type=\"application\/ld+json\" class=\"yoast-schema-graph\">{\"@context\":\"https:\/\/schema.org\",\"@graph\":[{\"@type\":\"WebPage\",\"@id\":\"https:\/\/veritasinfo.org\/?p=39429&lang=sr\",\"url\":\"https:\/\/veritasinfo.org\/?p=39429&lang=sr\",\"name\":\"UEFA pi\u0161e o velikom golu Kosova, \u201epokazuje\u201c \u0161ta Fodana \u010dini hrabrim -\",\"isPartOf\":{\"@id\":\"https:\/\/veritasinfo.org\/#website\"},\"primaryImageOfPage\":{\"@id\":\"https:\/\/veritasinfo.org\/?p=39429&lang=sr#primaryimage\"},\"image\":{\"@id\":\"https:\/\/veritasinfo.org\/?p=39429&lang=sr#primaryimage\"},\"thumbnailUrl\":\"https:\/\/veritasinfo.org\/wp-content\/uploads\/2026\/03\/bdf76eeb-fc09-405c-80ca-3b1944705e0a-1.webp\",\"datePublished\":\"2026-03-24T08:30:11+00:00\",\"author\":{\"@id\":\"https:\/\/veritasinfo.org\/#\/schema\/person\/bc442336e35414d04494ab8fb45db4c6\"},\"breadcrumb\":{\"@id\":\"https:\/\/veritasinfo.org\/?p=39429&lang=sr#breadcrumb\"},\"inLanguage\":\"en-US\",\"potentialAction\":[{\"@type\":\"ReadAction\",\"target\":[\"https:\/\/veritasinfo.org\/?p=39429&lang=sr\"]}]},{\"@type\":\"ImageObject\",\"inLanguage\":\"en-US\",\"@id\":\"https:\/\/veritasinfo.org\/?p=39429&lang=sr#primaryimage\",\"url\":\"https:\/\/veritasinfo.org\/wp-content\/uploads\/2026\/03\/bdf76eeb-fc09-405c-80ca-3b1944705e0a-1.webp\",\"contentUrl\":\"https:\/\/veritasinfo.org\/wp-content\/uploads\/2026\/03\/bdf76eeb-fc09-405c-80ca-3b1944705e0a-1.webp\",\"width\":633,\"height\":586},{\"@type\":\"BreadcrumbList\",\"@id\":\"https:\/\/veritasinfo.org\/?p=39429&lang=sr#breadcrumb\",\"itemListElement\":[{\"@type\":\"ListItem\",\"position\":1,\"name\":\"Home\",\"item\":\"https:\/\/veritasinfo.org\/\"},{\"@type\":\"ListItem\",\"position\":2,\"name\":\"UEFA pi\u0161e o velikom golu Kosova, \u201epokazuje\u201c \u0161ta Fodana \u010dini hrabrim\"}]},{\"@type\":\"WebSite\",\"@id\":\"https:\/\/veritasinfo.org\/#website\",\"url\":\"https:\/\/veritasinfo.org\/\",\"name\":\"\",\"description\":\"\",\"potentialAction\":[{\"@type\":\"SearchAction\",\"target\":{\"@type\":\"EntryPoint\",\"urlTemplate\":\"https:\/\/veritasinfo.org\/?s={search_term_string}\"},\"query-input\":{\"@type\":\"PropertyValueSpecification\",\"valueRequired\":true,\"valueName\":\"search_term_string\"}}],\"inLanguage\":\"en-US\"},{\"@type\":\"Person\",\"@id\":\"https:\/\/veritasinfo.org\/#\/schema\/person\/bc442336e35414d04494ab8fb45db4c6\",\"name\":\"US5\",\"image\":{\"@type\":\"ImageObject\",\"inLanguage\":\"en-US\",\"@id\":\"https:\/\/veritasinfo.org\/#\/schema\/person\/image\/\",\"url\":\"https:\/\/secure.gravatar.com\/avatar\/16a61e7272a0c5d001121ebb9e60e925d5816e4ac1e443ed3e640d9a6ae55d0c?s=96&d=mm&r=g\",\"contentUrl\":\"https:\/\/secure.gravatar.com\/avatar\/16a61e7272a0c5d001121ebb9e60e925d5816e4ac1e443ed3e640d9a6ae55d0c?s=96&d=mm&r=g\",\"caption\":\"US5\"},\"url\":\"https:\/\/veritasinfo.org\/?author=6\"}]}<\/script>\n<!-- \/ Yoast SEO plugin. -->","yoast_head_json":{"title":"UEFA pi\u0161e o velikom golu Kosova, \u201epokazuje\u201c \u0161ta Fodana \u010dini hrabrim -","robots":{"index":"index","follow":"follow","max-snippet":"max-snippet:-1","max-image-preview":"max-image-preview:large","max-video-preview":"max-video-preview:-1"},"canonical":"https:\/\/veritasinfo.org\/?p=39429&lang=sr","og_locale":"en_US","og_type":"article","og_title":"UEFA pi\u0161e o velikom golu Kosova, \u201epokazuje\u201c \u0161ta Fodana \u010dini hrabrim -","og_description":"Pri\u0161tina, 24. mart 2026. 9:27 UEFA je pisala o polufinalnim utakmicama evropskog plej-ofa za kvalifikacije za Svetsko prvenstvo u fudbalu. \u0160esnaestogodi\u0161nje evropske reprezentacije takmi\u010di se","og_url":"https:\/\/veritasinfo.org\/?p=39429&lang=sr","article_published_time":"2026-03-24T08:30:11+00:00","og_image":[{"width":633,"height":586,"url":"https:\/\/veritasinfo.org\/wp-content\/uploads\/2026\/03\/bdf76eeb-fc09-405c-80ca-3b1944705e0a-1.webp","type":"image\/webp"}],"author":"US5","twitter_card":"summary_large_image","twitter_misc":{"Written by":"US5"},"schema":{"@context":"https:\/\/schema.org","@graph":[{"@type":"WebPage","@id":"https:\/\/veritasinfo.org\/?p=39429&lang=sr","url":"https:\/\/veritasinfo.org\/?p=39429&lang=sr","name":"UEFA pi\u0161e o velikom golu Kosova, \u201epokazuje\u201c \u0161ta Fodana \u010dini hrabrim -","isPartOf":{"@id":"https:\/\/veritasinfo.org\/#website"},"primaryImageOfPage":{"@id":"https:\/\/veritasinfo.org\/?p=39429&lang=sr#primaryimage"},"image":{"@id":"https:\/\/veritasinfo.org\/?p=39429&lang=sr#primaryimage"},"thumbnailUrl":"https:\/\/veritasinfo.org\/wp-content\/uploads\/2026\/03\/bdf76eeb-fc09-405c-80ca-3b1944705e0a-1.webp","datePublished":"2026-03-24T08:30:11+00:00","author":{"@id":"https:\/\/veritasinfo.org\/#\/schema\/person\/bc442336e35414d04494ab8fb45db4c6"},"breadcrumb":{"@id":"https:\/\/veritasinfo.org\/?p=39429&lang=sr#breadcrumb"},"inLanguage":"en-US","potentialAction":[{"@type":"ReadAction","target":["https:\/\/veritasinfo.org\/?p=39429&lang=sr"]}]},{"@type":"ImageObject","inLanguage":"en-US","@id":"https:\/\/veritasinfo.org\/?p=39429&lang=sr#primaryimage","url":"https:\/\/veritasinfo.org\/wp-content\/uploads\/2026\/03\/bdf76eeb-fc09-405c-80ca-3b1944705e0a-1.webp","contentUrl":"https:\/\/veritasinfo.org\/wp-content\/uploads\/2026\/03\/bdf76eeb-fc09-405c-80ca-3b1944705e0a-1.webp","width":633,"height":586},{"@type":"BreadcrumbList","@id":"https:\/\/veritasinfo.org\/?p=39429&lang=sr#breadcrumb","itemListElement":[{"@type":"ListItem","position":1,"name":"Home","item":"https:\/\/veritasinfo.org\/"},{"@type":"ListItem","position":2,"name":"UEFA pi\u0161e o velikom golu Kosova, \u201epokazuje\u201c \u0161ta Fodana \u010dini hrabrim"}]},{"@type":"WebSite","@id":"https:\/\/veritasinfo.org\/#website","url":"https:\/\/veritasinfo.org\/","name":"","description":"","potentialAction":[{"@type":"SearchAction","target":{"@type":"EntryPoint","urlTemplate":"https:\/\/veritasinfo.org\/?s={search_term_string}"},"query-input":{"@type":"PropertyValueSpecification","valueRequired":true,"valueName":"search_term_string"}}],"inLanguage":"en-US"},{"@type":"Person","@id":"https:\/\/veritasinfo.org\/#\/schema\/person\/bc442336e35414d04494ab8fb45db4c6","name":"US5","image":{"@type":"ImageObject","inLanguage":"en-US","@id":"https:\/\/veritasinfo.org\/#\/schema\/person\/image\/","url":"https:\/\/secure.gravatar.com\/avatar\/16a61e7272a0c5d001121ebb9e60e925d5816e4ac1e443ed3e640d9a6ae55d0c?s=96&d=mm&r=g","contentUrl":"https:\/\/secure.gravatar.com\/avatar\/16a61e7272a0c5d001121ebb9e60e925d5816e4ac1e443ed3e640d9a6ae55d0c?s=96&d=mm&r=g","caption":"US5"},"url":"https:\/\/veritasinfo.org\/?author=6"}]}},"featured_image_urls":{"full":["https:\/\/veritasinfo.org\/wp-content\/uploads\/2026\/03\/bdf76eeb-fc09-405c-80ca-3b1944705e0a-1.webp",633,586,false],"thumbnail":["https:\/\/veritasinfo.org\/wp-content\/uploads\/2026\/03\/bdf76eeb-fc09-405c-80ca-3b1944705e0a-1-150x150.webp",150,150,true],"medium":["https:\/\/veritasinfo.org\/wp-content\/uploads\/2026\/03\/bdf76eeb-fc09-405c-80ca-3b1944705e0a-1-300x278.webp",300,278,true],"medium_large":["https:\/\/veritasinfo.org\/wp-content\/uploads\/2026\/03\/bdf76eeb-fc09-405c-80ca-3b1944705e0a-1.webp",633,586,false],"large":["https:\/\/veritasinfo.org\/wp-content\/uploads\/2026\/03\/bdf76eeb-fc09-405c-80ca-3b1944705e0a-1.webp",633,586,false],"1536x1536":["https:\/\/veritasinfo.org\/wp-content\/uploads\/2026\/03\/bdf76eeb-fc09-405c-80ca-3b1944705e0a-1.webp",633,586,false],"2048x2048":["https:\/\/veritasinfo.org\/wp-content\/uploads\/2026\/03\/bdf76eeb-fc09-405c-80ca-3b1944705e0a-1.webp",633,586,false],"kreeti-slider-full":["https:\/\/veritasinfo.org\/wp-content\/uploads\/2026\/03\/bdf76eeb-fc09-405c-80ca-3b1944705e0a-1.webp",633,586,false],"kreeti-featured":["https:\/\/veritasinfo.org\/wp-content\/uploads\/2026\/03\/bdf76eeb-fc09-405c-80ca-3b1944705e0a-1.webp",633,586,false],"kreeti-medium":["https:\/\/veritasinfo.org\/wp-content\/uploads\/2026\/03\/bdf76eeb-fc09-405c-80ca-3b1944705e0a-1.webp",573,530,false],"kreeti-medium-square":["https:\/\/veritasinfo.org\/wp-content\/uploads\/2026\/03\/bdf76eeb-fc09-405c-80ca-3b1944705e0a-1.webp",350,324,false]},"author_info":{"info":["US5"]},"category_info":"<a href=\"https:\/\/veritasinfo.org\/?cat=36&#038;lang=sr\" rel=\"category\">Sport<\/a>","tag_info":"Sport","comment_count":"0","_links":{"self":[{"href":"https:\/\/veritasinfo.org\/index.php?rest_route=\/wp\/v2\/posts\/39429","targetHints":{"allow":["GET"]}}],"collection":[{"href":"https:\/\/veritasinfo.org\/index.php?rest_route=\/wp\/v2\/posts"}],"about":[{"href":"https:\/\/veritasinfo.org\/index.php?rest_route=\/wp\/v2\/types\/post"}],"author":[{"embeddable":true,"href":"https:\/\/veritasinfo.org\/index.php?rest_route=\/wp\/v2\/users\/6"}],"replies":[{"embeddable":true,"href":"https:\/\/veritasinfo.org\/index.php?rest_route=%2Fwp%2Fv2%2Fcomments&post=39429"}],"version-history":[{"count":1,"href":"https:\/\/veritasinfo.org\/index.php?rest_route=\/wp\/v2\/posts\/39429\/revisions"}],"predecessor-version":[{"id":39431,"href":"https:\/\/veritasinfo.org\/index.php?rest_route=\/wp\/v2\/posts\/39429\/revisions\/39431"}],"wp:featuredmedia":[{"embeddable":true,"href":"https:\/\/veritasinfo.org\/index.php?rest_route=\/wp\/v2\/media\/39430"}],"wp:attachment":[{"href":"https:\/\/veritasinfo.org\/index.php?rest_route=%2Fwp%2Fv2%2Fmedia&parent=39429"}],"wp:term":[{"taxonomy":"category","embeddable":true,"href":"https:\/\/veritasinfo.org\/index.php?rest_route=%2Fwp%2Fv2%2Fcategories&post=39429"},{"taxonomy":"post_tag","embeddable":true,"href":"https:\/\/veritasinfo.org\/index.php?rest_route=%2Fwp%2Fv2%2Ftags&post=39429"}],"curies":[{"name":"wp","href":"https:\/\/api.w.org\/{rel}","templated":true}]}}