{"id":39418,"date":"2026-03-24T09:00:40","date_gmt":"2026-03-24T08:00:40","guid":{"rendered":"https:\/\/veritasinfo.org\/?p=39418"},"modified":"2026-03-24T09:00:53","modified_gmt":"2026-03-24T08:00:53","slug":"39418","status":"publish","type":"post","link":"https:\/\/veritasinfo.org\/?p=39418","title":{"rendered":"Maqedonci: Beteja e Gllogjanit vulosi qart\u00eb se U\u00c7K-ja ishte nj\u00eb ushtri e lindur nga populli"},"content":{"rendered":"<p>Prishtin\u00eb 24 Mars 2026 8:59<\/p>\n<p>Ministri i Mbrojtjes, Ejup Maqedonci ka th\u00ebn\u00eb se Epopeja e Dukagjinit \u00ebsht\u00eb nj\u00eb nga ngjarjet m\u00eb t\u00eb lavdishme t\u00eb historis\u00eb son\u00eb t\u00eb re<\/p>\n<p>Ai duke kujtuar sulmin e forcave serbe n\u00eb Gllogjan dhe rezistenc\u00ebn e ushtar\u00ebve t\u00eb U\u00c7K-s\u00eb, \u00ebsht\u00eb shprehur se n\u00eb k\u00ebt\u00eb betej\u00eb u vulos se U\u00c7K ishte nj\u00eb ushtri e lindur nga populli<\/p>\n<p>\u201cBeteja e Gllogjanit vulosi qart\u00eb se U\u00c7K-ja nuk ishte m\u00eb nj\u00eb vat\u00ebr e kufizuar rezistence, por nj\u00eb ushtri e lindur nga populli dhe e shtrir\u00eb n\u00eb gjith\u00eb Kosov\u00ebn. Beteja e Gllogjanit pasoi betej\u00ebn te Gjasht\u00eb Lisat n\u00eb Likoshan, m\u00eb 28 shkurt, si dhe q\u00ebndres\u00ebn heroike e t\u00eb lavdishme t\u00eb Jasharajve n\u00eb Prekaz, m\u00eb 5, 6 dhe 7 mars 1998. Kjo ishte rruga jon\u00eb e vetme p\u00ebr t\u2019i dh\u00ebn\u00eb fund sundimit dhe shtypjes shekullore t\u00eb Serbis\u00eb fashiste. Ishte nj\u00eb luft\u00eb e drejt\u00eb, e past\u00ebr dhe e shenjt\u00eb p\u00ebr liri. P\u00ebrball\u00eb nesh ishte nj\u00eb makineri gjenocidale; p\u00ebrball\u00eb tyre q\u00ebndronte nj\u00eb popull q\u00eb luftonte p\u00ebr t\u00eb jetuar i lir\u00eb\u201d, ka shkruar ai nd\u00ebr t\u00eb tjera.<\/p>\n<p>Maqedonci ka th\u00ebn\u00eb se kauza e drejt\u00eb e Kosov\u00ebs solli mb\u00ebshtetjen dn\u00ebrkombtare duke kujtuar edhe nd\u00ebrhyrja e NATO-s kund\u00ebr Serbis\u00eb, q\u00eb ndodhi nj\u00eb vit pas betjes\u00eb s\u00eb Gllogjanit.<\/p>\n","protected":false},"excerpt":{"rendered":"<p>Prishtin\u00eb 24 Mars 2026 8:59 Ministri i Mbrojtjes, Ejup Maqedonci ka th\u00ebn\u00eb se Epopeja e Dukagjinit \u00ebsht\u00eb nj\u00eb nga ngjarjet m\u00eb t\u00eb lavdishme t\u00eb historis\u00eb<\/p>\n","protected":false},"author":6,"featured_media":39419,"comment_status":"open","ping_status":"open","sticky":false,"template":"","format":"standard","meta":{"footnotes":""},"categories":[60],"tags":[],"class_list":["post-39418","post","type-post","status-publish","format-standard","has-post-thumbnail","hentry","category-shoqerore-sq"],"yoast_head":"<!-- This site is optimized with the Yoast SEO plugin v25.3.1 - https:\/\/yoast.com\/wordpress\/plugins\/seo\/ -->\n<title>Maqedonci: Beteja e Gllogjanit vulosi qart\u00eb se U\u00c7K-ja ishte nj\u00eb ushtri e lindur nga populli -<\/title>\n<meta name=\"robots\" content=\"index, follow, max-snippet:-1, max-image-preview:large, max-video-preview:-1\" \/>\n<link rel=\"canonical\" href=\"https:\/\/veritasinfo.org\/?p=39418\" \/>\n<meta property=\"og:locale\" content=\"en_US\" \/>\n<meta property=\"og:type\" content=\"article\" \/>\n<meta property=\"og:title\" content=\"Maqedonci: Beteja e Gllogjanit vulosi qart\u00eb se U\u00c7K-ja ishte nj\u00eb ushtri e lindur nga populli -\" \/>\n<meta property=\"og:description\" content=\"Prishtin\u00eb 24 Mars 2026 8:59 Ministri i Mbrojtjes, Ejup Maqedonci ka th\u00ebn\u00eb se Epopeja e Dukagjinit \u00ebsht\u00eb nj\u00eb nga ngjarjet m\u00eb t\u00eb lavdishme t\u00eb historis\u00eb\" \/>\n<meta property=\"og:url\" content=\"https:\/\/veritasinfo.org\/?p=39418\" \/>\n<meta property=\"article:published_time\" content=\"2026-03-24T08:00:40+00:00\" \/>\n<meta property=\"article:modified_time\" content=\"2026-03-24T08:00:53+00:00\" \/>\n<meta property=\"og:image\" content=\"https:\/\/veritasinfo.org\/wp-content\/uploads\/2026\/03\/IMG-20260324-WA0001.jpg\" \/>\n\t<meta property=\"og:image:width\" content=\"1140\" \/>\n\t<meta property=\"og:image:height\" content=\"570\" \/>\n\t<meta property=\"og:image:type\" content=\"image\/jpeg\" \/>\n<meta name=\"author\" content=\"US5\" \/>\n<meta name=\"twitter:card\" content=\"summary_large_image\" \/>\n<meta name=\"twitter:label1\" content=\"Written by\" \/>\n\t<meta name=\"twitter:data1\" content=\"US5\" \/>\n\t<meta name=\"twitter:label2\" content=\"Est. reading time\" \/>\n\t<meta name=\"twitter:data2\" content=\"2 minutes\" \/>\n<script type=\"application\/ld+json\" class=\"yoast-schema-graph\">{\"@context\":\"https:\/\/schema.org\",\"@graph\":[{\"@type\":\"WebPage\",\"@id\":\"https:\/\/veritasinfo.org\/?p=39418\",\"url\":\"https:\/\/veritasinfo.org\/?p=39418\",\"name\":\"Maqedonci: Beteja e Gllogjanit vulosi qart\u00eb se U\u00c7K-ja ishte nj\u00eb ushtri e lindur nga populli -\",\"isPartOf\":{\"@id\":\"https:\/\/veritasinfo.org\/#website\"},\"primaryImageOfPage\":{\"@id\":\"https:\/\/veritasinfo.org\/?p=39418#primaryimage\"},\"image\":{\"@id\":\"https:\/\/veritasinfo.org\/?p=39418#primaryimage\"},\"thumbnailUrl\":\"https:\/\/veritasinfo.org\/wp-content\/uploads\/2026\/03\/IMG-20260324-WA0001.jpg\",\"datePublished\":\"2026-03-24T08:00:40+00:00\",\"dateModified\":\"2026-03-24T08:00:53+00:00\",\"author\":{\"@id\":\"https:\/\/veritasinfo.org\/#\/schema\/person\/bc442336e35414d04494ab8fb45db4c6\"},\"breadcrumb\":{\"@id\":\"https:\/\/veritasinfo.org\/?p=39418#breadcrumb\"},\"inLanguage\":\"en-US\",\"potentialAction\":[{\"@type\":\"ReadAction\",\"target\":[\"https:\/\/veritasinfo.org\/?p=39418\"]}]},{\"@type\":\"ImageObject\",\"inLanguage\":\"en-US\",\"@id\":\"https:\/\/veritasinfo.org\/?p=39418#primaryimage\",\"url\":\"https:\/\/veritasinfo.org\/wp-content\/uploads\/2026\/03\/IMG-20260324-WA0001.jpg\",\"contentUrl\":\"https:\/\/veritasinfo.org\/wp-content\/uploads\/2026\/03\/IMG-20260324-WA0001.jpg\",\"width\":1140,\"height\":570},{\"@type\":\"BreadcrumbList\",\"@id\":\"https:\/\/veritasinfo.org\/?p=39418#breadcrumb\",\"itemListElement\":[{\"@type\":\"ListItem\",\"position\":1,\"name\":\"Home\",\"item\":\"https:\/\/veritasinfo.org\/\"},{\"@type\":\"ListItem\",\"position\":2,\"name\":\"Maqedonci: Beteja e Gllogjanit vulosi qart\u00eb se U\u00c7K-ja ishte nj\u00eb ushtri e lindur nga populli\"}]},{\"@type\":\"WebSite\",\"@id\":\"https:\/\/veritasinfo.org\/#website\",\"url\":\"https:\/\/veritasinfo.org\/\",\"name\":\"\",\"description\":\"\",\"potentialAction\":[{\"@type\":\"SearchAction\",\"target\":{\"@type\":\"EntryPoint\",\"urlTemplate\":\"https:\/\/veritasinfo.org\/?s={search_term_string}\"},\"query-input\":{\"@type\":\"PropertyValueSpecification\",\"valueRequired\":true,\"valueName\":\"search_term_string\"}}],\"inLanguage\":\"en-US\"},{\"@type\":\"Person\",\"@id\":\"https:\/\/veritasinfo.org\/#\/schema\/person\/bc442336e35414d04494ab8fb45db4c6\",\"name\":\"US5\",\"image\":{\"@type\":\"ImageObject\",\"inLanguage\":\"en-US\",\"@id\":\"https:\/\/veritasinfo.org\/#\/schema\/person\/image\/\",\"url\":\"https:\/\/secure.gravatar.com\/avatar\/16a61e7272a0c5d001121ebb9e60e925d5816e4ac1e443ed3e640d9a6ae55d0c?s=96&d=mm&r=g\",\"contentUrl\":\"https:\/\/secure.gravatar.com\/avatar\/16a61e7272a0c5d001121ebb9e60e925d5816e4ac1e443ed3e640d9a6ae55d0c?s=96&d=mm&r=g\",\"caption\":\"US5\"},\"url\":\"https:\/\/veritasinfo.org\/?author=6\"}]}<\/script>\n<!-- \/ Yoast SEO plugin. -->","yoast_head_json":{"title":"Maqedonci: Beteja e Gllogjanit vulosi qart\u00eb se U\u00c7K-ja ishte nj\u00eb ushtri e lindur nga populli -","robots":{"index":"index","follow":"follow","max-snippet":"max-snippet:-1","max-image-preview":"max-image-preview:large","max-video-preview":"max-video-preview:-1"},"canonical":"https:\/\/veritasinfo.org\/?p=39418","og_locale":"en_US","og_type":"article","og_title":"Maqedonci: Beteja e Gllogjanit vulosi qart\u00eb se U\u00c7K-ja ishte nj\u00eb ushtri e lindur nga populli -","og_description":"Prishtin\u00eb 24 Mars 2026 8:59 Ministri i Mbrojtjes, Ejup Maqedonci ka th\u00ebn\u00eb se Epopeja e Dukagjinit \u00ebsht\u00eb nj\u00eb nga ngjarjet m\u00eb t\u00eb lavdishme t\u00eb historis\u00eb","og_url":"https:\/\/veritasinfo.org\/?p=39418","article_published_time":"2026-03-24T08:00:40+00:00","article_modified_time":"2026-03-24T08:00:53+00:00","og_image":[{"width":1140,"height":570,"url":"https:\/\/veritasinfo.org\/wp-content\/uploads\/2026\/03\/IMG-20260324-WA0001.jpg","type":"image\/jpeg"}],"author":"US5","twitter_card":"summary_large_image","twitter_misc":{"Written by":"US5","Est. reading time":"2 minutes"},"schema":{"@context":"https:\/\/schema.org","@graph":[{"@type":"WebPage","@id":"https:\/\/veritasinfo.org\/?p=39418","url":"https:\/\/veritasinfo.org\/?p=39418","name":"Maqedonci: Beteja e Gllogjanit vulosi qart\u00eb se U\u00c7K-ja ishte nj\u00eb ushtri e lindur nga populli -","isPartOf":{"@id":"https:\/\/veritasinfo.org\/#website"},"primaryImageOfPage":{"@id":"https:\/\/veritasinfo.org\/?p=39418#primaryimage"},"image":{"@id":"https:\/\/veritasinfo.org\/?p=39418#primaryimage"},"thumbnailUrl":"https:\/\/veritasinfo.org\/wp-content\/uploads\/2026\/03\/IMG-20260324-WA0001.jpg","datePublished":"2026-03-24T08:00:40+00:00","dateModified":"2026-03-24T08:00:53+00:00","author":{"@id":"https:\/\/veritasinfo.org\/#\/schema\/person\/bc442336e35414d04494ab8fb45db4c6"},"breadcrumb":{"@id":"https:\/\/veritasinfo.org\/?p=39418#breadcrumb"},"inLanguage":"en-US","potentialAction":[{"@type":"ReadAction","target":["https:\/\/veritasinfo.org\/?p=39418"]}]},{"@type":"ImageObject","inLanguage":"en-US","@id":"https:\/\/veritasinfo.org\/?p=39418#primaryimage","url":"https:\/\/veritasinfo.org\/wp-content\/uploads\/2026\/03\/IMG-20260324-WA0001.jpg","contentUrl":"https:\/\/veritasinfo.org\/wp-content\/uploads\/2026\/03\/IMG-20260324-WA0001.jpg","width":1140,"height":570},{"@type":"BreadcrumbList","@id":"https:\/\/veritasinfo.org\/?p=39418#breadcrumb","itemListElement":[{"@type":"ListItem","position":1,"name":"Home","item":"https:\/\/veritasinfo.org\/"},{"@type":"ListItem","position":2,"name":"Maqedonci: Beteja e Gllogjanit vulosi qart\u00eb se U\u00c7K-ja ishte nj\u00eb ushtri e lindur nga populli"}]},{"@type":"WebSite","@id":"https:\/\/veritasinfo.org\/#website","url":"https:\/\/veritasinfo.org\/","name":"","description":"","potentialAction":[{"@type":"SearchAction","target":{"@type":"EntryPoint","urlTemplate":"https:\/\/veritasinfo.org\/?s={search_term_string}"},"query-input":{"@type":"PropertyValueSpecification","valueRequired":true,"valueName":"search_term_string"}}],"inLanguage":"en-US"},{"@type":"Person","@id":"https:\/\/veritasinfo.org\/#\/schema\/person\/bc442336e35414d04494ab8fb45db4c6","name":"US5","image":{"@type":"ImageObject","inLanguage":"en-US","@id":"https:\/\/veritasinfo.org\/#\/schema\/person\/image\/","url":"https:\/\/secure.gravatar.com\/avatar\/16a61e7272a0c5d001121ebb9e60e925d5816e4ac1e443ed3e640d9a6ae55d0c?s=96&d=mm&r=g","contentUrl":"https:\/\/secure.gravatar.com\/avatar\/16a61e7272a0c5d001121ebb9e60e925d5816e4ac1e443ed3e640d9a6ae55d0c?s=96&d=mm&r=g","caption":"US5"},"url":"https:\/\/veritasinfo.org\/?author=6"}]}},"featured_image_urls":{"full":["https:\/\/veritasinfo.org\/wp-content\/uploads\/2026\/03\/IMG-20260324-WA0001.jpg",1140,570,false],"thumbnail":["https:\/\/veritasinfo.org\/wp-content\/uploads\/2026\/03\/IMG-20260324-WA0001-150x150.jpg",150,150,true],"medium":["https:\/\/veritasinfo.org\/wp-content\/uploads\/2026\/03\/IMG-20260324-WA0001-300x150.jpg",300,150,true],"medium_large":["https:\/\/veritasinfo.org\/wp-content\/uploads\/2026\/03\/IMG-20260324-WA0001-768x384.jpg",640,320,true],"large":["https:\/\/veritasinfo.org\/wp-content\/uploads\/2026\/03\/IMG-20260324-WA0001-1024x512.jpg",640,320,true],"1536x1536":["https:\/\/veritasinfo.org\/wp-content\/uploads\/2026\/03\/IMG-20260324-WA0001.jpg",1140,570,false],"2048x2048":["https:\/\/veritasinfo.org\/wp-content\/uploads\/2026\/03\/IMG-20260324-WA0001.jpg",1140,570,false],"kreeti-slider-full":["https:\/\/veritasinfo.org\/wp-content\/uploads\/2026\/03\/IMG-20260324-WA0001.jpg",1140,570,false],"kreeti-featured":["https:\/\/veritasinfo.org\/wp-content\/uploads\/2026\/03\/IMG-20260324-WA0001.jpg",1024,512,false],"kreeti-medium":["https:\/\/veritasinfo.org\/wp-content\/uploads\/2026\/03\/IMG-20260324-WA0001.jpg",720,360,false],"kreeti-medium-square":["https:\/\/veritasinfo.org\/wp-content\/uploads\/2026\/03\/IMG-20260324-WA0001.jpg",350,175,false]},"author_info":{"info":["US5"]},"category_info":"<a href=\"https:\/\/veritasinfo.org\/?cat=60\" rel=\"category\">Shoq\u00ebrore<\/a>","tag_info":"Shoq\u00ebrore","comment_count":"0","_links":{"self":[{"href":"https:\/\/veritasinfo.org\/index.php?rest_route=\/wp\/v2\/posts\/39418","targetHints":{"allow":["GET"]}}],"collection":[{"href":"https:\/\/veritasinfo.org\/index.php?rest_route=\/wp\/v2\/posts"}],"about":[{"href":"https:\/\/veritasinfo.org\/index.php?rest_route=\/wp\/v2\/types\/post"}],"author":[{"embeddable":true,"href":"https:\/\/veritasinfo.org\/index.php?rest_route=\/wp\/v2\/users\/6"}],"replies":[{"embeddable":true,"href":"https:\/\/veritasinfo.org\/index.php?rest_route=%2Fwp%2Fv2%2Fcomments&post=39418"}],"version-history":[{"count":2,"href":"https:\/\/veritasinfo.org\/index.php?rest_route=\/wp\/v2\/posts\/39418\/revisions"}],"predecessor-version":[{"id":39421,"href":"https:\/\/veritasinfo.org\/index.php?rest_route=\/wp\/v2\/posts\/39418\/revisions\/39421"}],"wp:featuredmedia":[{"embeddable":true,"href":"https:\/\/veritasinfo.org\/index.php?rest_route=\/wp\/v2\/media\/39419"}],"wp:attachment":[{"href":"https:\/\/veritasinfo.org\/index.php?rest_route=%2Fwp%2Fv2%2Fmedia&parent=39418"}],"wp:term":[{"taxonomy":"category","embeddable":true,"href":"https:\/\/veritasinfo.org\/index.php?rest_route=%2Fwp%2Fv2%2Fcategories&post=39418"},{"taxonomy":"post_tag","embeddable":true,"href":"https:\/\/veritasinfo.org\/index.php?rest_route=%2Fwp%2Fv2%2Ftags&post=39418"}],"curies":[{"name":"wp","href":"https:\/\/api.w.org\/{rel}","templated":true}]}}