{"id":39398,"date":"2026-03-24T08:42:38","date_gmt":"2026-03-24T07:42:38","guid":{"rendered":"https:\/\/veritasinfo.org\/?p=39398"},"modified":"2026-03-24T08:42:38","modified_gmt":"2026-03-24T07:42:38","slug":"27-vjet-nga-vrasja-e-bajram-kelmendit","status":"publish","type":"post","link":"https:\/\/veritasinfo.org\/?p=39398","title":{"rendered":"\u200b27 vjet nga vrasja e Bajram Kelmendit"},"content":{"rendered":"<p>Prishtin\u00eb 24 Mars 2026 08:41<\/p>\n<p>Sot mbushen 27 vjet nga vrasja e avokatit t\u00eb shquar shqiptar Bajram Kelmendi, dhe dy djemve t\u00eb tij, Kastriotit dhe Kushtrimit.<\/p>\n<p>Avokati Kelmendi s\u00eb bashku me dy djemt\u00eb e tij ishin marr\u00eb nga forcat serbe m\u00eb 24 mars, dit\u00ebn q\u00eb NATO nisi bombardimet n\u00eb Kosov\u00eb ndaj caqeve serbe.<\/p>\n<p>Lajmin p\u00ebr vendndodhjen e kufomave t\u00eb tyre, Nekibe Kelmendi, tashm\u00eb e ndjer\u00eb, e kishte marr\u00eb m\u00eb 26 mars.<\/p>\n<p>Kufomat ishin gjendur af\u00ebr nj\u00eb distributori gazi n\u00eb rrug\u00ebn Prishtin\u00eb-Fush\u00eb Kosov\u00eb.<\/p>\n<p>Kelmendi, si avokat, kishte proceduar nj\u00eb dosje p\u00ebr krimet e regjimit t\u00eb Millosheviqit n\u00eb Kosov\u00eb, t\u00eb cil\u00ebn do ta dor\u00ebzonte n\u00eb Hag\u00eb.<\/p>\n<p>Kelmendi ishte edhe aktivist n\u00eb K\u00ebshillin p\u00ebr Mbrojtjen e t\u00eb Drejtave e Lirive t\u00eb Njeriut.<\/p>\n","protected":false},"excerpt":{"rendered":"<p>Prishtin\u00eb 24 Mars 2026 08:41 Sot mbushen 27 vjet nga vrasja e avokatit t\u00eb shquar shqiptar Bajram Kelmendi, dhe dy djemve t\u00eb tij, Kastriotit dhe<\/p>\n","protected":false},"author":6,"featured_media":39400,"comment_status":"open","ping_status":"open","sticky":false,"template":"","format":"standard","meta":{"footnotes":""},"categories":[60],"tags":[],"class_list":["post-39398","post","type-post","status-publish","format-standard","has-post-thumbnail","hentry","category-shoqerore-sq"],"yoast_head":"<!-- This site is optimized with the Yoast SEO plugin v25.3.1 - https:\/\/yoast.com\/wordpress\/plugins\/seo\/ -->\n<title>\u200b27 vjet nga vrasja e Bajram Kelmendit -<\/title>\n<meta name=\"robots\" content=\"index, follow, max-snippet:-1, max-image-preview:large, max-video-preview:-1\" \/>\n<link rel=\"canonical\" href=\"https:\/\/veritasinfo.org\/?p=39398\" \/>\n<meta property=\"og:locale\" content=\"en_US\" \/>\n<meta property=\"og:type\" content=\"article\" \/>\n<meta property=\"og:title\" content=\"\u200b27 vjet nga vrasja e Bajram Kelmendit -\" \/>\n<meta property=\"og:description\" content=\"Prishtin\u00eb 24 Mars 2026 08:41 Sot mbushen 27 vjet nga vrasja e avokatit t\u00eb shquar shqiptar Bajram Kelmendi, dhe dy djemve t\u00eb tij, Kastriotit dhe\" \/>\n<meta property=\"og:url\" content=\"https:\/\/veritasinfo.org\/?p=39398\" \/>\n<meta property=\"article:published_time\" content=\"2026-03-24T07:42:38+00:00\" \/>\n<meta property=\"og:image\" content=\"https:\/\/veritasinfo.org\/wp-content\/uploads\/2026\/03\/auto_unnamed_31774337069.jpg\" \/>\n\t<meta property=\"og:image:width\" content=\"850\" \/>\n\t<meta property=\"og:image:height\" content=\"477\" \/>\n\t<meta property=\"og:image:type\" content=\"image\/jpeg\" \/>\n<meta name=\"author\" content=\"US5\" \/>\n<meta name=\"twitter:card\" content=\"summary_large_image\" \/>\n<meta name=\"twitter:label1\" content=\"Written by\" \/>\n\t<meta name=\"twitter:data1\" content=\"US5\" \/>\n\t<meta name=\"twitter:label2\" content=\"Est. reading time\" \/>\n\t<meta name=\"twitter:data2\" content=\"1 minute\" \/>\n<script type=\"application\/ld+json\" class=\"yoast-schema-graph\">{\"@context\":\"https:\/\/schema.org\",\"@graph\":[{\"@type\":\"WebPage\",\"@id\":\"https:\/\/veritasinfo.org\/?p=39398\",\"url\":\"https:\/\/veritasinfo.org\/?p=39398\",\"name\":\"\u200b27 vjet nga vrasja e Bajram Kelmendit -\",\"isPartOf\":{\"@id\":\"https:\/\/veritasinfo.org\/#website\"},\"primaryImageOfPage\":{\"@id\":\"https:\/\/veritasinfo.org\/?p=39398#primaryimage\"},\"image\":{\"@id\":\"https:\/\/veritasinfo.org\/?p=39398#primaryimage\"},\"thumbnailUrl\":\"https:\/\/veritasinfo.org\/wp-content\/uploads\/2026\/03\/auto_unnamed_31774337069.jpg\",\"datePublished\":\"2026-03-24T07:42:38+00:00\",\"author\":{\"@id\":\"https:\/\/veritasinfo.org\/#\/schema\/person\/bc442336e35414d04494ab8fb45db4c6\"},\"breadcrumb\":{\"@id\":\"https:\/\/veritasinfo.org\/?p=39398#breadcrumb\"},\"inLanguage\":\"en-US\",\"potentialAction\":[{\"@type\":\"ReadAction\",\"target\":[\"https:\/\/veritasinfo.org\/?p=39398\"]}]},{\"@type\":\"ImageObject\",\"inLanguage\":\"en-US\",\"@id\":\"https:\/\/veritasinfo.org\/?p=39398#primaryimage\",\"url\":\"https:\/\/veritasinfo.org\/wp-content\/uploads\/2026\/03\/auto_unnamed_31774337069.jpg\",\"contentUrl\":\"https:\/\/veritasinfo.org\/wp-content\/uploads\/2026\/03\/auto_unnamed_31774337069.jpg\",\"width\":850,\"height\":477},{\"@type\":\"BreadcrumbList\",\"@id\":\"https:\/\/veritasinfo.org\/?p=39398#breadcrumb\",\"itemListElement\":[{\"@type\":\"ListItem\",\"position\":1,\"name\":\"Home\",\"item\":\"https:\/\/veritasinfo.org\/\"},{\"@type\":\"ListItem\",\"position\":2,\"name\":\"\u200b27 vjet nga vrasja e Bajram Kelmendit\"}]},{\"@type\":\"WebSite\",\"@id\":\"https:\/\/veritasinfo.org\/#website\",\"url\":\"https:\/\/veritasinfo.org\/\",\"name\":\"\",\"description\":\"\",\"potentialAction\":[{\"@type\":\"SearchAction\",\"target\":{\"@type\":\"EntryPoint\",\"urlTemplate\":\"https:\/\/veritasinfo.org\/?s={search_term_string}\"},\"query-input\":{\"@type\":\"PropertyValueSpecification\",\"valueRequired\":true,\"valueName\":\"search_term_string\"}}],\"inLanguage\":\"en-US\"},{\"@type\":\"Person\",\"@id\":\"https:\/\/veritasinfo.org\/#\/schema\/person\/bc442336e35414d04494ab8fb45db4c6\",\"name\":\"US5\",\"image\":{\"@type\":\"ImageObject\",\"inLanguage\":\"en-US\",\"@id\":\"https:\/\/veritasinfo.org\/#\/schema\/person\/image\/\",\"url\":\"https:\/\/secure.gravatar.com\/avatar\/16a61e7272a0c5d001121ebb9e60e925d5816e4ac1e443ed3e640d9a6ae55d0c?s=96&d=mm&r=g\",\"contentUrl\":\"https:\/\/secure.gravatar.com\/avatar\/16a61e7272a0c5d001121ebb9e60e925d5816e4ac1e443ed3e640d9a6ae55d0c?s=96&d=mm&r=g\",\"caption\":\"US5\"},\"url\":\"https:\/\/veritasinfo.org\/?author=6\"}]}<\/script>\n<!-- \/ Yoast SEO plugin. -->","yoast_head_json":{"title":"\u200b27 vjet nga vrasja e Bajram Kelmendit -","robots":{"index":"index","follow":"follow","max-snippet":"max-snippet:-1","max-image-preview":"max-image-preview:large","max-video-preview":"max-video-preview:-1"},"canonical":"https:\/\/veritasinfo.org\/?p=39398","og_locale":"en_US","og_type":"article","og_title":"\u200b27 vjet nga vrasja e Bajram Kelmendit -","og_description":"Prishtin\u00eb 24 Mars 2026 08:41 Sot mbushen 27 vjet nga vrasja e avokatit t\u00eb shquar shqiptar Bajram Kelmendi, dhe dy djemve t\u00eb tij, Kastriotit dhe","og_url":"https:\/\/veritasinfo.org\/?p=39398","article_published_time":"2026-03-24T07:42:38+00:00","og_image":[{"width":850,"height":477,"url":"https:\/\/veritasinfo.org\/wp-content\/uploads\/2026\/03\/auto_unnamed_31774337069.jpg","type":"image\/jpeg"}],"author":"US5","twitter_card":"summary_large_image","twitter_misc":{"Written by":"US5","Est. reading time":"1 minute"},"schema":{"@context":"https:\/\/schema.org","@graph":[{"@type":"WebPage","@id":"https:\/\/veritasinfo.org\/?p=39398","url":"https:\/\/veritasinfo.org\/?p=39398","name":"\u200b27 vjet nga vrasja e Bajram Kelmendit -","isPartOf":{"@id":"https:\/\/veritasinfo.org\/#website"},"primaryImageOfPage":{"@id":"https:\/\/veritasinfo.org\/?p=39398#primaryimage"},"image":{"@id":"https:\/\/veritasinfo.org\/?p=39398#primaryimage"},"thumbnailUrl":"https:\/\/veritasinfo.org\/wp-content\/uploads\/2026\/03\/auto_unnamed_31774337069.jpg","datePublished":"2026-03-24T07:42:38+00:00","author":{"@id":"https:\/\/veritasinfo.org\/#\/schema\/person\/bc442336e35414d04494ab8fb45db4c6"},"breadcrumb":{"@id":"https:\/\/veritasinfo.org\/?p=39398#breadcrumb"},"inLanguage":"en-US","potentialAction":[{"@type":"ReadAction","target":["https:\/\/veritasinfo.org\/?p=39398"]}]},{"@type":"ImageObject","inLanguage":"en-US","@id":"https:\/\/veritasinfo.org\/?p=39398#primaryimage","url":"https:\/\/veritasinfo.org\/wp-content\/uploads\/2026\/03\/auto_unnamed_31774337069.jpg","contentUrl":"https:\/\/veritasinfo.org\/wp-content\/uploads\/2026\/03\/auto_unnamed_31774337069.jpg","width":850,"height":477},{"@type":"BreadcrumbList","@id":"https:\/\/veritasinfo.org\/?p=39398#breadcrumb","itemListElement":[{"@type":"ListItem","position":1,"name":"Home","item":"https:\/\/veritasinfo.org\/"},{"@type":"ListItem","position":2,"name":"\u200b27 vjet nga vrasja e Bajram Kelmendit"}]},{"@type":"WebSite","@id":"https:\/\/veritasinfo.org\/#website","url":"https:\/\/veritasinfo.org\/","name":"","description":"","potentialAction":[{"@type":"SearchAction","target":{"@type":"EntryPoint","urlTemplate":"https:\/\/veritasinfo.org\/?s={search_term_string}"},"query-input":{"@type":"PropertyValueSpecification","valueRequired":true,"valueName":"search_term_string"}}],"inLanguage":"en-US"},{"@type":"Person","@id":"https:\/\/veritasinfo.org\/#\/schema\/person\/bc442336e35414d04494ab8fb45db4c6","name":"US5","image":{"@type":"ImageObject","inLanguage":"en-US","@id":"https:\/\/veritasinfo.org\/#\/schema\/person\/image\/","url":"https:\/\/secure.gravatar.com\/avatar\/16a61e7272a0c5d001121ebb9e60e925d5816e4ac1e443ed3e640d9a6ae55d0c?s=96&d=mm&r=g","contentUrl":"https:\/\/secure.gravatar.com\/avatar\/16a61e7272a0c5d001121ebb9e60e925d5816e4ac1e443ed3e640d9a6ae55d0c?s=96&d=mm&r=g","caption":"US5"},"url":"https:\/\/veritasinfo.org\/?author=6"}]}},"featured_image_urls":{"full":["https:\/\/veritasinfo.org\/wp-content\/uploads\/2026\/03\/auto_unnamed_31774337069.jpg",850,477,false],"thumbnail":["https:\/\/veritasinfo.org\/wp-content\/uploads\/2026\/03\/auto_unnamed_31774337069-150x150.jpg",150,150,true],"medium":["https:\/\/veritasinfo.org\/wp-content\/uploads\/2026\/03\/auto_unnamed_31774337069-300x168.jpg",300,168,true],"medium_large":["https:\/\/veritasinfo.org\/wp-content\/uploads\/2026\/03\/auto_unnamed_31774337069-768x431.jpg",640,359,true],"large":["https:\/\/veritasinfo.org\/wp-content\/uploads\/2026\/03\/auto_unnamed_31774337069.jpg",640,359,false],"1536x1536":["https:\/\/veritasinfo.org\/wp-content\/uploads\/2026\/03\/auto_unnamed_31774337069.jpg",850,477,false],"2048x2048":["https:\/\/veritasinfo.org\/wp-content\/uploads\/2026\/03\/auto_unnamed_31774337069.jpg",850,477,false],"kreeti-slider-full":["https:\/\/veritasinfo.org\/wp-content\/uploads\/2026\/03\/auto_unnamed_31774337069.jpg",850,477,false],"kreeti-featured":["https:\/\/veritasinfo.org\/wp-content\/uploads\/2026\/03\/auto_unnamed_31774337069.jpg",850,477,false],"kreeti-medium":["https:\/\/veritasinfo.org\/wp-content\/uploads\/2026\/03\/auto_unnamed_31774337069.jpg",720,404,false],"kreeti-medium-square":["https:\/\/veritasinfo.org\/wp-content\/uploads\/2026\/03\/auto_unnamed_31774337069.jpg",350,196,false]},"author_info":{"info":["US5"]},"category_info":"<a href=\"https:\/\/veritasinfo.org\/?cat=60\" rel=\"category\">Shoq\u00ebrore<\/a>","tag_info":"Shoq\u00ebrore","comment_count":"0","_links":{"self":[{"href":"https:\/\/veritasinfo.org\/index.php?rest_route=\/wp\/v2\/posts\/39398","targetHints":{"allow":["GET"]}}],"collection":[{"href":"https:\/\/veritasinfo.org\/index.php?rest_route=\/wp\/v2\/posts"}],"about":[{"href":"https:\/\/veritasinfo.org\/index.php?rest_route=\/wp\/v2\/types\/post"}],"author":[{"embeddable":true,"href":"https:\/\/veritasinfo.org\/index.php?rest_route=\/wp\/v2\/users\/6"}],"replies":[{"embeddable":true,"href":"https:\/\/veritasinfo.org\/index.php?rest_route=%2Fwp%2Fv2%2Fcomments&post=39398"}],"version-history":[{"count":2,"href":"https:\/\/veritasinfo.org\/index.php?rest_route=\/wp\/v2\/posts\/39398\/revisions"}],"predecessor-version":[{"id":39401,"href":"https:\/\/veritasinfo.org\/index.php?rest_route=\/wp\/v2\/posts\/39398\/revisions\/39401"}],"wp:featuredmedia":[{"embeddable":true,"href":"https:\/\/veritasinfo.org\/index.php?rest_route=\/wp\/v2\/media\/39400"}],"wp:attachment":[{"href":"https:\/\/veritasinfo.org\/index.php?rest_route=%2Fwp%2Fv2%2Fmedia&parent=39398"}],"wp:term":[{"taxonomy":"category","embeddable":true,"href":"https:\/\/veritasinfo.org\/index.php?rest_route=%2Fwp%2Fv2%2Fcategories&post=39398"},{"taxonomy":"post_tag","embeddable":true,"href":"https:\/\/veritasinfo.org\/index.php?rest_route=%2Fwp%2Fv2%2Ftags&post=39398"}],"curies":[{"name":"wp","href":"https:\/\/api.w.org\/{rel}","templated":true}]}}