{"id":39349,"date":"2026-03-23T21:50:49","date_gmt":"2026-03-23T20:50:49","guid":{"rendered":"https:\/\/veritasinfo.org\/?p=39349"},"modified":"2026-03-23T21:50:49","modified_gmt":"2026-03-23T20:50:49","slug":"eu-kritikuje-beograd","status":"publish","type":"post","link":"https:\/\/veritasinfo.org\/?p=39349&lang=sr","title":{"rendered":"EU kritikuje Beograd"},"content":{"rendered":"<p>Pri\u0161tina, 23. mart 2026. 21:47<\/p>\n<p>Pristup Srbije izme\u0111u Evropske unije i Rusije sve se vi\u0161e dovodi u pitanje, nakon sastanka u Beogradu predsednika Aleksandra Vu\u010dic\u0301a sa ruskim ministrom ekonomskog razvoja Maksimom Re\u0161etnjikovim, koji je pod sankcijama SAD i Evrope. Incident je izazvao kritike iz Brisela i upozorenja o posledicama po evropske integracije Srbije.<\/p>\n<p>Poja\u010dane kritike iz Evrope prema vladi Aleksandra Vu\u010dic\u0301a do\u0161le su nakon njegovog sastanka u Beogradu sa ruskim ministrom ekonomskog razvoja Maksimom Re\u0161etnjikovim, koji je pod sankcijama SAD i Evrope. Evropski demokrati su ocenili da ti postupci nisu pragmatizam, vec\u0301 politi\u010dki izbori, isti\u010duc\u0301i da Srbija, dok koristi sredstva EU fondova, potkopava evropsko jedinstvo i vrednosti.<\/p>\n<p>Istovremeno, iz Brisela sti\u017eu upozorenja da Srbija i dalje odbija da uvede sankcije Moskvi, dodatno usporavajuc\u0301i evropske integracije. O tome je govorio i izvestilac Evropskog parlamenta za Srbiju, Tonino Picula.<\/p>\n<p>\u201eStrate\u0161ka orijentacija Srbije ka EU mora biti jasna i odr\u017eiva, a ne u suprotnosti sa sve vec\u0301om zavisno\u0161c\u0301u od trec\u0301ih zemalja. U praksi vidimo suprotno, od odsustva sa samita EU-Zapadni Balkan do u\u010de\u0161c\u0301a na vojnoj paradi u Moskvi, \u0161to produbljuje jaz izme\u0111u deklarisane namere i stvarne politike\u201c, ka\u017ee Pikula.<\/p>\n<p>Takav pristup potvr\u0111uju i postupci vlasti u Beogradu. Predsedni\u0161tvo je saop\u0161tilo da je tokom sastanka sa Re\u0161etnjikovim razgovarano o bilateralnoj saradnji i energetskim pitanjima, uklju\u010dujuc\u0301i gas, a sastanak zajedni\u010dkog komiteta je najavljen u aprilu.<\/p>\n<p>S druge strane, opozicija ocenjuje da poseta sankcionisanog ruskog zvani\u010dnika nije diplomatski manevar, vec\u0301 nastavak politike \u201ebalansiranja\u201c koja gura Srbiju ka izolaciji.<\/p>\n<p>\u201eOva poseta je verovatno deo balansiranja, poku\u0161aja da se \u201ekupi mir\u201c sa Evropskom unijom kroz prodaju oru\u017eja Ukrajini, dok se sada poku\u0161ava odr\u017eati ravnote\u017ea i prema Rusiji.\u201c \u201eOvde se ne radi o ekonomskoj saradnji, vec\u0301 o simboli\u010dnoj akciji\u201c, rekao je Aleksandar Radovanovic\u0301 iz Pokreta slobodnih gra\u0111ana, dodajuc\u0301i da je jasno da se Srbija nec\u0301e pridru\u017eiti Evropskoj uniji dok god je Srpska napredna stranka na vlasti.<\/p>\n<p>Srbija ostaje jedina zemlja u regionu koja nije uvela sankcije Rusiji, iako je kao zemlja kandidat obavezna da se postepeno uskla\u0111uje sa spoljnom politikom EU. Za opoziciju, politika \u201ei EU i Rusija\u201c vi\u0161e nije odr\u017eiva. Prema njima, ne mo\u017ee se govoriti o evropskom putu, a istovremeno politi\u010dki podr\u017eavati re\u017eim koji vodi agresivni rat i nalazi se pod sankcijama vec\u0301ine demokratskog sveta.<\/p>\n","protected":false},"excerpt":{"rendered":"<p>Pri\u0161tina, 23. mart 2026. 21:47 Pristup Srbije izme\u0111u Evropske unije i Rusije sve se vi\u0161e dovodi u pitanje, nakon sastanka u Beogradu predsednika Aleksandra Vu\u010dic\u0301a<\/p>\n","protected":false},"author":7,"featured_media":39350,"comment_status":"open","ping_status":"open","sticky":false,"template":"","format":"standard","meta":{"footnotes":""},"categories":[28],"tags":[],"class_list":["post-39349","post","type-post","status-publish","format-standard","has-post-thumbnail","hentry","category-politika"],"yoast_head":"<!-- This site is optimized with the Yoast SEO plugin v25.3.1 - https:\/\/yoast.com\/wordpress\/plugins\/seo\/ -->\n<title>EU kritikuje Beograd -<\/title>\n<meta name=\"robots\" content=\"index, follow, max-snippet:-1, max-image-preview:large, max-video-preview:-1\" \/>\n<link rel=\"canonical\" href=\"https:\/\/veritasinfo.org\/?p=39349&lang=sr\" \/>\n<meta property=\"og:locale\" content=\"en_US\" \/>\n<meta property=\"og:type\" content=\"article\" \/>\n<meta property=\"og:title\" content=\"EU kritikuje Beograd -\" \/>\n<meta property=\"og:description\" content=\"Pri\u0161tina, 23. mart 2026. 21:47 Pristup Srbije izme\u0111u Evropske unije i Rusije sve se vi\u0161e dovodi u pitanje, nakon sastanka u Beogradu predsednika Aleksandra Vu\u010dic\u0301a\" \/>\n<meta property=\"og:url\" content=\"https:\/\/veritasinfo.org\/?p=39349&amp;lang=sr\" \/>\n<meta property=\"article:published_time\" content=\"2026-03-23T20:50:49+00:00\" \/>\n<meta property=\"og:image\" content=\"https:\/\/veritasinfo.org\/wp-content\/uploads\/2026\/03\/720523-4sFxMYBJHL-1.jpg\" \/>\n\t<meta property=\"og:image:width\" content=\"780\" \/>\n\t<meta property=\"og:image:height\" content=\"500\" \/>\n\t<meta property=\"og:image:type\" content=\"image\/jpeg\" \/>\n<meta name=\"author\" content=\"US6\" \/>\n<meta name=\"twitter:card\" content=\"summary_large_image\" \/>\n<meta name=\"twitter:label1\" content=\"Written by\" \/>\n\t<meta name=\"twitter:data1\" content=\"US6\" \/>\n\t<meta name=\"twitter:label2\" content=\"Est. reading time\" \/>\n\t<meta name=\"twitter:data2\" content=\"2 minutes\" \/>\n<script type=\"application\/ld+json\" class=\"yoast-schema-graph\">{\"@context\":\"https:\/\/schema.org\",\"@graph\":[{\"@type\":\"WebPage\",\"@id\":\"https:\/\/veritasinfo.org\/?p=39349&lang=sr\",\"url\":\"https:\/\/veritasinfo.org\/?p=39349&lang=sr\",\"name\":\"EU kritikuje Beograd -\",\"isPartOf\":{\"@id\":\"https:\/\/veritasinfo.org\/#website\"},\"primaryImageOfPage\":{\"@id\":\"https:\/\/veritasinfo.org\/?p=39349&lang=sr#primaryimage\"},\"image\":{\"@id\":\"https:\/\/veritasinfo.org\/?p=39349&lang=sr#primaryimage\"},\"thumbnailUrl\":\"https:\/\/veritasinfo.org\/wp-content\/uploads\/2026\/03\/720523-4sFxMYBJHL-1.jpg\",\"datePublished\":\"2026-03-23T20:50:49+00:00\",\"author\":{\"@id\":\"https:\/\/veritasinfo.org\/#\/schema\/person\/fe199eede04c3937362892b7444747cc\"},\"breadcrumb\":{\"@id\":\"https:\/\/veritasinfo.org\/?p=39349&lang=sr#breadcrumb\"},\"inLanguage\":\"en-US\",\"potentialAction\":[{\"@type\":\"ReadAction\",\"target\":[\"https:\/\/veritasinfo.org\/?p=39349&lang=sr\"]}]},{\"@type\":\"ImageObject\",\"inLanguage\":\"en-US\",\"@id\":\"https:\/\/veritasinfo.org\/?p=39349&lang=sr#primaryimage\",\"url\":\"https:\/\/veritasinfo.org\/wp-content\/uploads\/2026\/03\/720523-4sFxMYBJHL-1.jpg\",\"contentUrl\":\"https:\/\/veritasinfo.org\/wp-content\/uploads\/2026\/03\/720523-4sFxMYBJHL-1.jpg\",\"width\":780,\"height\":500},{\"@type\":\"BreadcrumbList\",\"@id\":\"https:\/\/veritasinfo.org\/?p=39349&lang=sr#breadcrumb\",\"itemListElement\":[{\"@type\":\"ListItem\",\"position\":1,\"name\":\"Home\",\"item\":\"https:\/\/veritasinfo.org\/\"},{\"@type\":\"ListItem\",\"position\":2,\"name\":\"EU kritikuje Beograd\"}]},{\"@type\":\"WebSite\",\"@id\":\"https:\/\/veritasinfo.org\/#website\",\"url\":\"https:\/\/veritasinfo.org\/\",\"name\":\"\",\"description\":\"\",\"potentialAction\":[{\"@type\":\"SearchAction\",\"target\":{\"@type\":\"EntryPoint\",\"urlTemplate\":\"https:\/\/veritasinfo.org\/?s={search_term_string}\"},\"query-input\":{\"@type\":\"PropertyValueSpecification\",\"valueRequired\":true,\"valueName\":\"search_term_string\"}}],\"inLanguage\":\"en-US\"},{\"@type\":\"Person\",\"@id\":\"https:\/\/veritasinfo.org\/#\/schema\/person\/fe199eede04c3937362892b7444747cc\",\"name\":\"US6\",\"image\":{\"@type\":\"ImageObject\",\"inLanguage\":\"en-US\",\"@id\":\"https:\/\/veritasinfo.org\/#\/schema\/person\/image\/\",\"url\":\"https:\/\/secure.gravatar.com\/avatar\/cb16c3c31c9d23b9b8c705964598220b3014e42ff51eb540ff23cefa3ae8c15f?s=96&d=mm&r=g\",\"contentUrl\":\"https:\/\/secure.gravatar.com\/avatar\/cb16c3c31c9d23b9b8c705964598220b3014e42ff51eb540ff23cefa3ae8c15f?s=96&d=mm&r=g\",\"caption\":\"US6\"},\"url\":\"https:\/\/veritasinfo.org\/?author=7\"}]}<\/script>\n<!-- \/ Yoast SEO plugin. -->","yoast_head_json":{"title":"EU kritikuje Beograd -","robots":{"index":"index","follow":"follow","max-snippet":"max-snippet:-1","max-image-preview":"max-image-preview:large","max-video-preview":"max-video-preview:-1"},"canonical":"https:\/\/veritasinfo.org\/?p=39349&lang=sr","og_locale":"en_US","og_type":"article","og_title":"EU kritikuje Beograd -","og_description":"Pri\u0161tina, 23. mart 2026. 21:47 Pristup Srbije izme\u0111u Evropske unije i Rusije sve se vi\u0161e dovodi u pitanje, nakon sastanka u Beogradu predsednika Aleksandra Vu\u010dic\u0301a","og_url":"https:\/\/veritasinfo.org\/?p=39349&lang=sr","article_published_time":"2026-03-23T20:50:49+00:00","og_image":[{"width":780,"height":500,"url":"https:\/\/veritasinfo.org\/wp-content\/uploads\/2026\/03\/720523-4sFxMYBJHL-1.jpg","type":"image\/jpeg"}],"author":"US6","twitter_card":"summary_large_image","twitter_misc":{"Written by":"US6","Est. reading time":"2 minutes"},"schema":{"@context":"https:\/\/schema.org","@graph":[{"@type":"WebPage","@id":"https:\/\/veritasinfo.org\/?p=39349&lang=sr","url":"https:\/\/veritasinfo.org\/?p=39349&lang=sr","name":"EU kritikuje Beograd -","isPartOf":{"@id":"https:\/\/veritasinfo.org\/#website"},"primaryImageOfPage":{"@id":"https:\/\/veritasinfo.org\/?p=39349&lang=sr#primaryimage"},"image":{"@id":"https:\/\/veritasinfo.org\/?p=39349&lang=sr#primaryimage"},"thumbnailUrl":"https:\/\/veritasinfo.org\/wp-content\/uploads\/2026\/03\/720523-4sFxMYBJHL-1.jpg","datePublished":"2026-03-23T20:50:49+00:00","author":{"@id":"https:\/\/veritasinfo.org\/#\/schema\/person\/fe199eede04c3937362892b7444747cc"},"breadcrumb":{"@id":"https:\/\/veritasinfo.org\/?p=39349&lang=sr#breadcrumb"},"inLanguage":"en-US","potentialAction":[{"@type":"ReadAction","target":["https:\/\/veritasinfo.org\/?p=39349&lang=sr"]}]},{"@type":"ImageObject","inLanguage":"en-US","@id":"https:\/\/veritasinfo.org\/?p=39349&lang=sr#primaryimage","url":"https:\/\/veritasinfo.org\/wp-content\/uploads\/2026\/03\/720523-4sFxMYBJHL-1.jpg","contentUrl":"https:\/\/veritasinfo.org\/wp-content\/uploads\/2026\/03\/720523-4sFxMYBJHL-1.jpg","width":780,"height":500},{"@type":"BreadcrumbList","@id":"https:\/\/veritasinfo.org\/?p=39349&lang=sr#breadcrumb","itemListElement":[{"@type":"ListItem","position":1,"name":"Home","item":"https:\/\/veritasinfo.org\/"},{"@type":"ListItem","position":2,"name":"EU kritikuje Beograd"}]},{"@type":"WebSite","@id":"https:\/\/veritasinfo.org\/#website","url":"https:\/\/veritasinfo.org\/","name":"","description":"","potentialAction":[{"@type":"SearchAction","target":{"@type":"EntryPoint","urlTemplate":"https:\/\/veritasinfo.org\/?s={search_term_string}"},"query-input":{"@type":"PropertyValueSpecification","valueRequired":true,"valueName":"search_term_string"}}],"inLanguage":"en-US"},{"@type":"Person","@id":"https:\/\/veritasinfo.org\/#\/schema\/person\/fe199eede04c3937362892b7444747cc","name":"US6","image":{"@type":"ImageObject","inLanguage":"en-US","@id":"https:\/\/veritasinfo.org\/#\/schema\/person\/image\/","url":"https:\/\/secure.gravatar.com\/avatar\/cb16c3c31c9d23b9b8c705964598220b3014e42ff51eb540ff23cefa3ae8c15f?s=96&d=mm&r=g","contentUrl":"https:\/\/secure.gravatar.com\/avatar\/cb16c3c31c9d23b9b8c705964598220b3014e42ff51eb540ff23cefa3ae8c15f?s=96&d=mm&r=g","caption":"US6"},"url":"https:\/\/veritasinfo.org\/?author=7"}]}},"featured_image_urls":{"full":["https:\/\/veritasinfo.org\/wp-content\/uploads\/2026\/03\/720523-4sFxMYBJHL-1.jpg",780,500,false],"thumbnail":["https:\/\/veritasinfo.org\/wp-content\/uploads\/2026\/03\/720523-4sFxMYBJHL-1-150x150.jpg",150,150,true],"medium":["https:\/\/veritasinfo.org\/wp-content\/uploads\/2026\/03\/720523-4sFxMYBJHL-1-300x192.jpg",300,192,true],"medium_large":["https:\/\/veritasinfo.org\/wp-content\/uploads\/2026\/03\/720523-4sFxMYBJHL-1-768x492.jpg",640,410,true],"large":["https:\/\/veritasinfo.org\/wp-content\/uploads\/2026\/03\/720523-4sFxMYBJHL-1.jpg",640,410,false],"1536x1536":["https:\/\/veritasinfo.org\/wp-content\/uploads\/2026\/03\/720523-4sFxMYBJHL-1.jpg",780,500,false],"2048x2048":["https:\/\/veritasinfo.org\/wp-content\/uploads\/2026\/03\/720523-4sFxMYBJHL-1.jpg",780,500,false],"kreeti-slider-full":["https:\/\/veritasinfo.org\/wp-content\/uploads\/2026\/03\/720523-4sFxMYBJHL-1.jpg",780,500,false],"kreeti-featured":["https:\/\/veritasinfo.org\/wp-content\/uploads\/2026\/03\/720523-4sFxMYBJHL-1.jpg",780,500,false],"kreeti-medium":["https:\/\/veritasinfo.org\/wp-content\/uploads\/2026\/03\/720523-4sFxMYBJHL-1.jpg",720,462,false],"kreeti-medium-square":["https:\/\/veritasinfo.org\/wp-content\/uploads\/2026\/03\/720523-4sFxMYBJHL-1.jpg",350,224,false]},"author_info":{"info":["US6"]},"category_info":"<a href=\"https:\/\/veritasinfo.org\/?cat=28&#038;lang=sr\" rel=\"category\">Politika<\/a>","tag_info":"Politika","comment_count":"0","_links":{"self":[{"href":"https:\/\/veritasinfo.org\/index.php?rest_route=\/wp\/v2\/posts\/39349","targetHints":{"allow":["GET"]}}],"collection":[{"href":"https:\/\/veritasinfo.org\/index.php?rest_route=\/wp\/v2\/posts"}],"about":[{"href":"https:\/\/veritasinfo.org\/index.php?rest_route=\/wp\/v2\/types\/post"}],"author":[{"embeddable":true,"href":"https:\/\/veritasinfo.org\/index.php?rest_route=\/wp\/v2\/users\/7"}],"replies":[{"embeddable":true,"href":"https:\/\/veritasinfo.org\/index.php?rest_route=%2Fwp%2Fv2%2Fcomments&post=39349"}],"version-history":[{"count":1,"href":"https:\/\/veritasinfo.org\/index.php?rest_route=\/wp\/v2\/posts\/39349\/revisions"}],"predecessor-version":[{"id":39351,"href":"https:\/\/veritasinfo.org\/index.php?rest_route=\/wp\/v2\/posts\/39349\/revisions\/39351"}],"wp:featuredmedia":[{"embeddable":true,"href":"https:\/\/veritasinfo.org\/index.php?rest_route=\/wp\/v2\/media\/39350"}],"wp:attachment":[{"href":"https:\/\/veritasinfo.org\/index.php?rest_route=%2Fwp%2Fv2%2Fmedia&parent=39349"}],"wp:term":[{"taxonomy":"category","embeddable":true,"href":"https:\/\/veritasinfo.org\/index.php?rest_route=%2Fwp%2Fv2%2Fcategories&post=39349"},{"taxonomy":"post_tag","embeddable":true,"href":"https:\/\/veritasinfo.org\/index.php?rest_route=%2Fwp%2Fv2%2Ftags&post=39349"}],"curies":[{"name":"wp","href":"https:\/\/api.w.org\/{rel}","templated":true}]}}