{"id":39346,"date":"2026-03-23T21:48:27","date_gmt":"2026-03-23T20:48:27","guid":{"rendered":"https:\/\/veritasinfo.org\/?p=39346"},"modified":"2026-03-23T21:48:27","modified_gmt":"2026-03-23T20:48:27","slug":"be-kritikon-beogradin","status":"publish","type":"post","link":"https:\/\/veritasinfo.org\/?p=39346","title":{"rendered":"BE kritikon Beogradin"},"content":{"rendered":"<p>Prishtin\u00eb, 23 mars 2026 21:47<\/p>\n<p>Qasja e Serbis\u00eb mes Bashkimit Evropian dhe Rusis\u00eb po vihet gjithnj\u00eb e m\u00eb shum\u00eb n\u00eb pik\u00ebpyetje, pas takimit n\u00eb Beograd t\u00eb presidentit Aleksand\u00ebr Vu\u00e7iq me ministrin rus t\u00eb Zhvillimit Ekonomik, Maksim Reshetnjikov, i cili \u00ebsht\u00eb n\u00ebn sanksione amerikane dhe evropiane. Ky rast ka nxitur kritika nga Brukseli dhe paralajm\u00ebrime p\u00ebr pasoja drejt integrimit evropian t\u00eb Serbis\u00eb.<\/p>\n<p>Kritikat e shtuara nga Evropa ndaj pushtetit t\u00eb Aleksand\u00ebr Vu\u00e7iqcit erdh\u00ebn pas takimit t\u00eb tij n\u00eb Beograd me ministrin rus t\u00eb zhvillimit ekonomik, Maksim Reshetnjikov, i cili \u00ebsht\u00eb n\u00ebn sanksione amerikane dhe evropiane. Demokrat\u00ebt evropian\u00eb vler\u00ebsuan se k\u00ebto veprime nuk jan\u00eb pragmatiz\u00ebm, por zgjedhje politike, duke theksuar se Serbia, nd\u00ebrkoh\u00eb q\u00eb p\u00ebrfiton fonde nga BE, minon unitetin dhe vlerat evropiane\u201d.<\/p>\n<p>N\u00eb t\u00eb nj\u00ebjt\u00ebn koh\u00eb, nga Brukseli vijn\u00eb paralajm\u00ebrime se Serbia vazhdon t\u00eb refuzoj\u00eb vendosjen e sanksioneve ndaj Mosk\u00ebs, duke ngadal\u00ebsuar m\u00eb tej integrimet evropiane. P\u00ebr k\u00ebt\u00eb ka folur edhe raportuesi i Parlamentit Evropian p\u00ebr Serbin\u00eb, Tonino Picula.<\/p>\n<p>\u201cOrientimi strategjik i Serbis\u00eb drejt BE-s\u00eb duhet t\u00eb jet\u00eb i qart\u00eb dhe i q\u00ebndruesh\u00ebm, dhe jo n\u00eb kund\u00ebrshtim me rritjen e var\u00ebsis\u00eb nga vendet e treta. N\u00eb praktik\u00eb shohim t\u00eb kund\u00ebrt\u00ebn, nga mungesa n\u00eb samitin BE-Ballkani Per\u00ebndimor deri te pjes\u00ebmarrja n\u00eb parad\u00ebn ushtarake n\u00eb Mosk\u00eb, gj\u00eb q\u00eb thellon hendekun mes q\u00ebllimit t\u00eb deklaruar dhe politik\u00ebs reale\u201d, thot\u00eb Piculla.<\/p>\n<p>Nj\u00eb qasje e till\u00eb konfirmohet nga veprimet e pushtetit n\u00eb Beograd. Nga Presidenca u njoftua se gjat\u00eb takimit me Reshetnjikovin \u00ebsht\u00eb biseduar p\u00ebr bashk\u00ebpunimin bilateral dhe \u00e7\u00ebshtje energjetike, p\u00ebrfshir\u00eb gazin, si dhe u paralajm\u00ebrua mbledhja e komitetit t\u00eb p\u00ebrbashk\u00ebt n\u00eb prill.<\/p>\n<p>Nga ana tjet\u00ebr, opozita vler\u00ebson se vizita e nj\u00eb zyrtari rus t\u00eb sanksionuar nuk \u00ebsht\u00eb manov\u00ebr diplomatike, por vazhdim i politik\u00ebs s\u00eb \u201cbalancimit\u201d q\u00eb e shtyn Serbin\u00eb drejt izolimit.<\/p>\n<p>\u201dKjo vizit\u00eb \u00ebsht\u00eb me gjas\u00eb pjes\u00eb e nj\u00eb balancimi, nj\u00eb p\u00ebrpjekje p\u00ebr t\u00eb \u201cbler\u00eb paqe\u201d me Bashkimin Evropian p\u00ebrmes shitjes s\u00eb arm\u00ebve n\u00eb Ukrain\u00eb, nd\u00ebrsa tani po tentohet t\u00eb ruhet ekuilibri edhe ndaj Rusis\u00eb. K\u00ebtu nuk b\u00ebhet fjal\u00eb p\u00ebr bashk\u00ebpunim ekonomik, por p\u00ebr nj\u00eb veprim simbolik\u201d, tha Aleksand\u00ebr Radovanoviq nga L\u00ebvizja e Qytetar\u00ebve t\u00eb Lir\u00eb, duke shtuar se \u00ebsht\u00eb e qart\u00eb se Serbia nuk do t\u00eb hyj\u00eb n\u00eb Bashkimin Evropian p\u00ebr sa koh\u00eb q\u00eb Partia Progresive Serbe \u00ebsht\u00eb n\u00eb pushtet.<\/p>\n<p>Serbia mbetet e vetmi vend n\u00eb rajon q\u00eb nuk ka vendosur sanksione ndaj Rusis\u00eb, ndon\u00ebse si vend kandidat ka detyrim t\u00eb harmonizohet gradualisht me politik\u00ebn e jashtme t\u00eb BE-s\u00eb. P\u00ebr opozit\u00ebn politika \u201cedhe BE edhe Rusia\u201d nuk \u00ebsht\u00eb m\u00eb e q\u00ebndrueshme. Sipas tyre, nuk mund t\u00eb flitet p\u00ebr rrug\u00ebn evropiane dhe n\u00eb t\u00eb nj\u00ebjt\u00ebn koh\u00eb t\u00eb mb\u00ebshtetet politikisht nj\u00eb regjim q\u00eb zhvillon luft\u00eb agresive dhe \u00ebsht\u00eb n\u00ebn sanksione nga pjesa m\u00eb e madhe e bot\u00ebs demokratike.<\/p>\n","protected":false},"excerpt":{"rendered":"<p>Prishtin\u00eb, 23 mars 2026 21:47 Qasja e Serbis\u00eb mes Bashkimit Evropian dhe Rusis\u00eb po vihet gjithnj\u00eb e m\u00eb shum\u00eb n\u00eb pik\u00ebpyetje, pas takimit n\u00eb Beograd<\/p>\n","protected":false},"author":7,"featured_media":39347,"comment_status":"open","ping_status":"open","sticky":false,"template":"","format":"standard","meta":{"footnotes":""},"categories":[58],"tags":[],"class_list":["post-39346","post","type-post","status-publish","format-standard","has-post-thumbnail","hentry","category-politike-sq"],"yoast_head":"<!-- This site is optimized with the Yoast SEO plugin v25.3.1 - https:\/\/yoast.com\/wordpress\/plugins\/seo\/ -->\n<title>BE kritikon Beogradin -<\/title>\n<meta name=\"robots\" content=\"index, follow, max-snippet:-1, max-image-preview:large, max-video-preview:-1\" \/>\n<link rel=\"canonical\" href=\"https:\/\/veritasinfo.org\/?p=39346\" \/>\n<meta property=\"og:locale\" content=\"en_US\" \/>\n<meta property=\"og:type\" content=\"article\" \/>\n<meta property=\"og:title\" content=\"BE kritikon Beogradin -\" \/>\n<meta property=\"og:description\" content=\"Prishtin\u00eb, 23 mars 2026 21:47 Qasja e Serbis\u00eb mes Bashkimit Evropian dhe Rusis\u00eb po vihet gjithnj\u00eb e m\u00eb shum\u00eb n\u00eb pik\u00ebpyetje, pas takimit n\u00eb Beograd\" \/>\n<meta property=\"og:url\" content=\"https:\/\/veritasinfo.org\/?p=39346\" \/>\n<meta property=\"article:published_time\" content=\"2026-03-23T20:48:27+00:00\" \/>\n<meta property=\"og:image\" content=\"https:\/\/veritasinfo.org\/wp-content\/uploads\/2026\/03\/720523-4sFxMYBJHL.jpg\" \/>\n\t<meta property=\"og:image:width\" content=\"780\" \/>\n\t<meta property=\"og:image:height\" content=\"500\" \/>\n\t<meta property=\"og:image:type\" content=\"image\/jpeg\" \/>\n<meta name=\"author\" content=\"US6\" \/>\n<meta name=\"twitter:card\" content=\"summary_large_image\" \/>\n<meta name=\"twitter:label1\" content=\"Written by\" \/>\n\t<meta name=\"twitter:data1\" content=\"US6\" \/>\n\t<meta name=\"twitter:label2\" content=\"Est. reading time\" \/>\n\t<meta name=\"twitter:data2\" content=\"3 minutes\" \/>\n<script type=\"application\/ld+json\" class=\"yoast-schema-graph\">{\"@context\":\"https:\/\/schema.org\",\"@graph\":[{\"@type\":\"WebPage\",\"@id\":\"https:\/\/veritasinfo.org\/?p=39346\",\"url\":\"https:\/\/veritasinfo.org\/?p=39346\",\"name\":\"BE kritikon Beogradin -\",\"isPartOf\":{\"@id\":\"https:\/\/veritasinfo.org\/#website\"},\"primaryImageOfPage\":{\"@id\":\"https:\/\/veritasinfo.org\/?p=39346#primaryimage\"},\"image\":{\"@id\":\"https:\/\/veritasinfo.org\/?p=39346#primaryimage\"},\"thumbnailUrl\":\"https:\/\/veritasinfo.org\/wp-content\/uploads\/2026\/03\/720523-4sFxMYBJHL.jpg\",\"datePublished\":\"2026-03-23T20:48:27+00:00\",\"author\":{\"@id\":\"https:\/\/veritasinfo.org\/#\/schema\/person\/fe199eede04c3937362892b7444747cc\"},\"breadcrumb\":{\"@id\":\"https:\/\/veritasinfo.org\/?p=39346#breadcrumb\"},\"inLanguage\":\"en-US\",\"potentialAction\":[{\"@type\":\"ReadAction\",\"target\":[\"https:\/\/veritasinfo.org\/?p=39346\"]}]},{\"@type\":\"ImageObject\",\"inLanguage\":\"en-US\",\"@id\":\"https:\/\/veritasinfo.org\/?p=39346#primaryimage\",\"url\":\"https:\/\/veritasinfo.org\/wp-content\/uploads\/2026\/03\/720523-4sFxMYBJHL.jpg\",\"contentUrl\":\"https:\/\/veritasinfo.org\/wp-content\/uploads\/2026\/03\/720523-4sFxMYBJHL.jpg\",\"width\":780,\"height\":500},{\"@type\":\"BreadcrumbList\",\"@id\":\"https:\/\/veritasinfo.org\/?p=39346#breadcrumb\",\"itemListElement\":[{\"@type\":\"ListItem\",\"position\":1,\"name\":\"Home\",\"item\":\"https:\/\/veritasinfo.org\/\"},{\"@type\":\"ListItem\",\"position\":2,\"name\":\"BE kritikon Beogradin\"}]},{\"@type\":\"WebSite\",\"@id\":\"https:\/\/veritasinfo.org\/#website\",\"url\":\"https:\/\/veritasinfo.org\/\",\"name\":\"\",\"description\":\"\",\"potentialAction\":[{\"@type\":\"SearchAction\",\"target\":{\"@type\":\"EntryPoint\",\"urlTemplate\":\"https:\/\/veritasinfo.org\/?s={search_term_string}\"},\"query-input\":{\"@type\":\"PropertyValueSpecification\",\"valueRequired\":true,\"valueName\":\"search_term_string\"}}],\"inLanguage\":\"en-US\"},{\"@type\":\"Person\",\"@id\":\"https:\/\/veritasinfo.org\/#\/schema\/person\/fe199eede04c3937362892b7444747cc\",\"name\":\"US6\",\"image\":{\"@type\":\"ImageObject\",\"inLanguage\":\"en-US\",\"@id\":\"https:\/\/veritasinfo.org\/#\/schema\/person\/image\/\",\"url\":\"https:\/\/secure.gravatar.com\/avatar\/cb16c3c31c9d23b9b8c705964598220b3014e42ff51eb540ff23cefa3ae8c15f?s=96&d=mm&r=g\",\"contentUrl\":\"https:\/\/secure.gravatar.com\/avatar\/cb16c3c31c9d23b9b8c705964598220b3014e42ff51eb540ff23cefa3ae8c15f?s=96&d=mm&r=g\",\"caption\":\"US6\"},\"url\":\"https:\/\/veritasinfo.org\/?author=7\"}]}<\/script>\n<!-- \/ Yoast SEO plugin. -->","yoast_head_json":{"title":"BE kritikon Beogradin -","robots":{"index":"index","follow":"follow","max-snippet":"max-snippet:-1","max-image-preview":"max-image-preview:large","max-video-preview":"max-video-preview:-1"},"canonical":"https:\/\/veritasinfo.org\/?p=39346","og_locale":"en_US","og_type":"article","og_title":"BE kritikon Beogradin -","og_description":"Prishtin\u00eb, 23 mars 2026 21:47 Qasja e Serbis\u00eb mes Bashkimit Evropian dhe Rusis\u00eb po vihet gjithnj\u00eb e m\u00eb shum\u00eb n\u00eb pik\u00ebpyetje, pas takimit n\u00eb Beograd","og_url":"https:\/\/veritasinfo.org\/?p=39346","article_published_time":"2026-03-23T20:48:27+00:00","og_image":[{"width":780,"height":500,"url":"https:\/\/veritasinfo.org\/wp-content\/uploads\/2026\/03\/720523-4sFxMYBJHL.jpg","type":"image\/jpeg"}],"author":"US6","twitter_card":"summary_large_image","twitter_misc":{"Written by":"US6","Est. reading time":"3 minutes"},"schema":{"@context":"https:\/\/schema.org","@graph":[{"@type":"WebPage","@id":"https:\/\/veritasinfo.org\/?p=39346","url":"https:\/\/veritasinfo.org\/?p=39346","name":"BE kritikon Beogradin -","isPartOf":{"@id":"https:\/\/veritasinfo.org\/#website"},"primaryImageOfPage":{"@id":"https:\/\/veritasinfo.org\/?p=39346#primaryimage"},"image":{"@id":"https:\/\/veritasinfo.org\/?p=39346#primaryimage"},"thumbnailUrl":"https:\/\/veritasinfo.org\/wp-content\/uploads\/2026\/03\/720523-4sFxMYBJHL.jpg","datePublished":"2026-03-23T20:48:27+00:00","author":{"@id":"https:\/\/veritasinfo.org\/#\/schema\/person\/fe199eede04c3937362892b7444747cc"},"breadcrumb":{"@id":"https:\/\/veritasinfo.org\/?p=39346#breadcrumb"},"inLanguage":"en-US","potentialAction":[{"@type":"ReadAction","target":["https:\/\/veritasinfo.org\/?p=39346"]}]},{"@type":"ImageObject","inLanguage":"en-US","@id":"https:\/\/veritasinfo.org\/?p=39346#primaryimage","url":"https:\/\/veritasinfo.org\/wp-content\/uploads\/2026\/03\/720523-4sFxMYBJHL.jpg","contentUrl":"https:\/\/veritasinfo.org\/wp-content\/uploads\/2026\/03\/720523-4sFxMYBJHL.jpg","width":780,"height":500},{"@type":"BreadcrumbList","@id":"https:\/\/veritasinfo.org\/?p=39346#breadcrumb","itemListElement":[{"@type":"ListItem","position":1,"name":"Home","item":"https:\/\/veritasinfo.org\/"},{"@type":"ListItem","position":2,"name":"BE kritikon Beogradin"}]},{"@type":"WebSite","@id":"https:\/\/veritasinfo.org\/#website","url":"https:\/\/veritasinfo.org\/","name":"","description":"","potentialAction":[{"@type":"SearchAction","target":{"@type":"EntryPoint","urlTemplate":"https:\/\/veritasinfo.org\/?s={search_term_string}"},"query-input":{"@type":"PropertyValueSpecification","valueRequired":true,"valueName":"search_term_string"}}],"inLanguage":"en-US"},{"@type":"Person","@id":"https:\/\/veritasinfo.org\/#\/schema\/person\/fe199eede04c3937362892b7444747cc","name":"US6","image":{"@type":"ImageObject","inLanguage":"en-US","@id":"https:\/\/veritasinfo.org\/#\/schema\/person\/image\/","url":"https:\/\/secure.gravatar.com\/avatar\/cb16c3c31c9d23b9b8c705964598220b3014e42ff51eb540ff23cefa3ae8c15f?s=96&d=mm&r=g","contentUrl":"https:\/\/secure.gravatar.com\/avatar\/cb16c3c31c9d23b9b8c705964598220b3014e42ff51eb540ff23cefa3ae8c15f?s=96&d=mm&r=g","caption":"US6"},"url":"https:\/\/veritasinfo.org\/?author=7"}]}},"featured_image_urls":{"full":["https:\/\/veritasinfo.org\/wp-content\/uploads\/2026\/03\/720523-4sFxMYBJHL.jpg",780,500,false],"thumbnail":["https:\/\/veritasinfo.org\/wp-content\/uploads\/2026\/03\/720523-4sFxMYBJHL-150x150.jpg",150,150,true],"medium":["https:\/\/veritasinfo.org\/wp-content\/uploads\/2026\/03\/720523-4sFxMYBJHL-300x192.jpg",300,192,true],"medium_large":["https:\/\/veritasinfo.org\/wp-content\/uploads\/2026\/03\/720523-4sFxMYBJHL-768x492.jpg",640,410,true],"large":["https:\/\/veritasinfo.org\/wp-content\/uploads\/2026\/03\/720523-4sFxMYBJHL.jpg",640,410,false],"1536x1536":["https:\/\/veritasinfo.org\/wp-content\/uploads\/2026\/03\/720523-4sFxMYBJHL.jpg",780,500,false],"2048x2048":["https:\/\/veritasinfo.org\/wp-content\/uploads\/2026\/03\/720523-4sFxMYBJHL.jpg",780,500,false],"kreeti-slider-full":["https:\/\/veritasinfo.org\/wp-content\/uploads\/2026\/03\/720523-4sFxMYBJHL.jpg",780,500,false],"kreeti-featured":["https:\/\/veritasinfo.org\/wp-content\/uploads\/2026\/03\/720523-4sFxMYBJHL.jpg",780,500,false],"kreeti-medium":["https:\/\/veritasinfo.org\/wp-content\/uploads\/2026\/03\/720523-4sFxMYBJHL.jpg",720,462,false],"kreeti-medium-square":["https:\/\/veritasinfo.org\/wp-content\/uploads\/2026\/03\/720523-4sFxMYBJHL.jpg",350,224,false]},"author_info":{"info":["US6"]},"category_info":"<a href=\"https:\/\/veritasinfo.org\/?cat=58\" rel=\"category\">Politik\u00eb<\/a>","tag_info":"Politik\u00eb","comment_count":"0","_links":{"self":[{"href":"https:\/\/veritasinfo.org\/index.php?rest_route=\/wp\/v2\/posts\/39346","targetHints":{"allow":["GET"]}}],"collection":[{"href":"https:\/\/veritasinfo.org\/index.php?rest_route=\/wp\/v2\/posts"}],"about":[{"href":"https:\/\/veritasinfo.org\/index.php?rest_route=\/wp\/v2\/types\/post"}],"author":[{"embeddable":true,"href":"https:\/\/veritasinfo.org\/index.php?rest_route=\/wp\/v2\/users\/7"}],"replies":[{"embeddable":true,"href":"https:\/\/veritasinfo.org\/index.php?rest_route=%2Fwp%2Fv2%2Fcomments&post=39346"}],"version-history":[{"count":1,"href":"https:\/\/veritasinfo.org\/index.php?rest_route=\/wp\/v2\/posts\/39346\/revisions"}],"predecessor-version":[{"id":39348,"href":"https:\/\/veritasinfo.org\/index.php?rest_route=\/wp\/v2\/posts\/39346\/revisions\/39348"}],"wp:featuredmedia":[{"embeddable":true,"href":"https:\/\/veritasinfo.org\/index.php?rest_route=\/wp\/v2\/media\/39347"}],"wp:attachment":[{"href":"https:\/\/veritasinfo.org\/index.php?rest_route=%2Fwp%2Fv2%2Fmedia&parent=39346"}],"wp:term":[{"taxonomy":"category","embeddable":true,"href":"https:\/\/veritasinfo.org\/index.php?rest_route=%2Fwp%2Fv2%2Fcategories&post=39346"},{"taxonomy":"post_tag","embeddable":true,"href":"https:\/\/veritasinfo.org\/index.php?rest_route=%2Fwp%2Fv2%2Ftags&post=39346"}],"curies":[{"name":"wp","href":"https:\/\/api.w.org\/{rel}","templated":true}]}}