{"id":39321,"date":"2026-03-23T17:35:14","date_gmt":"2026-03-23T16:35:14","guid":{"rendered":"https:\/\/veritasinfo.org\/?p=39321"},"modified":"2026-03-23T17:35:14","modified_gmt":"2026-03-23T16:35:14","slug":"arrestohet-nje-person-dyshohet-se-kreu-krime-lufte-ne-matican","status":"publish","type":"post","link":"https:\/\/veritasinfo.org\/?p=39321","title":{"rendered":"Arrestohet nj\u00eb person, dyshohet se kreu krime lufte n\u00eb Mati\u00e7an"},"content":{"rendered":"<p>Prishtin\u00eb, 23 mars 2026 17:36<\/p>\n<p>Policia e Kosov\u00ebs dhe Prokuroria Speciale kan\u00eb b\u00ebr\u00eb t\u00eb ditur se \u00ebsht\u00eb arrestuar t\u00eb h\u00ebn\u00ebn nj\u00eb person, i dyshuar p\u00ebr krime lufte n\u00eb Kosov\u00eb.<\/p>\n<p>Z.S, dyshohet se gjat\u00eb periudh\u00ebs 1998-1999, si pjes\u00eb e nj\u00eb grupi paramilitar t\u00eb forcave serbe, ka kryer krime lufte n\u00eb Mati\u00e7an.<\/p>\n<p>\u201cHetuesit policor\u00eb nga Drejtoria p\u00ebr Hetimin e Krimeve t\u00eb Luft\u00ebs, me urdh\u00ebr t\u00eb Prokuroris\u00eb Speciale t\u00eb Republik\u00ebs s\u00eb Kosov\u00ebs, kan\u00eb arrestuar Z.S., n\u00ebn dyshimin p\u00ebr kryerjen e vepr\u00ebs penale \u201ckrime lufte kund\u00ebr popullsis\u00eb civile\u201d. I pandehuri Z.S., si pjes\u00eb e nj\u00eb grupi paramilitar t\u00eb forcave serbe, dyshohet se ka kryer krime lufte n\u00eb fshatin Mati\u00e7an, Komuna e Prishtin\u00ebs gjat\u00eb periudh\u00ebs kohore 1998-1999. Brenda afatit ligjor, sipas Kodit te Procedur\u00ebs Penale, Prokuroria Speciale do t\u00eb paraqes\u00eb n\u00eb Gjykat\u00ebn Themelore te Prishtin\u00ebs, Departamenti Special k\u00ebrkes\u00ebn p\u00ebr paraburgim\u201d, thuhet n\u00eb komunikat\u00ebn e p\u00ebrbashk\u00ebt t\u00eb Policis\u00eb dhe Prokuroris\u00eb.<\/p>\n","protected":false},"excerpt":{"rendered":"<p>Prishtin\u00eb, 23 mars 2026 17:36 Policia e Kosov\u00ebs dhe Prokuroria Speciale kan\u00eb b\u00ebr\u00eb t\u00eb ditur se \u00ebsht\u00eb arrestuar t\u00eb h\u00ebn\u00ebn nj\u00eb person, i dyshuar p\u00ebr<\/p>\n","protected":false},"author":7,"featured_media":39322,"comment_status":"open","ping_status":"open","sticky":false,"template":"","format":"standard","meta":{"footnotes":""},"categories":[60],"tags":[],"class_list":["post-39321","post","type-post","status-publish","format-standard","has-post-thumbnail","hentry","category-shoqerore-sq"],"yoast_head":"<!-- This site is optimized with the Yoast SEO plugin v25.3.1 - https:\/\/yoast.com\/wordpress\/plugins\/seo\/ -->\n<title>Arrestohet nj\u00eb person, dyshohet se kreu krime lufte n\u00eb Mati\u00e7an -<\/title>\n<meta name=\"robots\" content=\"index, follow, max-snippet:-1, max-image-preview:large, max-video-preview:-1\" \/>\n<link rel=\"canonical\" href=\"https:\/\/veritasinfo.org\/?p=39321\" \/>\n<meta property=\"og:locale\" content=\"en_US\" \/>\n<meta property=\"og:type\" content=\"article\" \/>\n<meta property=\"og:title\" content=\"Arrestohet nj\u00eb person, dyshohet se kreu krime lufte n\u00eb Mati\u00e7an -\" \/>\n<meta property=\"og:description\" content=\"Prishtin\u00eb, 23 mars 2026 17:36 Policia e Kosov\u00ebs dhe Prokuroria Speciale kan\u00eb b\u00ebr\u00eb t\u00eb ditur se \u00ebsht\u00eb arrestuar t\u00eb h\u00ebn\u00ebn nj\u00eb person, i dyshuar p\u00ebr\" \/>\n<meta property=\"og:url\" content=\"https:\/\/veritasinfo.org\/?p=39321\" \/>\n<meta property=\"article:published_time\" content=\"2026-03-23T16:35:14+00:00\" \/>\n<meta property=\"og:image\" content=\"https:\/\/veritasinfo.org\/wp-content\/uploads\/2026\/03\/42f193fa-4226-467f-92d3-51985f089c37.webp\" \/>\n\t<meta property=\"og:image:width\" content=\"1360\" \/>\n\t<meta property=\"og:image:height\" content=\"870\" \/>\n\t<meta property=\"og:image:type\" content=\"image\/webp\" \/>\n<meta name=\"author\" content=\"US6\" \/>\n<meta name=\"twitter:card\" content=\"summary_large_image\" \/>\n<meta name=\"twitter:label1\" content=\"Written by\" \/>\n\t<meta name=\"twitter:data1\" content=\"US6\" \/>\n\t<meta name=\"twitter:label2\" content=\"Est. reading time\" \/>\n\t<meta name=\"twitter:data2\" content=\"1 minute\" \/>\n<script type=\"application\/ld+json\" class=\"yoast-schema-graph\">{\"@context\":\"https:\/\/schema.org\",\"@graph\":[{\"@type\":\"WebPage\",\"@id\":\"https:\/\/veritasinfo.org\/?p=39321\",\"url\":\"https:\/\/veritasinfo.org\/?p=39321\",\"name\":\"Arrestohet nj\u00eb person, dyshohet se kreu krime lufte n\u00eb Mati\u00e7an -\",\"isPartOf\":{\"@id\":\"https:\/\/veritasinfo.org\/#website\"},\"primaryImageOfPage\":{\"@id\":\"https:\/\/veritasinfo.org\/?p=39321#primaryimage\"},\"image\":{\"@id\":\"https:\/\/veritasinfo.org\/?p=39321#primaryimage\"},\"thumbnailUrl\":\"https:\/\/veritasinfo.org\/wp-content\/uploads\/2026\/03\/42f193fa-4226-467f-92d3-51985f089c37.webp\",\"datePublished\":\"2026-03-23T16:35:14+00:00\",\"author\":{\"@id\":\"https:\/\/veritasinfo.org\/#\/schema\/person\/fe199eede04c3937362892b7444747cc\"},\"breadcrumb\":{\"@id\":\"https:\/\/veritasinfo.org\/?p=39321#breadcrumb\"},\"inLanguage\":\"en-US\",\"potentialAction\":[{\"@type\":\"ReadAction\",\"target\":[\"https:\/\/veritasinfo.org\/?p=39321\"]}]},{\"@type\":\"ImageObject\",\"inLanguage\":\"en-US\",\"@id\":\"https:\/\/veritasinfo.org\/?p=39321#primaryimage\",\"url\":\"https:\/\/veritasinfo.org\/wp-content\/uploads\/2026\/03\/42f193fa-4226-467f-92d3-51985f089c37.webp\",\"contentUrl\":\"https:\/\/veritasinfo.org\/wp-content\/uploads\/2026\/03\/42f193fa-4226-467f-92d3-51985f089c37.webp\",\"width\":1360,\"height\":870},{\"@type\":\"BreadcrumbList\",\"@id\":\"https:\/\/veritasinfo.org\/?p=39321#breadcrumb\",\"itemListElement\":[{\"@type\":\"ListItem\",\"position\":1,\"name\":\"Home\",\"item\":\"https:\/\/veritasinfo.org\/\"},{\"@type\":\"ListItem\",\"position\":2,\"name\":\"Arrestohet nj\u00eb person, dyshohet se kreu krime lufte n\u00eb Mati\u00e7an\"}]},{\"@type\":\"WebSite\",\"@id\":\"https:\/\/veritasinfo.org\/#website\",\"url\":\"https:\/\/veritasinfo.org\/\",\"name\":\"\",\"description\":\"\",\"potentialAction\":[{\"@type\":\"SearchAction\",\"target\":{\"@type\":\"EntryPoint\",\"urlTemplate\":\"https:\/\/veritasinfo.org\/?s={search_term_string}\"},\"query-input\":{\"@type\":\"PropertyValueSpecification\",\"valueRequired\":true,\"valueName\":\"search_term_string\"}}],\"inLanguage\":\"en-US\"},{\"@type\":\"Person\",\"@id\":\"https:\/\/veritasinfo.org\/#\/schema\/person\/fe199eede04c3937362892b7444747cc\",\"name\":\"US6\",\"image\":{\"@type\":\"ImageObject\",\"inLanguage\":\"en-US\",\"@id\":\"https:\/\/veritasinfo.org\/#\/schema\/person\/image\/\",\"url\":\"https:\/\/secure.gravatar.com\/avatar\/cb16c3c31c9d23b9b8c705964598220b3014e42ff51eb540ff23cefa3ae8c15f?s=96&d=mm&r=g\",\"contentUrl\":\"https:\/\/secure.gravatar.com\/avatar\/cb16c3c31c9d23b9b8c705964598220b3014e42ff51eb540ff23cefa3ae8c15f?s=96&d=mm&r=g\",\"caption\":\"US6\"},\"url\":\"https:\/\/veritasinfo.org\/?author=7\"}]}<\/script>\n<!-- \/ Yoast SEO plugin. -->","yoast_head_json":{"title":"Arrestohet nj\u00eb person, dyshohet se kreu krime lufte n\u00eb Mati\u00e7an -","robots":{"index":"index","follow":"follow","max-snippet":"max-snippet:-1","max-image-preview":"max-image-preview:large","max-video-preview":"max-video-preview:-1"},"canonical":"https:\/\/veritasinfo.org\/?p=39321","og_locale":"en_US","og_type":"article","og_title":"Arrestohet nj\u00eb person, dyshohet se kreu krime lufte n\u00eb Mati\u00e7an -","og_description":"Prishtin\u00eb, 23 mars 2026 17:36 Policia e Kosov\u00ebs dhe Prokuroria Speciale kan\u00eb b\u00ebr\u00eb t\u00eb ditur se \u00ebsht\u00eb arrestuar t\u00eb h\u00ebn\u00ebn nj\u00eb person, i dyshuar p\u00ebr","og_url":"https:\/\/veritasinfo.org\/?p=39321","article_published_time":"2026-03-23T16:35:14+00:00","og_image":[{"width":1360,"height":870,"url":"https:\/\/veritasinfo.org\/wp-content\/uploads\/2026\/03\/42f193fa-4226-467f-92d3-51985f089c37.webp","type":"image\/webp"}],"author":"US6","twitter_card":"summary_large_image","twitter_misc":{"Written by":"US6","Est. reading time":"1 minute"},"schema":{"@context":"https:\/\/schema.org","@graph":[{"@type":"WebPage","@id":"https:\/\/veritasinfo.org\/?p=39321","url":"https:\/\/veritasinfo.org\/?p=39321","name":"Arrestohet nj\u00eb person, dyshohet se kreu krime lufte n\u00eb Mati\u00e7an -","isPartOf":{"@id":"https:\/\/veritasinfo.org\/#website"},"primaryImageOfPage":{"@id":"https:\/\/veritasinfo.org\/?p=39321#primaryimage"},"image":{"@id":"https:\/\/veritasinfo.org\/?p=39321#primaryimage"},"thumbnailUrl":"https:\/\/veritasinfo.org\/wp-content\/uploads\/2026\/03\/42f193fa-4226-467f-92d3-51985f089c37.webp","datePublished":"2026-03-23T16:35:14+00:00","author":{"@id":"https:\/\/veritasinfo.org\/#\/schema\/person\/fe199eede04c3937362892b7444747cc"},"breadcrumb":{"@id":"https:\/\/veritasinfo.org\/?p=39321#breadcrumb"},"inLanguage":"en-US","potentialAction":[{"@type":"ReadAction","target":["https:\/\/veritasinfo.org\/?p=39321"]}]},{"@type":"ImageObject","inLanguage":"en-US","@id":"https:\/\/veritasinfo.org\/?p=39321#primaryimage","url":"https:\/\/veritasinfo.org\/wp-content\/uploads\/2026\/03\/42f193fa-4226-467f-92d3-51985f089c37.webp","contentUrl":"https:\/\/veritasinfo.org\/wp-content\/uploads\/2026\/03\/42f193fa-4226-467f-92d3-51985f089c37.webp","width":1360,"height":870},{"@type":"BreadcrumbList","@id":"https:\/\/veritasinfo.org\/?p=39321#breadcrumb","itemListElement":[{"@type":"ListItem","position":1,"name":"Home","item":"https:\/\/veritasinfo.org\/"},{"@type":"ListItem","position":2,"name":"Arrestohet nj\u00eb person, dyshohet se kreu krime lufte n\u00eb Mati\u00e7an"}]},{"@type":"WebSite","@id":"https:\/\/veritasinfo.org\/#website","url":"https:\/\/veritasinfo.org\/","name":"","description":"","potentialAction":[{"@type":"SearchAction","target":{"@type":"EntryPoint","urlTemplate":"https:\/\/veritasinfo.org\/?s={search_term_string}"},"query-input":{"@type":"PropertyValueSpecification","valueRequired":true,"valueName":"search_term_string"}}],"inLanguage":"en-US"},{"@type":"Person","@id":"https:\/\/veritasinfo.org\/#\/schema\/person\/fe199eede04c3937362892b7444747cc","name":"US6","image":{"@type":"ImageObject","inLanguage":"en-US","@id":"https:\/\/veritasinfo.org\/#\/schema\/person\/image\/","url":"https:\/\/secure.gravatar.com\/avatar\/cb16c3c31c9d23b9b8c705964598220b3014e42ff51eb540ff23cefa3ae8c15f?s=96&d=mm&r=g","contentUrl":"https:\/\/secure.gravatar.com\/avatar\/cb16c3c31c9d23b9b8c705964598220b3014e42ff51eb540ff23cefa3ae8c15f?s=96&d=mm&r=g","caption":"US6"},"url":"https:\/\/veritasinfo.org\/?author=7"}]}},"featured_image_urls":{"full":["https:\/\/veritasinfo.org\/wp-content\/uploads\/2026\/03\/42f193fa-4226-467f-92d3-51985f089c37.webp",1360,870,false],"thumbnail":["https:\/\/veritasinfo.org\/wp-content\/uploads\/2026\/03\/42f193fa-4226-467f-92d3-51985f089c37-150x150.webp",150,150,true],"medium":["https:\/\/veritasinfo.org\/wp-content\/uploads\/2026\/03\/42f193fa-4226-467f-92d3-51985f089c37-300x192.webp",300,192,true],"medium_large":["https:\/\/veritasinfo.org\/wp-content\/uploads\/2026\/03\/42f193fa-4226-467f-92d3-51985f089c37-768x491.webp",640,409,true],"large":["https:\/\/veritasinfo.org\/wp-content\/uploads\/2026\/03\/42f193fa-4226-467f-92d3-51985f089c37-1024x655.webp",640,409,true],"1536x1536":["https:\/\/veritasinfo.org\/wp-content\/uploads\/2026\/03\/42f193fa-4226-467f-92d3-51985f089c37.webp",1360,870,false],"2048x2048":["https:\/\/veritasinfo.org\/wp-content\/uploads\/2026\/03\/42f193fa-4226-467f-92d3-51985f089c37.webp",1360,870,false],"kreeti-slider-full":["https:\/\/veritasinfo.org\/wp-content\/uploads\/2026\/03\/42f193fa-4226-467f-92d3-51985f089c37.webp",1126,720,false],"kreeti-featured":["https:\/\/veritasinfo.org\/wp-content\/uploads\/2026\/03\/42f193fa-4226-467f-92d3-51985f089c37.webp",1024,655,false],"kreeti-medium":["https:\/\/veritasinfo.org\/wp-content\/uploads\/2026\/03\/42f193fa-4226-467f-92d3-51985f089c37.webp",720,461,false],"kreeti-medium-square":["https:\/\/veritasinfo.org\/wp-content\/uploads\/2026\/03\/42f193fa-4226-467f-92d3-51985f089c37.webp",350,224,false]},"author_info":{"info":["US6"]},"category_info":"<a href=\"https:\/\/veritasinfo.org\/?cat=60\" rel=\"category\">Shoq\u00ebrore<\/a>","tag_info":"Shoq\u00ebrore","comment_count":"0","_links":{"self":[{"href":"https:\/\/veritasinfo.org\/index.php?rest_route=\/wp\/v2\/posts\/39321","targetHints":{"allow":["GET"]}}],"collection":[{"href":"https:\/\/veritasinfo.org\/index.php?rest_route=\/wp\/v2\/posts"}],"about":[{"href":"https:\/\/veritasinfo.org\/index.php?rest_route=\/wp\/v2\/types\/post"}],"author":[{"embeddable":true,"href":"https:\/\/veritasinfo.org\/index.php?rest_route=\/wp\/v2\/users\/7"}],"replies":[{"embeddable":true,"href":"https:\/\/veritasinfo.org\/index.php?rest_route=%2Fwp%2Fv2%2Fcomments&post=39321"}],"version-history":[{"count":1,"href":"https:\/\/veritasinfo.org\/index.php?rest_route=\/wp\/v2\/posts\/39321\/revisions"}],"predecessor-version":[{"id":39323,"href":"https:\/\/veritasinfo.org\/index.php?rest_route=\/wp\/v2\/posts\/39321\/revisions\/39323"}],"wp:featuredmedia":[{"embeddable":true,"href":"https:\/\/veritasinfo.org\/index.php?rest_route=\/wp\/v2\/media\/39322"}],"wp:attachment":[{"href":"https:\/\/veritasinfo.org\/index.php?rest_route=%2Fwp%2Fv2%2Fmedia&parent=39321"}],"wp:term":[{"taxonomy":"category","embeddable":true,"href":"https:\/\/veritasinfo.org\/index.php?rest_route=%2Fwp%2Fv2%2Fcategories&post=39321"},{"taxonomy":"post_tag","embeddable":true,"href":"https:\/\/veritasinfo.org\/index.php?rest_route=%2Fwp%2Fv2%2Ftags&post=39321"}],"curies":[{"name":"wp","href":"https:\/\/api.w.org\/{rel}","templated":true}]}}