{"id":39313,"date":"2026-03-23T15:46:27","date_gmt":"2026-03-23T14:46:27","guid":{"rendered":"https:\/\/veritasinfo.org\/?p=39313"},"modified":"2026-03-23T15:46:27","modified_gmt":"2026-03-23T14:46:27","slug":"ne-mungese-te-dy-deshmitareve-shtyhet-seanca-ndaj-te-akuzuarit-per-krime-lufte-jusuf-shujak","status":"publish","type":"post","link":"https:\/\/veritasinfo.org\/?p=39313","title":{"rendered":"N\u00eb munges\u00eb t\u00eb dy d\u00ebshmitareve, shtyhet seanca ndaj t\u00eb akuzuarit p\u00ebr krime lufte Jusuf Shujak"},"content":{"rendered":"<p>Prishtin\u00eb 23 Mars 2026 15:43<\/p>\n<p>Prishtin\u00eb\u2013 N\u00eb Gjykat\u00ebn Themelore n\u00eb Prishtin\u00eb n\u00eb munges\u00eb t\u00eb dy d\u00ebshmitareve t\u00eb propozuara nga mbrojtja, Enisa Rexhematoviq dhe Salka Agoviq, \u00ebsht\u00eb shtyr\u00eb seanca e s\u00eb h\u00ebn\u00ebs ndaj t\u00eb akuzuarit p\u00ebr krime lufte, Jusuf Shujak.<\/p>\n<p>Kryetari i trupit gjykues, Lutfi Shala njoftoi se t\u00eb enjten jan\u00eb njoftuar nga mbrojt\u00ebsi i t\u00eb akuzuarit Shujak, avokati Ljubomir Pantoviq, se d\u00ebshmitaret e propozuara nuk mund t\u00eb jen\u00eb prezente sot n\u00eb gjykim, raporton \u201cBetimi p\u00ebr Drejt\u00ebsi\u201d.<\/p>\n<p>Pantoviq ka arsyetuar se nj\u00ebra prej d\u00ebshmiatareve jeton- Rexhematoviq n\u00eb Belgjik\u00eb dhe nuk mund t\u00eb vijoj\u00eb n\u00eb sesionin e paradit\u00ebs, duke k\u00ebrkuar t\u00eb shtyhet p\u00ebr pasdite, por gjykat\u00ebsi Shala tha q\u00eb trupi gjykues ka angazhime n\u00eb sesionin e pasdites.<\/p>\n<p>N\u00eb seanc\u00eb, Pantoviq deklaroi se d\u00ebshmitarja e dyt\u00eb- Salka Agoviq \u00ebsht\u00eb nj\u00eb grua e moshuar e cila jeton n\u00eb Mal t\u00eb Zi dhe p\u00ebr shkak t\u00eb mosh\u00ebs nuk ka mund\u00ebsi t\u00eb vij\u00eb vet\u00eb. Tha se ajo s\u00eb bashku me d\u00ebshmitaren Enisa Rexhematoviq ishin marr\u00eb vesh q\u00eb t\u00eb vijn\u00eb s\u00eb bashku p\u00ebr t\u00eb d\u00ebshmuar.<\/p>\n<p>Avokati Pantoviq i propozoi trupit gjykues q\u00eb seanca e parapar\u00eb p\u00ebr dit\u00ebn e sotme t\u00eb shtyhet p\u00ebr muajin prill.<\/p>\n<p>M\u00eb pas, trupi gjykues aprovoi propozimin e mbrojtjes dhe seanca u shty p\u00ebr nj\u00eb dat\u00eb tjet\u00ebr.<\/p>\n<p>T\u00eb ngjajshme<br \/>\n18 Mar, 2026, 13:55<br \/>\nN\u00eb seanc\u00ebn fillestare m\u00eb 13 shkurt 2025, i akuzuari Jusuf Shujak \u00ebsht\u00eb deklaruar i pafajsh\u00ebm lidhur me akuzat p\u00ebr krime lufte n\u00eb Gjakov\u00eb.<\/p>\n<p>Ndryshe, sipas aktakuz\u00ebs s\u00eb ngritur nga Prokuroria Speciale e Republik\u00ebs s\u00eb Kosov\u00ebs, m\u00eb 24 janar 2025, i pandehuri Jusuf Shujak akuzohet se gjat\u00eb p\u00ebriudh\u00ebs kohore 1989-1999, n\u00eb Gjakov\u00eb, gjat\u00eb koh\u00ebs s\u00eb luft\u00ebs n\u00eb Kosov\u00eb, n\u00eb bashk\u00ebkryerje me pjes\u00ebtar\u00eb tjer\u00eb t\u00eb forcave policore dhe ushtarake serbe, me dashje shkel rregullat e t\u00eb drejt\u00ebs nd\u00ebrkomb\u00ebtare kund\u00ebr personave civil\u00eb, konkretisht neni 3 t\u00eb Konvent\u00ebs s\u00eb Kat\u00ebrt t\u00eb Gjenev\u00ebs dhe nenin 4 t\u00eb Protokollit shtes\u00eb II, duke kryer vrasje, d\u00ebbim dhe shkat\u00ebrrime t\u00eb pasuris\u00eb s\u00eb lujatshme dhe t\u00eb palujatshme t\u00eb popullat\u00ebs civile.<\/p>\n<p>Sipas dispozitivit t\u00eb par\u00eb t\u00eb aktakuz\u00ebs, i akuzuari Shujak, m\u00eb 10 maj 1999, s\u00eb bashku me pjestar\u00eb t\u00eb tjer\u00eb t\u00eb forcave policore dhe ushtarake serbe, t\u00eb unifromuar dhe t\u00eb armatosur dhe t\u00eb ndar\u00eb n\u00eb grupe t\u00eb ndryshme, hyjn\u00eb n\u00eb sht\u00ebpin\u00eb e M.D., n\u00eb t\u00eb cilin ishin duke q\u00ebndruar vet\u00ebm M., B.D., bashk\u00ebshortja e tij, nj\u00eb f\u00ebmij\u00eb dhe dy t\u00eb zhvendosur, C.H., e I.L., t\u00eb cil\u00ebt ishin t\u00eb strehuar p\u00ebrkoh\u00ebsisht, i urdh\u00ebrojn\u00eb q\u00eb t\u00eb dalin jasht\u00eb, p\u00ebrpos M.D., i cili kishte mbetur brenda sht\u00ebpis\u00eb. Me t\u00eb dal\u00eb n\u00eb oborr, polic\u00ebt serb\u00eb i ndalojn\u00eb C.H, dhe I.L., duke ua k\u00ebrkuar let\u00ebrnjoftimet dhe m\u00eb pas ju drejtohen me fjal\u00ebt \u201cah ju qenkeni U\u00c7K\u201d dhe menj\u00ebher\u00eb kishin sht\u00ebn\u00eb n\u00eb drejtim t\u00eb tyre duke i vrar\u00eb q\u00eb t\u00eb dy. Kurse nj\u00eb polic tjet\u00ebr, hyn brenda sht\u00ebpis\u00eb, ku kishte qen\u00eb edhe M.D., duke q\u00eblluar me arm\u00eb dhe duke e vrar\u00eb.<\/p>\n<p>Gjithmon\u00eb sipas aktakuz\u00ebs, n\u00eb dispozitivin e dyt\u00eb thuhet q\u00eb n\u00eb koh\u00ebn dhe vendin e p\u00ebrshkruar si n\u00eb dispoztivin e par\u00eb, forcat policore dhe ushtarake serbe, me dhun\u00eb dhe n\u00ebn k\u00ebrc\u00ebnimin e arm\u00ebve, d\u00ebbuan nga sht\u00ebpit\u00eb e tyre familjen Dyla, n\u00eb at\u00eb m\u00ebnyr\u00eb q\u00eb n\u00eb dit\u00ebn e incidentit derisa pjestar\u00ebt e forcave policore dhe ushtarake serbe kishin hyr\u00eb n\u00eb sht\u00ebpin e M.D., duke l\u00ebn\u00eb t\u00eb vrar\u00eb at\u00eb dhe dy persona t\u00eb tjer\u00eb, nd\u00ebrsa pjes\u00ebn tjet\u00ebr t\u00eb familjes i detyruan q\u00eb t\u00eb largohen nga sht\u00ebpia e tyre dhe t\u2019ju bashkohen kolonave t\u00eb banor\u00ebve civil\u00eb t\u00eb nacionalitetit shqiptar\u00eb dhe nacionaliteteve tjera, dhe me dhun\u00eb t\u00eb largohen nga Gjakova.<\/p>\n<p>Kurse, n\u00eb dispozitivin e tret\u00eb t\u00eb aktakuz\u00ebs thuhet q\u00eb i pandehuri Shujak s\u00eb bashku me forcat policore dhe ushtarake serbe, pla\u00e7kit\u00ebn dhe shkatrruan pasurin\u00eb e familjes Dyla, n\u00eb at\u00eb m\u00ebnyr\u00eb q\u00eb n\u00eb dit\u00ebn e incidentit, pasi q\u00eb vran\u00eb dhe d\u00ebbuan viktimat t\u00eb p\u00ebrshkruara si n\u00eb dispozitivin e par\u00eb dhe t\u00eb dyt\u00eb t\u00eb k\u00ebsaj aktakuze, fillimisht pla\u00e7kit\u00ebn sht\u00ebpin\u00eb e familjes Dyla, dhe disa sht\u00ebpi t\u00eb tjera p\u00ebrreth saj dhe n\u00eb fund i dogj\u00ebn ato, duke iu shkaktuar k\u00ebshtu viktimave d\u00ebm shum\u00eb t\u00eb madh material.<\/p>\n<p>M\u00eb k\u00ebt\u00eb, Jusuf Shujak ngarkohet se n\u00eb bashk\u00ebkryerje ka kryer vepr\u00ebn penale \u201cKrim i luft\u00ebs kund\u00ebr popullat\u00ebs civile\u201d, e sanksionuar me nenin 142, lidhur me nenin 22 t\u00eb Ligjit Penal t\u00eb ish-RSFJ-s\u00eb.<\/p>\n","protected":false},"excerpt":{"rendered":"<p>Prishtin\u00eb 23 Mars 2026 15:43 Prishtin\u00eb\u2013 N\u00eb Gjykat\u00ebn Themelore n\u00eb Prishtin\u00eb n\u00eb munges\u00eb t\u00eb dy d\u00ebshmitareve t\u00eb propozuara nga mbrojtja, Enisa Rexhematoviq dhe Salka Agoviq,<\/p>\n","protected":false},"author":6,"featured_media":39316,"comment_status":"open","ping_status":"open","sticky":false,"template":"","format":"standard","meta":{"footnotes":""},"categories":[60],"tags":[],"class_list":["post-39313","post","type-post","status-publish","format-standard","has-post-thumbnail","hentry","category-shoqerore-sq"],"yoast_head":"<!-- This site is optimized with the Yoast SEO plugin v25.3.1 - https:\/\/yoast.com\/wordpress\/plugins\/seo\/ -->\n<title>N\u00eb munges\u00eb t\u00eb dy d\u00ebshmitareve, shtyhet seanca ndaj t\u00eb akuzuarit p\u00ebr krime lufte Jusuf Shujak -<\/title>\n<meta name=\"robots\" content=\"index, follow, max-snippet:-1, max-image-preview:large, max-video-preview:-1\" \/>\n<link rel=\"canonical\" href=\"https:\/\/veritasinfo.org\/?p=39313\" \/>\n<meta property=\"og:locale\" content=\"en_US\" \/>\n<meta property=\"og:type\" content=\"article\" \/>\n<meta property=\"og:title\" content=\"N\u00eb munges\u00eb t\u00eb dy d\u00ebshmitareve, shtyhet seanca ndaj t\u00eb akuzuarit p\u00ebr krime lufte Jusuf Shujak -\" \/>\n<meta property=\"og:description\" content=\"Prishtin\u00eb 23 Mars 2026 15:43 Prishtin\u00eb\u2013 N\u00eb Gjykat\u00ebn Themelore n\u00eb Prishtin\u00eb n\u00eb munges\u00eb t\u00eb dy d\u00ebshmitareve t\u00eb propozuara nga mbrojtja, Enisa Rexhematoviq dhe Salka Agoviq,\" \/>\n<meta property=\"og:url\" content=\"https:\/\/veritasinfo.org\/?p=39313\" \/>\n<meta property=\"article:published_time\" content=\"2026-03-23T14:46:27+00:00\" \/>\n<meta property=\"og:image\" content=\"https:\/\/veritasinfo.org\/wp-content\/uploads\/2026\/03\/GJykata-Themelore-Prishtine-scaled-1-e1658584727705-1-600x360-1-1.jpg\" \/>\n\t<meta property=\"og:image:width\" content=\"600\" \/>\n\t<meta property=\"og:image:height\" content=\"360\" \/>\n\t<meta property=\"og:image:type\" content=\"image\/jpeg\" \/>\n<meta name=\"author\" content=\"US5\" \/>\n<meta name=\"twitter:card\" content=\"summary_large_image\" \/>\n<meta name=\"twitter:label1\" content=\"Written by\" \/>\n\t<meta name=\"twitter:data1\" content=\"US5\" \/>\n\t<meta name=\"twitter:label2\" content=\"Est. reading time\" \/>\n\t<meta name=\"twitter:data2\" content=\"3 minutes\" \/>\n<script type=\"application\/ld+json\" class=\"yoast-schema-graph\">{\"@context\":\"https:\/\/schema.org\",\"@graph\":[{\"@type\":\"WebPage\",\"@id\":\"https:\/\/veritasinfo.org\/?p=39313\",\"url\":\"https:\/\/veritasinfo.org\/?p=39313\",\"name\":\"N\u00eb munges\u00eb t\u00eb dy d\u00ebshmitareve, shtyhet seanca ndaj t\u00eb akuzuarit p\u00ebr krime lufte Jusuf Shujak -\",\"isPartOf\":{\"@id\":\"https:\/\/veritasinfo.org\/#website\"},\"primaryImageOfPage\":{\"@id\":\"https:\/\/veritasinfo.org\/?p=39313#primaryimage\"},\"image\":{\"@id\":\"https:\/\/veritasinfo.org\/?p=39313#primaryimage\"},\"thumbnailUrl\":\"https:\/\/veritasinfo.org\/wp-content\/uploads\/2026\/03\/GJykata-Themelore-Prishtine-scaled-1-e1658584727705-1-600x360-1-1.jpg\",\"datePublished\":\"2026-03-23T14:46:27+00:00\",\"author\":{\"@id\":\"https:\/\/veritasinfo.org\/#\/schema\/person\/bc442336e35414d04494ab8fb45db4c6\"},\"breadcrumb\":{\"@id\":\"https:\/\/veritasinfo.org\/?p=39313#breadcrumb\"},\"inLanguage\":\"en-US\",\"potentialAction\":[{\"@type\":\"ReadAction\",\"target\":[\"https:\/\/veritasinfo.org\/?p=39313\"]}]},{\"@type\":\"ImageObject\",\"inLanguage\":\"en-US\",\"@id\":\"https:\/\/veritasinfo.org\/?p=39313#primaryimage\",\"url\":\"https:\/\/veritasinfo.org\/wp-content\/uploads\/2026\/03\/GJykata-Themelore-Prishtine-scaled-1-e1658584727705-1-600x360-1-1.jpg\",\"contentUrl\":\"https:\/\/veritasinfo.org\/wp-content\/uploads\/2026\/03\/GJykata-Themelore-Prishtine-scaled-1-e1658584727705-1-600x360-1-1.jpg\",\"width\":600,\"height\":360},{\"@type\":\"BreadcrumbList\",\"@id\":\"https:\/\/veritasinfo.org\/?p=39313#breadcrumb\",\"itemListElement\":[{\"@type\":\"ListItem\",\"position\":1,\"name\":\"Home\",\"item\":\"https:\/\/veritasinfo.org\/\"},{\"@type\":\"ListItem\",\"position\":2,\"name\":\"N\u00eb munges\u00eb t\u00eb dy d\u00ebshmitareve, shtyhet seanca ndaj t\u00eb akuzuarit p\u00ebr krime lufte Jusuf Shujak\"}]},{\"@type\":\"WebSite\",\"@id\":\"https:\/\/veritasinfo.org\/#website\",\"url\":\"https:\/\/veritasinfo.org\/\",\"name\":\"\",\"description\":\"\",\"potentialAction\":[{\"@type\":\"SearchAction\",\"target\":{\"@type\":\"EntryPoint\",\"urlTemplate\":\"https:\/\/veritasinfo.org\/?s={search_term_string}\"},\"query-input\":{\"@type\":\"PropertyValueSpecification\",\"valueRequired\":true,\"valueName\":\"search_term_string\"}}],\"inLanguage\":\"en-US\"},{\"@type\":\"Person\",\"@id\":\"https:\/\/veritasinfo.org\/#\/schema\/person\/bc442336e35414d04494ab8fb45db4c6\",\"name\":\"US5\",\"image\":{\"@type\":\"ImageObject\",\"inLanguage\":\"en-US\",\"@id\":\"https:\/\/veritasinfo.org\/#\/schema\/person\/image\/\",\"url\":\"https:\/\/secure.gravatar.com\/avatar\/16a61e7272a0c5d001121ebb9e60e925d5816e4ac1e443ed3e640d9a6ae55d0c?s=96&d=mm&r=g\",\"contentUrl\":\"https:\/\/secure.gravatar.com\/avatar\/16a61e7272a0c5d001121ebb9e60e925d5816e4ac1e443ed3e640d9a6ae55d0c?s=96&d=mm&r=g\",\"caption\":\"US5\"},\"url\":\"https:\/\/veritasinfo.org\/?author=6\"}]}<\/script>\n<!-- \/ Yoast SEO plugin. -->","yoast_head_json":{"title":"N\u00eb munges\u00eb t\u00eb dy d\u00ebshmitareve, shtyhet seanca ndaj t\u00eb akuzuarit p\u00ebr krime lufte Jusuf Shujak -","robots":{"index":"index","follow":"follow","max-snippet":"max-snippet:-1","max-image-preview":"max-image-preview:large","max-video-preview":"max-video-preview:-1"},"canonical":"https:\/\/veritasinfo.org\/?p=39313","og_locale":"en_US","og_type":"article","og_title":"N\u00eb munges\u00eb t\u00eb dy d\u00ebshmitareve, shtyhet seanca ndaj t\u00eb akuzuarit p\u00ebr krime lufte Jusuf Shujak -","og_description":"Prishtin\u00eb 23 Mars 2026 15:43 Prishtin\u00eb\u2013 N\u00eb Gjykat\u00ebn Themelore n\u00eb Prishtin\u00eb n\u00eb munges\u00eb t\u00eb dy d\u00ebshmitareve t\u00eb propozuara nga mbrojtja, Enisa Rexhematoviq dhe Salka Agoviq,","og_url":"https:\/\/veritasinfo.org\/?p=39313","article_published_time":"2026-03-23T14:46:27+00:00","og_image":[{"width":600,"height":360,"url":"https:\/\/veritasinfo.org\/wp-content\/uploads\/2026\/03\/GJykata-Themelore-Prishtine-scaled-1-e1658584727705-1-600x360-1-1.jpg","type":"image\/jpeg"}],"author":"US5","twitter_card":"summary_large_image","twitter_misc":{"Written by":"US5","Est. reading time":"3 minutes"},"schema":{"@context":"https:\/\/schema.org","@graph":[{"@type":"WebPage","@id":"https:\/\/veritasinfo.org\/?p=39313","url":"https:\/\/veritasinfo.org\/?p=39313","name":"N\u00eb munges\u00eb t\u00eb dy d\u00ebshmitareve, shtyhet seanca ndaj t\u00eb akuzuarit p\u00ebr krime lufte Jusuf Shujak -","isPartOf":{"@id":"https:\/\/veritasinfo.org\/#website"},"primaryImageOfPage":{"@id":"https:\/\/veritasinfo.org\/?p=39313#primaryimage"},"image":{"@id":"https:\/\/veritasinfo.org\/?p=39313#primaryimage"},"thumbnailUrl":"https:\/\/veritasinfo.org\/wp-content\/uploads\/2026\/03\/GJykata-Themelore-Prishtine-scaled-1-e1658584727705-1-600x360-1-1.jpg","datePublished":"2026-03-23T14:46:27+00:00","author":{"@id":"https:\/\/veritasinfo.org\/#\/schema\/person\/bc442336e35414d04494ab8fb45db4c6"},"breadcrumb":{"@id":"https:\/\/veritasinfo.org\/?p=39313#breadcrumb"},"inLanguage":"en-US","potentialAction":[{"@type":"ReadAction","target":["https:\/\/veritasinfo.org\/?p=39313"]}]},{"@type":"ImageObject","inLanguage":"en-US","@id":"https:\/\/veritasinfo.org\/?p=39313#primaryimage","url":"https:\/\/veritasinfo.org\/wp-content\/uploads\/2026\/03\/GJykata-Themelore-Prishtine-scaled-1-e1658584727705-1-600x360-1-1.jpg","contentUrl":"https:\/\/veritasinfo.org\/wp-content\/uploads\/2026\/03\/GJykata-Themelore-Prishtine-scaled-1-e1658584727705-1-600x360-1-1.jpg","width":600,"height":360},{"@type":"BreadcrumbList","@id":"https:\/\/veritasinfo.org\/?p=39313#breadcrumb","itemListElement":[{"@type":"ListItem","position":1,"name":"Home","item":"https:\/\/veritasinfo.org\/"},{"@type":"ListItem","position":2,"name":"N\u00eb munges\u00eb t\u00eb dy d\u00ebshmitareve, shtyhet seanca ndaj t\u00eb akuzuarit p\u00ebr krime lufte Jusuf Shujak"}]},{"@type":"WebSite","@id":"https:\/\/veritasinfo.org\/#website","url":"https:\/\/veritasinfo.org\/","name":"","description":"","potentialAction":[{"@type":"SearchAction","target":{"@type":"EntryPoint","urlTemplate":"https:\/\/veritasinfo.org\/?s={search_term_string}"},"query-input":{"@type":"PropertyValueSpecification","valueRequired":true,"valueName":"search_term_string"}}],"inLanguage":"en-US"},{"@type":"Person","@id":"https:\/\/veritasinfo.org\/#\/schema\/person\/bc442336e35414d04494ab8fb45db4c6","name":"US5","image":{"@type":"ImageObject","inLanguage":"en-US","@id":"https:\/\/veritasinfo.org\/#\/schema\/person\/image\/","url":"https:\/\/secure.gravatar.com\/avatar\/16a61e7272a0c5d001121ebb9e60e925d5816e4ac1e443ed3e640d9a6ae55d0c?s=96&d=mm&r=g","contentUrl":"https:\/\/secure.gravatar.com\/avatar\/16a61e7272a0c5d001121ebb9e60e925d5816e4ac1e443ed3e640d9a6ae55d0c?s=96&d=mm&r=g","caption":"US5"},"url":"https:\/\/veritasinfo.org\/?author=6"}]}},"featured_image_urls":{"full":["https:\/\/veritasinfo.org\/wp-content\/uploads\/2026\/03\/GJykata-Themelore-Prishtine-scaled-1-e1658584727705-1-600x360-1-1.jpg",600,360,false],"thumbnail":["https:\/\/veritasinfo.org\/wp-content\/uploads\/2026\/03\/GJykata-Themelore-Prishtine-scaled-1-e1658584727705-1-600x360-1-1-150x150.jpg",150,150,true],"medium":["https:\/\/veritasinfo.org\/wp-content\/uploads\/2026\/03\/GJykata-Themelore-Prishtine-scaled-1-e1658584727705-1-600x360-1-1-300x180.jpg",300,180,true],"medium_large":["https:\/\/veritasinfo.org\/wp-content\/uploads\/2026\/03\/GJykata-Themelore-Prishtine-scaled-1-e1658584727705-1-600x360-1-1.jpg",600,360,false],"large":["https:\/\/veritasinfo.org\/wp-content\/uploads\/2026\/03\/GJykata-Themelore-Prishtine-scaled-1-e1658584727705-1-600x360-1-1.jpg",600,360,false],"1536x1536":["https:\/\/veritasinfo.org\/wp-content\/uploads\/2026\/03\/GJykata-Themelore-Prishtine-scaled-1-e1658584727705-1-600x360-1-1.jpg",600,360,false],"2048x2048":["https:\/\/veritasinfo.org\/wp-content\/uploads\/2026\/03\/GJykata-Themelore-Prishtine-scaled-1-e1658584727705-1-600x360-1-1.jpg",600,360,false],"kreeti-slider-full":["https:\/\/veritasinfo.org\/wp-content\/uploads\/2026\/03\/GJykata-Themelore-Prishtine-scaled-1-e1658584727705-1-600x360-1-1.jpg",600,360,false],"kreeti-featured":["https:\/\/veritasinfo.org\/wp-content\/uploads\/2026\/03\/GJykata-Themelore-Prishtine-scaled-1-e1658584727705-1-600x360-1-1.jpg",600,360,false],"kreeti-medium":["https:\/\/veritasinfo.org\/wp-content\/uploads\/2026\/03\/GJykata-Themelore-Prishtine-scaled-1-e1658584727705-1-600x360-1-1.jpg",600,360,false],"kreeti-medium-square":["https:\/\/veritasinfo.org\/wp-content\/uploads\/2026\/03\/GJykata-Themelore-Prishtine-scaled-1-e1658584727705-1-600x360-1-1.jpg",350,210,false]},"author_info":{"info":["US5"]},"category_info":"<a href=\"https:\/\/veritasinfo.org\/?cat=60\" rel=\"category\">Shoq\u00ebrore<\/a>","tag_info":"Shoq\u00ebrore","comment_count":"0","_links":{"self":[{"href":"https:\/\/veritasinfo.org\/index.php?rest_route=\/wp\/v2\/posts\/39313","targetHints":{"allow":["GET"]}}],"collection":[{"href":"https:\/\/veritasinfo.org\/index.php?rest_route=\/wp\/v2\/posts"}],"about":[{"href":"https:\/\/veritasinfo.org\/index.php?rest_route=\/wp\/v2\/types\/post"}],"author":[{"embeddable":true,"href":"https:\/\/veritasinfo.org\/index.php?rest_route=\/wp\/v2\/users\/6"}],"replies":[{"embeddable":true,"href":"https:\/\/veritasinfo.org\/index.php?rest_route=%2Fwp%2Fv2%2Fcomments&post=39313"}],"version-history":[{"count":1,"href":"https:\/\/veritasinfo.org\/index.php?rest_route=\/wp\/v2\/posts\/39313\/revisions"}],"predecessor-version":[{"id":39314,"href":"https:\/\/veritasinfo.org\/index.php?rest_route=\/wp\/v2\/posts\/39313\/revisions\/39314"}],"wp:featuredmedia":[{"embeddable":true,"href":"https:\/\/veritasinfo.org\/index.php?rest_route=\/wp\/v2\/media\/39316"}],"wp:attachment":[{"href":"https:\/\/veritasinfo.org\/index.php?rest_route=%2Fwp%2Fv2%2Fmedia&parent=39313"}],"wp:term":[{"taxonomy":"category","embeddable":true,"href":"https:\/\/veritasinfo.org\/index.php?rest_route=%2Fwp%2Fv2%2Fcategories&post=39313"},{"taxonomy":"post_tag","embeddable":true,"href":"https:\/\/veritasinfo.org\/index.php?rest_route=%2Fwp%2Fv2%2Ftags&post=39313"}],"curies":[{"name":"wp","href":"https:\/\/api.w.org\/{rel}","templated":true}]}}