{"id":39293,"date":"2026-03-23T14:46:04","date_gmt":"2026-03-23T13:46:04","guid":{"rendered":"https:\/\/veritasinfo.org\/?p=39293"},"modified":"2026-03-23T14:46:43","modified_gmt":"2026-03-23T13:46:43","slug":"drashkoviq-serbia-e-nenshtruar-nga-kgb-ja-pro-putin-dhe-kunder-perendimit","status":"publish","type":"post","link":"https:\/\/veritasinfo.org\/?p=39293","title":{"rendered":"Drashkoviq: Serbia e n\u00ebnshtruar nga KGB-ja, pro-Putin dhe kund\u00ebr Per\u00ebndimit"},"content":{"rendered":"<p>Beograd 23 Mars 2026 14:45<\/p>\n<p>Serbia nuk \u00ebsht\u00eb \u00e7liruar realisht nga sistemi i nd\u00ebrtuar n\u00ebn regjimin e Sllobodan Millosheviqit, pasi i nj\u00ebjti mentalitet politik vazhdon t\u00eb dominoj\u00eb edhe sot.<\/p>\n<p>K\u00ebshtu deklaroi shkrimtari dhe ish-lideri i opozit\u00ebs serbe, Vuk Drashkoviq n\u00eb nj\u00eb intervist\u00eb p\u00ebr portalin malazes \u201cPobjeda\u201d.<\/p>\n<p>Derisa shprehet optimist p\u00ebr an\u00ebtar\u00ebsimin e Malit t\u00eb Zi n\u00eb Bashkimin Evropian, Drashkoviq deklaroi se Serbia mbetet \u201cstrategjikisht, shpirt\u00ebrisht dhe civilizuesh\u00ebm n\u00eb rob\u00ebri t\u00eb rendit t\u00eb KGB-s\u00eb\u201d, duke e krahasuar klim\u00ebn politike me regjime autoritare si Irani.<\/p>\n<p>Ai tha se n\u00eb Serbi vazhdon t\u00eb glorifikohet Millosheviqi, nd\u00ebrsa student\u00ebt protestues shpallen \u201ctradhtar\u00eb\u201d dhe \u201cterrorist\u00eb\u201d, duke shtuar se propaganda anti-per\u00ebndimore ka deformuar vet\u00ebdijen kolektive.<\/p>\n<p>Sipas tij, p\u00ebr m\u00eb shum\u00eb se tri dekada \u00ebsht\u00eb zhvilluar nj\u00eb \u201cinxhinieri e harres\u00ebs\u201d q\u00eb ka fshir\u00eb nga kujtesa publike rolin e opozit\u00ebs anti-millosheviqiane dhe protestave t\u00eb viteve \u201990.<\/p>\n<p>N\u00eb nj\u00eb kritik\u00eb t\u00eb drejtp\u00ebrdrejt\u00eb, ai tha se shumica e qytetar\u00ebve n\u00eb Serbi besojn\u00eb se SHBA, Bashkimi Evropian dhe NATO jan\u00eb armiq, nd\u00ebrkoh\u00eb q\u00eb miliona serb\u00eb jetojn\u00eb dhe punojn\u00eb n\u00eb k\u00ebto vende. Sipas tij, antiper\u00ebndimizmi n\u00eb Serbi \u00ebsht\u00eb jasht\u00ebzakonisht i lart\u00eb dhe simpatia p\u00ebr Rusin\u00eb dhe presidentin Vladimir Putin \u00ebsht\u00eb e tepruar dhe e rrezikshme, duke shtuar se elitat politike dhe fetare kan\u00eb kontribuar n\u00eb k\u00ebt\u00eb orientim.<\/p>\n<p>Duke folur p\u00ebr ndikimin rus n\u00eb Serbi, Drashkoviq tha se \u201c\u00ebsht\u00eb i thell\u00eb dhe i q\u00ebndruesh\u00ebm\u201d.<\/p>\n<p>E sa i p\u00ebrket aleanc\u00ebs ushtarake Kosov\u00eb, Shqip\u00ebri-Kroaci p\u00eb rt\u00eb cil\u00ebn Vu\u00e7iq deklaron se gjoja paraqet rrezik p\u00ebr Serbin\u00eb, Drashkoviq theksoi se retorika e frik\u00ebs p\u00ebrdoret p\u00ebr t\u00eb justifikuar armatimin, nd\u00ebrsa rreziku i v\u00ebrtet\u00eb, sipas tij, vjen nga ndikimi rus n\u00eb politik\u00ebn e brendshme.<\/p>\n<p>Sipas Drashkoviqit, edhe pse sot n\u00eb Serbi ka protesta t\u00eb vazhdueshme kund\u00ebr sistemit, pushteti reagon me represion dhe ndryshimi real mungon. Ai v\u00ebren se ndryshe nga vitet \u201990, protestuesit nuk mbajn\u00eb m\u00eb simbole pro-evropiane, nd\u00ebrsa frika nga stigmatizimi publik \u00ebsht\u00eb rritur dhe diskursi publik \u00ebsht\u00eb zhvendosur drejt nacionalizmit.<\/p>\n","protected":false},"excerpt":{"rendered":"<p>Beograd 23 Mars 2026 14:45 Serbia nuk \u00ebsht\u00eb \u00e7liruar realisht nga sistemi i nd\u00ebrtuar n\u00ebn regjimin e Sllobodan Millosheviqit, pasi i nj\u00ebjti mentalitet politik vazhdon<\/p>\n","protected":false},"author":6,"featured_media":39294,"comment_status":"open","ping_status":"open","sticky":false,"template":"","format":"standard","meta":{"footnotes":""},"categories":[58],"tags":[],"class_list":["post-39293","post","type-post","status-publish","format-standard","has-post-thumbnail","hentry","category-politike-sq"],"yoast_head":"<!-- This site is optimized with the Yoast SEO plugin v25.3.1 - https:\/\/yoast.com\/wordpress\/plugins\/seo\/ -->\n<title>Drashkoviq: Serbia e n\u00ebnshtruar nga KGB-ja, pro-Putin dhe kund\u00ebr Per\u00ebndimit -<\/title>\n<meta name=\"robots\" content=\"index, follow, max-snippet:-1, max-image-preview:large, max-video-preview:-1\" \/>\n<link rel=\"canonical\" href=\"https:\/\/veritasinfo.org\/?p=39293\" \/>\n<meta property=\"og:locale\" content=\"en_US\" \/>\n<meta property=\"og:type\" content=\"article\" \/>\n<meta property=\"og:title\" content=\"Drashkoviq: Serbia e n\u00ebnshtruar nga KGB-ja, pro-Putin dhe kund\u00ebr Per\u00ebndimit -\" \/>\n<meta property=\"og:description\" content=\"Beograd 23 Mars 2026 14:45 Serbia nuk \u00ebsht\u00eb \u00e7liruar realisht nga sistemi i nd\u00ebrtuar n\u00ebn regjimin e Sllobodan Millosheviqit, pasi i nj\u00ebjti mentalitet politik vazhdon\" \/>\n<meta property=\"og:url\" content=\"https:\/\/veritasinfo.org\/?p=39293\" \/>\n<meta property=\"article:published_time\" content=\"2026-03-23T13:46:04+00:00\" \/>\n<meta property=\"article:modified_time\" content=\"2026-03-23T13:46:43+00:00\" \/>\n<meta property=\"og:image\" content=\"https:\/\/veritasinfo.org\/wp-content\/uploads\/2026\/03\/Vuk-Draskovic-by-Laguna-e1748429984620-1000x560-1.jpg\" \/>\n\t<meta property=\"og:image:width\" content=\"1000\" \/>\n\t<meta property=\"og:image:height\" content=\"560\" \/>\n\t<meta property=\"og:image:type\" content=\"image\/jpeg\" \/>\n<meta name=\"author\" content=\"US5\" \/>\n<meta name=\"twitter:card\" content=\"summary_large_image\" \/>\n<meta name=\"twitter:label1\" content=\"Written by\" \/>\n\t<meta name=\"twitter:data1\" content=\"US5\" \/>\n\t<meta name=\"twitter:label2\" content=\"Est. reading time\" \/>\n\t<meta name=\"twitter:data2\" content=\"2 minutes\" \/>\n<script type=\"application\/ld+json\" class=\"yoast-schema-graph\">{\"@context\":\"https:\/\/schema.org\",\"@graph\":[{\"@type\":\"WebPage\",\"@id\":\"https:\/\/veritasinfo.org\/?p=39293\",\"url\":\"https:\/\/veritasinfo.org\/?p=39293\",\"name\":\"Drashkoviq: Serbia e n\u00ebnshtruar nga KGB-ja, pro-Putin dhe kund\u00ebr Per\u00ebndimit -\",\"isPartOf\":{\"@id\":\"https:\/\/veritasinfo.org\/#website\"},\"primaryImageOfPage\":{\"@id\":\"https:\/\/veritasinfo.org\/?p=39293#primaryimage\"},\"image\":{\"@id\":\"https:\/\/veritasinfo.org\/?p=39293#primaryimage\"},\"thumbnailUrl\":\"https:\/\/veritasinfo.org\/wp-content\/uploads\/2026\/03\/Vuk-Draskovic-by-Laguna-e1748429984620-1000x560-1.jpg\",\"datePublished\":\"2026-03-23T13:46:04+00:00\",\"dateModified\":\"2026-03-23T13:46:43+00:00\",\"author\":{\"@id\":\"https:\/\/veritasinfo.org\/#\/schema\/person\/bc442336e35414d04494ab8fb45db4c6\"},\"breadcrumb\":{\"@id\":\"https:\/\/veritasinfo.org\/?p=39293#breadcrumb\"},\"inLanguage\":\"en-US\",\"potentialAction\":[{\"@type\":\"ReadAction\",\"target\":[\"https:\/\/veritasinfo.org\/?p=39293\"]}]},{\"@type\":\"ImageObject\",\"inLanguage\":\"en-US\",\"@id\":\"https:\/\/veritasinfo.org\/?p=39293#primaryimage\",\"url\":\"https:\/\/veritasinfo.org\/wp-content\/uploads\/2026\/03\/Vuk-Draskovic-by-Laguna-e1748429984620-1000x560-1.jpg\",\"contentUrl\":\"https:\/\/veritasinfo.org\/wp-content\/uploads\/2026\/03\/Vuk-Draskovic-by-Laguna-e1748429984620-1000x560-1.jpg\",\"width\":1000,\"height\":560},{\"@type\":\"BreadcrumbList\",\"@id\":\"https:\/\/veritasinfo.org\/?p=39293#breadcrumb\",\"itemListElement\":[{\"@type\":\"ListItem\",\"position\":1,\"name\":\"Home\",\"item\":\"https:\/\/veritasinfo.org\/\"},{\"@type\":\"ListItem\",\"position\":2,\"name\":\"Drashkoviq: Serbia e n\u00ebnshtruar nga KGB-ja, pro-Putin dhe kund\u00ebr Per\u00ebndimit\"}]},{\"@type\":\"WebSite\",\"@id\":\"https:\/\/veritasinfo.org\/#website\",\"url\":\"https:\/\/veritasinfo.org\/\",\"name\":\"\",\"description\":\"\",\"potentialAction\":[{\"@type\":\"SearchAction\",\"target\":{\"@type\":\"EntryPoint\",\"urlTemplate\":\"https:\/\/veritasinfo.org\/?s={search_term_string}\"},\"query-input\":{\"@type\":\"PropertyValueSpecification\",\"valueRequired\":true,\"valueName\":\"search_term_string\"}}],\"inLanguage\":\"en-US\"},{\"@type\":\"Person\",\"@id\":\"https:\/\/veritasinfo.org\/#\/schema\/person\/bc442336e35414d04494ab8fb45db4c6\",\"name\":\"US5\",\"image\":{\"@type\":\"ImageObject\",\"inLanguage\":\"en-US\",\"@id\":\"https:\/\/veritasinfo.org\/#\/schema\/person\/image\/\",\"url\":\"https:\/\/secure.gravatar.com\/avatar\/16a61e7272a0c5d001121ebb9e60e925d5816e4ac1e443ed3e640d9a6ae55d0c?s=96&d=mm&r=g\",\"contentUrl\":\"https:\/\/secure.gravatar.com\/avatar\/16a61e7272a0c5d001121ebb9e60e925d5816e4ac1e443ed3e640d9a6ae55d0c?s=96&d=mm&r=g\",\"caption\":\"US5\"},\"url\":\"https:\/\/veritasinfo.org\/?author=6\"}]}<\/script>\n<!-- \/ Yoast SEO plugin. -->","yoast_head_json":{"title":"Drashkoviq: Serbia e n\u00ebnshtruar nga KGB-ja, pro-Putin dhe kund\u00ebr Per\u00ebndimit -","robots":{"index":"index","follow":"follow","max-snippet":"max-snippet:-1","max-image-preview":"max-image-preview:large","max-video-preview":"max-video-preview:-1"},"canonical":"https:\/\/veritasinfo.org\/?p=39293","og_locale":"en_US","og_type":"article","og_title":"Drashkoviq: Serbia e n\u00ebnshtruar nga KGB-ja, pro-Putin dhe kund\u00ebr Per\u00ebndimit -","og_description":"Beograd 23 Mars 2026 14:45 Serbia nuk \u00ebsht\u00eb \u00e7liruar realisht nga sistemi i nd\u00ebrtuar n\u00ebn regjimin e Sllobodan Millosheviqit, pasi i nj\u00ebjti mentalitet politik vazhdon","og_url":"https:\/\/veritasinfo.org\/?p=39293","article_published_time":"2026-03-23T13:46:04+00:00","article_modified_time":"2026-03-23T13:46:43+00:00","og_image":[{"width":1000,"height":560,"url":"https:\/\/veritasinfo.org\/wp-content\/uploads\/2026\/03\/Vuk-Draskovic-by-Laguna-e1748429984620-1000x560-1.jpg","type":"image\/jpeg"}],"author":"US5","twitter_card":"summary_large_image","twitter_misc":{"Written by":"US5","Est. reading time":"2 minutes"},"schema":{"@context":"https:\/\/schema.org","@graph":[{"@type":"WebPage","@id":"https:\/\/veritasinfo.org\/?p=39293","url":"https:\/\/veritasinfo.org\/?p=39293","name":"Drashkoviq: Serbia e n\u00ebnshtruar nga KGB-ja, pro-Putin dhe kund\u00ebr Per\u00ebndimit -","isPartOf":{"@id":"https:\/\/veritasinfo.org\/#website"},"primaryImageOfPage":{"@id":"https:\/\/veritasinfo.org\/?p=39293#primaryimage"},"image":{"@id":"https:\/\/veritasinfo.org\/?p=39293#primaryimage"},"thumbnailUrl":"https:\/\/veritasinfo.org\/wp-content\/uploads\/2026\/03\/Vuk-Draskovic-by-Laguna-e1748429984620-1000x560-1.jpg","datePublished":"2026-03-23T13:46:04+00:00","dateModified":"2026-03-23T13:46:43+00:00","author":{"@id":"https:\/\/veritasinfo.org\/#\/schema\/person\/bc442336e35414d04494ab8fb45db4c6"},"breadcrumb":{"@id":"https:\/\/veritasinfo.org\/?p=39293#breadcrumb"},"inLanguage":"en-US","potentialAction":[{"@type":"ReadAction","target":["https:\/\/veritasinfo.org\/?p=39293"]}]},{"@type":"ImageObject","inLanguage":"en-US","@id":"https:\/\/veritasinfo.org\/?p=39293#primaryimage","url":"https:\/\/veritasinfo.org\/wp-content\/uploads\/2026\/03\/Vuk-Draskovic-by-Laguna-e1748429984620-1000x560-1.jpg","contentUrl":"https:\/\/veritasinfo.org\/wp-content\/uploads\/2026\/03\/Vuk-Draskovic-by-Laguna-e1748429984620-1000x560-1.jpg","width":1000,"height":560},{"@type":"BreadcrumbList","@id":"https:\/\/veritasinfo.org\/?p=39293#breadcrumb","itemListElement":[{"@type":"ListItem","position":1,"name":"Home","item":"https:\/\/veritasinfo.org\/"},{"@type":"ListItem","position":2,"name":"Drashkoviq: Serbia e n\u00ebnshtruar nga KGB-ja, pro-Putin dhe kund\u00ebr Per\u00ebndimit"}]},{"@type":"WebSite","@id":"https:\/\/veritasinfo.org\/#website","url":"https:\/\/veritasinfo.org\/","name":"","description":"","potentialAction":[{"@type":"SearchAction","target":{"@type":"EntryPoint","urlTemplate":"https:\/\/veritasinfo.org\/?s={search_term_string}"},"query-input":{"@type":"PropertyValueSpecification","valueRequired":true,"valueName":"search_term_string"}}],"inLanguage":"en-US"},{"@type":"Person","@id":"https:\/\/veritasinfo.org\/#\/schema\/person\/bc442336e35414d04494ab8fb45db4c6","name":"US5","image":{"@type":"ImageObject","inLanguage":"en-US","@id":"https:\/\/veritasinfo.org\/#\/schema\/person\/image\/","url":"https:\/\/secure.gravatar.com\/avatar\/16a61e7272a0c5d001121ebb9e60e925d5816e4ac1e443ed3e640d9a6ae55d0c?s=96&d=mm&r=g","contentUrl":"https:\/\/secure.gravatar.com\/avatar\/16a61e7272a0c5d001121ebb9e60e925d5816e4ac1e443ed3e640d9a6ae55d0c?s=96&d=mm&r=g","caption":"US5"},"url":"https:\/\/veritasinfo.org\/?author=6"}]}},"featured_image_urls":{"full":["https:\/\/veritasinfo.org\/wp-content\/uploads\/2026\/03\/Vuk-Draskovic-by-Laguna-e1748429984620-1000x560-1.jpg",1000,560,false],"thumbnail":["https:\/\/veritasinfo.org\/wp-content\/uploads\/2026\/03\/Vuk-Draskovic-by-Laguna-e1748429984620-1000x560-1-150x150.jpg",150,150,true],"medium":["https:\/\/veritasinfo.org\/wp-content\/uploads\/2026\/03\/Vuk-Draskovic-by-Laguna-e1748429984620-1000x560-1-300x168.jpg",300,168,true],"medium_large":["https:\/\/veritasinfo.org\/wp-content\/uploads\/2026\/03\/Vuk-Draskovic-by-Laguna-e1748429984620-1000x560-1-768x430.jpg",640,358,true],"large":["https:\/\/veritasinfo.org\/wp-content\/uploads\/2026\/03\/Vuk-Draskovic-by-Laguna-e1748429984620-1000x560-1.jpg",640,358,false],"1536x1536":["https:\/\/veritasinfo.org\/wp-content\/uploads\/2026\/03\/Vuk-Draskovic-by-Laguna-e1748429984620-1000x560-1.jpg",1000,560,false],"2048x2048":["https:\/\/veritasinfo.org\/wp-content\/uploads\/2026\/03\/Vuk-Draskovic-by-Laguna-e1748429984620-1000x560-1.jpg",1000,560,false],"kreeti-slider-full":["https:\/\/veritasinfo.org\/wp-content\/uploads\/2026\/03\/Vuk-Draskovic-by-Laguna-e1748429984620-1000x560-1.jpg",1000,560,false],"kreeti-featured":["https:\/\/veritasinfo.org\/wp-content\/uploads\/2026\/03\/Vuk-Draskovic-by-Laguna-e1748429984620-1000x560-1.jpg",1000,560,false],"kreeti-medium":["https:\/\/veritasinfo.org\/wp-content\/uploads\/2026\/03\/Vuk-Draskovic-by-Laguna-e1748429984620-1000x560-1.jpg",720,403,false],"kreeti-medium-square":["https:\/\/veritasinfo.org\/wp-content\/uploads\/2026\/03\/Vuk-Draskovic-by-Laguna-e1748429984620-1000x560-1.jpg",350,196,false]},"author_info":{"info":["US5"]},"category_info":"<a href=\"https:\/\/veritasinfo.org\/?cat=58\" rel=\"category\">Politik\u00eb<\/a>","tag_info":"Politik\u00eb","comment_count":"0","_links":{"self":[{"href":"https:\/\/veritasinfo.org\/index.php?rest_route=\/wp\/v2\/posts\/39293","targetHints":{"allow":["GET"]}}],"collection":[{"href":"https:\/\/veritasinfo.org\/index.php?rest_route=\/wp\/v2\/posts"}],"about":[{"href":"https:\/\/veritasinfo.org\/index.php?rest_route=\/wp\/v2\/types\/post"}],"author":[{"embeddable":true,"href":"https:\/\/veritasinfo.org\/index.php?rest_route=\/wp\/v2\/users\/6"}],"replies":[{"embeddable":true,"href":"https:\/\/veritasinfo.org\/index.php?rest_route=%2Fwp%2Fv2%2Fcomments&post=39293"}],"version-history":[{"count":2,"href":"https:\/\/veritasinfo.org\/index.php?rest_route=\/wp\/v2\/posts\/39293\/revisions"}],"predecessor-version":[{"id":39296,"href":"https:\/\/veritasinfo.org\/index.php?rest_route=\/wp\/v2\/posts\/39293\/revisions\/39296"}],"wp:featuredmedia":[{"embeddable":true,"href":"https:\/\/veritasinfo.org\/index.php?rest_route=\/wp\/v2\/media\/39294"}],"wp:attachment":[{"href":"https:\/\/veritasinfo.org\/index.php?rest_route=%2Fwp%2Fv2%2Fmedia&parent=39293"}],"wp:term":[{"taxonomy":"category","embeddable":true,"href":"https:\/\/veritasinfo.org\/index.php?rest_route=%2Fwp%2Fv2%2Fcategories&post=39293"},{"taxonomy":"post_tag","embeddable":true,"href":"https:\/\/veritasinfo.org\/index.php?rest_route=%2Fwp%2Fv2%2Ftags&post=39293"}],"curies":[{"name":"wp","href":"https:\/\/api.w.org\/{rel}","templated":true}]}}