{"id":39291,"date":"2026-03-23T14:52:29","date_gmt":"2026-03-23T13:52:29","guid":{"rendered":"https:\/\/veritasinfo.org\/?p=39291"},"modified":"2026-03-23T14:52:29","modified_gmt":"2026-03-23T13:52:29","slug":"emri-i-shefit-te-ri-te-zyres-ruse-ne-kosove-figuron-ne-nje-databaze-qe-e-lidh-me-inteligjencen-ruse","status":"publish","type":"post","link":"https:\/\/veritasinfo.org\/?p=39291","title":{"rendered":"Emri i shefit t\u00eb ri t\u00eb Zyr\u00ebs ruse n\u00eb Kosov\u00eb figuron n\u00eb nj\u00eb databaz\u00eb q\u00eb e lidh me inteligjenc\u00ebn ruse"},"content":{"rendered":"<p>Prishtin\u00eb, 23 mars 2026 14:47<\/p>\n<p>Radio Evropa e Lir\u00eb ka gjetur se emri i Ilia Uvarovit, shefit t\u00eb ri t\u00eb Zyr\u00ebs Nd\u00ebrlidh\u00ebse t\u00eb Rusis\u00eb n\u00eb Prishtin\u00eb, figuron n\u00eb nj\u00eb databaz\u00eb t\u00eb publikuar nga organizata ukrainase\u00a0<a class=\"wsw__a\" href=\"https:\/\/www.molfar.institute\/\" target=\"_blank\" rel=\"noopener\"><u>Molfar<\/u><\/a>, ku p\u00ebrfshihen persona q\u00eb dyshohet se kan\u00eb lidhje me sh\u00ebrbimet sekrete ruse. REL-i nuk ka mundur ta verifikoj\u00eb n\u00eb m\u00ebnyr\u00eb t\u00eb pavarur pretendimin p\u00ebr rolin e sakt\u00eb t\u00eb tij.<\/p>\n<p>N\u00eb nj\u00eb zyr\u00eb q\u00eb prej vitesh operon pothuajse n\u00eb heshtje n\u00eb Prishtin\u00eb, Rusia em\u00ebroi shef t\u00eb ri.<\/p>\n<p>N\u00eb gusht t\u00eb vitit 2025, p\u00ebrmes nj\u00eb njoftimi t\u00eb shkurt\u00ebr, misioni i Kombeve t\u00eb Bashkuara n\u00eb Kosov\u00eb (UNMIK) b\u00ebri t\u00eb ditur se p\u00ebrfaq\u00ebsuesja e at\u00ebhershme speciale e sekretarit t\u00eb p\u00ebrgjithsh\u00ebm t\u00eb OKB-s\u00eb kishte pritur shefin e ri t\u00eb Zyr\u00ebs Nd\u00ebrlidh\u00ebse t\u00eb Rusis\u00eb n\u00eb Prishtin\u00eb, Ilia Uvarov.<\/p>\n<p>Takimi u p\u00ebrshkrua si \u201cdiskutim i p\u00ebrgjithsh\u00ebm dhe konstruktiv\u201d.<\/p>\n<p>P\u00ebrtej k\u00ebtij njoftimi formal, Uvarov mbeti figur\u00eb pak e njohur p\u00ebr publikun n\u00eb Kosov\u00eb.<\/p>\n<p>Madje, n\u00eb ueb-faqen e Ministris\u00eb s\u00eb Pun\u00ebve t\u00eb Jashtme dhe Diaspor\u00ebs s\u00eb Kosov\u00ebs, ku jan\u00eb t\u00eb listuara misionet e huaja diplomatike n\u00eb vend, ai ende nuk figuron si drejtues i k\u00ebsaj zyre. Aty vazhdon t\u00eb jet\u00eb i listuar paraardh\u00ebsi i tij, Andrei Shugurov.<\/p>\n<p>Nd\u00ebrkoh\u00eb, emri i Uvarovit, si i em\u00ebruar p\u00ebr Kosov\u00ebn, p\u00ebrmendet n\u00eb list\u00ebn e p\u00ebrdit\u00ebsuar t\u00eb misioneve t\u00eb huaja n\u00eb Serbi &#8211; nj\u00eb praktik\u00eb q\u00eb lidhet me faktin se Serbia e konsideron Kosov\u00ebn pjes\u00eb t\u00eb territorit t\u00eb saj, nd\u00ebrsa shtetet q\u00eb nuk e njohin pavar\u00ebsin\u00eb e Kosov\u00ebs, shpesh i menaxhojn\u00eb marr\u00ebdh\u00ebniet diplomatike p\u00ebrmes Beogradit.<\/p>\n<p>Ajo q\u00eb e vendos emrin e Uvarovit n\u00eb nj\u00eb kontekst m\u00eb t\u00eb gjer\u00eb, \u00ebsht\u00eb nj\u00eb databaz\u00eb e publikuar nga Molfar Intelligence Institute &#8211; nj\u00eb organizat\u00eb ukrainase q\u00eb merret me analiza t\u00eb burimeve t\u00eb hapura dhe, n\u00eb disa raste, edhe me dokumente t\u00eb rrjedhura nga Rusia.<\/p>\n<p>N\u00eb k\u00ebt\u00eb databaz\u00eb, Ilia (Ilya) Uvarov p\u00ebrshkruhet si \u201coficer i departamentit RT (Zbulim nga territori) t\u00eb Sh\u00ebrbimit t\u00eb Inteligjenc\u00ebs s\u00eb Jashtme t\u00eb Rusis\u00eb (SVR)\u201d.<\/p>\n<p>Sipas organizat\u00ebs, databaza \u00ebsht\u00eb nd\u00ebrtuar mbi materiale t\u00eb siguruara nga nj\u00eb burim i brendsh\u00ebm n\u00eb nj\u00eb kompani teknologjike n\u00eb Mosk\u00eb dhe p\u00ebrmban emra diplomat\u00ebsh dhe punonj\u00ebsish t\u00eb inteligjenc\u00ebs.<\/p>\n<p>Nj\u00eb pjes\u00eb e t\u00eb dh\u00ebnave, sipas saj, \u00ebsht\u00eb verifikuar p\u00ebrmes krahasimit me regjistra shtet\u00ebror\u00eb, por vet\u00eb organizata thekson se konfirmimi i plot\u00eb i roleve specifike mbetet i v\u00ebshtir\u00eb.<\/p>\n<p>Instituti Molfar i tha REL-it se Departamenti RT \u201clidhet me operacione t\u00eb inteligjenc\u00ebs q\u00eb zhvillohen nga territori rus dhe q\u00eb shpesh p\u00ebrdorin mbulesa diplomatike apo institucionale p\u00ebr t\u00eb krijuar kontakte me zyrtar\u00eb t\u00eb huaj, biznesmen\u00eb e t\u00eb tjer\u00eb\u201d.<\/p>\n<p>REL-i nuk ka mundur t\u00eb kontaktoj\u00eb drejtp\u00ebrdrejt me Ilia Uvarovin p\u00ebr t\u00eb marr\u00eb nj\u00eb q\u00ebndrim lidhur me k\u00ebto t\u00eb dh\u00ebna.<\/p>\n<p>Zyra Nd\u00ebrlidh\u00ebse e Rusis\u00eb n\u00eb Prishtin\u00eb nuk iu p\u00ebrgjigj pyetjeve t\u00eb d\u00ebrguara n\u00eb adres\u00ebn e saj zyrtare t\u00eb emailit, e as Ambasada ruse n\u00eb Beograd.<\/p>\n<p>&nbsp;<\/p>\n<p>Ngjash\u00ebm, as Ministria e Pun\u00ebve t\u00eb Jashtme dhe Diaspor\u00ebs e Kosov\u00ebs nuk iu p\u00ebrgjigj pyetjeve t\u00eb REL-it n\u00ebse ka informacione q\u00eb Uvarov mund t\u00eb jet\u00eb i lidhur me inteligjenc\u00ebn ruse.<\/p>\n<p>Kush \u00ebsht\u00eb Uvarov?<\/p>\n<p>Karriera diplomatike e Uvarovit, q\u00eb besohet t\u00eb ket\u00eb nisur qysh n\u00eb vitin 2000, p\u00ebrfshin disa poste n\u00eb vende t\u00eb ndryshme.<\/p>\n<p>N\u00eb dokumente zyrtare, ai shfaqet fillimisht n\u00eb vitin 2011 si pjes\u00eb e stafit diplomatik rus n\u00eb Shtetet e Bashkuara t\u00eb Amerik\u00ebs.<\/p>\n<p>Megjithat\u00eb, t\u00eb dh\u00ebnat m\u00eb t\u00eb dukshme p\u00ebr aktivitetin e tij lidhen me misionin diplomatik n\u00eb Moldavi.<\/p>\n<p>Atje, ai ka sh\u00ebrbyer si konsull n\u00eb Ambasad\u00ebn ruse n\u00eb Moldavi.<\/p>\n<p>Atje, ai ka sh\u00ebrbyer si konsull n\u00eb Ambasad\u00ebn ruse n\u00eb Moldavi.<\/p>\n<p>Rol t\u00eb r\u00ebnd\u00ebsish\u00ebm ka pasur edhe n\u00eb strukturat e territorit t\u00eb shk\u00ebputur moldavian &#8211; kryesisht rusishtfol\u00ebs dhe prorus &#8211; t\u00eb quajtur Transnitri, q\u00eb Moldavia e konsideron pjes\u00eb t\u00eb saj.<\/p>\n<p>N\u00eb k\u00ebt\u00eb territor ekziston Komisioni i P\u00ebrbashk\u00ebt i Kontrollit, i cili mbik\u00ebqyr zon\u00ebn e siguris\u00eb n\u00eb Transnistri dhe p\u00ebrb\u00ebhet nga p\u00ebrfaq\u00ebsues t\u00eb Rusis\u00eb, Moldavis\u00eb dhe Transnistris\u00eb.<\/p>\n<p>N\u00eb vitin 2017, Uvarov u zgjodh bashk\u00ebkryesues i k\u00ebtij komisioni si p\u00ebrfaq\u00ebsues i Rusis\u00eb. K\u00ebt\u00eb post e mbajti deri n\u00eb vitin 2019.<\/p>\n<p>Komisioni \u00ebsht\u00eb p\u00ebrgjegj\u00ebs p\u00ebr monitorimin e zon\u00ebs s\u00eb siguris\u00eb p\u00ebrgjat\u00eb lumit Dniest\u00ebr (Nistru) q\u00eb pas luft\u00ebs s\u00eb vitit 1992.<\/p>\n<p>Karriera e njohur diplomatike e Ilia Uvarovit<\/p>\n<p>Ilia Uvarov mbajti disa poste t\u00eb njohura diplomatike si p\u00ebrfaq\u00ebsues i Rusis\u00eb. K\u00ebto jan\u00eb vet\u00ebm disa nga postet e tij t\u00eb njohura.<\/p>\n<p>Sipas t\u00eb dh\u00ebnave q\u00eb ka grumbulluar Sh\u00ebrbimi i Moldavis\u00eb i Radios Evropa e Lir\u00eb, n\u00eb n\u00ebntor t\u00eb vitit 2017, Uvarov mb\u00ebshteti rihapjen e nj\u00eb ure mbi Dniest\u00ebr, pavar\u00ebsisht kund\u00ebrshtimit t\u00eb administrat\u00ebs separatiste t\u00eb Transnistris\u00eb.<\/p>\n<p>Ura ishte rind\u00ebrtuar me fonde t\u00eb Bashkimit Evropian.<\/p>\n<p>Sipas nj\u00eb ish-zyrtari t\u00eb Qeveris\u00eb s\u00eb Moldavis\u00eb, Uvarov \u00ebsht\u00eb kthyer m\u00eb von\u00eb n\u00eb Mosk\u00eb pik\u00ebrisht p\u00ebr faktin se ka mb\u00ebshtetur rihapjen e ur\u00ebs dhe mbajtjen e saj t\u00eb hapur.<\/p>\n<p>P\u00ebrve\u00e7 k\u00ebsaj, sipas mediave n\u00eb rajonin e Transnistris\u00eb, Uvarov ka punuar m\u00eb her\u00ebt edhe n\u00eb vende t\u00eb tjera ish-sovjetike, si dhe n\u00eb Shtetet e Bashkuara.<\/p>\n<p>\u00c7far\u00eb ndodh kur nj\u00eb zyrtar i inteligjenc\u00ebs vepron n\u00ebn mbulim diplomatik?<\/p>\n<p>Ekspert\u00ebt nd\u00ebrkomb\u00ebtar\u00eb t\u00eb siguris\u00eb thon\u00eb se p\u00ebrdorimi i mbules\u00ebs diplomatike p\u00ebr aktivitete t\u00eb inteligjenc\u00ebs, \u00ebsht\u00eb praktik\u00eb e njohur, por se n\u00eb rastin e Rusis\u00eb ajo \u00ebsht\u00eb \u201cm\u00eb e p\u00ebrhapur dhe m\u00eb intensive\u201d.<\/p>\n<p>\u201cPothuajse nuk ka ambasad\u00eb n\u00eb bot\u00eb q\u00eb t\u00eb mos ket\u00eb nj\u00eb rol t\u00eb caktuar t\u00eb inteligjenc\u00ebs\u201d, thot\u00eb Mark Galeotti, profesor britanik n\u00eb University College London (UCL) dhe ekspert p\u00ebr krimin transnacional dhe \u00e7\u00ebshtjet e siguris\u00eb ruse.<\/p>\n<p>Ai thekson se, shpesh, \u00ebsht\u00eb e v\u00ebshtir\u00eb t\u00eb b\u00ebhet dallimi mes nj\u00eb diplomati dhe nj\u00eb oficeri t\u00eb inteligjenc\u00ebs, por se karriera mund t\u00eb jap\u00eb indikacione.<\/p>\n<p>Sipas Galeottit, nj\u00eb mision si ai n\u00eb Kosov\u00eb \u201cduket si nj\u00eb baz\u00eb e p\u00ebrsosur p\u00ebr oficer\u00eb t\u00eb inteligjenc\u00ebs, q\u00eb m\u00eb pas mund t\u00eb udh\u00ebtojn\u00eb n\u00ebp\u00ebr rajon\u201d.<\/p>\n<p>Ai shton se r\u00ebnd\u00ebsia e k\u00ebtij misioni lidhet me kontekstin m\u00eb t\u00eb gjer\u00eb gjeopolitik.<\/p>\n<p>\u201cKa r\u00ebnd\u00ebsi se \u00e7far\u00eb ndodh n\u00eb Kosov\u00eb. Kosova ka marr\u00ebdh\u00ebnie relativisht t\u00eb mira me Per\u00ebndimin&#8230; nuk ka t\u00eb b\u00ebj\u00eb aq shum\u00eb me vet\u00eb Kosov\u00ebn. Ka t\u00eb b\u00ebj\u00eb me p\u00ebrdorimin e Kosov\u00ebs si baz\u00eb, p\u00ebr t\u00eb par\u00eb se \u00e7far\u00eb mund t\u00eb zbulohet rreth asaj q\u00eb NATO-ja dhe vendet e tjera per\u00ebndimore po b\u00ebjn\u00eb dhe po mendojn\u00eb\u201d, thot\u00eb Galeotti.<\/p>\n<p>Ai paralajm\u00ebron edhe p\u00ebr ndryshimet n\u00eb m\u00ebnyr\u00ebn e operimit t\u00eb sh\u00ebrbimeve ruse pas d\u00ebbimit t\u00eb qindra diplomat\u00ebve nga Evropa, pas nisjes s\u00eb luft\u00ebs s\u00eb Rusis\u00eb kund\u00ebr Ukrain\u00ebs m\u00eb 2022.<\/p>\n<p>\u201cAta po mb\u00ebshteten gjithnj\u00eb e m\u00eb shum\u00eb te nd\u00ebrmjet\u00ebsit&#8230; njer\u00ebz q\u00eb rekrutohen p\u00ebr t\u00eb kryer detyra t\u00eb caktuara, shpesh pa e ditur p\u00ebr k\u00eb punojn\u00eb\u201d, thot\u00eb ai.<\/p>\n<p>N\u00eb t\u00eb nj\u00ebjt\u00ebn linj\u00eb, eksperti britanik p\u00ebr Rusin\u00eb, Keir Giles, thot\u00eb se praktika e p\u00ebrdorimit t\u00eb zyrtar\u00ebve t\u00eb inteligjenc\u00ebs n\u00ebn mbulim diplomatik, \u00ebsht\u00eb e p\u00ebrhapur globalisht, por se Rusia dallohet p\u00ebr shkall\u00ebn e saj.<\/p>\n<p>\u201cShum\u00eb vende vendosin oficer\u00eb inteligjence n\u00ebn mbules\u00eb diplomatike&#8230; por n\u00eb rastin e Rusis\u00eb, nj\u00eb p\u00ebrqindje e madhe e diplomat\u00ebve jan\u00eb n\u00eb fakt oficer\u00eb inteligjence\u201d, thot\u00eb ai p\u00ebr Radion Evropa e Lir\u00eb.<\/p>\n<p>Ai shton se vendet p\u00ebrballen me nj\u00eb dilem\u00eb kur i identifikojn\u00eb k\u00ebta persona: t\u2019i d\u00ebbojn\u00eb apo t\u2019i mbajn\u00eb n\u00ebn v\u00ebzhgim.<\/p>\n<p>&#8220;Ka rrethana t\u00eb caktuara, n\u00eb t\u00eb cilat agjencit\u00eb vendase t\u00eb kund\u00ebrzbulimit do t\u00eb jen\u00eb n\u00eb dijeni t\u00eb identitetit t\u00eb nj\u00eb oficeri t\u00eb inteligjenc\u00ebs n\u00ebn mbules\u00eb diplomatike, por do t\u00eb vendosin t\u00eb mos veprojn\u00eb kund\u00ebr tij p\u00ebrtej v\u00ebzhgimit t\u00eb aktiviteteve t\u00eb tij\u201d, thot\u00eb Giles.<\/p>\n<p>Sipas tij, n\u00eb raste si Kosova, ku kontrolli institucional mbi k\u00ebt\u00eb mision diplomatik \u00ebsht\u00eb i kufizuar, situata b\u00ebhet edhe m\u00eb komplekse.<\/p>\n<p>\u201cKur nj\u00eb vend nuk kontrollon kush hyn n\u00eb territorin e tij&#8230; kjo paraqet nj\u00eb cenueshm\u00ebri potenciale\u201d, thot\u00eb ai.<\/p>\n<p>Nd\u00ebrkoh\u00eb, n\u00eb anketat e vazhdueshme n\u00eb Kosov\u00eb, p\u00ebr shumic\u00ebn e popullat\u00ebs, Rusia vazhdon t\u00eb shihet si nj\u00eb faktor me rrezik p\u00ebr vendin.<\/p>\n<p>Nj\u00eb raport i vitit 2024 i Qendr\u00ebs Kosovare p\u00ebr Studime t\u00eb Siguris\u00eb (KCSS), q\u00eb analizon narrativin e politik\u00ebs s\u00eb jashtme ruse kundrejt Kosov\u00ebs, thot\u00eb se Moska e sheh Kosov\u00ebn nj\u00ebkoh\u00ebsisht si simbol t\u00eb nd\u00ebrhyrjes per\u00ebndimore, si \u00e7\u00ebshtje sigurie p\u00ebr Serbin\u00eb dhe si precedent n\u00eb t\u00eb drejt\u00ebn nd\u00ebrkomb\u00ebtare.<\/p>\n<p>\u201cN\u00eb thelb, pozicioni i Rusis\u00eb ndaj Kosov\u00ebs pasqyron rivalitetin e saj gjeopolitik me Per\u00ebndimin, i cili n\u00ebn udh\u00ebheqjen e presidentit [Vladimir] Putin \u00ebsht\u00eb thelluar ndjesh\u00ebm, ve\u00e7an\u00ebrisht p\u00ebrmes p\u00ebrpjekjeve p\u00ebr t\u00eb forcuar ndikimin n\u00eb Ballkanin Per\u00ebndimor, duke q\u00ebndruar n\u00eb solidaritet me Serbin\u00eb\u201d, thuhej n\u00eb at\u00eb raport.<\/p>\n<p>Edhe raporti \u201cVler\u00ebsimi Vjetor i K\u00ebrc\u00ebnimeve 2026\u201d, i publikuar nga Zyra e Drejtorit t\u00eb Inteligjenc\u00ebs Komb\u00ebtar t\u00eb Shteteve t\u00eb Bashkuara jav\u00ebn e kaluar, vler\u00ebsoi se Rusia \u201cnxit paq\u00ebndrueshm\u00ebri midis Serbis\u00eb, t\u00eb cil\u00ebn e favorizon, dhe Kosov\u00ebs\u201d, por gjithashtu \u201cmb\u00ebshtet ndarjen e entitetit serb, Republika S\u00ebrspka, nga Bosnja dhe Hercegovina\u201d.<\/p>\n<p>\u00c7far\u00eb b\u00ebn Zyra ruse n\u00eb Kosov\u00eb?<\/p>\n<p>N\u00eb Kosov\u00eb, Uvarov drejton nj\u00eb mision q\u00eb funksionon n\u00eb nj\u00eb korniz\u00eb t\u00eb pazakont\u00eb diplomatike.<\/p>\n<p>Zyra Nd\u00ebrlidh\u00ebse e Rusis\u00eb \u00ebsht\u00eb themeluar n\u00eb vitin 2005, n\u00eb koh\u00ebn kur Kosova administrohej nga OKB-ja.<\/p>\n<p>Ajo funksionon n\u00ebn ombrell\u00ebn e UNMIK-ut dhe nuk i n\u00ebnshtrohet kontrollit t\u00eb drejtp\u00ebrdrejt\u00eb t\u00eb institucioneve t\u00eb Kosov\u00ebs.<\/p>\n<p>Stafi i saj nuk ka nevoj\u00eb p\u00ebr viza, ka t\u00eb drejt\u00eb hyrjeje dhe daljeje pa kufizime dhe g\u00ebzon imunitet nga juridiksioni penal, civil dhe administrativ.<\/p>\n<p>Edhe ambientet e saj jan\u00eb t\u00eb paprekshme nga autoritetet lokale.<\/p>\n<p>Kjo e b\u00ebn k\u00ebt\u00eb mision nj\u00eb nga m\u00eb pak transparent\u00ebt n\u00eb Kosov\u00eb.<\/p>\n<p>P\u00ebr vite me radh\u00eb, aktivitetet e k\u00ebsaj zyre kan\u00eb qen\u00eb kryesisht t\u00eb padukshme p\u00ebr publikun. Informacionet e pakta q\u00eb ekzistojn\u00eb, lidhen kryesisht me takime me misione nd\u00ebrkomb\u00ebtare.<\/p>\n<p>Megjithat\u00eb, n\u00eb vitin 2021, autoritetet e Kosov\u00ebs shpall\u00ebn \u201cnon grata\u201d dhe d\u00ebbuan dy diplomat\u00eb rus\u00eb t\u00eb lidhur me k\u00ebt\u00eb zyr\u00eb, duke th\u00ebn\u00eb se kishin \u201ccenuar sigurin\u00eb komb\u00ebtare dhe rendin kushtetues\u201d.<\/p>\n<p>Sipas informacioneve jozyrtare t\u00eb Radios Evropa e Lir\u00eb, p\u00ebrfaq\u00ebsuesit e Zyr\u00ebs s\u00eb Rusis\u00eb n\u00eb Kosov\u00eb mbajn\u00eb lidhje me Kish\u00ebn Ortodokse Serbe.<\/p>\n<p>Vet\u00eb Kisha Ortodokse Serbe thot\u00eb se p\u00ebrfaq\u00ebsuesit e saj n\u00eb Kosov\u00eb kan\u00eb kontakte t\u00eb rregullta me misionet nd\u00ebrkomb\u00ebtare, si KFOR-i, OKB-ja, OSBE-ja, BE-ja dhe vendet e Quint-it, por se k\u00ebto kontakte lidhen me \u00e7\u00ebshtje t\u00eb siguris\u00eb, jet\u00ebs s\u00eb p\u00ebrditshme dhe funksionimit t\u00eb institucioneve kishtare, e jo me politik\u00eb.<\/p>\n<p>Sa i p\u00ebrket Zyr\u00ebs Nd\u00ebrlidh\u00ebse t\u00eb Rusis\u00eb n\u00eb Prishtin\u00eb, Kisha tha p\u00ebr REL-in se, viteve t\u00eb fundit, nuk ka pasur vizita formale, por vet\u00ebm vizita t\u00eb her\u00ebpashershme t\u00eb stafit t\u00eb saj n\u00eb objekte fetare, s\u00eb bashku me familjar\u00eb, kryesisht p\u00ebr sh\u00ebrbesa dhe vizita fetare.<\/p>\n<p>Ministria e Pun\u00ebve t\u00eb Jashtme dhe Diaspor\u00ebs e Kosov\u00ebs nuk iu p\u00ebrgjigj pyetjeve t\u00eb REL-it as n\u00ebse ka komunikim me k\u00ebt\u00eb zyr\u00eb dhe diplomat\u00ebt e saj, as p\u00ebr m\u00ebnyr\u00ebn se si funksionon ky mision diplomatik.<\/p>\n<p>P\u00ebr rolin e sakt\u00eb t\u00eb k\u00ebsaj zyre n\u00eb Kosov\u00eb, nuk foli as UNMIK-u.<\/p>\n<p>N\u00eb nj\u00eb p\u00ebrgjigje p\u00ebr Radion Evropa e Lir\u00eb, OKB-ja tha se \u201cnuk komenton p\u00ebr p\u00ebrb\u00ebrjen apo aktivitetet e misioneve diplomatike t\u00eb shteteve an\u00ebtare\u201d.<\/p>\n<p>&nbsp;<\/p>\n","protected":false},"excerpt":{"rendered":"<p>Prishtin\u00eb, 23 mars 2026 14:47 Radio Evropa e Lir\u00eb ka gjetur se emri i Ilia Uvarovit, shefit t\u00eb ri t\u00eb Zyr\u00ebs Nd\u00ebrlidh\u00ebse t\u00eb Rusis\u00eb n\u00eb<\/p>\n","protected":false},"author":7,"featured_media":39300,"comment_status":"open","ping_status":"open","sticky":false,"template":"","format":"standard","meta":{"footnotes":""},"categories":[58],"tags":[],"class_list":["post-39291","post","type-post","status-publish","format-standard","has-post-thumbnail","hentry","category-politike-sq"],"yoast_head":"<!-- This site is optimized with the Yoast SEO plugin v25.3.1 - https:\/\/yoast.com\/wordpress\/plugins\/seo\/ -->\n<title>Emri i shefit t\u00eb ri t\u00eb Zyr\u00ebs ruse n\u00eb Kosov\u00eb figuron n\u00eb nj\u00eb databaz\u00eb q\u00eb e lidh me inteligjenc\u00ebn ruse -<\/title>\n<meta name=\"robots\" content=\"index, follow, max-snippet:-1, max-image-preview:large, max-video-preview:-1\" \/>\n<link rel=\"canonical\" href=\"https:\/\/veritasinfo.org\/?p=39291\" \/>\n<meta property=\"og:locale\" content=\"en_US\" \/>\n<meta property=\"og:type\" content=\"article\" \/>\n<meta property=\"og:title\" content=\"Emri i shefit t\u00eb ri t\u00eb Zyr\u00ebs ruse n\u00eb Kosov\u00eb figuron n\u00eb nj\u00eb databaz\u00eb q\u00eb e lidh me inteligjenc\u00ebn ruse -\" \/>\n<meta property=\"og:description\" content=\"Prishtin\u00eb, 23 mars 2026 14:47 Radio Evropa e Lir\u00eb ka gjetur se emri i Ilia Uvarovit, shefit t\u00eb ri t\u00eb Zyr\u00ebs Nd\u00ebrlidh\u00ebse t\u00eb Rusis\u00eb n\u00eb\" \/>\n<meta property=\"og:url\" content=\"https:\/\/veritasinfo.org\/?p=39291\" \/>\n<meta property=\"article:published_time\" content=\"2026-03-23T13:52:29+00:00\" \/>\n<meta property=\"og:image\" content=\"https:\/\/veritasinfo.org\/wp-content\/uploads\/2026\/03\/7a22b746-b6b4-4e9c-364c-08de3be37656_cx2_cy15_cw94_w408_r1_s.jpeg\" \/>\n\t<meta property=\"og:image:width\" content=\"408\" \/>\n\t<meta property=\"og:image:height\" content=\"230\" \/>\n\t<meta property=\"og:image:type\" content=\"image\/jpeg\" \/>\n<meta name=\"author\" content=\"US6\" \/>\n<meta name=\"twitter:card\" content=\"summary_large_image\" \/>\n<meta name=\"twitter:label1\" content=\"Written by\" \/>\n\t<meta name=\"twitter:data1\" content=\"US6\" \/>\n\t<meta name=\"twitter:label2\" content=\"Est. reading time\" \/>\n\t<meta name=\"twitter:data2\" content=\"8 minutes\" \/>\n<script type=\"application\/ld+json\" class=\"yoast-schema-graph\">{\"@context\":\"https:\/\/schema.org\",\"@graph\":[{\"@type\":\"WebPage\",\"@id\":\"https:\/\/veritasinfo.org\/?p=39291\",\"url\":\"https:\/\/veritasinfo.org\/?p=39291\",\"name\":\"Emri i shefit t\u00eb ri t\u00eb Zyr\u00ebs ruse n\u00eb Kosov\u00eb figuron n\u00eb nj\u00eb databaz\u00eb q\u00eb e lidh me inteligjenc\u00ebn ruse -\",\"isPartOf\":{\"@id\":\"https:\/\/veritasinfo.org\/#website\"},\"primaryImageOfPage\":{\"@id\":\"https:\/\/veritasinfo.org\/?p=39291#primaryimage\"},\"image\":{\"@id\":\"https:\/\/veritasinfo.org\/?p=39291#primaryimage\"},\"thumbnailUrl\":\"https:\/\/veritasinfo.org\/wp-content\/uploads\/2026\/03\/7a22b746-b6b4-4e9c-364c-08de3be37656_cx2_cy15_cw94_w408_r1_s.jpeg\",\"datePublished\":\"2026-03-23T13:52:29+00:00\",\"author\":{\"@id\":\"https:\/\/veritasinfo.org\/#\/schema\/person\/fe199eede04c3937362892b7444747cc\"},\"breadcrumb\":{\"@id\":\"https:\/\/veritasinfo.org\/?p=39291#breadcrumb\"},\"inLanguage\":\"en-US\",\"potentialAction\":[{\"@type\":\"ReadAction\",\"target\":[\"https:\/\/veritasinfo.org\/?p=39291\"]}]},{\"@type\":\"ImageObject\",\"inLanguage\":\"en-US\",\"@id\":\"https:\/\/veritasinfo.org\/?p=39291#primaryimage\",\"url\":\"https:\/\/veritasinfo.org\/wp-content\/uploads\/2026\/03\/7a22b746-b6b4-4e9c-364c-08de3be37656_cx2_cy15_cw94_w408_r1_s.jpeg\",\"contentUrl\":\"https:\/\/veritasinfo.org\/wp-content\/uploads\/2026\/03\/7a22b746-b6b4-4e9c-364c-08de3be37656_cx2_cy15_cw94_w408_r1_s.jpeg\",\"width\":408,\"height\":230},{\"@type\":\"BreadcrumbList\",\"@id\":\"https:\/\/veritasinfo.org\/?p=39291#breadcrumb\",\"itemListElement\":[{\"@type\":\"ListItem\",\"position\":1,\"name\":\"Home\",\"item\":\"https:\/\/veritasinfo.org\/\"},{\"@type\":\"ListItem\",\"position\":2,\"name\":\"Emri i shefit t\u00eb ri t\u00eb Zyr\u00ebs ruse n\u00eb Kosov\u00eb figuron n\u00eb nj\u00eb databaz\u00eb q\u00eb e lidh me inteligjenc\u00ebn ruse\"}]},{\"@type\":\"WebSite\",\"@id\":\"https:\/\/veritasinfo.org\/#website\",\"url\":\"https:\/\/veritasinfo.org\/\",\"name\":\"\",\"description\":\"\",\"potentialAction\":[{\"@type\":\"SearchAction\",\"target\":{\"@type\":\"EntryPoint\",\"urlTemplate\":\"https:\/\/veritasinfo.org\/?s={search_term_string}\"},\"query-input\":{\"@type\":\"PropertyValueSpecification\",\"valueRequired\":true,\"valueName\":\"search_term_string\"}}],\"inLanguage\":\"en-US\"},{\"@type\":\"Person\",\"@id\":\"https:\/\/veritasinfo.org\/#\/schema\/person\/fe199eede04c3937362892b7444747cc\",\"name\":\"US6\",\"image\":{\"@type\":\"ImageObject\",\"inLanguage\":\"en-US\",\"@id\":\"https:\/\/veritasinfo.org\/#\/schema\/person\/image\/\",\"url\":\"https:\/\/secure.gravatar.com\/avatar\/cb16c3c31c9d23b9b8c705964598220b3014e42ff51eb540ff23cefa3ae8c15f?s=96&d=mm&r=g\",\"contentUrl\":\"https:\/\/secure.gravatar.com\/avatar\/cb16c3c31c9d23b9b8c705964598220b3014e42ff51eb540ff23cefa3ae8c15f?s=96&d=mm&r=g\",\"caption\":\"US6\"},\"url\":\"https:\/\/veritasinfo.org\/?author=7\"}]}<\/script>\n<!-- \/ Yoast SEO plugin. -->","yoast_head_json":{"title":"Emri i shefit t\u00eb ri t\u00eb Zyr\u00ebs ruse n\u00eb Kosov\u00eb figuron n\u00eb nj\u00eb databaz\u00eb q\u00eb e lidh me inteligjenc\u00ebn ruse -","robots":{"index":"index","follow":"follow","max-snippet":"max-snippet:-1","max-image-preview":"max-image-preview:large","max-video-preview":"max-video-preview:-1"},"canonical":"https:\/\/veritasinfo.org\/?p=39291","og_locale":"en_US","og_type":"article","og_title":"Emri i shefit t\u00eb ri t\u00eb Zyr\u00ebs ruse n\u00eb Kosov\u00eb figuron n\u00eb nj\u00eb databaz\u00eb q\u00eb e lidh me inteligjenc\u00ebn ruse -","og_description":"Prishtin\u00eb, 23 mars 2026 14:47 Radio Evropa e Lir\u00eb ka gjetur se emri i Ilia Uvarovit, shefit t\u00eb ri t\u00eb Zyr\u00ebs Nd\u00ebrlidh\u00ebse t\u00eb Rusis\u00eb n\u00eb","og_url":"https:\/\/veritasinfo.org\/?p=39291","article_published_time":"2026-03-23T13:52:29+00:00","og_image":[{"width":408,"height":230,"url":"https:\/\/veritasinfo.org\/wp-content\/uploads\/2026\/03\/7a22b746-b6b4-4e9c-364c-08de3be37656_cx2_cy15_cw94_w408_r1_s.jpeg","type":"image\/jpeg"}],"author":"US6","twitter_card":"summary_large_image","twitter_misc":{"Written by":"US6","Est. reading time":"8 minutes"},"schema":{"@context":"https:\/\/schema.org","@graph":[{"@type":"WebPage","@id":"https:\/\/veritasinfo.org\/?p=39291","url":"https:\/\/veritasinfo.org\/?p=39291","name":"Emri i shefit t\u00eb ri t\u00eb Zyr\u00ebs ruse n\u00eb Kosov\u00eb figuron n\u00eb nj\u00eb databaz\u00eb q\u00eb e lidh me inteligjenc\u00ebn ruse -","isPartOf":{"@id":"https:\/\/veritasinfo.org\/#website"},"primaryImageOfPage":{"@id":"https:\/\/veritasinfo.org\/?p=39291#primaryimage"},"image":{"@id":"https:\/\/veritasinfo.org\/?p=39291#primaryimage"},"thumbnailUrl":"https:\/\/veritasinfo.org\/wp-content\/uploads\/2026\/03\/7a22b746-b6b4-4e9c-364c-08de3be37656_cx2_cy15_cw94_w408_r1_s.jpeg","datePublished":"2026-03-23T13:52:29+00:00","author":{"@id":"https:\/\/veritasinfo.org\/#\/schema\/person\/fe199eede04c3937362892b7444747cc"},"breadcrumb":{"@id":"https:\/\/veritasinfo.org\/?p=39291#breadcrumb"},"inLanguage":"en-US","potentialAction":[{"@type":"ReadAction","target":["https:\/\/veritasinfo.org\/?p=39291"]}]},{"@type":"ImageObject","inLanguage":"en-US","@id":"https:\/\/veritasinfo.org\/?p=39291#primaryimage","url":"https:\/\/veritasinfo.org\/wp-content\/uploads\/2026\/03\/7a22b746-b6b4-4e9c-364c-08de3be37656_cx2_cy15_cw94_w408_r1_s.jpeg","contentUrl":"https:\/\/veritasinfo.org\/wp-content\/uploads\/2026\/03\/7a22b746-b6b4-4e9c-364c-08de3be37656_cx2_cy15_cw94_w408_r1_s.jpeg","width":408,"height":230},{"@type":"BreadcrumbList","@id":"https:\/\/veritasinfo.org\/?p=39291#breadcrumb","itemListElement":[{"@type":"ListItem","position":1,"name":"Home","item":"https:\/\/veritasinfo.org\/"},{"@type":"ListItem","position":2,"name":"Emri i shefit t\u00eb ri t\u00eb Zyr\u00ebs ruse n\u00eb Kosov\u00eb figuron n\u00eb nj\u00eb databaz\u00eb q\u00eb e lidh me inteligjenc\u00ebn ruse"}]},{"@type":"WebSite","@id":"https:\/\/veritasinfo.org\/#website","url":"https:\/\/veritasinfo.org\/","name":"","description":"","potentialAction":[{"@type":"SearchAction","target":{"@type":"EntryPoint","urlTemplate":"https:\/\/veritasinfo.org\/?s={search_term_string}"},"query-input":{"@type":"PropertyValueSpecification","valueRequired":true,"valueName":"search_term_string"}}],"inLanguage":"en-US"},{"@type":"Person","@id":"https:\/\/veritasinfo.org\/#\/schema\/person\/fe199eede04c3937362892b7444747cc","name":"US6","image":{"@type":"ImageObject","inLanguage":"en-US","@id":"https:\/\/veritasinfo.org\/#\/schema\/person\/image\/","url":"https:\/\/secure.gravatar.com\/avatar\/cb16c3c31c9d23b9b8c705964598220b3014e42ff51eb540ff23cefa3ae8c15f?s=96&d=mm&r=g","contentUrl":"https:\/\/secure.gravatar.com\/avatar\/cb16c3c31c9d23b9b8c705964598220b3014e42ff51eb540ff23cefa3ae8c15f?s=96&d=mm&r=g","caption":"US6"},"url":"https:\/\/veritasinfo.org\/?author=7"}]}},"featured_image_urls":{"full":["https:\/\/veritasinfo.org\/wp-content\/uploads\/2026\/03\/7a22b746-b6b4-4e9c-364c-08de3be37656_cx2_cy15_cw94_w408_r1_s.jpeg",408,230,false],"thumbnail":["https:\/\/veritasinfo.org\/wp-content\/uploads\/2026\/03\/7a22b746-b6b4-4e9c-364c-08de3be37656_cx2_cy15_cw94_w408_r1_s-150x150.jpeg",150,150,true],"medium":["https:\/\/veritasinfo.org\/wp-content\/uploads\/2026\/03\/7a22b746-b6b4-4e9c-364c-08de3be37656_cx2_cy15_cw94_w408_r1_s-300x169.jpeg",300,169,true],"medium_large":["https:\/\/veritasinfo.org\/wp-content\/uploads\/2026\/03\/7a22b746-b6b4-4e9c-364c-08de3be37656_cx2_cy15_cw94_w408_r1_s.jpeg",408,230,false],"large":["https:\/\/veritasinfo.org\/wp-content\/uploads\/2026\/03\/7a22b746-b6b4-4e9c-364c-08de3be37656_cx2_cy15_cw94_w408_r1_s.jpeg",408,230,false],"1536x1536":["https:\/\/veritasinfo.org\/wp-content\/uploads\/2026\/03\/7a22b746-b6b4-4e9c-364c-08de3be37656_cx2_cy15_cw94_w408_r1_s.jpeg",408,230,false],"2048x2048":["https:\/\/veritasinfo.org\/wp-content\/uploads\/2026\/03\/7a22b746-b6b4-4e9c-364c-08de3be37656_cx2_cy15_cw94_w408_r1_s.jpeg",408,230,false],"kreeti-slider-full":["https:\/\/veritasinfo.org\/wp-content\/uploads\/2026\/03\/7a22b746-b6b4-4e9c-364c-08de3be37656_cx2_cy15_cw94_w408_r1_s.jpeg",408,230,false],"kreeti-featured":["https:\/\/veritasinfo.org\/wp-content\/uploads\/2026\/03\/7a22b746-b6b4-4e9c-364c-08de3be37656_cx2_cy15_cw94_w408_r1_s.jpeg",408,230,false],"kreeti-medium":["https:\/\/veritasinfo.org\/wp-content\/uploads\/2026\/03\/7a22b746-b6b4-4e9c-364c-08de3be37656_cx2_cy15_cw94_w408_r1_s.jpeg",408,230,false],"kreeti-medium-square":["https:\/\/veritasinfo.org\/wp-content\/uploads\/2026\/03\/7a22b746-b6b4-4e9c-364c-08de3be37656_cx2_cy15_cw94_w408_r1_s.jpeg",350,197,false]},"author_info":{"info":["US6"]},"category_info":"<a href=\"https:\/\/veritasinfo.org\/?cat=58\" rel=\"category\">Politik\u00eb<\/a>","tag_info":"Politik\u00eb","comment_count":"0","_links":{"self":[{"href":"https:\/\/veritasinfo.org\/index.php?rest_route=\/wp\/v2\/posts\/39291","targetHints":{"allow":["GET"]}}],"collection":[{"href":"https:\/\/veritasinfo.org\/index.php?rest_route=\/wp\/v2\/posts"}],"about":[{"href":"https:\/\/veritasinfo.org\/index.php?rest_route=\/wp\/v2\/types\/post"}],"author":[{"embeddable":true,"href":"https:\/\/veritasinfo.org\/index.php?rest_route=\/wp\/v2\/users\/7"}],"replies":[{"embeddable":true,"href":"https:\/\/veritasinfo.org\/index.php?rest_route=%2Fwp%2Fv2%2Fcomments&post=39291"}],"version-history":[{"count":1,"href":"https:\/\/veritasinfo.org\/index.php?rest_route=\/wp\/v2\/posts\/39291\/revisions"}],"predecessor-version":[{"id":39301,"href":"https:\/\/veritasinfo.org\/index.php?rest_route=\/wp\/v2\/posts\/39291\/revisions\/39301"}],"wp:featuredmedia":[{"embeddable":true,"href":"https:\/\/veritasinfo.org\/index.php?rest_route=\/wp\/v2\/media\/39300"}],"wp:attachment":[{"href":"https:\/\/veritasinfo.org\/index.php?rest_route=%2Fwp%2Fv2%2Fmedia&parent=39291"}],"wp:term":[{"taxonomy":"category","embeddable":true,"href":"https:\/\/veritasinfo.org\/index.php?rest_route=%2Fwp%2Fv2%2Fcategories&post=39291"},{"taxonomy":"post_tag","embeddable":true,"href":"https:\/\/veritasinfo.org\/index.php?rest_route=%2Fwp%2Fv2%2Ftags&post=39291"}],"curies":[{"name":"wp","href":"https:\/\/api.w.org\/{rel}","templated":true}]}}