{"id":39275,"date":"2026-03-23T14:21:40","date_gmt":"2026-03-23T13:21:40","guid":{"rendered":"https:\/\/veritasinfo.org\/?p=39275"},"modified":"2026-03-23T14:21:40","modified_gmt":"2026-03-23T13:21:40","slug":"kurti-perkujton-deshmorin-asllan-fazliu-ne-27-vjetorin-e-renies-se-tij","status":"publish","type":"post","link":"https:\/\/veritasinfo.org\/?p=39275","title":{"rendered":"Kurti p\u00ebrkujton d\u00ebshmorin Asllan Fazliu n\u00eb 27-vjetorin e r\u00ebnies s\u00eb tij"},"content":{"rendered":"<p>Prishtin\u00eb 23 Mars 2026 14:20<\/p>\n<p>Kryeministri Albin Kurti ka p\u00ebrkujtuar 27 vite nga r\u00ebnia e d\u00ebshmorit t\u00eb Ushtris\u00eb \u00c7lirimtare t\u00eb Kosov\u00ebs, Asllan Fazliu, i cili ra m\u00eb 23 mars 1999 gjat\u00eb luftimeve me forcat serbe n\u00eb malet e Qyqavic\u00ebs, raporton GazetaBlic.<\/p>\n<p>Kurti theksoi se Asllan Fazliu, i njohur si \u201cluan\u201d i liris\u00eb, p\u00ebrfaq\u00ebson heroizmin e gjith\u00eb gjenerat\u00ebs s\u00eb luft\u00ebtar\u00ebve t\u00eb U\u00c7K-s\u00eb dhe la nj\u00eb trash\u00ebgimi t\u00eb paharrueshme p\u00ebr vendin.<\/p>\n","protected":false},"excerpt":{"rendered":"<p>Prishtin\u00eb 23 Mars 2026 14:20 Kryeministri Albin Kurti ka p\u00ebrkujtuar 27 vite nga r\u00ebnia e d\u00ebshmorit t\u00eb Ushtris\u00eb \u00c7lirimtare t\u00eb Kosov\u00ebs, Asllan Fazliu, i cili<\/p>\n","protected":false},"author":6,"featured_media":39276,"comment_status":"open","ping_status":"open","sticky":false,"template":"","format":"standard","meta":{"footnotes":""},"categories":[60],"tags":[],"class_list":["post-39275","post","type-post","status-publish","format-standard","has-post-thumbnail","hentry","category-shoqerore-sq"],"yoast_head":"<!-- This site is optimized with the Yoast SEO plugin v25.3.1 - https:\/\/yoast.com\/wordpress\/plugins\/seo\/ -->\n<title>Kurti p\u00ebrkujton d\u00ebshmorin Asllan Fazliu n\u00eb 27-vjetorin e r\u00ebnies s\u00eb tij -<\/title>\n<meta name=\"robots\" content=\"index, follow, max-snippet:-1, max-image-preview:large, max-video-preview:-1\" \/>\n<link rel=\"canonical\" href=\"https:\/\/veritasinfo.org\/?p=39275\" \/>\n<meta property=\"og:locale\" content=\"en_US\" \/>\n<meta property=\"og:type\" content=\"article\" \/>\n<meta property=\"og:title\" content=\"Kurti p\u00ebrkujton d\u00ebshmorin Asllan Fazliu n\u00eb 27-vjetorin e r\u00ebnies s\u00eb tij -\" \/>\n<meta property=\"og:description\" content=\"Prishtin\u00eb 23 Mars 2026 14:20 Kryeministri Albin Kurti ka p\u00ebrkujtuar 27 vite nga r\u00ebnia e d\u00ebshmorit t\u00eb Ushtris\u00eb \u00c7lirimtare t\u00eb Kosov\u00ebs, Asllan Fazliu, i cili\" \/>\n<meta property=\"og:url\" content=\"https:\/\/veritasinfo.org\/?p=39275\" \/>\n<meta property=\"article:published_time\" content=\"2026-03-23T13:21:40+00:00\" \/>\n<meta property=\"og:image\" content=\"https:\/\/veritasinfo.org\/wp-content\/uploads\/2026\/03\/900-0-1756885667xpa-dorezimin-e-radoicicit-ska-albin-kurti-zbulon-kushtet-qe-vendosi-ne-bruksel-per-dialogun-me-serbine-346-600x360-1.png\" \/>\n\t<meta property=\"og:image:width\" content=\"600\" \/>\n\t<meta property=\"og:image:height\" content=\"360\" \/>\n\t<meta property=\"og:image:type\" content=\"image\/png\" \/>\n<meta name=\"author\" content=\"US5\" \/>\n<meta name=\"twitter:card\" content=\"summary_large_image\" \/>\n<meta name=\"twitter:label1\" content=\"Written by\" \/>\n\t<meta name=\"twitter:data1\" content=\"US5\" \/>\n<script type=\"application\/ld+json\" class=\"yoast-schema-graph\">{\"@context\":\"https:\/\/schema.org\",\"@graph\":[{\"@type\":\"WebPage\",\"@id\":\"https:\/\/veritasinfo.org\/?p=39275\",\"url\":\"https:\/\/veritasinfo.org\/?p=39275\",\"name\":\"Kurti p\u00ebrkujton d\u00ebshmorin Asllan Fazliu n\u00eb 27-vjetorin e r\u00ebnies s\u00eb tij -\",\"isPartOf\":{\"@id\":\"https:\/\/veritasinfo.org\/#website\"},\"primaryImageOfPage\":{\"@id\":\"https:\/\/veritasinfo.org\/?p=39275#primaryimage\"},\"image\":{\"@id\":\"https:\/\/veritasinfo.org\/?p=39275#primaryimage\"},\"thumbnailUrl\":\"https:\/\/veritasinfo.org\/wp-content\/uploads\/2026\/03\/900-0-1756885667xpa-dorezimin-e-radoicicit-ska-albin-kurti-zbulon-kushtet-qe-vendosi-ne-bruksel-per-dialogun-me-serbine-346-600x360-1.png\",\"datePublished\":\"2026-03-23T13:21:40+00:00\",\"author\":{\"@id\":\"https:\/\/veritasinfo.org\/#\/schema\/person\/bc442336e35414d04494ab8fb45db4c6\"},\"breadcrumb\":{\"@id\":\"https:\/\/veritasinfo.org\/?p=39275#breadcrumb\"},\"inLanguage\":\"en-US\",\"potentialAction\":[{\"@type\":\"ReadAction\",\"target\":[\"https:\/\/veritasinfo.org\/?p=39275\"]}]},{\"@type\":\"ImageObject\",\"inLanguage\":\"en-US\",\"@id\":\"https:\/\/veritasinfo.org\/?p=39275#primaryimage\",\"url\":\"https:\/\/veritasinfo.org\/wp-content\/uploads\/2026\/03\/900-0-1756885667xpa-dorezimin-e-radoicicit-ska-albin-kurti-zbulon-kushtet-qe-vendosi-ne-bruksel-per-dialogun-me-serbine-346-600x360-1.png\",\"contentUrl\":\"https:\/\/veritasinfo.org\/wp-content\/uploads\/2026\/03\/900-0-1756885667xpa-dorezimin-e-radoicicit-ska-albin-kurti-zbulon-kushtet-qe-vendosi-ne-bruksel-per-dialogun-me-serbine-346-600x360-1.png\",\"width\":600,\"height\":360},{\"@type\":\"BreadcrumbList\",\"@id\":\"https:\/\/veritasinfo.org\/?p=39275#breadcrumb\",\"itemListElement\":[{\"@type\":\"ListItem\",\"position\":1,\"name\":\"Home\",\"item\":\"https:\/\/veritasinfo.org\/\"},{\"@type\":\"ListItem\",\"position\":2,\"name\":\"Kurti p\u00ebrkujton d\u00ebshmorin Asllan Fazliu n\u00eb 27-vjetorin e r\u00ebnies s\u00eb tij\"}]},{\"@type\":\"WebSite\",\"@id\":\"https:\/\/veritasinfo.org\/#website\",\"url\":\"https:\/\/veritasinfo.org\/\",\"name\":\"\",\"description\":\"\",\"potentialAction\":[{\"@type\":\"SearchAction\",\"target\":{\"@type\":\"EntryPoint\",\"urlTemplate\":\"https:\/\/veritasinfo.org\/?s={search_term_string}\"},\"query-input\":{\"@type\":\"PropertyValueSpecification\",\"valueRequired\":true,\"valueName\":\"search_term_string\"}}],\"inLanguage\":\"en-US\"},{\"@type\":\"Person\",\"@id\":\"https:\/\/veritasinfo.org\/#\/schema\/person\/bc442336e35414d04494ab8fb45db4c6\",\"name\":\"US5\",\"image\":{\"@type\":\"ImageObject\",\"inLanguage\":\"en-US\",\"@id\":\"https:\/\/veritasinfo.org\/#\/schema\/person\/image\/\",\"url\":\"https:\/\/secure.gravatar.com\/avatar\/16a61e7272a0c5d001121ebb9e60e925d5816e4ac1e443ed3e640d9a6ae55d0c?s=96&d=mm&r=g\",\"contentUrl\":\"https:\/\/secure.gravatar.com\/avatar\/16a61e7272a0c5d001121ebb9e60e925d5816e4ac1e443ed3e640d9a6ae55d0c?s=96&d=mm&r=g\",\"caption\":\"US5\"},\"url\":\"https:\/\/veritasinfo.org\/?author=6\"}]}<\/script>\n<!-- \/ Yoast SEO plugin. -->","yoast_head_json":{"title":"Kurti p\u00ebrkujton d\u00ebshmorin Asllan Fazliu n\u00eb 27-vjetorin e r\u00ebnies s\u00eb tij -","robots":{"index":"index","follow":"follow","max-snippet":"max-snippet:-1","max-image-preview":"max-image-preview:large","max-video-preview":"max-video-preview:-1"},"canonical":"https:\/\/veritasinfo.org\/?p=39275","og_locale":"en_US","og_type":"article","og_title":"Kurti p\u00ebrkujton d\u00ebshmorin Asllan Fazliu n\u00eb 27-vjetorin e r\u00ebnies s\u00eb tij -","og_description":"Prishtin\u00eb 23 Mars 2026 14:20 Kryeministri Albin Kurti ka p\u00ebrkujtuar 27 vite nga r\u00ebnia e d\u00ebshmorit t\u00eb Ushtris\u00eb \u00c7lirimtare t\u00eb Kosov\u00ebs, Asllan Fazliu, i cili","og_url":"https:\/\/veritasinfo.org\/?p=39275","article_published_time":"2026-03-23T13:21:40+00:00","og_image":[{"width":600,"height":360,"url":"https:\/\/veritasinfo.org\/wp-content\/uploads\/2026\/03\/900-0-1756885667xpa-dorezimin-e-radoicicit-ska-albin-kurti-zbulon-kushtet-qe-vendosi-ne-bruksel-per-dialogun-me-serbine-346-600x360-1.png","type":"image\/png"}],"author":"US5","twitter_card":"summary_large_image","twitter_misc":{"Written by":"US5"},"schema":{"@context":"https:\/\/schema.org","@graph":[{"@type":"WebPage","@id":"https:\/\/veritasinfo.org\/?p=39275","url":"https:\/\/veritasinfo.org\/?p=39275","name":"Kurti p\u00ebrkujton d\u00ebshmorin Asllan Fazliu n\u00eb 27-vjetorin e r\u00ebnies s\u00eb tij -","isPartOf":{"@id":"https:\/\/veritasinfo.org\/#website"},"primaryImageOfPage":{"@id":"https:\/\/veritasinfo.org\/?p=39275#primaryimage"},"image":{"@id":"https:\/\/veritasinfo.org\/?p=39275#primaryimage"},"thumbnailUrl":"https:\/\/veritasinfo.org\/wp-content\/uploads\/2026\/03\/900-0-1756885667xpa-dorezimin-e-radoicicit-ska-albin-kurti-zbulon-kushtet-qe-vendosi-ne-bruksel-per-dialogun-me-serbine-346-600x360-1.png","datePublished":"2026-03-23T13:21:40+00:00","author":{"@id":"https:\/\/veritasinfo.org\/#\/schema\/person\/bc442336e35414d04494ab8fb45db4c6"},"breadcrumb":{"@id":"https:\/\/veritasinfo.org\/?p=39275#breadcrumb"},"inLanguage":"en-US","potentialAction":[{"@type":"ReadAction","target":["https:\/\/veritasinfo.org\/?p=39275"]}]},{"@type":"ImageObject","inLanguage":"en-US","@id":"https:\/\/veritasinfo.org\/?p=39275#primaryimage","url":"https:\/\/veritasinfo.org\/wp-content\/uploads\/2026\/03\/900-0-1756885667xpa-dorezimin-e-radoicicit-ska-albin-kurti-zbulon-kushtet-qe-vendosi-ne-bruksel-per-dialogun-me-serbine-346-600x360-1.png","contentUrl":"https:\/\/veritasinfo.org\/wp-content\/uploads\/2026\/03\/900-0-1756885667xpa-dorezimin-e-radoicicit-ska-albin-kurti-zbulon-kushtet-qe-vendosi-ne-bruksel-per-dialogun-me-serbine-346-600x360-1.png","width":600,"height":360},{"@type":"BreadcrumbList","@id":"https:\/\/veritasinfo.org\/?p=39275#breadcrumb","itemListElement":[{"@type":"ListItem","position":1,"name":"Home","item":"https:\/\/veritasinfo.org\/"},{"@type":"ListItem","position":2,"name":"Kurti p\u00ebrkujton d\u00ebshmorin Asllan Fazliu n\u00eb 27-vjetorin e r\u00ebnies s\u00eb tij"}]},{"@type":"WebSite","@id":"https:\/\/veritasinfo.org\/#website","url":"https:\/\/veritasinfo.org\/","name":"","description":"","potentialAction":[{"@type":"SearchAction","target":{"@type":"EntryPoint","urlTemplate":"https:\/\/veritasinfo.org\/?s={search_term_string}"},"query-input":{"@type":"PropertyValueSpecification","valueRequired":true,"valueName":"search_term_string"}}],"inLanguage":"en-US"},{"@type":"Person","@id":"https:\/\/veritasinfo.org\/#\/schema\/person\/bc442336e35414d04494ab8fb45db4c6","name":"US5","image":{"@type":"ImageObject","inLanguage":"en-US","@id":"https:\/\/veritasinfo.org\/#\/schema\/person\/image\/","url":"https:\/\/secure.gravatar.com\/avatar\/16a61e7272a0c5d001121ebb9e60e925d5816e4ac1e443ed3e640d9a6ae55d0c?s=96&d=mm&r=g","contentUrl":"https:\/\/secure.gravatar.com\/avatar\/16a61e7272a0c5d001121ebb9e60e925d5816e4ac1e443ed3e640d9a6ae55d0c?s=96&d=mm&r=g","caption":"US5"},"url":"https:\/\/veritasinfo.org\/?author=6"}]}},"featured_image_urls":{"full":["https:\/\/veritasinfo.org\/wp-content\/uploads\/2026\/03\/900-0-1756885667xpa-dorezimin-e-radoicicit-ska-albin-kurti-zbulon-kushtet-qe-vendosi-ne-bruksel-per-dialogun-me-serbine-346-600x360-1.png",600,360,false],"thumbnail":["https:\/\/veritasinfo.org\/wp-content\/uploads\/2026\/03\/900-0-1756885667xpa-dorezimin-e-radoicicit-ska-albin-kurti-zbulon-kushtet-qe-vendosi-ne-bruksel-per-dialogun-me-serbine-346-600x360-1-150x150.png",150,150,true],"medium":["https:\/\/veritasinfo.org\/wp-content\/uploads\/2026\/03\/900-0-1756885667xpa-dorezimin-e-radoicicit-ska-albin-kurti-zbulon-kushtet-qe-vendosi-ne-bruksel-per-dialogun-me-serbine-346-600x360-1-300x180.png",300,180,true],"medium_large":["https:\/\/veritasinfo.org\/wp-content\/uploads\/2026\/03\/900-0-1756885667xpa-dorezimin-e-radoicicit-ska-albin-kurti-zbulon-kushtet-qe-vendosi-ne-bruksel-per-dialogun-me-serbine-346-600x360-1.png",600,360,false],"large":["https:\/\/veritasinfo.org\/wp-content\/uploads\/2026\/03\/900-0-1756885667xpa-dorezimin-e-radoicicit-ska-albin-kurti-zbulon-kushtet-qe-vendosi-ne-bruksel-per-dialogun-me-serbine-346-600x360-1.png",600,360,false],"1536x1536":["https:\/\/veritasinfo.org\/wp-content\/uploads\/2026\/03\/900-0-1756885667xpa-dorezimin-e-radoicicit-ska-albin-kurti-zbulon-kushtet-qe-vendosi-ne-bruksel-per-dialogun-me-serbine-346-600x360-1.png",600,360,false],"2048x2048":["https:\/\/veritasinfo.org\/wp-content\/uploads\/2026\/03\/900-0-1756885667xpa-dorezimin-e-radoicicit-ska-albin-kurti-zbulon-kushtet-qe-vendosi-ne-bruksel-per-dialogun-me-serbine-346-600x360-1.png",600,360,false],"kreeti-slider-full":["https:\/\/veritasinfo.org\/wp-content\/uploads\/2026\/03\/900-0-1756885667xpa-dorezimin-e-radoicicit-ska-albin-kurti-zbulon-kushtet-qe-vendosi-ne-bruksel-per-dialogun-me-serbine-346-600x360-1.png",600,360,false],"kreeti-featured":["https:\/\/veritasinfo.org\/wp-content\/uploads\/2026\/03\/900-0-1756885667xpa-dorezimin-e-radoicicit-ska-albin-kurti-zbulon-kushtet-qe-vendosi-ne-bruksel-per-dialogun-me-serbine-346-600x360-1.png",600,360,false],"kreeti-medium":["https:\/\/veritasinfo.org\/wp-content\/uploads\/2026\/03\/900-0-1756885667xpa-dorezimin-e-radoicicit-ska-albin-kurti-zbulon-kushtet-qe-vendosi-ne-bruksel-per-dialogun-me-serbine-346-600x360-1.png",600,360,false],"kreeti-medium-square":["https:\/\/veritasinfo.org\/wp-content\/uploads\/2026\/03\/900-0-1756885667xpa-dorezimin-e-radoicicit-ska-albin-kurti-zbulon-kushtet-qe-vendosi-ne-bruksel-per-dialogun-me-serbine-346-600x360-1.png",350,210,false]},"author_info":{"info":["US5"]},"category_info":"<a href=\"https:\/\/veritasinfo.org\/?cat=60\" rel=\"category\">Shoq\u00ebrore<\/a>","tag_info":"Shoq\u00ebrore","comment_count":"0","_links":{"self":[{"href":"https:\/\/veritasinfo.org\/index.php?rest_route=\/wp\/v2\/posts\/39275","targetHints":{"allow":["GET"]}}],"collection":[{"href":"https:\/\/veritasinfo.org\/index.php?rest_route=\/wp\/v2\/posts"}],"about":[{"href":"https:\/\/veritasinfo.org\/index.php?rest_route=\/wp\/v2\/types\/post"}],"author":[{"embeddable":true,"href":"https:\/\/veritasinfo.org\/index.php?rest_route=\/wp\/v2\/users\/6"}],"replies":[{"embeddable":true,"href":"https:\/\/veritasinfo.org\/index.php?rest_route=%2Fwp%2Fv2%2Fcomments&post=39275"}],"version-history":[{"count":1,"href":"https:\/\/veritasinfo.org\/index.php?rest_route=\/wp\/v2\/posts\/39275\/revisions"}],"predecessor-version":[{"id":39277,"href":"https:\/\/veritasinfo.org\/index.php?rest_route=\/wp\/v2\/posts\/39275\/revisions\/39277"}],"wp:featuredmedia":[{"embeddable":true,"href":"https:\/\/veritasinfo.org\/index.php?rest_route=\/wp\/v2\/media\/39276"}],"wp:attachment":[{"href":"https:\/\/veritasinfo.org\/index.php?rest_route=%2Fwp%2Fv2%2Fmedia&parent=39275"}],"wp:term":[{"taxonomy":"category","embeddable":true,"href":"https:\/\/veritasinfo.org\/index.php?rest_route=%2Fwp%2Fv2%2Fcategories&post=39275"},{"taxonomy":"post_tag","embeddable":true,"href":"https:\/\/veritasinfo.org\/index.php?rest_route=%2Fwp%2Fv2%2Ftags&post=39275"}],"curies":[{"name":"wp","href":"https:\/\/api.w.org\/{rel}","templated":true}]}}