{"id":3922,"date":"2025-07-16T07:23:56","date_gmt":"2025-07-16T05:23:56","guid":{"rendered":"https:\/\/veritasinfo.org\/?p=3922"},"modified":"2025-07-15T21:57:08","modified_gmt":"2025-07-15T19:57:08","slug":"kolonel-bekim-zejnullahu-pranon-detyren-si-atashe-i-mbrojtjes-ne-slloveni","status":"publish","type":"post","link":"https:\/\/veritasinfo.org\/?p=3922","title":{"rendered":"Kolonel Bekim Zejnullahu pranon detyr\u00ebn si atashe i Mbrojtjes n\u00eb Slloveni"},"content":{"rendered":"<p>Lublan\u00eb, 16 Korrik 2025<\/p>\n<p>Koloneli i FSK-s\u00eb, Bekim Zejnullahu ka pranuar zyrtarisht detyr\u00ebn si atashe i Mbrojtjes jo rezident i Republik\u00ebs s\u00eb Kosov\u00ebs n\u00eb Republik\u00ebn e Sllovenis\u00eb.<\/p>\n<p>Gjat\u00eb q\u00ebndrimit t\u00eb tij n\u00eb Lubjan\u00eb, kolonel Zejnullahu \u00ebsht\u00eb pritur n\u00eb nj\u00eb takim zyrtar nga ambasadori i Republik\u00ebs s\u00eb Kosov\u00ebs n\u00eb Slloveni, Valdet Sadiku, ku u diskutua p\u00ebr fushat prioritare t\u00eb bashk\u00ebpunimit n\u00eb kuad\u00ebr t\u00eb misionit diplomatik t\u00eb atasheut t\u00eb mbrojtjes, njofton Ministria e Mbrojtjes.<\/p>\n<p>Tutje b\u00ebhet e ditur se koloneli Zejnullahu ka zhvilluar vizitat e para zyrtare n\u00eb Ministrin\u00eb e Mbrojtjes s\u00eb Sllovenis\u00eb dhe n\u00eb Shtabin e P\u00ebrgjithsh\u00ebm t\u00eb Forcave t\u00eb Armatosura t\u00eb Sllovenis\u00eb, ku ka realizuar takime konstruktive mbi intensifikimin e bashk\u00ebpunimit n\u00eb fush\u00ebn e siguris\u00eb dhe mbrojtjes nd\u00ebrmjet dy shteteve mike.<\/p>\n<p>\u201cKolonel Zejnullahu \u00ebsht\u00eb atashe rezident n\u00eb Republik\u00ebn Federale t\u00eb Gjermanis\u00eb dhe prej atje mbulon edhe Republik\u00ebn e Sllovenis\u00eb. Akreditimi i Atasheut t\u00eb ri t\u00eb Mbrojtjes sh\u00ebnon nj\u00eb hap t\u00eb r\u00ebnd\u00ebsish\u00ebm n\u00eb forcimin e marr\u00ebdh\u00ebnieve bilaterale Kosov\u00eb\u2013Slloveni, dhe n\u00eb p\u00ebrforcimin e pranis\u00eb institucionale t\u00eb Republik\u00ebs s\u00eb Kosov\u00ebs n\u00eb fush\u00ebn e mbrojtjes jasht\u00eb vendit\u201d, thuhet n\u00eb njoftimin e Ministris\u00eb s\u00eb Mbrojtjes. Kjo ministri ka shprehur gjithashtu mir\u00ebnjohje p\u00ebr pun\u00ebn dhe kontributin profesional t\u00eb dh\u00ebn\u00eb nga atasheu i par\u00eb i Mbrojtjes n\u00eb Slloveni, n\u00ebnkolonel Besim Gashi, q\u00eb sipas, ministris\u00eb, ka luajtur nj\u00eb rol t\u00eb r\u00ebnd\u00ebsish\u00ebm n\u00eb vendosjen dhe konsolidimin e bashk\u00ebpunimit t\u00eb deritanish\u00ebm.<\/p>\n","protected":false},"excerpt":{"rendered":"<p>Lublan\u00eb, 16 Korrik 2025 Koloneli i FSK-s\u00eb, Bekim Zejnullahu ka pranuar zyrtarisht detyr\u00ebn si atashe i Mbrojtjes jo rezident i Republik\u00ebs s\u00eb Kosov\u00ebs n\u00eb Republik\u00ebn<\/p>\n","protected":false},"author":1,"featured_media":3923,"comment_status":"open","ping_status":"open","sticky":false,"template":"","format":"standard","meta":{"footnotes":""},"categories":[58],"tags":[],"class_list":["post-3922","post","type-post","status-publish","format-standard","has-post-thumbnail","hentry","category-politike-sq"],"yoast_head":"<!-- This site is optimized with the Yoast SEO plugin v25.3.1 - https:\/\/yoast.com\/wordpress\/plugins\/seo\/ -->\n<title>Kolonel Bekim Zejnullahu pranon detyr\u00ebn si atashe i Mbrojtjes n\u00eb Slloveni -<\/title>\n<meta name=\"robots\" content=\"index, follow, max-snippet:-1, max-image-preview:large, max-video-preview:-1\" \/>\n<link rel=\"canonical\" href=\"https:\/\/veritasinfo.org\/?p=3922\" \/>\n<meta property=\"og:locale\" content=\"en_US\" \/>\n<meta property=\"og:type\" content=\"article\" \/>\n<meta property=\"og:title\" content=\"Kolonel Bekim Zejnullahu pranon detyr\u00ebn si atashe i Mbrojtjes n\u00eb Slloveni -\" \/>\n<meta property=\"og:description\" content=\"Lublan\u00eb, 16 Korrik 2025 Koloneli i FSK-s\u00eb, Bekim Zejnullahu ka pranuar zyrtarisht detyr\u00ebn si atashe i Mbrojtjes jo rezident i Republik\u00ebs s\u00eb Kosov\u00ebs n\u00eb Republik\u00ebn\" \/>\n<meta property=\"og:url\" content=\"https:\/\/veritasinfo.org\/?p=3922\" \/>\n<meta property=\"article:published_time\" content=\"2025-07-16T05:23:56+00:00\" \/>\n<meta property=\"og:image\" content=\"https:\/\/veritasinfo.org\/wp-content\/uploads\/2025\/07\/IMG_2081.jpeg\" \/>\n\t<meta property=\"og:image:width\" content=\"780\" \/>\n\t<meta property=\"og:image:height\" content=\"500\" \/>\n\t<meta property=\"og:image:type\" content=\"image\/jpeg\" \/>\n<meta name=\"author\" content=\"admin\" \/>\n<meta name=\"twitter:card\" content=\"summary_large_image\" \/>\n<meta name=\"twitter:label1\" content=\"Written by\" \/>\n\t<meta name=\"twitter:data1\" content=\"admin\" \/>\n\t<meta name=\"twitter:label2\" content=\"Est. reading time\" \/>\n\t<meta name=\"twitter:data2\" content=\"2 minutes\" \/>\n<script type=\"application\/ld+json\" class=\"yoast-schema-graph\">{\"@context\":\"https:\/\/schema.org\",\"@graph\":[{\"@type\":\"WebPage\",\"@id\":\"https:\/\/veritasinfo.org\/?p=3922\",\"url\":\"https:\/\/veritasinfo.org\/?p=3922\",\"name\":\"Kolonel Bekim Zejnullahu pranon detyr\u00ebn si atashe i Mbrojtjes n\u00eb Slloveni -\",\"isPartOf\":{\"@id\":\"https:\/\/veritasinfo.org\/#website\"},\"primaryImageOfPage\":{\"@id\":\"https:\/\/veritasinfo.org\/?p=3922#primaryimage\"},\"image\":{\"@id\":\"https:\/\/veritasinfo.org\/?p=3922#primaryimage\"},\"thumbnailUrl\":\"https:\/\/veritasinfo.org\/wp-content\/uploads\/2025\/07\/IMG_2081.jpeg\",\"datePublished\":\"2025-07-16T05:23:56+00:00\",\"author\":{\"@id\":\"https:\/\/veritasinfo.org\/#\/schema\/person\/7701f8c088bece422266b100a712374f\"},\"breadcrumb\":{\"@id\":\"https:\/\/veritasinfo.org\/?p=3922#breadcrumb\"},\"inLanguage\":\"en-US\",\"potentialAction\":[{\"@type\":\"ReadAction\",\"target\":[\"https:\/\/veritasinfo.org\/?p=3922\"]}]},{\"@type\":\"ImageObject\",\"inLanguage\":\"en-US\",\"@id\":\"https:\/\/veritasinfo.org\/?p=3922#primaryimage\",\"url\":\"https:\/\/veritasinfo.org\/wp-content\/uploads\/2025\/07\/IMG_2081.jpeg\",\"contentUrl\":\"https:\/\/veritasinfo.org\/wp-content\/uploads\/2025\/07\/IMG_2081.jpeg\",\"width\":780,\"height\":500},{\"@type\":\"BreadcrumbList\",\"@id\":\"https:\/\/veritasinfo.org\/?p=3922#breadcrumb\",\"itemListElement\":[{\"@type\":\"ListItem\",\"position\":1,\"name\":\"Home\",\"item\":\"https:\/\/veritasinfo.org\/\"},{\"@type\":\"ListItem\",\"position\":2,\"name\":\"Kolonel Bekim Zejnullahu pranon detyr\u00ebn si atashe i Mbrojtjes n\u00eb Slloveni\"}]},{\"@type\":\"WebSite\",\"@id\":\"https:\/\/veritasinfo.org\/#website\",\"url\":\"https:\/\/veritasinfo.org\/\",\"name\":\"\",\"description\":\"\",\"potentialAction\":[{\"@type\":\"SearchAction\",\"target\":{\"@type\":\"EntryPoint\",\"urlTemplate\":\"https:\/\/veritasinfo.org\/?s={search_term_string}\"},\"query-input\":{\"@type\":\"PropertyValueSpecification\",\"valueRequired\":true,\"valueName\":\"search_term_string\"}}],\"inLanguage\":\"en-US\"},{\"@type\":\"Person\",\"@id\":\"https:\/\/veritasinfo.org\/#\/schema\/person\/7701f8c088bece422266b100a712374f\",\"name\":\"admin\",\"image\":{\"@type\":\"ImageObject\",\"inLanguage\":\"en-US\",\"@id\":\"https:\/\/veritasinfo.org\/#\/schema\/person\/image\/\",\"url\":\"https:\/\/secure.gravatar.com\/avatar\/ea53aa3bf6c9a12d5fde8ce4deff43fef3885ae33cf60184161a50d6987cfd2f?s=96&d=mm&r=g\",\"contentUrl\":\"https:\/\/secure.gravatar.com\/avatar\/ea53aa3bf6c9a12d5fde8ce4deff43fef3885ae33cf60184161a50d6987cfd2f?s=96&d=mm&r=g\",\"caption\":\"admin\"},\"sameAs\":[\"https:\/\/veritasinfo.org\"],\"url\":\"https:\/\/veritasinfo.org\/?author=1\"}]}<\/script>\n<!-- \/ Yoast SEO plugin. -->","yoast_head_json":{"title":"Kolonel Bekim Zejnullahu pranon detyr\u00ebn si atashe i Mbrojtjes n\u00eb Slloveni -","robots":{"index":"index","follow":"follow","max-snippet":"max-snippet:-1","max-image-preview":"max-image-preview:large","max-video-preview":"max-video-preview:-1"},"canonical":"https:\/\/veritasinfo.org\/?p=3922","og_locale":"en_US","og_type":"article","og_title":"Kolonel Bekim Zejnullahu pranon detyr\u00ebn si atashe i Mbrojtjes n\u00eb Slloveni -","og_description":"Lublan\u00eb, 16 Korrik 2025 Koloneli i FSK-s\u00eb, Bekim Zejnullahu ka pranuar zyrtarisht detyr\u00ebn si atashe i Mbrojtjes jo rezident i Republik\u00ebs s\u00eb Kosov\u00ebs n\u00eb Republik\u00ebn","og_url":"https:\/\/veritasinfo.org\/?p=3922","article_published_time":"2025-07-16T05:23:56+00:00","og_image":[{"width":780,"height":500,"url":"https:\/\/veritasinfo.org\/wp-content\/uploads\/2025\/07\/IMG_2081.jpeg","type":"image\/jpeg"}],"author":"admin","twitter_card":"summary_large_image","twitter_misc":{"Written by":"admin","Est. reading time":"2 minutes"},"schema":{"@context":"https:\/\/schema.org","@graph":[{"@type":"WebPage","@id":"https:\/\/veritasinfo.org\/?p=3922","url":"https:\/\/veritasinfo.org\/?p=3922","name":"Kolonel Bekim Zejnullahu pranon detyr\u00ebn si atashe i Mbrojtjes n\u00eb Slloveni -","isPartOf":{"@id":"https:\/\/veritasinfo.org\/#website"},"primaryImageOfPage":{"@id":"https:\/\/veritasinfo.org\/?p=3922#primaryimage"},"image":{"@id":"https:\/\/veritasinfo.org\/?p=3922#primaryimage"},"thumbnailUrl":"https:\/\/veritasinfo.org\/wp-content\/uploads\/2025\/07\/IMG_2081.jpeg","datePublished":"2025-07-16T05:23:56+00:00","author":{"@id":"https:\/\/veritasinfo.org\/#\/schema\/person\/7701f8c088bece422266b100a712374f"},"breadcrumb":{"@id":"https:\/\/veritasinfo.org\/?p=3922#breadcrumb"},"inLanguage":"en-US","potentialAction":[{"@type":"ReadAction","target":["https:\/\/veritasinfo.org\/?p=3922"]}]},{"@type":"ImageObject","inLanguage":"en-US","@id":"https:\/\/veritasinfo.org\/?p=3922#primaryimage","url":"https:\/\/veritasinfo.org\/wp-content\/uploads\/2025\/07\/IMG_2081.jpeg","contentUrl":"https:\/\/veritasinfo.org\/wp-content\/uploads\/2025\/07\/IMG_2081.jpeg","width":780,"height":500},{"@type":"BreadcrumbList","@id":"https:\/\/veritasinfo.org\/?p=3922#breadcrumb","itemListElement":[{"@type":"ListItem","position":1,"name":"Home","item":"https:\/\/veritasinfo.org\/"},{"@type":"ListItem","position":2,"name":"Kolonel Bekim Zejnullahu pranon detyr\u00ebn si atashe i Mbrojtjes n\u00eb Slloveni"}]},{"@type":"WebSite","@id":"https:\/\/veritasinfo.org\/#website","url":"https:\/\/veritasinfo.org\/","name":"","description":"","potentialAction":[{"@type":"SearchAction","target":{"@type":"EntryPoint","urlTemplate":"https:\/\/veritasinfo.org\/?s={search_term_string}"},"query-input":{"@type":"PropertyValueSpecification","valueRequired":true,"valueName":"search_term_string"}}],"inLanguage":"en-US"},{"@type":"Person","@id":"https:\/\/veritasinfo.org\/#\/schema\/person\/7701f8c088bece422266b100a712374f","name":"admin","image":{"@type":"ImageObject","inLanguage":"en-US","@id":"https:\/\/veritasinfo.org\/#\/schema\/person\/image\/","url":"https:\/\/secure.gravatar.com\/avatar\/ea53aa3bf6c9a12d5fde8ce4deff43fef3885ae33cf60184161a50d6987cfd2f?s=96&d=mm&r=g","contentUrl":"https:\/\/secure.gravatar.com\/avatar\/ea53aa3bf6c9a12d5fde8ce4deff43fef3885ae33cf60184161a50d6987cfd2f?s=96&d=mm&r=g","caption":"admin"},"sameAs":["https:\/\/veritasinfo.org"],"url":"https:\/\/veritasinfo.org\/?author=1"}]}},"featured_image_urls":{"full":["https:\/\/veritasinfo.org\/wp-content\/uploads\/2025\/07\/IMG_2081.jpeg",780,500,false],"thumbnail":["https:\/\/veritasinfo.org\/wp-content\/uploads\/2025\/07\/IMG_2081-150x150.jpeg",150,150,true],"medium":["https:\/\/veritasinfo.org\/wp-content\/uploads\/2025\/07\/IMG_2081-300x192.jpeg",300,192,true],"medium_large":["https:\/\/veritasinfo.org\/wp-content\/uploads\/2025\/07\/IMG_2081-768x492.jpeg",640,410,true],"large":["https:\/\/veritasinfo.org\/wp-content\/uploads\/2025\/07\/IMG_2081.jpeg",640,410,false],"1536x1536":["https:\/\/veritasinfo.org\/wp-content\/uploads\/2025\/07\/IMG_2081.jpeg",780,500,false],"2048x2048":["https:\/\/veritasinfo.org\/wp-content\/uploads\/2025\/07\/IMG_2081.jpeg",780,500,false],"kreeti-slider-full":["https:\/\/veritasinfo.org\/wp-content\/uploads\/2025\/07\/IMG_2081.jpeg",780,500,false],"kreeti-featured":["https:\/\/veritasinfo.org\/wp-content\/uploads\/2025\/07\/IMG_2081.jpeg",780,500,false],"kreeti-medium":["https:\/\/veritasinfo.org\/wp-content\/uploads\/2025\/07\/IMG_2081.jpeg",720,462,false],"kreeti-medium-square":["https:\/\/veritasinfo.org\/wp-content\/uploads\/2025\/07\/IMG_2081.jpeg",350,224,false]},"author_info":{"info":["admin"]},"category_info":"<a href=\"https:\/\/veritasinfo.org\/?cat=58\" rel=\"category\">Politik\u00eb<\/a>","tag_info":"Politik\u00eb","comment_count":"0","_links":{"self":[{"href":"https:\/\/veritasinfo.org\/index.php?rest_route=\/wp\/v2\/posts\/3922","targetHints":{"allow":["GET"]}}],"collection":[{"href":"https:\/\/veritasinfo.org\/index.php?rest_route=\/wp\/v2\/posts"}],"about":[{"href":"https:\/\/veritasinfo.org\/index.php?rest_route=\/wp\/v2\/types\/post"}],"author":[{"embeddable":true,"href":"https:\/\/veritasinfo.org\/index.php?rest_route=\/wp\/v2\/users\/1"}],"replies":[{"embeddable":true,"href":"https:\/\/veritasinfo.org\/index.php?rest_route=%2Fwp%2Fv2%2Fcomments&post=3922"}],"version-history":[{"count":1,"href":"https:\/\/veritasinfo.org\/index.php?rest_route=\/wp\/v2\/posts\/3922\/revisions"}],"predecessor-version":[{"id":3924,"href":"https:\/\/veritasinfo.org\/index.php?rest_route=\/wp\/v2\/posts\/3922\/revisions\/3924"}],"wp:featuredmedia":[{"embeddable":true,"href":"https:\/\/veritasinfo.org\/index.php?rest_route=\/wp\/v2\/media\/3923"}],"wp:attachment":[{"href":"https:\/\/veritasinfo.org\/index.php?rest_route=%2Fwp%2Fv2%2Fmedia&parent=3922"}],"wp:term":[{"taxonomy":"category","embeddable":true,"href":"https:\/\/veritasinfo.org\/index.php?rest_route=%2Fwp%2Fv2%2Fcategories&post=3922"},{"taxonomy":"post_tag","embeddable":true,"href":"https:\/\/veritasinfo.org\/index.php?rest_route=%2Fwp%2Fv2%2Ftags&post=3922"}],"curies":[{"name":"wp","href":"https:\/\/api.w.org\/{rel}","templated":true}]}}