{"id":39097,"date":"2026-03-23T07:39:10","date_gmt":"2026-03-23T06:39:10","guid":{"rendered":"https:\/\/veritasinfo.org\/?p=39097"},"modified":"2026-03-23T07:39:10","modified_gmt":"2026-03-23T06:39:10","slug":"mirepritet-ideja-e-inspektimit-me-dron-per-mbrojtjen-e-mjedisit","status":"publish","type":"post","link":"https:\/\/veritasinfo.org\/?p=39097","title":{"rendered":"Mir\u00ebpritet ideja e inspektimit me dron p\u00ebr mbrojtjen e mjedisit"},"content":{"rendered":"<p>Prishtin\u00eb, 23 mars 2026 07:37<\/p>\n<p>Gjendja e mjedisit n\u00eb Kosov\u00eb nuk \u00ebsht\u00eb e mir\u00eb andaj nevojitet nj\u00eb restaurim.<\/p>\n<p>K\u00ebshtu ka deklaruar ministrja e Mjedisit, Planifikimit Hap\u00ebsinor e Infrastruktur\u00ebs, Fitore Pacolli e cila ka th\u00ebn\u00eb se po synojn\u00eb q\u00eb inspektimin ta kryejn\u00eb edhe me dron\u00eb.<\/p>\n<p>Kjo po mir\u00ebpritet edhe nga njoh\u00ebs dhe organizata q\u00eb merren me ruajtjen e mjedisit.<\/p>\n<p>Luan Hasanaj nga Let\u2019s Do It Kosova, thot\u00eb se n\u00eb vend ka munges\u00eb t\u00eb veprimeve nga institucionet p\u00ebr ruajtjen e mjedisit.<\/p>\n<p>\u201cPra mendoj q\u00eb ka nevoj\u00eb t\u00eb rritjes s\u00eb numrit t\u00eb inspektor\u00ebve, ka nevoj\u00eb rritjen e inspektimeve n\u00eb k\u00ebt\u00eb fush\u00eb pra t\u00eb ket\u00eb veprime konkrete q\u00eb e zgjidhin k\u00ebt\u00eb problem. Megjithat\u00eb po e them s\u00ebrish secili aktivitet q\u00eb zhvillohet n\u00eb t\u00eb mir\u00eb t\u00eb p\u00ebrmir\u00ebsimit t\u00eb situat\u00ebs dhe nuk mbetet vet\u00ebm n\u00eb suaza deklarative pra sa p\u00ebr t\u00eb treguar q\u00eb po dojm\u00eb t\u00eb punojm\u00eb di\u00e7ka mendojm\u00eb se \u00ebsht\u00eb i mir\u00ebseardhur\u201d, ka th\u00ebn\u00eb ai.<\/p>\n<p>Por, sipas tij sfida m\u00eb e madhe ende mbeten mbeturinat q\u00eb jan\u00eb qoft\u00eb n\u00eb deponi por edhe n\u00eb uj\u00ebra.<\/p>\n<p>\u201cMendoj q\u00eb k\u00ebtu nevojitet nj\u00eb reagim shum\u00eb urgjent, pra nevojitet e para do t\u00eb thoja nj\u00eb forcim i bashk\u00ebpunimit mes Ministris\u00eb dhe Komunave dhe Agjencive tjera t\u00eb cilat lidhen me fush\u00ebn e mjedisit pra k\u00ebtu mendoj se ka nj\u00eb \u00e7alim t\u00eb madh pra zakonisht shohim kritika n\u00eb mes t\u00eb institucioneve lokale dhe qendrore. Pra kjo \u00ebsht\u00eb shum\u00eb e r\u00ebnd\u00ebsishme n\u00eb bindjen time\u201d, thotw Hasanaj.<\/p>\n<p>Edhe profesori i mjedisit, Sami Makolli thot\u00eb se gjendja sidomos me pyje \u00ebsht\u00eb serioze andaj k\u00ebrkon intervenim urgjent.<\/p>\n<p>\u201cSepse sipas t\u00eb dh\u00ebnave q\u00eb i kemi n\u00eb Kosov\u00eb masa drurore gjeneron me 1.5 milion met\u00ebr kub, mas\u00eb drurore n\u00eb vit nd\u00ebrsa prerjet shkojn\u00eb 1.6 ndoshta edhe 2 milion\u00eb met\u00ebr kub n\u00eb vit. Kjo dmth se po marrim m\u00eb shum\u00eb mas\u00eb drurore m\u00eb shum\u00eb sesa pyjet q\u00eb kan\u00eb mund\u00ebsi p\u00ebr me i rigjeneru\u201d, vler\u00ebson Makolli.<\/p>\n<p>Sipas tij, n\u00ebse nuk intervenohet n\u00eb t\u00eb ardhmen mund t\u00eb ket\u00eb edhe pasoja dhe probleme serioze.<\/p>\n","protected":false},"excerpt":{"rendered":"<p>Prishtin\u00eb, 23 mars 2026 07:37 Gjendja e mjedisit n\u00eb Kosov\u00eb nuk \u00ebsht\u00eb e mir\u00eb andaj nevojitet nj\u00eb restaurim. K\u00ebshtu ka deklaruar ministrja e Mjedisit, Planifikimit<\/p>\n","protected":false},"author":7,"featured_media":39098,"comment_status":"open","ping_status":"open","sticky":false,"template":"","format":"standard","meta":{"footnotes":""},"categories":[60],"tags":[],"class_list":["post-39097","post","type-post","status-publish","format-standard","has-post-thumbnail","hentry","category-shoqerore-sq"],"yoast_head":"<!-- This site is optimized with the Yoast SEO plugin v25.3.1 - https:\/\/yoast.com\/wordpress\/plugins\/seo\/ -->\n<title>Mir\u00ebpritet ideja e inspektimit me dron p\u00ebr mbrojtjen e mjedisit -<\/title>\n<meta name=\"robots\" content=\"index, follow, max-snippet:-1, max-image-preview:large, max-video-preview:-1\" \/>\n<link rel=\"canonical\" href=\"https:\/\/veritasinfo.org\/?p=39097\" \/>\n<meta property=\"og:locale\" content=\"en_US\" \/>\n<meta property=\"og:type\" content=\"article\" \/>\n<meta property=\"og:title\" content=\"Mir\u00ebpritet ideja e inspektimit me dron p\u00ebr mbrojtjen e mjedisit -\" \/>\n<meta property=\"og:description\" content=\"Prishtin\u00eb, 23 mars 2026 07:37 Gjendja e mjedisit n\u00eb Kosov\u00eb nuk \u00ebsht\u00eb e mir\u00eb andaj nevojitet nj\u00eb restaurim. K\u00ebshtu ka deklaruar ministrja e Mjedisit, Planifikimit\" \/>\n<meta property=\"og:url\" content=\"https:\/\/veritasinfo.org\/?p=39097\" \/>\n<meta property=\"article:published_time\" content=\"2026-03-23T06:39:10+00:00\" \/>\n<meta property=\"og:image\" content=\"https:\/\/veritasinfo.org\/wp-content\/uploads\/2026\/03\/Application-of-Drones-in-Environmental-Monitoring-1.jpg\" \/>\n\t<meta property=\"og:image:width\" content=\"1200\" \/>\n\t<meta property=\"og:image:height\" content=\"400\" \/>\n\t<meta property=\"og:image:type\" content=\"image\/jpeg\" \/>\n<meta name=\"author\" content=\"US6\" \/>\n<meta name=\"twitter:card\" content=\"summary_large_image\" \/>\n<meta name=\"twitter:label1\" content=\"Written by\" \/>\n\t<meta name=\"twitter:data1\" content=\"US6\" \/>\n\t<meta name=\"twitter:label2\" content=\"Est. reading time\" \/>\n\t<meta name=\"twitter:data2\" content=\"2 minutes\" \/>\n<script type=\"application\/ld+json\" class=\"yoast-schema-graph\">{\"@context\":\"https:\/\/schema.org\",\"@graph\":[{\"@type\":\"WebPage\",\"@id\":\"https:\/\/veritasinfo.org\/?p=39097\",\"url\":\"https:\/\/veritasinfo.org\/?p=39097\",\"name\":\"Mir\u00ebpritet ideja e inspektimit me dron p\u00ebr mbrojtjen e mjedisit -\",\"isPartOf\":{\"@id\":\"https:\/\/veritasinfo.org\/#website\"},\"primaryImageOfPage\":{\"@id\":\"https:\/\/veritasinfo.org\/?p=39097#primaryimage\"},\"image\":{\"@id\":\"https:\/\/veritasinfo.org\/?p=39097#primaryimage\"},\"thumbnailUrl\":\"https:\/\/veritasinfo.org\/wp-content\/uploads\/2026\/03\/Application-of-Drones-in-Environmental-Monitoring-1.jpg\",\"datePublished\":\"2026-03-23T06:39:10+00:00\",\"author\":{\"@id\":\"https:\/\/veritasinfo.org\/#\/schema\/person\/fe199eede04c3937362892b7444747cc\"},\"breadcrumb\":{\"@id\":\"https:\/\/veritasinfo.org\/?p=39097#breadcrumb\"},\"inLanguage\":\"en-US\",\"potentialAction\":[{\"@type\":\"ReadAction\",\"target\":[\"https:\/\/veritasinfo.org\/?p=39097\"]}]},{\"@type\":\"ImageObject\",\"inLanguage\":\"en-US\",\"@id\":\"https:\/\/veritasinfo.org\/?p=39097#primaryimage\",\"url\":\"https:\/\/veritasinfo.org\/wp-content\/uploads\/2026\/03\/Application-of-Drones-in-Environmental-Monitoring-1.jpg\",\"contentUrl\":\"https:\/\/veritasinfo.org\/wp-content\/uploads\/2026\/03\/Application-of-Drones-in-Environmental-Monitoring-1.jpg\",\"width\":1200,\"height\":400},{\"@type\":\"BreadcrumbList\",\"@id\":\"https:\/\/veritasinfo.org\/?p=39097#breadcrumb\",\"itemListElement\":[{\"@type\":\"ListItem\",\"position\":1,\"name\":\"Home\",\"item\":\"https:\/\/veritasinfo.org\/\"},{\"@type\":\"ListItem\",\"position\":2,\"name\":\"Mir\u00ebpritet ideja e inspektimit me dron p\u00ebr mbrojtjen e mjedisit\"}]},{\"@type\":\"WebSite\",\"@id\":\"https:\/\/veritasinfo.org\/#website\",\"url\":\"https:\/\/veritasinfo.org\/\",\"name\":\"\",\"description\":\"\",\"potentialAction\":[{\"@type\":\"SearchAction\",\"target\":{\"@type\":\"EntryPoint\",\"urlTemplate\":\"https:\/\/veritasinfo.org\/?s={search_term_string}\"},\"query-input\":{\"@type\":\"PropertyValueSpecification\",\"valueRequired\":true,\"valueName\":\"search_term_string\"}}],\"inLanguage\":\"en-US\"},{\"@type\":\"Person\",\"@id\":\"https:\/\/veritasinfo.org\/#\/schema\/person\/fe199eede04c3937362892b7444747cc\",\"name\":\"US6\",\"image\":{\"@type\":\"ImageObject\",\"inLanguage\":\"en-US\",\"@id\":\"https:\/\/veritasinfo.org\/#\/schema\/person\/image\/\",\"url\":\"https:\/\/secure.gravatar.com\/avatar\/cb16c3c31c9d23b9b8c705964598220b3014e42ff51eb540ff23cefa3ae8c15f?s=96&d=mm&r=g\",\"contentUrl\":\"https:\/\/secure.gravatar.com\/avatar\/cb16c3c31c9d23b9b8c705964598220b3014e42ff51eb540ff23cefa3ae8c15f?s=96&d=mm&r=g\",\"caption\":\"US6\"},\"url\":\"https:\/\/veritasinfo.org\/?author=7\"}]}<\/script>\n<!-- \/ Yoast SEO plugin. -->","yoast_head_json":{"title":"Mir\u00ebpritet ideja e inspektimit me dron p\u00ebr mbrojtjen e mjedisit -","robots":{"index":"index","follow":"follow","max-snippet":"max-snippet:-1","max-image-preview":"max-image-preview:large","max-video-preview":"max-video-preview:-1"},"canonical":"https:\/\/veritasinfo.org\/?p=39097","og_locale":"en_US","og_type":"article","og_title":"Mir\u00ebpritet ideja e inspektimit me dron p\u00ebr mbrojtjen e mjedisit -","og_description":"Prishtin\u00eb, 23 mars 2026 07:37 Gjendja e mjedisit n\u00eb Kosov\u00eb nuk \u00ebsht\u00eb e mir\u00eb andaj nevojitet nj\u00eb restaurim. K\u00ebshtu ka deklaruar ministrja e Mjedisit, Planifikimit","og_url":"https:\/\/veritasinfo.org\/?p=39097","article_published_time":"2026-03-23T06:39:10+00:00","og_image":[{"width":1200,"height":400,"url":"https:\/\/veritasinfo.org\/wp-content\/uploads\/2026\/03\/Application-of-Drones-in-Environmental-Monitoring-1.jpg","type":"image\/jpeg"}],"author":"US6","twitter_card":"summary_large_image","twitter_misc":{"Written by":"US6","Est. reading time":"2 minutes"},"schema":{"@context":"https:\/\/schema.org","@graph":[{"@type":"WebPage","@id":"https:\/\/veritasinfo.org\/?p=39097","url":"https:\/\/veritasinfo.org\/?p=39097","name":"Mir\u00ebpritet ideja e inspektimit me dron p\u00ebr mbrojtjen e mjedisit -","isPartOf":{"@id":"https:\/\/veritasinfo.org\/#website"},"primaryImageOfPage":{"@id":"https:\/\/veritasinfo.org\/?p=39097#primaryimage"},"image":{"@id":"https:\/\/veritasinfo.org\/?p=39097#primaryimage"},"thumbnailUrl":"https:\/\/veritasinfo.org\/wp-content\/uploads\/2026\/03\/Application-of-Drones-in-Environmental-Monitoring-1.jpg","datePublished":"2026-03-23T06:39:10+00:00","author":{"@id":"https:\/\/veritasinfo.org\/#\/schema\/person\/fe199eede04c3937362892b7444747cc"},"breadcrumb":{"@id":"https:\/\/veritasinfo.org\/?p=39097#breadcrumb"},"inLanguage":"en-US","potentialAction":[{"@type":"ReadAction","target":["https:\/\/veritasinfo.org\/?p=39097"]}]},{"@type":"ImageObject","inLanguage":"en-US","@id":"https:\/\/veritasinfo.org\/?p=39097#primaryimage","url":"https:\/\/veritasinfo.org\/wp-content\/uploads\/2026\/03\/Application-of-Drones-in-Environmental-Monitoring-1.jpg","contentUrl":"https:\/\/veritasinfo.org\/wp-content\/uploads\/2026\/03\/Application-of-Drones-in-Environmental-Monitoring-1.jpg","width":1200,"height":400},{"@type":"BreadcrumbList","@id":"https:\/\/veritasinfo.org\/?p=39097#breadcrumb","itemListElement":[{"@type":"ListItem","position":1,"name":"Home","item":"https:\/\/veritasinfo.org\/"},{"@type":"ListItem","position":2,"name":"Mir\u00ebpritet ideja e inspektimit me dron p\u00ebr mbrojtjen e mjedisit"}]},{"@type":"WebSite","@id":"https:\/\/veritasinfo.org\/#website","url":"https:\/\/veritasinfo.org\/","name":"","description":"","potentialAction":[{"@type":"SearchAction","target":{"@type":"EntryPoint","urlTemplate":"https:\/\/veritasinfo.org\/?s={search_term_string}"},"query-input":{"@type":"PropertyValueSpecification","valueRequired":true,"valueName":"search_term_string"}}],"inLanguage":"en-US"},{"@type":"Person","@id":"https:\/\/veritasinfo.org\/#\/schema\/person\/fe199eede04c3937362892b7444747cc","name":"US6","image":{"@type":"ImageObject","inLanguage":"en-US","@id":"https:\/\/veritasinfo.org\/#\/schema\/person\/image\/","url":"https:\/\/secure.gravatar.com\/avatar\/cb16c3c31c9d23b9b8c705964598220b3014e42ff51eb540ff23cefa3ae8c15f?s=96&d=mm&r=g","contentUrl":"https:\/\/secure.gravatar.com\/avatar\/cb16c3c31c9d23b9b8c705964598220b3014e42ff51eb540ff23cefa3ae8c15f?s=96&d=mm&r=g","caption":"US6"},"url":"https:\/\/veritasinfo.org\/?author=7"}]}},"featured_image_urls":{"full":["https:\/\/veritasinfo.org\/wp-content\/uploads\/2026\/03\/Application-of-Drones-in-Environmental-Monitoring-1.jpg",1200,400,false],"thumbnail":["https:\/\/veritasinfo.org\/wp-content\/uploads\/2026\/03\/Application-of-Drones-in-Environmental-Monitoring-1-150x150.jpg",150,150,true],"medium":["https:\/\/veritasinfo.org\/wp-content\/uploads\/2026\/03\/Application-of-Drones-in-Environmental-Monitoring-1-300x100.jpg",300,100,true],"medium_large":["https:\/\/veritasinfo.org\/wp-content\/uploads\/2026\/03\/Application-of-Drones-in-Environmental-Monitoring-1-768x256.jpg",640,213,true],"large":["https:\/\/veritasinfo.org\/wp-content\/uploads\/2026\/03\/Application-of-Drones-in-Environmental-Monitoring-1-1024x341.jpg",640,213,true],"1536x1536":["https:\/\/veritasinfo.org\/wp-content\/uploads\/2026\/03\/Application-of-Drones-in-Environmental-Monitoring-1.jpg",1200,400,false],"2048x2048":["https:\/\/veritasinfo.org\/wp-content\/uploads\/2026\/03\/Application-of-Drones-in-Environmental-Monitoring-1.jpg",1200,400,false],"kreeti-slider-full":["https:\/\/veritasinfo.org\/wp-content\/uploads\/2026\/03\/Application-of-Drones-in-Environmental-Monitoring-1.jpg",1200,400,false],"kreeti-featured":["https:\/\/veritasinfo.org\/wp-content\/uploads\/2026\/03\/Application-of-Drones-in-Environmental-Monitoring-1.jpg",1024,341,false],"kreeti-medium":["https:\/\/veritasinfo.org\/wp-content\/uploads\/2026\/03\/Application-of-Drones-in-Environmental-Monitoring-1.jpg",720,240,false],"kreeti-medium-square":["https:\/\/veritasinfo.org\/wp-content\/uploads\/2026\/03\/Application-of-Drones-in-Environmental-Monitoring-1.jpg",350,117,false]},"author_info":{"info":["US6"]},"category_info":"<a href=\"https:\/\/veritasinfo.org\/?cat=60\" rel=\"category\">Shoq\u00ebrore<\/a>","tag_info":"Shoq\u00ebrore","comment_count":"0","_links":{"self":[{"href":"https:\/\/veritasinfo.org\/index.php?rest_route=\/wp\/v2\/posts\/39097","targetHints":{"allow":["GET"]}}],"collection":[{"href":"https:\/\/veritasinfo.org\/index.php?rest_route=\/wp\/v2\/posts"}],"about":[{"href":"https:\/\/veritasinfo.org\/index.php?rest_route=\/wp\/v2\/types\/post"}],"author":[{"embeddable":true,"href":"https:\/\/veritasinfo.org\/index.php?rest_route=\/wp\/v2\/users\/7"}],"replies":[{"embeddable":true,"href":"https:\/\/veritasinfo.org\/index.php?rest_route=%2Fwp%2Fv2%2Fcomments&post=39097"}],"version-history":[{"count":1,"href":"https:\/\/veritasinfo.org\/index.php?rest_route=\/wp\/v2\/posts\/39097\/revisions"}],"predecessor-version":[{"id":39099,"href":"https:\/\/veritasinfo.org\/index.php?rest_route=\/wp\/v2\/posts\/39097\/revisions\/39099"}],"wp:featuredmedia":[{"embeddable":true,"href":"https:\/\/veritasinfo.org\/index.php?rest_route=\/wp\/v2\/media\/39098"}],"wp:attachment":[{"href":"https:\/\/veritasinfo.org\/index.php?rest_route=%2Fwp%2Fv2%2Fmedia&parent=39097"}],"wp:term":[{"taxonomy":"category","embeddable":true,"href":"https:\/\/veritasinfo.org\/index.php?rest_route=%2Fwp%2Fv2%2Fcategories&post=39097"},{"taxonomy":"post_tag","embeddable":true,"href":"https:\/\/veritasinfo.org\/index.php?rest_route=%2Fwp%2Fv2%2Ftags&post=39097"}],"curies":[{"name":"wp","href":"https:\/\/api.w.org\/{rel}","templated":true}]}}