{"id":39092,"date":"2026-03-23T07:21:23","date_gmt":"2026-03-23T06:21:23","guid":{"rendered":"https:\/\/veritasinfo.org\/?p=39092"},"modified":"2026-03-23T07:21:23","modified_gmt":"2026-03-23T06:21:23","slug":"anetaresimi-i-kosoves-ne-pritje-mungon-agjenda-e-keshilli-i-evropes","status":"publish","type":"post","link":"https:\/\/veritasinfo.org\/?p=39092","title":{"rendered":"An\u00ebtar\u00ebsimi i Kosov\u00ebs n\u00eb pritje, mungon agjenda e K\u00ebshilli i Evrop\u00ebs"},"content":{"rendered":"<p>Prishtin\u00eb, 23 mars 2026 07:18<\/p>\n<p>Ende nuk \u00ebsht\u00eb b\u00ebr\u00eb e ditur agjenda e takimit t\u00eb muajit maj t\u00eb Komitetit t\u00eb Ministrave t\u00eb K\u00ebshilli i Evrop\u00ebs dhe n\u00ebse do t\u00eb p\u00ebrfshihet shqyrtimi i an\u00ebtar\u00ebsimit t\u00eb Kosov\u00ebs. Institucionet n\u00eb Prishtin\u00eb thon\u00eb se nuk kan\u00eb konfirmim zyrtar dhe po vazhdojn\u00eb p\u00ebrpjekjet diplomatike. An\u00ebtar\u00ebsimi n\u00eb K\u00ebshilli i Evrop\u00ebs do ta p\u00ebrforconte subjektivitetin nd\u00ebrkomb\u00ebtar t\u00eb Kosov\u00ebs, p\u00ebrmes pjes\u00ebmarrjes me t\u00eb drejta t\u00eb plota n\u00eb nj\u00eb organizat\u00eb nd\u00ebrqeveritare me status t\u00eb lart\u00eb.<\/p>\n<p>Takimi i madh politik i Komitetit t\u00eb Ministrave t\u00eb K\u00ebshilli i Evrop\u00ebs, q\u00eb do t\u00eb mbahet nga mesi i muajit maj, ende nuk dihet n\u00ebse do ta p\u00ebrfshij\u00eb n\u00eb agjend\u00eb an\u00ebtar\u00ebsimin e Kosov\u00ebs. N\u00eb faqen zyrtare t\u00eb K\u00ebshilli i Evrop\u00ebs ende nuk figuron agjenda e takimit t\u00eb radh\u00ebs t\u00eb 46 shteteve an\u00ebtare, ku merret vendimi p\u00ebrfundimtar p\u00ebr an\u00ebtar\u00ebsim.<\/p>\n<p>\u201cDraft-agjenda p\u00ebr sesionin e ardhsh\u00ebm t\u00eb Komitetit t\u00eb Ministrave nuk \u00ebsht\u00eb ende e disponueshme, megjithat\u00eb do t\u2019ju mbajm\u00eb t\u00eb informuar p\u00ebr \u00e7do zhvillim\u201d, tha Estelle Steiner, k\u00ebshilltare p\u00ebr media dhe komunikim, K\u00ebshilli i Evrop\u00ebs.<\/p>\n<p>Nd\u00ebrkoh\u00eb, Ministria e Pun\u00ebve t\u00eb Jashtme thekson se po i ndjek nga af\u00ebr zhvillimet q\u00eb lidhen me procesin e an\u00ebtar\u00ebsimit t\u00eb Kosov\u00ebs n\u00eb K\u00ebshilli i Evrop\u00ebs, duke shtuar se deri n\u00eb k\u00ebt\u00eb faz\u00eb nuk ka konfirmim zyrtar n\u00ebse do t\u00eb shqyrtohet k\u00ebrkesa e Kosov\u00ebs p\u00ebr an\u00ebtar\u00ebsim.<\/p>\n<p>Diplomacia kosovare vazhdon angazhimet dhe komunikimin me shtetet an\u00ebtare t\u00eb k\u00ebsaj organizate, me parlamentar\u00eb dhe grupe politike n\u00eb kuad\u00ebr t\u00eb Asambles\u00eb Parlamentare, p\u00ebr t\u00eb mb\u00ebshtetur avancimin e k\u00ebtij procesi.<\/p>\n<p>\u201cDeri n\u00eb k\u00ebt\u00eb faz\u00eb, Ministria nuk ka pranuar konfirmim zyrtar n\u00ebse aplikimi i Republik\u00ebs s\u00eb Kosov\u00ebs p\u00ebr an\u00ebtar\u00ebsim pritet t\u00eb shqyrtohet n\u00eb takimet e ardhshme t\u00eb Komitetit t\u00eb Ministrave ose t\u00eb organeve p\u00ebrkat\u00ebse t\u00eb K\u00ebshilli i Evrop\u00ebs gjat\u00eb muajit t\u00eb ardhsh\u00ebm. Nd\u00ebrkoh\u00eb, Ministria e Pun\u00ebve t\u00eb Jashtme po vazhdon angazhimet diplomatike dhe komunikimin me shtetet an\u00ebtare p\u00ebr t\u00eb siguruar mb\u00ebshtetjen p\u00ebr an\u00ebtar\u00ebsimin e Kosov\u00ebs, n\u00eb p\u00ebrputhje me opinionin pozitiv t\u00eb Asambles\u00eb Parlamentare t\u00eb miratuar n\u00eb prill 2024\u201d, thekson MPJ.<\/p>\n<p>Kosova aplikoi n\u00eb k\u00ebt\u00eb k\u00ebshill m\u00eb 12 maj 2022. Asambleja Parlamentare e K\u00ebshilli i Evrop\u00ebs caktoi Dora Bakoyannis raportuese p\u00ebr hartimin e opinionit mbi k\u00ebrkes\u00ebn e Kosov\u00ebs dhe, m\u00eb 27 mars 2024, Komisioni p\u00ebr Politik\u00eb dhe Demokraci miratoi nj\u00eb opinion pozitiv p\u00ebr an\u00ebtar\u00ebsimin me shumic\u00eb t\u00eb madhe votash. Megjithat\u00eb, nj\u00eb vit m\u00eb von\u00eb, n\u00eb vitin 2025, Kosova mbeti jasht\u00eb agjend\u00ebs s\u00eb Komitetit t\u00eb Ministrave.<\/p>\n<p>N\u00eb at\u00eb koh\u00eb, Qeveria e Kosov\u00ebs mori nj\u00eb vendim t\u00eb r\u00ebnd\u00ebsish\u00ebm lidhur me \u00e7\u00ebshtjen shum\u00ebvje\u00e7are t\u00eb pronave t\u00eb Manastiri i De\u00e7anit. Zbatimi i aktgjykimit t\u00eb Gjykata Kushtetuese e Kosov\u00ebs p\u00ebr k\u00ebt\u00eb manastir ishte nj\u00eb kusht i kahersh\u00ebm i bashk\u00ebsis\u00eb nd\u00ebrkomb\u00ebtare. Vendimi u lidh drejtp\u00ebrdrejt me p\u00ebrpjekjet e Kosov\u00ebs p\u00ebr an\u00ebtar\u00ebsim n\u00eb K\u00ebshilli i Evrop\u00ebs, por kjo nuk ishte arsyeja e vetme.<\/p>\n<p>Sipas njoh\u00ebsve t\u00eb fush\u00ebs, ng\u00ebr\u00e7i politik i vitit t\u00eb kaluar i ka shkaktuar Kosov\u00ebs vonesa edhe n\u00eb procesin e an\u00ebtar\u00ebsimit n\u00eb k\u00ebt\u00eb organizat\u00eb.<\/p>\n<p>\u201cNj\u00eb gj\u00eb duhet ta themi: situata me moskonstituimin e institucioneve p\u00ebrgjat\u00eb vitit 2025 i ka shkaktuar vonesa t\u00eb m\u00ebdha Kosov\u00ebs, n\u00eb shum\u00eb dimensione, p\u00ebrfshir\u00eb edhe an\u00ebtar\u00ebsimin n\u00eb organizata nd\u00ebrkomb\u00ebtare. P\u00ebr ne, an\u00ebtar\u00ebsimi n\u00eb K\u00ebshilli i Evrop\u00ebs ka qen\u00eb dhe mbetet nj\u00eb nga synimet prioritare n\u00eb fush\u00ebn e multilateralizmit. Megjithat\u00eb, t\u00eb shpresojm\u00eb q\u00eb s\u00eb shpejti do ta tejkalojm\u00eb k\u00ebt\u00eb situat\u00eb dhe m\u00eb pas fokusi i institucioneve do t\u00eb jet\u00eb n\u00eb forcimin e rolit t\u00eb Kosov\u00ebs n\u00eb marr\u00ebdh\u00ebniet nd\u00ebrkomb\u00ebtare, q\u00eb n\u00ebnkupton edhe an\u00ebtar\u00ebsimin n\u00eb k\u00ebt\u00eb organizat\u00eb\u201d, thekson profesori Valon Murtezaj p\u00ebr RTK.<\/p>\n<p>An\u00ebtar\u00ebsimi n\u00eb K\u00ebshilli i Evrop\u00ebs do ta p\u00ebrforconte subjektivitetin nd\u00ebrkomb\u00ebtar t\u00eb Kosov\u00ebs p\u00ebrmes pjes\u00ebmarrjes me t\u00eb drejta t\u00eb plota. Kosova do t\u00eb p\u00ebrfaq\u00ebsohej me delegacionin e saj n\u00eb Asamblen\u00eb Parlamentare si an\u00ebtare me t\u00eb drejta t\u00eb plota, duke marr\u00eb pjes\u00eb drejtp\u00ebrdrejt n\u00eb debatin parlamentar evropian si pal\u00eb sovrane.<\/p>\n","protected":false},"excerpt":{"rendered":"<p>Prishtin\u00eb, 23 mars 2026 07:18 Ende nuk \u00ebsht\u00eb b\u00ebr\u00eb e ditur agjenda e takimit t\u00eb muajit maj t\u00eb Komitetit t\u00eb Ministrave t\u00eb K\u00ebshilli i Evrop\u00ebs<\/p>\n","protected":false},"author":7,"featured_media":39093,"comment_status":"open","ping_status":"open","sticky":false,"template":"","format":"standard","meta":{"footnotes":""},"categories":[58],"tags":[],"class_list":["post-39092","post","type-post","status-publish","format-standard","has-post-thumbnail","hentry","category-politike-sq"],"yoast_head":"<!-- This site is optimized with the Yoast SEO plugin v25.3.1 - https:\/\/yoast.com\/wordpress\/plugins\/seo\/ -->\n<title>An\u00ebtar\u00ebsimi i Kosov\u00ebs n\u00eb pritje, mungon agjenda e K\u00ebshilli i Evrop\u00ebs -<\/title>\n<meta name=\"robots\" content=\"index, follow, max-snippet:-1, max-image-preview:large, max-video-preview:-1\" \/>\n<link rel=\"canonical\" href=\"https:\/\/veritasinfo.org\/?p=39092\" \/>\n<meta property=\"og:locale\" content=\"en_US\" \/>\n<meta property=\"og:type\" content=\"article\" \/>\n<meta property=\"og:title\" content=\"An\u00ebtar\u00ebsimi i Kosov\u00ebs n\u00eb pritje, mungon agjenda e K\u00ebshilli i Evrop\u00ebs -\" \/>\n<meta property=\"og:description\" content=\"Prishtin\u00eb, 23 mars 2026 07:18 Ende nuk \u00ebsht\u00eb b\u00ebr\u00eb e ditur agjenda e takimit t\u00eb muajit maj t\u00eb Komitetit t\u00eb Ministrave t\u00eb K\u00ebshilli i Evrop\u00ebs\" \/>\n<meta property=\"og:url\" content=\"https:\/\/veritasinfo.org\/?p=39092\" \/>\n<meta property=\"article:published_time\" content=\"2026-03-23T06:21:23+00:00\" \/>\n<meta property=\"og:image\" content=\"https:\/\/veritasinfo.org\/wp-content\/uploads\/2026\/03\/Screenshot-2026-03-22-234836.png\" \/>\n\t<meta property=\"og:image:width\" content=\"771\" \/>\n\t<meta property=\"og:image:height\" content=\"566\" \/>\n\t<meta property=\"og:image:type\" content=\"image\/png\" \/>\n<meta name=\"author\" content=\"US6\" \/>\n<meta name=\"twitter:card\" content=\"summary_large_image\" \/>\n<meta name=\"twitter:label1\" content=\"Written by\" \/>\n\t<meta name=\"twitter:data1\" content=\"US6\" \/>\n\t<meta name=\"twitter:label2\" content=\"Est. reading time\" \/>\n\t<meta name=\"twitter:data2\" content=\"3 minutes\" \/>\n<script type=\"application\/ld+json\" class=\"yoast-schema-graph\">{\"@context\":\"https:\/\/schema.org\",\"@graph\":[{\"@type\":\"WebPage\",\"@id\":\"https:\/\/veritasinfo.org\/?p=39092\",\"url\":\"https:\/\/veritasinfo.org\/?p=39092\",\"name\":\"An\u00ebtar\u00ebsimi i Kosov\u00ebs n\u00eb pritje, mungon agjenda e K\u00ebshilli i Evrop\u00ebs -\",\"isPartOf\":{\"@id\":\"https:\/\/veritasinfo.org\/#website\"},\"primaryImageOfPage\":{\"@id\":\"https:\/\/veritasinfo.org\/?p=39092#primaryimage\"},\"image\":{\"@id\":\"https:\/\/veritasinfo.org\/?p=39092#primaryimage\"},\"thumbnailUrl\":\"https:\/\/veritasinfo.org\/wp-content\/uploads\/2026\/03\/Screenshot-2026-03-22-234836.png\",\"datePublished\":\"2026-03-23T06:21:23+00:00\",\"author\":{\"@id\":\"https:\/\/veritasinfo.org\/#\/schema\/person\/fe199eede04c3937362892b7444747cc\"},\"breadcrumb\":{\"@id\":\"https:\/\/veritasinfo.org\/?p=39092#breadcrumb\"},\"inLanguage\":\"en-US\",\"potentialAction\":[{\"@type\":\"ReadAction\",\"target\":[\"https:\/\/veritasinfo.org\/?p=39092\"]}]},{\"@type\":\"ImageObject\",\"inLanguage\":\"en-US\",\"@id\":\"https:\/\/veritasinfo.org\/?p=39092#primaryimage\",\"url\":\"https:\/\/veritasinfo.org\/wp-content\/uploads\/2026\/03\/Screenshot-2026-03-22-234836.png\",\"contentUrl\":\"https:\/\/veritasinfo.org\/wp-content\/uploads\/2026\/03\/Screenshot-2026-03-22-234836.png\",\"width\":771,\"height\":566},{\"@type\":\"BreadcrumbList\",\"@id\":\"https:\/\/veritasinfo.org\/?p=39092#breadcrumb\",\"itemListElement\":[{\"@type\":\"ListItem\",\"position\":1,\"name\":\"Home\",\"item\":\"https:\/\/veritasinfo.org\/\"},{\"@type\":\"ListItem\",\"position\":2,\"name\":\"An\u00ebtar\u00ebsimi i Kosov\u00ebs n\u00eb pritje, mungon agjenda e K\u00ebshilli i Evrop\u00ebs\"}]},{\"@type\":\"WebSite\",\"@id\":\"https:\/\/veritasinfo.org\/#website\",\"url\":\"https:\/\/veritasinfo.org\/\",\"name\":\"\",\"description\":\"\",\"potentialAction\":[{\"@type\":\"SearchAction\",\"target\":{\"@type\":\"EntryPoint\",\"urlTemplate\":\"https:\/\/veritasinfo.org\/?s={search_term_string}\"},\"query-input\":{\"@type\":\"PropertyValueSpecification\",\"valueRequired\":true,\"valueName\":\"search_term_string\"}}],\"inLanguage\":\"en-US\"},{\"@type\":\"Person\",\"@id\":\"https:\/\/veritasinfo.org\/#\/schema\/person\/fe199eede04c3937362892b7444747cc\",\"name\":\"US6\",\"image\":{\"@type\":\"ImageObject\",\"inLanguage\":\"en-US\",\"@id\":\"https:\/\/veritasinfo.org\/#\/schema\/person\/image\/\",\"url\":\"https:\/\/secure.gravatar.com\/avatar\/cb16c3c31c9d23b9b8c705964598220b3014e42ff51eb540ff23cefa3ae8c15f?s=96&d=mm&r=g\",\"contentUrl\":\"https:\/\/secure.gravatar.com\/avatar\/cb16c3c31c9d23b9b8c705964598220b3014e42ff51eb540ff23cefa3ae8c15f?s=96&d=mm&r=g\",\"caption\":\"US6\"},\"url\":\"https:\/\/veritasinfo.org\/?author=7\"}]}<\/script>\n<!-- \/ Yoast SEO plugin. -->","yoast_head_json":{"title":"An\u00ebtar\u00ebsimi i Kosov\u00ebs n\u00eb pritje, mungon agjenda e K\u00ebshilli i Evrop\u00ebs -","robots":{"index":"index","follow":"follow","max-snippet":"max-snippet:-1","max-image-preview":"max-image-preview:large","max-video-preview":"max-video-preview:-1"},"canonical":"https:\/\/veritasinfo.org\/?p=39092","og_locale":"en_US","og_type":"article","og_title":"An\u00ebtar\u00ebsimi i Kosov\u00ebs n\u00eb pritje, mungon agjenda e K\u00ebshilli i Evrop\u00ebs -","og_description":"Prishtin\u00eb, 23 mars 2026 07:18 Ende nuk \u00ebsht\u00eb b\u00ebr\u00eb e ditur agjenda e takimit t\u00eb muajit maj t\u00eb Komitetit t\u00eb Ministrave t\u00eb K\u00ebshilli i Evrop\u00ebs","og_url":"https:\/\/veritasinfo.org\/?p=39092","article_published_time":"2026-03-23T06:21:23+00:00","og_image":[{"width":771,"height":566,"url":"https:\/\/veritasinfo.org\/wp-content\/uploads\/2026\/03\/Screenshot-2026-03-22-234836.png","type":"image\/png"}],"author":"US6","twitter_card":"summary_large_image","twitter_misc":{"Written by":"US6","Est. reading time":"3 minutes"},"schema":{"@context":"https:\/\/schema.org","@graph":[{"@type":"WebPage","@id":"https:\/\/veritasinfo.org\/?p=39092","url":"https:\/\/veritasinfo.org\/?p=39092","name":"An\u00ebtar\u00ebsimi i Kosov\u00ebs n\u00eb pritje, mungon agjenda e K\u00ebshilli i Evrop\u00ebs -","isPartOf":{"@id":"https:\/\/veritasinfo.org\/#website"},"primaryImageOfPage":{"@id":"https:\/\/veritasinfo.org\/?p=39092#primaryimage"},"image":{"@id":"https:\/\/veritasinfo.org\/?p=39092#primaryimage"},"thumbnailUrl":"https:\/\/veritasinfo.org\/wp-content\/uploads\/2026\/03\/Screenshot-2026-03-22-234836.png","datePublished":"2026-03-23T06:21:23+00:00","author":{"@id":"https:\/\/veritasinfo.org\/#\/schema\/person\/fe199eede04c3937362892b7444747cc"},"breadcrumb":{"@id":"https:\/\/veritasinfo.org\/?p=39092#breadcrumb"},"inLanguage":"en-US","potentialAction":[{"@type":"ReadAction","target":["https:\/\/veritasinfo.org\/?p=39092"]}]},{"@type":"ImageObject","inLanguage":"en-US","@id":"https:\/\/veritasinfo.org\/?p=39092#primaryimage","url":"https:\/\/veritasinfo.org\/wp-content\/uploads\/2026\/03\/Screenshot-2026-03-22-234836.png","contentUrl":"https:\/\/veritasinfo.org\/wp-content\/uploads\/2026\/03\/Screenshot-2026-03-22-234836.png","width":771,"height":566},{"@type":"BreadcrumbList","@id":"https:\/\/veritasinfo.org\/?p=39092#breadcrumb","itemListElement":[{"@type":"ListItem","position":1,"name":"Home","item":"https:\/\/veritasinfo.org\/"},{"@type":"ListItem","position":2,"name":"An\u00ebtar\u00ebsimi i Kosov\u00ebs n\u00eb pritje, mungon agjenda e K\u00ebshilli i Evrop\u00ebs"}]},{"@type":"WebSite","@id":"https:\/\/veritasinfo.org\/#website","url":"https:\/\/veritasinfo.org\/","name":"","description":"","potentialAction":[{"@type":"SearchAction","target":{"@type":"EntryPoint","urlTemplate":"https:\/\/veritasinfo.org\/?s={search_term_string}"},"query-input":{"@type":"PropertyValueSpecification","valueRequired":true,"valueName":"search_term_string"}}],"inLanguage":"en-US"},{"@type":"Person","@id":"https:\/\/veritasinfo.org\/#\/schema\/person\/fe199eede04c3937362892b7444747cc","name":"US6","image":{"@type":"ImageObject","inLanguage":"en-US","@id":"https:\/\/veritasinfo.org\/#\/schema\/person\/image\/","url":"https:\/\/secure.gravatar.com\/avatar\/cb16c3c31c9d23b9b8c705964598220b3014e42ff51eb540ff23cefa3ae8c15f?s=96&d=mm&r=g","contentUrl":"https:\/\/secure.gravatar.com\/avatar\/cb16c3c31c9d23b9b8c705964598220b3014e42ff51eb540ff23cefa3ae8c15f?s=96&d=mm&r=g","caption":"US6"},"url":"https:\/\/veritasinfo.org\/?author=7"}]}},"featured_image_urls":{"full":["https:\/\/veritasinfo.org\/wp-content\/uploads\/2026\/03\/Screenshot-2026-03-22-234836.png",771,566,false],"thumbnail":["https:\/\/veritasinfo.org\/wp-content\/uploads\/2026\/03\/Screenshot-2026-03-22-234836-150x150.png",150,150,true],"medium":["https:\/\/veritasinfo.org\/wp-content\/uploads\/2026\/03\/Screenshot-2026-03-22-234836-300x220.png",300,220,true],"medium_large":["https:\/\/veritasinfo.org\/wp-content\/uploads\/2026\/03\/Screenshot-2026-03-22-234836-768x564.png",640,470,true],"large":["https:\/\/veritasinfo.org\/wp-content\/uploads\/2026\/03\/Screenshot-2026-03-22-234836.png",640,470,false],"1536x1536":["https:\/\/veritasinfo.org\/wp-content\/uploads\/2026\/03\/Screenshot-2026-03-22-234836.png",771,566,false],"2048x2048":["https:\/\/veritasinfo.org\/wp-content\/uploads\/2026\/03\/Screenshot-2026-03-22-234836.png",771,566,false],"kreeti-slider-full":["https:\/\/veritasinfo.org\/wp-content\/uploads\/2026\/03\/Screenshot-2026-03-22-234836.png",771,566,false],"kreeti-featured":["https:\/\/veritasinfo.org\/wp-content\/uploads\/2026\/03\/Screenshot-2026-03-22-234836.png",771,566,false],"kreeti-medium":["https:\/\/veritasinfo.org\/wp-content\/uploads\/2026\/03\/Screenshot-2026-03-22-234836.png",720,530,false],"kreeti-medium-square":["https:\/\/veritasinfo.org\/wp-content\/uploads\/2026\/03\/Screenshot-2026-03-22-234836.png",350,257,false]},"author_info":{"info":["US6"]},"category_info":"<a href=\"https:\/\/veritasinfo.org\/?cat=58\" rel=\"category\">Politik\u00eb<\/a>","tag_info":"Politik\u00eb","comment_count":"0","_links":{"self":[{"href":"https:\/\/veritasinfo.org\/index.php?rest_route=\/wp\/v2\/posts\/39092","targetHints":{"allow":["GET"]}}],"collection":[{"href":"https:\/\/veritasinfo.org\/index.php?rest_route=\/wp\/v2\/posts"}],"about":[{"href":"https:\/\/veritasinfo.org\/index.php?rest_route=\/wp\/v2\/types\/post"}],"author":[{"embeddable":true,"href":"https:\/\/veritasinfo.org\/index.php?rest_route=\/wp\/v2\/users\/7"}],"replies":[{"embeddable":true,"href":"https:\/\/veritasinfo.org\/index.php?rest_route=%2Fwp%2Fv2%2Fcomments&post=39092"}],"version-history":[{"count":1,"href":"https:\/\/veritasinfo.org\/index.php?rest_route=\/wp\/v2\/posts\/39092\/revisions"}],"predecessor-version":[{"id":39094,"href":"https:\/\/veritasinfo.org\/index.php?rest_route=\/wp\/v2\/posts\/39092\/revisions\/39094"}],"wp:featuredmedia":[{"embeddable":true,"href":"https:\/\/veritasinfo.org\/index.php?rest_route=\/wp\/v2\/media\/39093"}],"wp:attachment":[{"href":"https:\/\/veritasinfo.org\/index.php?rest_route=%2Fwp%2Fv2%2Fmedia&parent=39092"}],"wp:term":[{"taxonomy":"category","embeddable":true,"href":"https:\/\/veritasinfo.org\/index.php?rest_route=%2Fwp%2Fv2%2Fcategories&post=39092"},{"taxonomy":"post_tag","embeddable":true,"href":"https:\/\/veritasinfo.org\/index.php?rest_route=%2Fwp%2Fv2%2Ftags&post=39092"}],"curies":[{"name":"wp","href":"https:\/\/api.w.org\/{rel}","templated":true}]}}