{"id":39089,"date":"2026-03-23T07:11:16","date_gmt":"2026-03-23T06:11:16","guid":{"rendered":"https:\/\/veritasinfo.org\/?p=39089"},"modified":"2026-03-23T07:11:16","modified_gmt":"2026-03-23T06:11:16","slug":"tragedija-u-podujevu-jedna-poginula-dve-zene-povredjene","status":"publish","type":"post","link":"https:\/\/veritasinfo.org\/?p=39089&lang=sr","title":{"rendered":"Tragedija u Podujevu: Jedna poginula, dve \u017eene povre\u0111ene"},"content":{"rendered":"<p>Podujevo, 23. mart 2026. 07:08<\/p>\n<p>Jedan mu\u0161karac je poginuo, a dve \u017eene su povre\u0111ene u nedelju uve\u010de u selu Majac u Podujevu.<\/p>\n<p>Jedna od povre\u0111enih je 31-godi\u0161nja \u017eena koja je osumnji\u010dena da je ubila svog verenika.<\/p>\n<p>Osumnji\u010dena je i da je ranila suprugu svog 71-godi\u0161njeg ujaka, a zatim i sebe.<\/p>\n<p>Dve povre\u0111ene \u017eene su, nakon le\u010denja u Urgentnom centru u Podujevu, preba\u010dene u Urgentnu kliniku pri UCCK-u.<\/p>\n<p>Klinika je saop\u0161tila da je stanje dve pacijentkinje ozbiljno i nestabilno.<\/p>\n<p>\u201eDve pacijentkinje, jedna ro\u0111ena 1953. godine, druga 31 godinu, dovezene su podujevskim kolima hitne pomoc\u0301i, razlog su prostrelne rane, veoma te\u0161ko i nestabilno stanje, potrebni pregledi su obavljeni na odeljenju intenzivne nege, obe pacijentkinje su intubirane uz pomoc\u0301 disanja, jedna je odvedena u operacionu salu gde rade timovi neurohirurgije i anestezije, stanje pacijentkinja je veoma te\u0161ko\u201c, rekao je Naser Silja, direktor Odeljenja za hitne slu\u010dajeve.<\/p>\n","protected":false},"excerpt":{"rendered":"<p>Podujevo, 23. mart 2026. 07:08 Jedan mu\u0161karac je poginuo, a dve \u017eene su povre\u0111ene u nedelju uve\u010de u selu Majac u Podujevu. Jedna od povre\u0111enih<\/p>\n","protected":false},"author":7,"featured_media":39090,"comment_status":"open","ping_status":"open","sticky":false,"template":"","format":"standard","meta":{"footnotes":""},"categories":[103],"tags":[],"class_list":["post-39089","post","type-post","status-publish","format-standard","has-post-thumbnail","hentry","category-hronika"],"yoast_head":"<!-- This site is optimized with the Yoast SEO plugin v25.3.1 - https:\/\/yoast.com\/wordpress\/plugins\/seo\/ -->\n<title>Tragedija u Podujevu: Jedna poginula, dve \u017eene povre\u0111ene -<\/title>\n<meta name=\"robots\" content=\"index, follow, max-snippet:-1, max-image-preview:large, max-video-preview:-1\" \/>\n<link rel=\"canonical\" href=\"https:\/\/veritasinfo.org\/?p=39089&lang=sr\" \/>\n<meta property=\"og:locale\" content=\"en_US\" \/>\n<meta property=\"og:type\" content=\"article\" \/>\n<meta property=\"og:title\" content=\"Tragedija u Podujevu: Jedna poginula, dve \u017eene povre\u0111ene -\" \/>\n<meta property=\"og:description\" content=\"Podujevo, 23. mart 2026. 07:08 Jedan mu\u0161karac je poginuo, a dve \u017eene su povre\u0111ene u nedelju uve\u010de u selu Majac u Podujevu. Jedna od povre\u0111enih\" \/>\n<meta property=\"og:url\" content=\"https:\/\/veritasinfo.org\/?p=39089&amp;lang=sr\" \/>\n<meta property=\"article:published_time\" content=\"2026-03-23T06:11:16+00:00\" \/>\n<meta property=\"og:image\" content=\"https:\/\/veritasinfo.org\/wp-content\/uploads\/2026\/03\/Screenshot_20260323_070915_Chrome-1.jpg\" \/>\n\t<meta property=\"og:image:width\" content=\"950\" \/>\n\t<meta property=\"og:image:height\" content=\"778\" \/>\n\t<meta property=\"og:image:type\" content=\"image\/jpeg\" \/>\n<meta name=\"author\" content=\"US6\" \/>\n<meta name=\"twitter:card\" content=\"summary_large_image\" \/>\n<meta name=\"twitter:label1\" content=\"Written by\" \/>\n\t<meta name=\"twitter:data1\" content=\"US6\" \/>\n\t<meta name=\"twitter:label2\" content=\"Est. reading time\" \/>\n\t<meta name=\"twitter:data2\" content=\"1 minute\" \/>\n<script type=\"application\/ld+json\" class=\"yoast-schema-graph\">{\"@context\":\"https:\/\/schema.org\",\"@graph\":[{\"@type\":\"WebPage\",\"@id\":\"https:\/\/veritasinfo.org\/?p=39089&lang=sr\",\"url\":\"https:\/\/veritasinfo.org\/?p=39089&lang=sr\",\"name\":\"Tragedija u Podujevu: Jedna poginula, dve \u017eene povre\u0111ene -\",\"isPartOf\":{\"@id\":\"https:\/\/veritasinfo.org\/#website\"},\"primaryImageOfPage\":{\"@id\":\"https:\/\/veritasinfo.org\/?p=39089&lang=sr#primaryimage\"},\"image\":{\"@id\":\"https:\/\/veritasinfo.org\/?p=39089&lang=sr#primaryimage\"},\"thumbnailUrl\":\"https:\/\/veritasinfo.org\/wp-content\/uploads\/2026\/03\/Screenshot_20260323_070915_Chrome-1.jpg\",\"datePublished\":\"2026-03-23T06:11:16+00:00\",\"author\":{\"@id\":\"https:\/\/veritasinfo.org\/#\/schema\/person\/fe199eede04c3937362892b7444747cc\"},\"breadcrumb\":{\"@id\":\"https:\/\/veritasinfo.org\/?p=39089&lang=sr#breadcrumb\"},\"inLanguage\":\"en-US\",\"potentialAction\":[{\"@type\":\"ReadAction\",\"target\":[\"https:\/\/veritasinfo.org\/?p=39089&lang=sr\"]}]},{\"@type\":\"ImageObject\",\"inLanguage\":\"en-US\",\"@id\":\"https:\/\/veritasinfo.org\/?p=39089&lang=sr#primaryimage\",\"url\":\"https:\/\/veritasinfo.org\/wp-content\/uploads\/2026\/03\/Screenshot_20260323_070915_Chrome-1.jpg\",\"contentUrl\":\"https:\/\/veritasinfo.org\/wp-content\/uploads\/2026\/03\/Screenshot_20260323_070915_Chrome-1.jpg\",\"width\":950,\"height\":778},{\"@type\":\"BreadcrumbList\",\"@id\":\"https:\/\/veritasinfo.org\/?p=39089&lang=sr#breadcrumb\",\"itemListElement\":[{\"@type\":\"ListItem\",\"position\":1,\"name\":\"Home\",\"item\":\"https:\/\/veritasinfo.org\/\"},{\"@type\":\"ListItem\",\"position\":2,\"name\":\"Tragedija u Podujevu: Jedna poginula, dve \u017eene povre\u0111ene\"}]},{\"@type\":\"WebSite\",\"@id\":\"https:\/\/veritasinfo.org\/#website\",\"url\":\"https:\/\/veritasinfo.org\/\",\"name\":\"\",\"description\":\"\",\"potentialAction\":[{\"@type\":\"SearchAction\",\"target\":{\"@type\":\"EntryPoint\",\"urlTemplate\":\"https:\/\/veritasinfo.org\/?s={search_term_string}\"},\"query-input\":{\"@type\":\"PropertyValueSpecification\",\"valueRequired\":true,\"valueName\":\"search_term_string\"}}],\"inLanguage\":\"en-US\"},{\"@type\":\"Person\",\"@id\":\"https:\/\/veritasinfo.org\/#\/schema\/person\/fe199eede04c3937362892b7444747cc\",\"name\":\"US6\",\"image\":{\"@type\":\"ImageObject\",\"inLanguage\":\"en-US\",\"@id\":\"https:\/\/veritasinfo.org\/#\/schema\/person\/image\/\",\"url\":\"https:\/\/secure.gravatar.com\/avatar\/cb16c3c31c9d23b9b8c705964598220b3014e42ff51eb540ff23cefa3ae8c15f?s=96&d=mm&r=g\",\"contentUrl\":\"https:\/\/secure.gravatar.com\/avatar\/cb16c3c31c9d23b9b8c705964598220b3014e42ff51eb540ff23cefa3ae8c15f?s=96&d=mm&r=g\",\"caption\":\"US6\"},\"url\":\"https:\/\/veritasinfo.org\/?author=7\"}]}<\/script>\n<!-- \/ Yoast SEO plugin. -->","yoast_head_json":{"title":"Tragedija u Podujevu: Jedna poginula, dve \u017eene povre\u0111ene -","robots":{"index":"index","follow":"follow","max-snippet":"max-snippet:-1","max-image-preview":"max-image-preview:large","max-video-preview":"max-video-preview:-1"},"canonical":"https:\/\/veritasinfo.org\/?p=39089&lang=sr","og_locale":"en_US","og_type":"article","og_title":"Tragedija u Podujevu: Jedna poginula, dve \u017eene povre\u0111ene -","og_description":"Podujevo, 23. mart 2026. 07:08 Jedan mu\u0161karac je poginuo, a dve \u017eene su povre\u0111ene u nedelju uve\u010de u selu Majac u Podujevu. Jedna od povre\u0111enih","og_url":"https:\/\/veritasinfo.org\/?p=39089&lang=sr","article_published_time":"2026-03-23T06:11:16+00:00","og_image":[{"width":950,"height":778,"url":"https:\/\/veritasinfo.org\/wp-content\/uploads\/2026\/03\/Screenshot_20260323_070915_Chrome-1.jpg","type":"image\/jpeg"}],"author":"US6","twitter_card":"summary_large_image","twitter_misc":{"Written by":"US6","Est. reading time":"1 minute"},"schema":{"@context":"https:\/\/schema.org","@graph":[{"@type":"WebPage","@id":"https:\/\/veritasinfo.org\/?p=39089&lang=sr","url":"https:\/\/veritasinfo.org\/?p=39089&lang=sr","name":"Tragedija u Podujevu: Jedna poginula, dve \u017eene povre\u0111ene -","isPartOf":{"@id":"https:\/\/veritasinfo.org\/#website"},"primaryImageOfPage":{"@id":"https:\/\/veritasinfo.org\/?p=39089&lang=sr#primaryimage"},"image":{"@id":"https:\/\/veritasinfo.org\/?p=39089&lang=sr#primaryimage"},"thumbnailUrl":"https:\/\/veritasinfo.org\/wp-content\/uploads\/2026\/03\/Screenshot_20260323_070915_Chrome-1.jpg","datePublished":"2026-03-23T06:11:16+00:00","author":{"@id":"https:\/\/veritasinfo.org\/#\/schema\/person\/fe199eede04c3937362892b7444747cc"},"breadcrumb":{"@id":"https:\/\/veritasinfo.org\/?p=39089&lang=sr#breadcrumb"},"inLanguage":"en-US","potentialAction":[{"@type":"ReadAction","target":["https:\/\/veritasinfo.org\/?p=39089&lang=sr"]}]},{"@type":"ImageObject","inLanguage":"en-US","@id":"https:\/\/veritasinfo.org\/?p=39089&lang=sr#primaryimage","url":"https:\/\/veritasinfo.org\/wp-content\/uploads\/2026\/03\/Screenshot_20260323_070915_Chrome-1.jpg","contentUrl":"https:\/\/veritasinfo.org\/wp-content\/uploads\/2026\/03\/Screenshot_20260323_070915_Chrome-1.jpg","width":950,"height":778},{"@type":"BreadcrumbList","@id":"https:\/\/veritasinfo.org\/?p=39089&lang=sr#breadcrumb","itemListElement":[{"@type":"ListItem","position":1,"name":"Home","item":"https:\/\/veritasinfo.org\/"},{"@type":"ListItem","position":2,"name":"Tragedija u Podujevu: Jedna poginula, dve \u017eene povre\u0111ene"}]},{"@type":"WebSite","@id":"https:\/\/veritasinfo.org\/#website","url":"https:\/\/veritasinfo.org\/","name":"","description":"","potentialAction":[{"@type":"SearchAction","target":{"@type":"EntryPoint","urlTemplate":"https:\/\/veritasinfo.org\/?s={search_term_string}"},"query-input":{"@type":"PropertyValueSpecification","valueRequired":true,"valueName":"search_term_string"}}],"inLanguage":"en-US"},{"@type":"Person","@id":"https:\/\/veritasinfo.org\/#\/schema\/person\/fe199eede04c3937362892b7444747cc","name":"US6","image":{"@type":"ImageObject","inLanguage":"en-US","@id":"https:\/\/veritasinfo.org\/#\/schema\/person\/image\/","url":"https:\/\/secure.gravatar.com\/avatar\/cb16c3c31c9d23b9b8c705964598220b3014e42ff51eb540ff23cefa3ae8c15f?s=96&d=mm&r=g","contentUrl":"https:\/\/secure.gravatar.com\/avatar\/cb16c3c31c9d23b9b8c705964598220b3014e42ff51eb540ff23cefa3ae8c15f?s=96&d=mm&r=g","caption":"US6"},"url":"https:\/\/veritasinfo.org\/?author=7"}]}},"featured_image_urls":{"full":["https:\/\/veritasinfo.org\/wp-content\/uploads\/2026\/03\/Screenshot_20260323_070915_Chrome-1.jpg",950,778,false],"thumbnail":["https:\/\/veritasinfo.org\/wp-content\/uploads\/2026\/03\/Screenshot_20260323_070915_Chrome-1-150x150.jpg",150,150,true],"medium":["https:\/\/veritasinfo.org\/wp-content\/uploads\/2026\/03\/Screenshot_20260323_070915_Chrome-1-300x246.jpg",300,246,true],"medium_large":["https:\/\/veritasinfo.org\/wp-content\/uploads\/2026\/03\/Screenshot_20260323_070915_Chrome-1-768x629.jpg",640,524,true],"large":["https:\/\/veritasinfo.org\/wp-content\/uploads\/2026\/03\/Screenshot_20260323_070915_Chrome-1.jpg",640,524,false],"1536x1536":["https:\/\/veritasinfo.org\/wp-content\/uploads\/2026\/03\/Screenshot_20260323_070915_Chrome-1.jpg",950,778,false],"2048x2048":["https:\/\/veritasinfo.org\/wp-content\/uploads\/2026\/03\/Screenshot_20260323_070915_Chrome-1.jpg",950,778,false],"kreeti-slider-full":["https:\/\/veritasinfo.org\/wp-content\/uploads\/2026\/03\/Screenshot_20260323_070915_Chrome-1.jpg",879,720,false],"kreeti-featured":["https:\/\/veritasinfo.org\/wp-content\/uploads\/2026\/03\/Screenshot_20260323_070915_Chrome-1.jpg",950,778,false],"kreeti-medium":["https:\/\/veritasinfo.org\/wp-content\/uploads\/2026\/03\/Screenshot_20260323_070915_Chrome-1.jpg",647,530,false],"kreeti-medium-square":["https:\/\/veritasinfo.org\/wp-content\/uploads\/2026\/03\/Screenshot_20260323_070915_Chrome-1.jpg",350,287,false]},"author_info":{"info":["US6"]},"category_info":"<a href=\"https:\/\/veritasinfo.org\/?cat=103&#038;lang=sr\" rel=\"category\">Hronika<\/a>","tag_info":"Hronika","comment_count":"0","_links":{"self":[{"href":"https:\/\/veritasinfo.org\/index.php?rest_route=\/wp\/v2\/posts\/39089","targetHints":{"allow":["GET"]}}],"collection":[{"href":"https:\/\/veritasinfo.org\/index.php?rest_route=\/wp\/v2\/posts"}],"about":[{"href":"https:\/\/veritasinfo.org\/index.php?rest_route=\/wp\/v2\/types\/post"}],"author":[{"embeddable":true,"href":"https:\/\/veritasinfo.org\/index.php?rest_route=\/wp\/v2\/users\/7"}],"replies":[{"embeddable":true,"href":"https:\/\/veritasinfo.org\/index.php?rest_route=%2Fwp%2Fv2%2Fcomments&post=39089"}],"version-history":[{"count":1,"href":"https:\/\/veritasinfo.org\/index.php?rest_route=\/wp\/v2\/posts\/39089\/revisions"}],"predecessor-version":[{"id":39091,"href":"https:\/\/veritasinfo.org\/index.php?rest_route=\/wp\/v2\/posts\/39089\/revisions\/39091"}],"wp:featuredmedia":[{"embeddable":true,"href":"https:\/\/veritasinfo.org\/index.php?rest_route=\/wp\/v2\/media\/39090"}],"wp:attachment":[{"href":"https:\/\/veritasinfo.org\/index.php?rest_route=%2Fwp%2Fv2%2Fmedia&parent=39089"}],"wp:term":[{"taxonomy":"category","embeddable":true,"href":"https:\/\/veritasinfo.org\/index.php?rest_route=%2Fwp%2Fv2%2Fcategories&post=39089"},{"taxonomy":"post_tag","embeddable":true,"href":"https:\/\/veritasinfo.org\/index.php?rest_route=%2Fwp%2Fv2%2Ftags&post=39089"}],"curies":[{"name":"wp","href":"https:\/\/api.w.org\/{rel}","templated":true}]}}