{"id":39072,"date":"2026-03-22T19:33:17","date_gmt":"2026-03-22T18:33:17","guid":{"rendered":"https:\/\/veritasinfo.org\/?p=39072"},"modified":"2026-03-22T19:33:17","modified_gmt":"2026-03-22T18:33:17","slug":"banoret-e-rezalles-kerkojne-qe-vendi-ku-u-krye-masakra-te-merret-ne-mbrojtje-nga-shteti","status":"publish","type":"post","link":"https:\/\/veritasinfo.org\/?p=39072","title":{"rendered":"Banor\u00ebt e Rezall\u00ebs k\u00ebrkojn\u00eb q\u00eb vendi ku u krye masakra t\u00eb merret n\u00eb mbrojtje nga shteti"},"content":{"rendered":"<p>Skenderaj, 22 mars 2026 19:30<\/p>\n<p>Banor\u00ebt e fshatit Rezall\u00eb t\u00eb Skenderajt k\u00ebrkojn\u00eb q\u00eb vendi, ku u vran\u00eb e u masakruan 98 banor\u00eb t\u00eb k\u00ebtij fshati dhe disa fshatrave t\u00eb tjera gjat\u00eb luft\u00ebs s\u00eb vitit 1999, t\u00eb futet n\u00eb mbrojtjen e Agjencis\u00eb p\u00ebr Menaxhimin e Komplekseve Memoriale. Ata thon\u00eb se kjo zon\u00eb \u00ebsht\u00eb harruar nga institucionet shtet\u00ebrore.<\/p>\n<p>Vendi ku u vran\u00eb e u masakruan 98 civil\u00eb t\u00eb pafajsh\u00ebm e t\u00eb pambrojtur n\u00eb Rezall\u00eb t\u00eb Skenderajt, banor\u00ebt e k\u00ebtij fshati po k\u00ebrkojn\u00eb q\u00eb t\u00eb futet n\u00eb mbrojtjen e Agjencis\u00eb p\u00ebr Menaxhimin e Komplekseve Memoriale.<\/p>\n<p>Masakra e Rezall\u00ebs \u00ebsht\u00eb nd\u00ebr m\u00eb t\u00eb r\u00ebndat gjat\u00eb luft\u00ebs n\u00eb Kosov\u00eb.<\/p>\n<p>Hamdi Alijaj, banor i k\u00ebtij fshati, thot\u00eb se mosmir\u00ebmbajtja e k\u00ebsaj hap\u00ebsire \u00ebsht\u00eb humbje p\u00ebr institucionet shtet\u00ebrore.<\/p>\n<p>\u201c\u00cbsht\u00eb k\u00ebrkes\u00eb q\u00eb n\u00eb k\u00ebt\u00eb vend duhet t\u00eb vij\u00eb udh\u00ebheqja shtet\u00ebrore dhe k\u00ebt\u00eb vend ta fus\u00eb n\u00eb mbrojtje shtet\u00ebrore, t\u00eb b\u00ebjn\u00eb nj\u00eb pun\u00eb q\u00eb i p\u00ebrket k\u00ebtij vendi t\u00eb historis\u00eb, t\u00eb mbjell\u00eb drunj, aq sa d\u00ebshmor\u00eb i ka fshati Rezall\u00eb. Mosmir\u00ebmbajtja e k\u00ebtij vendi nga institucionet shtet\u00ebrore \u00ebsht\u00eb nj\u00eb humbje e madhe e historikut ton\u00eb\u201d, ka th\u00ebn\u00eb Alijaj.<\/p>\n<p>E Hashim D\u00ebrguti thot\u00eb se mosmir\u00ebmbajtja e k\u00ebsaj hap\u00ebsire \u00ebsht\u00eb nj\u00eb problem shqet\u00ebsues p\u00ebr t\u00eb dhe banor\u00ebt e tjer\u00eb.<\/p>\n<p>\u201cDuhet me qen\u00eb sa ma past\u00ebr, sa mir\u00eb duhet m\u2019i bajt\u00eb e ma mir\u00eb nuk ka. Ma mir\u00eb nuk ka, q\u00eb kur e din\u00eb njeri ku \u00ebsht\u00eb e \u00e7ka ka qen\u00eb, kush e ku u vra, kjo nuk \u00ebsht\u00eb mir\u00eb. Past\u00ebrtia p\u00ebr gjithk\u00ebnd \u00ebsht\u00eb kryesore\u201d, \u00ebsht\u00eb shprehur ai.<\/p>\n<p>N\u00eb Agjencin\u00eb p\u00ebr Menaxhimin e Komplekseve Memoriale kan\u00eb njoftuar se zyrtar\u00ebt e saj kan\u00eb ndal\u00eb n\u00eb vendin e ngjarjes p\u00ebr t\u00eb verifikuar gjendjen.<\/p>\n<p>Ata po ashtu kan\u00eb b\u00ebr\u00eb t\u00eb ditur se do t\u00eb investojn\u00eb n\u00eb k\u00ebt\u00eb vend n\u00ebse u jepet mund\u00ebsia buxhetore.<\/p>\n<p>\u201cSipas t\u00eb dh\u00ebnave t\u00eb siguruara ju njoftojm\u00eb se vendi ku ka ndodhur Masakra e Rezall\u00ebs nuk gjendet n\u00eb list\u00ebn e vendeve t\u00eb cilat mir\u00ebmbahen nga AMMKM-ja. N\u00eb vitin 2013 jan\u00eb b\u00ebr\u00eb investime n\u00eb Varrezat e Martir\u00ebve n\u00eb Rezall\u00eb, ku edhe b\u00ebhet mir\u00ebmbajtja e tyre nga AMMKM. Nd\u00ebrsa n\u00eb vendin ku ka ndodhur Masakra e Rezall\u00ebs, Agjencia sipas mund\u00ebsive buxhetore planifikon q\u00eb n\u00eb t\u00eb ardhmen t\u00eb investoj\u00eb\u201d, thuhet n\u00eb p\u00ebrgjigjen e AMMKM-s\u00eb.<\/p>\n<p>M\u00eb 5 prill t\u00eb vitit 1999, n\u00eb Masakr\u00ebn e kryer nga ushtria dhe policia e Serbis\u00eb u ekzekutuan 98 shqiptar\u00eb, banor\u00eb t\u00eb Rezall\u00ebs dhe fshatrave p\u00ebrreth.<\/p>\n<p>Rezalla po ashtu doli nga lufta e fundit me 44 t\u00eb zhdukur. Dy trupa jan\u00eb gjetur n\u00eb dit\u00ebt e para t\u00eb pasluft\u00ebs n\u00eb fshat, kurse 29 n\u00eb varrez\u00ebn masive Gurorja n\u00eb Rudnic\u00eb t\u00eb Rashk\u00ebs.<\/p>\n<p>M\u00eb 5 prill t\u00eb vitit 1999 serb\u00ebt rrethuan sht\u00ebpit\u00eb e banor\u00ebve dhe pushkatuan pothuajse t\u00eb gjith\u00eb burrat dhe djemt\u00eb e rinj. Nga Masakra e Rezall\u00ebs vet\u00ebm tre meshkuj kan\u00eb shp\u00ebtuar gjall\u00eb.<\/p>\n<p>&nbsp;<\/p>\n","protected":false},"excerpt":{"rendered":"<p>Skenderaj, 22 mars 2026 19:30 Banor\u00ebt e fshatit Rezall\u00eb t\u00eb Skenderajt k\u00ebrkojn\u00eb q\u00eb vendi, ku u vran\u00eb e u masakruan 98 banor\u00eb t\u00eb k\u00ebtij fshati<\/p>\n","protected":false},"author":7,"featured_media":39073,"comment_status":"open","ping_status":"open","sticky":false,"template":"","format":"standard","meta":{"footnotes":""},"categories":[60],"tags":[],"class_list":["post-39072","post","type-post","status-publish","format-standard","has-post-thumbnail","hentry","category-shoqerore-sq"],"yoast_head":"<!-- This site is optimized with the Yoast SEO plugin v25.3.1 - https:\/\/yoast.com\/wordpress\/plugins\/seo\/ -->\n<title>Banor\u00ebt e Rezall\u00ebs k\u00ebrkojn\u00eb q\u00eb vendi ku u krye masakra t\u00eb merret n\u00eb mbrojtje nga shteti -<\/title>\n<meta name=\"robots\" content=\"index, follow, max-snippet:-1, max-image-preview:large, max-video-preview:-1\" \/>\n<link rel=\"canonical\" href=\"https:\/\/veritasinfo.org\/?p=39072\" \/>\n<meta property=\"og:locale\" content=\"en_US\" \/>\n<meta property=\"og:type\" content=\"article\" \/>\n<meta property=\"og:title\" content=\"Banor\u00ebt e Rezall\u00ebs k\u00ebrkojn\u00eb q\u00eb vendi ku u krye masakra t\u00eb merret n\u00eb mbrojtje nga shteti -\" \/>\n<meta property=\"og:description\" content=\"Skenderaj, 22 mars 2026 19:30 Banor\u00ebt e fshatit Rezall\u00eb t\u00eb Skenderajt k\u00ebrkojn\u00eb q\u00eb vendi, ku u vran\u00eb e u masakruan 98 banor\u00eb t\u00eb k\u00ebtij fshati\" \/>\n<meta property=\"og:url\" content=\"https:\/\/veritasinfo.org\/?p=39072\" \/>\n<meta property=\"article:published_time\" content=\"2026-03-22T18:33:17+00:00\" \/>\n<meta property=\"og:image\" content=\"https:\/\/veritasinfo.org\/wp-content\/uploads\/2026\/03\/55c9dc39-d9b0-48f1-9f30-a6289fafeff5.webp\" \/>\n\t<meta property=\"og:image:width\" content=\"1210\" \/>\n\t<meta property=\"og:image:height\" content=\"509\" \/>\n\t<meta property=\"og:image:type\" content=\"image\/webp\" \/>\n<meta name=\"author\" content=\"US6\" \/>\n<meta name=\"twitter:card\" content=\"summary_large_image\" \/>\n<meta name=\"twitter:label1\" content=\"Written by\" \/>\n\t<meta name=\"twitter:data1\" content=\"US6\" \/>\n\t<meta name=\"twitter:label2\" content=\"Est. reading time\" \/>\n\t<meta name=\"twitter:data2\" content=\"3 minutes\" \/>\n<script type=\"application\/ld+json\" class=\"yoast-schema-graph\">{\"@context\":\"https:\/\/schema.org\",\"@graph\":[{\"@type\":\"WebPage\",\"@id\":\"https:\/\/veritasinfo.org\/?p=39072\",\"url\":\"https:\/\/veritasinfo.org\/?p=39072\",\"name\":\"Banor\u00ebt e Rezall\u00ebs k\u00ebrkojn\u00eb q\u00eb vendi ku u krye masakra t\u00eb merret n\u00eb mbrojtje nga shteti -\",\"isPartOf\":{\"@id\":\"https:\/\/veritasinfo.org\/#website\"},\"primaryImageOfPage\":{\"@id\":\"https:\/\/veritasinfo.org\/?p=39072#primaryimage\"},\"image\":{\"@id\":\"https:\/\/veritasinfo.org\/?p=39072#primaryimage\"},\"thumbnailUrl\":\"https:\/\/veritasinfo.org\/wp-content\/uploads\/2026\/03\/55c9dc39-d9b0-48f1-9f30-a6289fafeff5.webp\",\"datePublished\":\"2026-03-22T18:33:17+00:00\",\"author\":{\"@id\":\"https:\/\/veritasinfo.org\/#\/schema\/person\/fe199eede04c3937362892b7444747cc\"},\"breadcrumb\":{\"@id\":\"https:\/\/veritasinfo.org\/?p=39072#breadcrumb\"},\"inLanguage\":\"en-US\",\"potentialAction\":[{\"@type\":\"ReadAction\",\"target\":[\"https:\/\/veritasinfo.org\/?p=39072\"]}]},{\"@type\":\"ImageObject\",\"inLanguage\":\"en-US\",\"@id\":\"https:\/\/veritasinfo.org\/?p=39072#primaryimage\",\"url\":\"https:\/\/veritasinfo.org\/wp-content\/uploads\/2026\/03\/55c9dc39-d9b0-48f1-9f30-a6289fafeff5.webp\",\"contentUrl\":\"https:\/\/veritasinfo.org\/wp-content\/uploads\/2026\/03\/55c9dc39-d9b0-48f1-9f30-a6289fafeff5.webp\",\"width\":1210,\"height\":509},{\"@type\":\"BreadcrumbList\",\"@id\":\"https:\/\/veritasinfo.org\/?p=39072#breadcrumb\",\"itemListElement\":[{\"@type\":\"ListItem\",\"position\":1,\"name\":\"Home\",\"item\":\"https:\/\/veritasinfo.org\/\"},{\"@type\":\"ListItem\",\"position\":2,\"name\":\"Banor\u00ebt e Rezall\u00ebs k\u00ebrkojn\u00eb q\u00eb vendi ku u krye masakra t\u00eb merret n\u00eb mbrojtje nga shteti\"}]},{\"@type\":\"WebSite\",\"@id\":\"https:\/\/veritasinfo.org\/#website\",\"url\":\"https:\/\/veritasinfo.org\/\",\"name\":\"\",\"description\":\"\",\"potentialAction\":[{\"@type\":\"SearchAction\",\"target\":{\"@type\":\"EntryPoint\",\"urlTemplate\":\"https:\/\/veritasinfo.org\/?s={search_term_string}\"},\"query-input\":{\"@type\":\"PropertyValueSpecification\",\"valueRequired\":true,\"valueName\":\"search_term_string\"}}],\"inLanguage\":\"en-US\"},{\"@type\":\"Person\",\"@id\":\"https:\/\/veritasinfo.org\/#\/schema\/person\/fe199eede04c3937362892b7444747cc\",\"name\":\"US6\",\"image\":{\"@type\":\"ImageObject\",\"inLanguage\":\"en-US\",\"@id\":\"https:\/\/veritasinfo.org\/#\/schema\/person\/image\/\",\"url\":\"https:\/\/secure.gravatar.com\/avatar\/cb16c3c31c9d23b9b8c705964598220b3014e42ff51eb540ff23cefa3ae8c15f?s=96&d=mm&r=g\",\"contentUrl\":\"https:\/\/secure.gravatar.com\/avatar\/cb16c3c31c9d23b9b8c705964598220b3014e42ff51eb540ff23cefa3ae8c15f?s=96&d=mm&r=g\",\"caption\":\"US6\"},\"url\":\"https:\/\/veritasinfo.org\/?author=7\"}]}<\/script>\n<!-- \/ Yoast SEO plugin. -->","yoast_head_json":{"title":"Banor\u00ebt e Rezall\u00ebs k\u00ebrkojn\u00eb q\u00eb vendi ku u krye masakra t\u00eb merret n\u00eb mbrojtje nga shteti -","robots":{"index":"index","follow":"follow","max-snippet":"max-snippet:-1","max-image-preview":"max-image-preview:large","max-video-preview":"max-video-preview:-1"},"canonical":"https:\/\/veritasinfo.org\/?p=39072","og_locale":"en_US","og_type":"article","og_title":"Banor\u00ebt e Rezall\u00ebs k\u00ebrkojn\u00eb q\u00eb vendi ku u krye masakra t\u00eb merret n\u00eb mbrojtje nga shteti -","og_description":"Skenderaj, 22 mars 2026 19:30 Banor\u00ebt e fshatit Rezall\u00eb t\u00eb Skenderajt k\u00ebrkojn\u00eb q\u00eb vendi, ku u vran\u00eb e u masakruan 98 banor\u00eb t\u00eb k\u00ebtij fshati","og_url":"https:\/\/veritasinfo.org\/?p=39072","article_published_time":"2026-03-22T18:33:17+00:00","og_image":[{"width":1210,"height":509,"url":"https:\/\/veritasinfo.org\/wp-content\/uploads\/2026\/03\/55c9dc39-d9b0-48f1-9f30-a6289fafeff5.webp","type":"image\/webp"}],"author":"US6","twitter_card":"summary_large_image","twitter_misc":{"Written by":"US6","Est. reading time":"3 minutes"},"schema":{"@context":"https:\/\/schema.org","@graph":[{"@type":"WebPage","@id":"https:\/\/veritasinfo.org\/?p=39072","url":"https:\/\/veritasinfo.org\/?p=39072","name":"Banor\u00ebt e Rezall\u00ebs k\u00ebrkojn\u00eb q\u00eb vendi ku u krye masakra t\u00eb merret n\u00eb mbrojtje nga shteti -","isPartOf":{"@id":"https:\/\/veritasinfo.org\/#website"},"primaryImageOfPage":{"@id":"https:\/\/veritasinfo.org\/?p=39072#primaryimage"},"image":{"@id":"https:\/\/veritasinfo.org\/?p=39072#primaryimage"},"thumbnailUrl":"https:\/\/veritasinfo.org\/wp-content\/uploads\/2026\/03\/55c9dc39-d9b0-48f1-9f30-a6289fafeff5.webp","datePublished":"2026-03-22T18:33:17+00:00","author":{"@id":"https:\/\/veritasinfo.org\/#\/schema\/person\/fe199eede04c3937362892b7444747cc"},"breadcrumb":{"@id":"https:\/\/veritasinfo.org\/?p=39072#breadcrumb"},"inLanguage":"en-US","potentialAction":[{"@type":"ReadAction","target":["https:\/\/veritasinfo.org\/?p=39072"]}]},{"@type":"ImageObject","inLanguage":"en-US","@id":"https:\/\/veritasinfo.org\/?p=39072#primaryimage","url":"https:\/\/veritasinfo.org\/wp-content\/uploads\/2026\/03\/55c9dc39-d9b0-48f1-9f30-a6289fafeff5.webp","contentUrl":"https:\/\/veritasinfo.org\/wp-content\/uploads\/2026\/03\/55c9dc39-d9b0-48f1-9f30-a6289fafeff5.webp","width":1210,"height":509},{"@type":"BreadcrumbList","@id":"https:\/\/veritasinfo.org\/?p=39072#breadcrumb","itemListElement":[{"@type":"ListItem","position":1,"name":"Home","item":"https:\/\/veritasinfo.org\/"},{"@type":"ListItem","position":2,"name":"Banor\u00ebt e Rezall\u00ebs k\u00ebrkojn\u00eb q\u00eb vendi ku u krye masakra t\u00eb merret n\u00eb mbrojtje nga shteti"}]},{"@type":"WebSite","@id":"https:\/\/veritasinfo.org\/#website","url":"https:\/\/veritasinfo.org\/","name":"","description":"","potentialAction":[{"@type":"SearchAction","target":{"@type":"EntryPoint","urlTemplate":"https:\/\/veritasinfo.org\/?s={search_term_string}"},"query-input":{"@type":"PropertyValueSpecification","valueRequired":true,"valueName":"search_term_string"}}],"inLanguage":"en-US"},{"@type":"Person","@id":"https:\/\/veritasinfo.org\/#\/schema\/person\/fe199eede04c3937362892b7444747cc","name":"US6","image":{"@type":"ImageObject","inLanguage":"en-US","@id":"https:\/\/veritasinfo.org\/#\/schema\/person\/image\/","url":"https:\/\/secure.gravatar.com\/avatar\/cb16c3c31c9d23b9b8c705964598220b3014e42ff51eb540ff23cefa3ae8c15f?s=96&d=mm&r=g","contentUrl":"https:\/\/secure.gravatar.com\/avatar\/cb16c3c31c9d23b9b8c705964598220b3014e42ff51eb540ff23cefa3ae8c15f?s=96&d=mm&r=g","caption":"US6"},"url":"https:\/\/veritasinfo.org\/?author=7"}]}},"featured_image_urls":{"full":["https:\/\/veritasinfo.org\/wp-content\/uploads\/2026\/03\/55c9dc39-d9b0-48f1-9f30-a6289fafeff5.webp",1210,509,false],"thumbnail":["https:\/\/veritasinfo.org\/wp-content\/uploads\/2026\/03\/55c9dc39-d9b0-48f1-9f30-a6289fafeff5-150x150.webp",150,150,true],"medium":["https:\/\/veritasinfo.org\/wp-content\/uploads\/2026\/03\/55c9dc39-d9b0-48f1-9f30-a6289fafeff5-300x126.webp",300,126,true],"medium_large":["https:\/\/veritasinfo.org\/wp-content\/uploads\/2026\/03\/55c9dc39-d9b0-48f1-9f30-a6289fafeff5-768x323.webp",640,269,true],"large":["https:\/\/veritasinfo.org\/wp-content\/uploads\/2026\/03\/55c9dc39-d9b0-48f1-9f30-a6289fafeff5-1024x431.webp",640,269,true],"1536x1536":["https:\/\/veritasinfo.org\/wp-content\/uploads\/2026\/03\/55c9dc39-d9b0-48f1-9f30-a6289fafeff5.webp",1210,509,false],"2048x2048":["https:\/\/veritasinfo.org\/wp-content\/uploads\/2026\/03\/55c9dc39-d9b0-48f1-9f30-a6289fafeff5.webp",1210,509,false],"kreeti-slider-full":["https:\/\/veritasinfo.org\/wp-content\/uploads\/2026\/03\/55c9dc39-d9b0-48f1-9f30-a6289fafeff5.webp",1210,509,false],"kreeti-featured":["https:\/\/veritasinfo.org\/wp-content\/uploads\/2026\/03\/55c9dc39-d9b0-48f1-9f30-a6289fafeff5.webp",1024,431,false],"kreeti-medium":["https:\/\/veritasinfo.org\/wp-content\/uploads\/2026\/03\/55c9dc39-d9b0-48f1-9f30-a6289fafeff5.webp",720,303,false],"kreeti-medium-square":["https:\/\/veritasinfo.org\/wp-content\/uploads\/2026\/03\/55c9dc39-d9b0-48f1-9f30-a6289fafeff5.webp",350,147,false]},"author_info":{"info":["US6"]},"category_info":"<a href=\"https:\/\/veritasinfo.org\/?cat=60\" rel=\"category\">Shoq\u00ebrore<\/a>","tag_info":"Shoq\u00ebrore","comment_count":"0","_links":{"self":[{"href":"https:\/\/veritasinfo.org\/index.php?rest_route=\/wp\/v2\/posts\/39072","targetHints":{"allow":["GET"]}}],"collection":[{"href":"https:\/\/veritasinfo.org\/index.php?rest_route=\/wp\/v2\/posts"}],"about":[{"href":"https:\/\/veritasinfo.org\/index.php?rest_route=\/wp\/v2\/types\/post"}],"author":[{"embeddable":true,"href":"https:\/\/veritasinfo.org\/index.php?rest_route=\/wp\/v2\/users\/7"}],"replies":[{"embeddable":true,"href":"https:\/\/veritasinfo.org\/index.php?rest_route=%2Fwp%2Fv2%2Fcomments&post=39072"}],"version-history":[{"count":1,"href":"https:\/\/veritasinfo.org\/index.php?rest_route=\/wp\/v2\/posts\/39072\/revisions"}],"predecessor-version":[{"id":39074,"href":"https:\/\/veritasinfo.org\/index.php?rest_route=\/wp\/v2\/posts\/39072\/revisions\/39074"}],"wp:featuredmedia":[{"embeddable":true,"href":"https:\/\/veritasinfo.org\/index.php?rest_route=\/wp\/v2\/media\/39073"}],"wp:attachment":[{"href":"https:\/\/veritasinfo.org\/index.php?rest_route=%2Fwp%2Fv2%2Fmedia&parent=39072"}],"wp:term":[{"taxonomy":"category","embeddable":true,"href":"https:\/\/veritasinfo.org\/index.php?rest_route=%2Fwp%2Fv2%2Fcategories&post=39072"},{"taxonomy":"post_tag","embeddable":true,"href":"https:\/\/veritasinfo.org\/index.php?rest_route=%2Fwp%2Fv2%2Ftags&post=39072"}],"curies":[{"name":"wp","href":"https:\/\/api.w.org\/{rel}","templated":true}]}}