{"id":39059,"date":"2026-03-22T18:50:51","date_gmt":"2026-03-22T17:50:51","guid":{"rendered":"https:\/\/veritasinfo.org\/?p=39059"},"modified":"2026-03-22T18:52:55","modified_gmt":"2026-03-22T17:52:55","slug":"edmond-hajrizi-emerohet-zevendespresident-i-organizates-evropiane-per-cilesi","status":"publish","type":"post","link":"https:\/\/veritasinfo.org\/?p=39059","title":{"rendered":"Edmond Hajrizi em\u00ebrohet Z\u00ebvend\u00ebspresident i Organizat\u00ebs Evropiane p\u00ebr Cil\u00ebsi"},"content":{"rendered":"<p>Prishtin\u00eb, 22 mars 2026 18:49<\/p>\n<p>Lideri i Kosov\u00ebs n\u00eb edukim, inovacion dhe menaxhim t\u00eb cil\u00ebsis\u00eb p\u00ebrfaq\u00ebson vendin n\u00eb nivel evropian.<\/p>\n<p>Edmond Hajrizi, themelues dhe president i Quality Kosovo, si dhe vizionari pas UBT Smart City dhe rektori i UBT-s\u00eb, \u00ebsht\u00eb em\u00ebruar Z\u00ebvend\u00ebspresident i Organizat\u00ebs Evropiane p\u00ebr Cil\u00ebsi (EOQ).<\/p>\n<p>Hajrizi \u00ebsht\u00eb nj\u00eb figur\u00eb e njohur n\u00eb Kosov\u00eb dhe n\u00eb Evrop\u00eb n\u00eb fush\u00ebn e akademis\u00eb dhe biznesit, i dalluar p\u00ebr lidershipin dhe inovacionin e tij. Ai \u00ebsht\u00eb an\u00ebtar i Akademis\u00eb Evropiane t\u00eb Shkencave dhe profesor universiteti. Gjithashtu, \u00ebsht\u00eb vler\u00ebsuar me \u00e7mime t\u00eb shumta, si \u201cLider Universitar i Vitit\u201d dhe \u201cProfesori Sip\u00ebrmarr\u00ebs i Vitit\u201d. Po ashtu, ka fituar \u00e7mimin prestigjioz \u201cEuropean Quality Leader of the Year\u201d.<\/p>\n<p>Vitin e kaluar ka marr\u00eb edhe nj\u00eb \u00e7mim nga presidenti i Austris\u00eb p\u00ebr kontributin e tij.<\/p>\n<p>N\u00eb rolin e tij t\u00eb ri n\u00eb EOQ, Hajrizi do t\u00eb kontribuoj\u00eb n\u00eb form\u00ebsimin e strategjive evropiane p\u00ebr menaxhimin e cil\u00ebsis\u00eb, praktikat e q\u00ebndrueshme t\u00eb organizatave dhe inovacionin, duke forcuar pozit\u00ebn e Kosov\u00ebs n\u00eb hart\u00ebn profesionale evropiane.<\/p>\n<p>\u201cJam thell\u00ebsisht i nderuar q\u00eb sh\u00ebrbej si Z\u00ebvend\u00ebspresident i Organizat\u00ebs Evropiane p\u00ebr Cil\u00ebsi. Ky rol m\u00eb lejon t\u00eb sjell ekspertiz\u00ebn e Kosov\u00ebs n\u00eb sken\u00ebn evropiane dhe t\u00eb promovoj ekselenc\u00ebn, inovacionin dhe cil\u00ebsin\u00eb n\u00eb organizata n\u00eb t\u00eb gjith\u00eb Evrop\u00ebn\u201d, u shpreh Hajrizi.<\/p>\n<p>Organizata Evropiane p\u00ebr Cil\u00ebsi \u00ebsht\u00eb nj\u00eb platform\u00eb kryesore p\u00ebr profesionist\u00eb dhe institucione, e dedikuar p\u00ebr avancimin e menaxhimit t\u00eb cil\u00ebsis\u00eb, inovacionit dhe p\u00ebrmir\u00ebsimit t\u00eb vazhduesh\u00ebm n\u00eb t\u00eb gjith\u00eb Evrop\u00ebn.<\/p>\n","protected":false},"excerpt":{"rendered":"<p>Prishtin\u00eb, 22 mars 2026 18:49 Lideri i Kosov\u00ebs n\u00eb edukim, inovacion dhe menaxhim t\u00eb cil\u00ebsis\u00eb p\u00ebrfaq\u00ebson vendin n\u00eb nivel evropian. Edmond Hajrizi, themelues dhe president<\/p>\n","protected":false},"author":7,"featured_media":39060,"comment_status":"open","ping_status":"open","sticky":false,"template":"","format":"standard","meta":{"footnotes":""},"categories":[60],"tags":[],"class_list":["post-39059","post","type-post","status-publish","format-standard","has-post-thumbnail","hentry","category-shoqerore-sq"],"yoast_head":"<!-- This site is optimized with the Yoast SEO plugin v25.3.1 - https:\/\/yoast.com\/wordpress\/plugins\/seo\/ -->\n<title>Edmond Hajrizi em\u00ebrohet Z\u00ebvend\u00ebspresident i Organizat\u00ebs Evropiane p\u00ebr Cil\u00ebsi -<\/title>\n<meta name=\"robots\" content=\"index, follow, max-snippet:-1, max-image-preview:large, max-video-preview:-1\" \/>\n<link rel=\"canonical\" href=\"https:\/\/veritasinfo.org\/?p=39059\" \/>\n<meta property=\"og:locale\" content=\"en_US\" \/>\n<meta property=\"og:type\" content=\"article\" \/>\n<meta property=\"og:title\" content=\"Edmond Hajrizi em\u00ebrohet Z\u00ebvend\u00ebspresident i Organizat\u00ebs Evropiane p\u00ebr Cil\u00ebsi -\" \/>\n<meta property=\"og:description\" content=\"Prishtin\u00eb, 22 mars 2026 18:49 Lideri i Kosov\u00ebs n\u00eb edukim, inovacion dhe menaxhim t\u00eb cil\u00ebsis\u00eb p\u00ebrfaq\u00ebson vendin n\u00eb nivel evropian. Edmond Hajrizi, themelues dhe president\" \/>\n<meta property=\"og:url\" content=\"https:\/\/veritasinfo.org\/?p=39059\" \/>\n<meta property=\"article:published_time\" content=\"2026-03-22T17:50:51+00:00\" \/>\n<meta property=\"article:modified_time\" content=\"2026-03-22T17:52:55+00:00\" \/>\n<meta property=\"og:image\" content=\"https:\/\/veritasinfo.org\/wp-content\/uploads\/2026\/03\/image-19.webp\" \/>\n\t<meta property=\"og:image:width\" content=\"1245\" \/>\n\t<meta property=\"og:image:height\" content=\"700\" \/>\n\t<meta property=\"og:image:type\" content=\"image\/webp\" \/>\n<meta name=\"author\" content=\"US6\" \/>\n<meta name=\"twitter:card\" content=\"summary_large_image\" \/>\n<meta name=\"twitter:label1\" content=\"Written by\" \/>\n\t<meta name=\"twitter:data1\" content=\"US6\" \/>\n\t<meta name=\"twitter:label2\" content=\"Est. reading time\" \/>\n\t<meta name=\"twitter:data2\" content=\"2 minutes\" \/>\n<script type=\"application\/ld+json\" class=\"yoast-schema-graph\">{\"@context\":\"https:\/\/schema.org\",\"@graph\":[{\"@type\":\"WebPage\",\"@id\":\"https:\/\/veritasinfo.org\/?p=39059\",\"url\":\"https:\/\/veritasinfo.org\/?p=39059\",\"name\":\"Edmond Hajrizi em\u00ebrohet Z\u00ebvend\u00ebspresident i Organizat\u00ebs Evropiane p\u00ebr Cil\u00ebsi -\",\"isPartOf\":{\"@id\":\"https:\/\/veritasinfo.org\/#website\"},\"primaryImageOfPage\":{\"@id\":\"https:\/\/veritasinfo.org\/?p=39059#primaryimage\"},\"image\":{\"@id\":\"https:\/\/veritasinfo.org\/?p=39059#primaryimage\"},\"thumbnailUrl\":\"https:\/\/veritasinfo.org\/wp-content\/uploads\/2026\/03\/image-19.webp\",\"datePublished\":\"2026-03-22T17:50:51+00:00\",\"dateModified\":\"2026-03-22T17:52:55+00:00\",\"author\":{\"@id\":\"https:\/\/veritasinfo.org\/#\/schema\/person\/fe199eede04c3937362892b7444747cc\"},\"breadcrumb\":{\"@id\":\"https:\/\/veritasinfo.org\/?p=39059#breadcrumb\"},\"inLanguage\":\"en-US\",\"potentialAction\":[{\"@type\":\"ReadAction\",\"target\":[\"https:\/\/veritasinfo.org\/?p=39059\"]}]},{\"@type\":\"ImageObject\",\"inLanguage\":\"en-US\",\"@id\":\"https:\/\/veritasinfo.org\/?p=39059#primaryimage\",\"url\":\"https:\/\/veritasinfo.org\/wp-content\/uploads\/2026\/03\/image-19.webp\",\"contentUrl\":\"https:\/\/veritasinfo.org\/wp-content\/uploads\/2026\/03\/image-19.webp\",\"width\":1245,\"height\":700},{\"@type\":\"BreadcrumbList\",\"@id\":\"https:\/\/veritasinfo.org\/?p=39059#breadcrumb\",\"itemListElement\":[{\"@type\":\"ListItem\",\"position\":1,\"name\":\"Home\",\"item\":\"https:\/\/veritasinfo.org\/\"},{\"@type\":\"ListItem\",\"position\":2,\"name\":\"Edmond Hajrizi em\u00ebrohet Z\u00ebvend\u00ebspresident i Organizat\u00ebs Evropiane p\u00ebr Cil\u00ebsi\"}]},{\"@type\":\"WebSite\",\"@id\":\"https:\/\/veritasinfo.org\/#website\",\"url\":\"https:\/\/veritasinfo.org\/\",\"name\":\"\",\"description\":\"\",\"potentialAction\":[{\"@type\":\"SearchAction\",\"target\":{\"@type\":\"EntryPoint\",\"urlTemplate\":\"https:\/\/veritasinfo.org\/?s={search_term_string}\"},\"query-input\":{\"@type\":\"PropertyValueSpecification\",\"valueRequired\":true,\"valueName\":\"search_term_string\"}}],\"inLanguage\":\"en-US\"},{\"@type\":\"Person\",\"@id\":\"https:\/\/veritasinfo.org\/#\/schema\/person\/fe199eede04c3937362892b7444747cc\",\"name\":\"US6\",\"image\":{\"@type\":\"ImageObject\",\"inLanguage\":\"en-US\",\"@id\":\"https:\/\/veritasinfo.org\/#\/schema\/person\/image\/\",\"url\":\"https:\/\/secure.gravatar.com\/avatar\/cb16c3c31c9d23b9b8c705964598220b3014e42ff51eb540ff23cefa3ae8c15f?s=96&d=mm&r=g\",\"contentUrl\":\"https:\/\/secure.gravatar.com\/avatar\/cb16c3c31c9d23b9b8c705964598220b3014e42ff51eb540ff23cefa3ae8c15f?s=96&d=mm&r=g\",\"caption\":\"US6\"},\"url\":\"https:\/\/veritasinfo.org\/?author=7\"}]}<\/script>\n<!-- \/ Yoast SEO plugin. -->","yoast_head_json":{"title":"Edmond Hajrizi em\u00ebrohet Z\u00ebvend\u00ebspresident i Organizat\u00ebs Evropiane p\u00ebr Cil\u00ebsi -","robots":{"index":"index","follow":"follow","max-snippet":"max-snippet:-1","max-image-preview":"max-image-preview:large","max-video-preview":"max-video-preview:-1"},"canonical":"https:\/\/veritasinfo.org\/?p=39059","og_locale":"en_US","og_type":"article","og_title":"Edmond Hajrizi em\u00ebrohet Z\u00ebvend\u00ebspresident i Organizat\u00ebs Evropiane p\u00ebr Cil\u00ebsi -","og_description":"Prishtin\u00eb, 22 mars 2026 18:49 Lideri i Kosov\u00ebs n\u00eb edukim, inovacion dhe menaxhim t\u00eb cil\u00ebsis\u00eb p\u00ebrfaq\u00ebson vendin n\u00eb nivel evropian. Edmond Hajrizi, themelues dhe president","og_url":"https:\/\/veritasinfo.org\/?p=39059","article_published_time":"2026-03-22T17:50:51+00:00","article_modified_time":"2026-03-22T17:52:55+00:00","og_image":[{"width":1245,"height":700,"url":"https:\/\/veritasinfo.org\/wp-content\/uploads\/2026\/03\/image-19.webp","type":"image\/webp"}],"author":"US6","twitter_card":"summary_large_image","twitter_misc":{"Written by":"US6","Est. reading time":"2 minutes"},"schema":{"@context":"https:\/\/schema.org","@graph":[{"@type":"WebPage","@id":"https:\/\/veritasinfo.org\/?p=39059","url":"https:\/\/veritasinfo.org\/?p=39059","name":"Edmond Hajrizi em\u00ebrohet Z\u00ebvend\u00ebspresident i Organizat\u00ebs Evropiane p\u00ebr Cil\u00ebsi -","isPartOf":{"@id":"https:\/\/veritasinfo.org\/#website"},"primaryImageOfPage":{"@id":"https:\/\/veritasinfo.org\/?p=39059#primaryimage"},"image":{"@id":"https:\/\/veritasinfo.org\/?p=39059#primaryimage"},"thumbnailUrl":"https:\/\/veritasinfo.org\/wp-content\/uploads\/2026\/03\/image-19.webp","datePublished":"2026-03-22T17:50:51+00:00","dateModified":"2026-03-22T17:52:55+00:00","author":{"@id":"https:\/\/veritasinfo.org\/#\/schema\/person\/fe199eede04c3937362892b7444747cc"},"breadcrumb":{"@id":"https:\/\/veritasinfo.org\/?p=39059#breadcrumb"},"inLanguage":"en-US","potentialAction":[{"@type":"ReadAction","target":["https:\/\/veritasinfo.org\/?p=39059"]}]},{"@type":"ImageObject","inLanguage":"en-US","@id":"https:\/\/veritasinfo.org\/?p=39059#primaryimage","url":"https:\/\/veritasinfo.org\/wp-content\/uploads\/2026\/03\/image-19.webp","contentUrl":"https:\/\/veritasinfo.org\/wp-content\/uploads\/2026\/03\/image-19.webp","width":1245,"height":700},{"@type":"BreadcrumbList","@id":"https:\/\/veritasinfo.org\/?p=39059#breadcrumb","itemListElement":[{"@type":"ListItem","position":1,"name":"Home","item":"https:\/\/veritasinfo.org\/"},{"@type":"ListItem","position":2,"name":"Edmond Hajrizi em\u00ebrohet Z\u00ebvend\u00ebspresident i Organizat\u00ebs Evropiane p\u00ebr Cil\u00ebsi"}]},{"@type":"WebSite","@id":"https:\/\/veritasinfo.org\/#website","url":"https:\/\/veritasinfo.org\/","name":"","description":"","potentialAction":[{"@type":"SearchAction","target":{"@type":"EntryPoint","urlTemplate":"https:\/\/veritasinfo.org\/?s={search_term_string}"},"query-input":{"@type":"PropertyValueSpecification","valueRequired":true,"valueName":"search_term_string"}}],"inLanguage":"en-US"},{"@type":"Person","@id":"https:\/\/veritasinfo.org\/#\/schema\/person\/fe199eede04c3937362892b7444747cc","name":"US6","image":{"@type":"ImageObject","inLanguage":"en-US","@id":"https:\/\/veritasinfo.org\/#\/schema\/person\/image\/","url":"https:\/\/secure.gravatar.com\/avatar\/cb16c3c31c9d23b9b8c705964598220b3014e42ff51eb540ff23cefa3ae8c15f?s=96&d=mm&r=g","contentUrl":"https:\/\/secure.gravatar.com\/avatar\/cb16c3c31c9d23b9b8c705964598220b3014e42ff51eb540ff23cefa3ae8c15f?s=96&d=mm&r=g","caption":"US6"},"url":"https:\/\/veritasinfo.org\/?author=7"}]}},"featured_image_urls":{"full":["https:\/\/veritasinfo.org\/wp-content\/uploads\/2026\/03\/image-19.webp",1245,700,false],"thumbnail":["https:\/\/veritasinfo.org\/wp-content\/uploads\/2026\/03\/image-19-150x150.webp",150,150,true],"medium":["https:\/\/veritasinfo.org\/wp-content\/uploads\/2026\/03\/image-19-300x169.webp",300,169,true],"medium_large":["https:\/\/veritasinfo.org\/wp-content\/uploads\/2026\/03\/image-19-768x432.webp",640,360,true],"large":["https:\/\/veritasinfo.org\/wp-content\/uploads\/2026\/03\/image-19-1024x576.webp",640,360,true],"1536x1536":["https:\/\/veritasinfo.org\/wp-content\/uploads\/2026\/03\/image-19.webp",1245,700,false],"2048x2048":["https:\/\/veritasinfo.org\/wp-content\/uploads\/2026\/03\/image-19.webp",1245,700,false],"kreeti-slider-full":["https:\/\/veritasinfo.org\/wp-content\/uploads\/2026\/03\/image-19.webp",1245,700,false],"kreeti-featured":["https:\/\/veritasinfo.org\/wp-content\/uploads\/2026\/03\/image-19.webp",1024,576,false],"kreeti-medium":["https:\/\/veritasinfo.org\/wp-content\/uploads\/2026\/03\/image-19.webp",720,405,false],"kreeti-medium-square":["https:\/\/veritasinfo.org\/wp-content\/uploads\/2026\/03\/image-19.webp",350,197,false]},"author_info":{"info":["US6"]},"category_info":"<a href=\"https:\/\/veritasinfo.org\/?cat=60\" rel=\"category\">Shoq\u00ebrore<\/a>","tag_info":"Shoq\u00ebrore","comment_count":"0","_links":{"self":[{"href":"https:\/\/veritasinfo.org\/index.php?rest_route=\/wp\/v2\/posts\/39059","targetHints":{"allow":["GET"]}}],"collection":[{"href":"https:\/\/veritasinfo.org\/index.php?rest_route=\/wp\/v2\/posts"}],"about":[{"href":"https:\/\/veritasinfo.org\/index.php?rest_route=\/wp\/v2\/types\/post"}],"author":[{"embeddable":true,"href":"https:\/\/veritasinfo.org\/index.php?rest_route=\/wp\/v2\/users\/7"}],"replies":[{"embeddable":true,"href":"https:\/\/veritasinfo.org\/index.php?rest_route=%2Fwp%2Fv2%2Fcomments&post=39059"}],"version-history":[{"count":3,"href":"https:\/\/veritasinfo.org\/index.php?rest_route=\/wp\/v2\/posts\/39059\/revisions"}],"predecessor-version":[{"id":39063,"href":"https:\/\/veritasinfo.org\/index.php?rest_route=\/wp\/v2\/posts\/39059\/revisions\/39063"}],"wp:featuredmedia":[{"embeddable":true,"href":"https:\/\/veritasinfo.org\/index.php?rest_route=\/wp\/v2\/media\/39060"}],"wp:attachment":[{"href":"https:\/\/veritasinfo.org\/index.php?rest_route=%2Fwp%2Fv2%2Fmedia&parent=39059"}],"wp:term":[{"taxonomy":"category","embeddable":true,"href":"https:\/\/veritasinfo.org\/index.php?rest_route=%2Fwp%2Fv2%2Fcategories&post=39059"},{"taxonomy":"post_tag","embeddable":true,"href":"https:\/\/veritasinfo.org\/index.php?rest_route=%2Fwp%2Fv2%2Ftags&post=39059"}],"curies":[{"name":"wp","href":"https:\/\/api.w.org\/{rel}","templated":true}]}}