{"id":39057,"date":"2026-03-22T17:46:03","date_gmt":"2026-03-22T16:46:03","guid":{"rendered":"https:\/\/veritasinfo.org\/?p=39057"},"modified":"2026-03-22T17:46:03","modified_gmt":"2026-03-22T16:46:03","slug":"preko-500-sportista-trcalo-je-u-trci-kosovo-u-pokretu","status":"publish","type":"post","link":"https:\/\/veritasinfo.org\/?p=39057&lang=sr","title":{"rendered":"Preko 500 sportista tr\u010dalo je u trci \u201eKosovo u pokretu\u201c"},"content":{"rendered":"<p>Pri\u0161tina, 22. mart 2026. 17:42<\/p>\n<p>Atletski savez Kosova, u partnerstvu sa Dekatlon Kosovo i tr\u017enim centrom Pri\u0161tina Mol, organizovao je trku: Kosovo u pokretu, u kojoj je u\u010destvovalo preko 500 sportista.<\/p>\n<p>U ovoj trci u\u010destvovali su sportisti iz juniorske, seniorske i veteranske kategorije, i mu\u0161ki i \u017eenski.<\/p>\n<p>Na stazi od 12 km, prvi me\u0111u mu\u0161karcima bio je atleti\u010dar Tiron Mamu\u0161a, dok je me\u0111u \u017eenama bila atleti\u010darka C\u0301endresa Ramadani. Dok je na stazi od 7 km najbolji me\u0111u mu\u0161karcima bio Bledar Mesi, dok je me\u0111u \u017eenama prva iza\u0161la Luljeta \u0160alja.<\/p>\n<p>Kao pobednik trke, Mamu\u0161a je za KosovaPres rekao da o\u010dekuje da c\u0301e biti ispred svih zbog priprema koje su uradili.<\/p>\n<p>\u201eO\u010dekivala sam da c\u0301u pobediti u ovoj trci. Iskreno, o\u010dekivala sam to, s obzirom na pripreme koje sam imala i nedeljne trke koje tr\u010dim po Evropi, to je bilo ne\u0161to \u0161to se moglo o\u010dekivati. Organizacija je bila veoma dobra. Tako\u0111e, Dekatlon koji je do\u0161ao na Kosovo je velika pomoc\u0301 za nas sportiste, jer je pronala\u017eenje opreme prili\u010dno lako. Bila je to prili\u010dno me\u0111unarodna organizacija. Tako\u0111e ciljam na podijum na Ciri\u0161kom maratonu. \u201eImam trke svake nedelje. Najvec\u0301a trka c\u0301e biti Ciri\u0161ki maraton. Tamo uvek ciljam na podijum. Do kraja maja sam svake nedelje na nacionalnim trkama.\u201c, rekla je Mamu\u0161a na kraju.<\/p>\n<p>Ovo je bilo prvo izdanje ove trke, za koju se o\u010dekuje da c\u0301e postati tradicionalna trka.<\/p>\n","protected":false},"excerpt":{"rendered":"<p>Pri\u0161tina, 22. mart 2026. 17:42 Atletski savez Kosova, u partnerstvu sa Dekatlon Kosovo i tr\u017enim centrom Pri\u0161tina Mol, organizovao je trku: Kosovo u pokretu, u<\/p>\n","protected":false},"author":7,"featured_media":39055,"comment_status":"open","ping_status":"open","sticky":false,"template":"","format":"standard","meta":{"footnotes":""},"categories":[36],"tags":[],"class_list":["post-39057","post","type-post","status-publish","format-standard","has-post-thumbnail","hentry","category-sport-sr"],"yoast_head":"<!-- This site is optimized with the Yoast SEO plugin v25.3.1 - https:\/\/yoast.com\/wordpress\/plugins\/seo\/ -->\n<title>Preko 500 sportista tr\u010dalo je u trci \u201eKosovo u pokretu\u201c -<\/title>\n<meta name=\"robots\" content=\"index, follow, max-snippet:-1, max-image-preview:large, max-video-preview:-1\" \/>\n<link rel=\"canonical\" href=\"https:\/\/veritasinfo.org\/?p=39057&lang=sr\" \/>\n<meta property=\"og:locale\" content=\"en_US\" \/>\n<meta property=\"og:type\" content=\"article\" \/>\n<meta property=\"og:title\" content=\"Preko 500 sportista tr\u010dalo je u trci \u201eKosovo u pokretu\u201c -\" \/>\n<meta property=\"og:description\" content=\"Pri\u0161tina, 22. mart 2026. 17:42 Atletski savez Kosova, u partnerstvu sa Dekatlon Kosovo i tr\u017enim centrom Pri\u0161tina Mol, organizovao je trku: Kosovo u pokretu, u\" \/>\n<meta property=\"og:url\" content=\"https:\/\/veritasinfo.org\/?p=39057&amp;lang=sr\" \/>\n<meta property=\"article:published_time\" content=\"2026-03-22T16:46:03+00:00\" \/>\n<meta property=\"og:image\" content=\"https:\/\/veritasinfo.org\/wp-content\/uploads\/2026\/03\/712169_image-5-1.webp\" \/>\n\t<meta property=\"og:image:width\" content=\"900\" \/>\n\t<meta property=\"og:image:height\" content=\"600\" \/>\n\t<meta property=\"og:image:type\" content=\"image\/webp\" \/>\n<meta name=\"author\" content=\"US6\" \/>\n<meta name=\"twitter:card\" content=\"summary_large_image\" \/>\n<meta name=\"twitter:label1\" content=\"Written by\" \/>\n\t<meta name=\"twitter:data1\" content=\"US6\" \/>\n\t<meta name=\"twitter:label2\" content=\"Est. reading time\" \/>\n\t<meta name=\"twitter:data2\" content=\"2 minutes\" \/>\n<script type=\"application\/ld+json\" class=\"yoast-schema-graph\">{\"@context\":\"https:\/\/schema.org\",\"@graph\":[{\"@type\":\"WebPage\",\"@id\":\"https:\/\/veritasinfo.org\/?p=39057&lang=sr\",\"url\":\"https:\/\/veritasinfo.org\/?p=39057&lang=sr\",\"name\":\"Preko 500 sportista tr\u010dalo je u trci \u201eKosovo u pokretu\u201c -\",\"isPartOf\":{\"@id\":\"https:\/\/veritasinfo.org\/#website\"},\"primaryImageOfPage\":{\"@id\":\"https:\/\/veritasinfo.org\/?p=39057&lang=sr#primaryimage\"},\"image\":{\"@id\":\"https:\/\/veritasinfo.org\/?p=39057&lang=sr#primaryimage\"},\"thumbnailUrl\":\"https:\/\/veritasinfo.org\/wp-content\/uploads\/2026\/03\/712169_image-5-1.webp\",\"datePublished\":\"2026-03-22T16:46:03+00:00\",\"author\":{\"@id\":\"https:\/\/veritasinfo.org\/#\/schema\/person\/fe199eede04c3937362892b7444747cc\"},\"breadcrumb\":{\"@id\":\"https:\/\/veritasinfo.org\/?p=39057&lang=sr#breadcrumb\"},\"inLanguage\":\"en-US\",\"potentialAction\":[{\"@type\":\"ReadAction\",\"target\":[\"https:\/\/veritasinfo.org\/?p=39057&lang=sr\"]}]},{\"@type\":\"ImageObject\",\"inLanguage\":\"en-US\",\"@id\":\"https:\/\/veritasinfo.org\/?p=39057&lang=sr#primaryimage\",\"url\":\"https:\/\/veritasinfo.org\/wp-content\/uploads\/2026\/03\/712169_image-5-1.webp\",\"contentUrl\":\"https:\/\/veritasinfo.org\/wp-content\/uploads\/2026\/03\/712169_image-5-1.webp\",\"width\":900,\"height\":600},{\"@type\":\"BreadcrumbList\",\"@id\":\"https:\/\/veritasinfo.org\/?p=39057&lang=sr#breadcrumb\",\"itemListElement\":[{\"@type\":\"ListItem\",\"position\":1,\"name\":\"Home\",\"item\":\"https:\/\/veritasinfo.org\/\"},{\"@type\":\"ListItem\",\"position\":2,\"name\":\"Preko 500 sportista tr\u010dalo je u trci \u201eKosovo u pokretu\u201c\"}]},{\"@type\":\"WebSite\",\"@id\":\"https:\/\/veritasinfo.org\/#website\",\"url\":\"https:\/\/veritasinfo.org\/\",\"name\":\"\",\"description\":\"\",\"potentialAction\":[{\"@type\":\"SearchAction\",\"target\":{\"@type\":\"EntryPoint\",\"urlTemplate\":\"https:\/\/veritasinfo.org\/?s={search_term_string}\"},\"query-input\":{\"@type\":\"PropertyValueSpecification\",\"valueRequired\":true,\"valueName\":\"search_term_string\"}}],\"inLanguage\":\"en-US\"},{\"@type\":\"Person\",\"@id\":\"https:\/\/veritasinfo.org\/#\/schema\/person\/fe199eede04c3937362892b7444747cc\",\"name\":\"US6\",\"image\":{\"@type\":\"ImageObject\",\"inLanguage\":\"en-US\",\"@id\":\"https:\/\/veritasinfo.org\/#\/schema\/person\/image\/\",\"url\":\"https:\/\/secure.gravatar.com\/avatar\/cb16c3c31c9d23b9b8c705964598220b3014e42ff51eb540ff23cefa3ae8c15f?s=96&d=mm&r=g\",\"contentUrl\":\"https:\/\/secure.gravatar.com\/avatar\/cb16c3c31c9d23b9b8c705964598220b3014e42ff51eb540ff23cefa3ae8c15f?s=96&d=mm&r=g\",\"caption\":\"US6\"},\"url\":\"https:\/\/veritasinfo.org\/?author=7\"}]}<\/script>\n<!-- \/ Yoast SEO plugin. -->","yoast_head_json":{"title":"Preko 500 sportista tr\u010dalo je u trci \u201eKosovo u pokretu\u201c -","robots":{"index":"index","follow":"follow","max-snippet":"max-snippet:-1","max-image-preview":"max-image-preview:large","max-video-preview":"max-video-preview:-1"},"canonical":"https:\/\/veritasinfo.org\/?p=39057&lang=sr","og_locale":"en_US","og_type":"article","og_title":"Preko 500 sportista tr\u010dalo je u trci \u201eKosovo u pokretu\u201c -","og_description":"Pri\u0161tina, 22. mart 2026. 17:42 Atletski savez Kosova, u partnerstvu sa Dekatlon Kosovo i tr\u017enim centrom Pri\u0161tina Mol, organizovao je trku: Kosovo u pokretu, u","og_url":"https:\/\/veritasinfo.org\/?p=39057&lang=sr","article_published_time":"2026-03-22T16:46:03+00:00","og_image":[{"width":900,"height":600,"url":"https:\/\/veritasinfo.org\/wp-content\/uploads\/2026\/03\/712169_image-5-1.webp","type":"image\/webp"}],"author":"US6","twitter_card":"summary_large_image","twitter_misc":{"Written by":"US6","Est. reading time":"2 minutes"},"schema":{"@context":"https:\/\/schema.org","@graph":[{"@type":"WebPage","@id":"https:\/\/veritasinfo.org\/?p=39057&lang=sr","url":"https:\/\/veritasinfo.org\/?p=39057&lang=sr","name":"Preko 500 sportista tr\u010dalo je u trci \u201eKosovo u pokretu\u201c -","isPartOf":{"@id":"https:\/\/veritasinfo.org\/#website"},"primaryImageOfPage":{"@id":"https:\/\/veritasinfo.org\/?p=39057&lang=sr#primaryimage"},"image":{"@id":"https:\/\/veritasinfo.org\/?p=39057&lang=sr#primaryimage"},"thumbnailUrl":"https:\/\/veritasinfo.org\/wp-content\/uploads\/2026\/03\/712169_image-5-1.webp","datePublished":"2026-03-22T16:46:03+00:00","author":{"@id":"https:\/\/veritasinfo.org\/#\/schema\/person\/fe199eede04c3937362892b7444747cc"},"breadcrumb":{"@id":"https:\/\/veritasinfo.org\/?p=39057&lang=sr#breadcrumb"},"inLanguage":"en-US","potentialAction":[{"@type":"ReadAction","target":["https:\/\/veritasinfo.org\/?p=39057&lang=sr"]}]},{"@type":"ImageObject","inLanguage":"en-US","@id":"https:\/\/veritasinfo.org\/?p=39057&lang=sr#primaryimage","url":"https:\/\/veritasinfo.org\/wp-content\/uploads\/2026\/03\/712169_image-5-1.webp","contentUrl":"https:\/\/veritasinfo.org\/wp-content\/uploads\/2026\/03\/712169_image-5-1.webp","width":900,"height":600},{"@type":"BreadcrumbList","@id":"https:\/\/veritasinfo.org\/?p=39057&lang=sr#breadcrumb","itemListElement":[{"@type":"ListItem","position":1,"name":"Home","item":"https:\/\/veritasinfo.org\/"},{"@type":"ListItem","position":2,"name":"Preko 500 sportista tr\u010dalo je u trci \u201eKosovo u pokretu\u201c"}]},{"@type":"WebSite","@id":"https:\/\/veritasinfo.org\/#website","url":"https:\/\/veritasinfo.org\/","name":"","description":"","potentialAction":[{"@type":"SearchAction","target":{"@type":"EntryPoint","urlTemplate":"https:\/\/veritasinfo.org\/?s={search_term_string}"},"query-input":{"@type":"PropertyValueSpecification","valueRequired":true,"valueName":"search_term_string"}}],"inLanguage":"en-US"},{"@type":"Person","@id":"https:\/\/veritasinfo.org\/#\/schema\/person\/fe199eede04c3937362892b7444747cc","name":"US6","image":{"@type":"ImageObject","inLanguage":"en-US","@id":"https:\/\/veritasinfo.org\/#\/schema\/person\/image\/","url":"https:\/\/secure.gravatar.com\/avatar\/cb16c3c31c9d23b9b8c705964598220b3014e42ff51eb540ff23cefa3ae8c15f?s=96&d=mm&r=g","contentUrl":"https:\/\/secure.gravatar.com\/avatar\/cb16c3c31c9d23b9b8c705964598220b3014e42ff51eb540ff23cefa3ae8c15f?s=96&d=mm&r=g","caption":"US6"},"url":"https:\/\/veritasinfo.org\/?author=7"}]}},"featured_image_urls":{"full":["https:\/\/veritasinfo.org\/wp-content\/uploads\/2026\/03\/712169_image-5-1.webp",900,600,false],"thumbnail":["https:\/\/veritasinfo.org\/wp-content\/uploads\/2026\/03\/712169_image-5-1-150x150.webp",150,150,true],"medium":["https:\/\/veritasinfo.org\/wp-content\/uploads\/2026\/03\/712169_image-5-1-300x200.webp",300,200,true],"medium_large":["https:\/\/veritasinfo.org\/wp-content\/uploads\/2026\/03\/712169_image-5-1-768x512.webp",640,427,true],"large":["https:\/\/veritasinfo.org\/wp-content\/uploads\/2026\/03\/712169_image-5-1.webp",640,427,false],"1536x1536":["https:\/\/veritasinfo.org\/wp-content\/uploads\/2026\/03\/712169_image-5-1.webp",900,600,false],"2048x2048":["https:\/\/veritasinfo.org\/wp-content\/uploads\/2026\/03\/712169_image-5-1.webp",900,600,false],"kreeti-slider-full":["https:\/\/veritasinfo.org\/wp-content\/uploads\/2026\/03\/712169_image-5-1.webp",900,600,false],"kreeti-featured":["https:\/\/veritasinfo.org\/wp-content\/uploads\/2026\/03\/712169_image-5-1.webp",900,600,false],"kreeti-medium":["https:\/\/veritasinfo.org\/wp-content\/uploads\/2026\/03\/712169_image-5-1.webp",720,480,false],"kreeti-medium-square":["https:\/\/veritasinfo.org\/wp-content\/uploads\/2026\/03\/712169_image-5-1.webp",350,233,false]},"author_info":{"info":["US6"]},"category_info":"<a href=\"https:\/\/veritasinfo.org\/?cat=36&#038;lang=sr\" rel=\"category\">Sport<\/a>","tag_info":"Sport","comment_count":"0","_links":{"self":[{"href":"https:\/\/veritasinfo.org\/index.php?rest_route=\/wp\/v2\/posts\/39057","targetHints":{"allow":["GET"]}}],"collection":[{"href":"https:\/\/veritasinfo.org\/index.php?rest_route=\/wp\/v2\/posts"}],"about":[{"href":"https:\/\/veritasinfo.org\/index.php?rest_route=\/wp\/v2\/types\/post"}],"author":[{"embeddable":true,"href":"https:\/\/veritasinfo.org\/index.php?rest_route=\/wp\/v2\/users\/7"}],"replies":[{"embeddable":true,"href":"https:\/\/veritasinfo.org\/index.php?rest_route=%2Fwp%2Fv2%2Fcomments&post=39057"}],"version-history":[{"count":1,"href":"https:\/\/veritasinfo.org\/index.php?rest_route=\/wp\/v2\/posts\/39057\/revisions"}],"predecessor-version":[{"id":39058,"href":"https:\/\/veritasinfo.org\/index.php?rest_route=\/wp\/v2\/posts\/39057\/revisions\/39058"}],"wp:featuredmedia":[{"embeddable":true,"href":"https:\/\/veritasinfo.org\/index.php?rest_route=\/wp\/v2\/media\/39055"}],"wp:attachment":[{"href":"https:\/\/veritasinfo.org\/index.php?rest_route=%2Fwp%2Fv2%2Fmedia&parent=39057"}],"wp:term":[{"taxonomy":"category","embeddable":true,"href":"https:\/\/veritasinfo.org\/index.php?rest_route=%2Fwp%2Fv2%2Fcategories&post=39057"},{"taxonomy":"post_tag","embeddable":true,"href":"https:\/\/veritasinfo.org\/index.php?rest_route=%2Fwp%2Fv2%2Ftags&post=39057"}],"curies":[{"name":"wp","href":"https:\/\/api.w.org\/{rel}","templated":true}]}}