{"id":3898,"date":"2025-07-15T18:44:43","date_gmt":"2025-07-15T16:44:43","guid":{"rendered":"https:\/\/veritasinfo.org\/?p=3898"},"modified":"2025-07-15T18:44:43","modified_gmt":"2025-07-15T16:44:43","slug":"nga-23-korriku-hapet-regjistrimi-i-votuesve-jashte-kosoves-per-votim-me-poste","status":"publish","type":"post","link":"https:\/\/veritasinfo.org\/?p=3898","title":{"rendered":"Nga 23 korriku hapet regjistrimi i votuesve jasht\u00eb Kosov\u00ebs p\u00ebr votim me post\u00eb"},"content":{"rendered":"<p>Prishtin\u00eb, 15 Korrik 2025<\/p>\n<p><strong>Komisioni Qendror i Zgjedhjeve (KQZ) njofton se nga data 23 korrik 2025 fillon periudha p\u00ebr regjistrimin e votuesve jasht\u00eb Kosov\u00ebs q\u00eb duan t\u00eb votojn\u00eb p\u00ebrmes post\u00ebs n\u00eb Zgjedhjet Lokale p\u00ebr Kryetar\u00eb t\u00eb Komunave dhe p\u00ebr Kuvende Komunale.<\/strong><\/p>\n<p>Regjistrimi do t\u00eb zgjas\u00eb 38 dit\u00eb, deri m\u00eb 29 gusht 2025, dhe do t\u00eb mund t\u00eb b\u00ebhet n\u00eb dy m\u00ebnyra:<\/p>\n<p>P\u00ebrmes platform\u00ebs elektronike: https:\/\/diaspora.kqz-ks.org<\/p>\n<p>P\u00ebrmes post\u00ebs, duke d\u00ebrguar aplikimin n\u00eb kutin\u00eb postare t\u00eb KQZ-s\u00eb n\u00eb Kosov\u00eb.<\/p>\n<p>KQZ njofton se me fillimin e periudh\u00ebs s\u00eb regjistrimit, platforma elektronike do t\u00eb jet\u00eb aktive dhe do t\u00eb publikohen udh\u00ebzime t\u00eb detajuara p\u00ebr procesin, dokumentet e k\u00ebrkuara dhe kriteret p\u00ebr regjistrim.<\/p>\n<p>Votimi p\u00ebr Zgjedhjet Lokale nga jasht\u00eb Kosov\u00ebs b\u00ebhet vet\u00ebm p\u00ebrmes post\u00ebs, sipas Ligjit p\u00ebr Zgjedhjet e P\u00ebrgjithshme, i cili nuk lejon votim n\u00eb p\u00ebrfaq\u00ebsi diplomatike p\u00ebr k\u00ebt\u00eb lloj zgjedhjesh.<\/p>\n<p>Periudha e votimit me post\u00eb do t\u00eb zhvillohet nga 17 shtatori deri m\u00eb 11 tetor 2025, dhe vlen vet\u00ebm p\u00ebr ata q\u00eb regjistrohen me sukses si votues jasht\u00eb vendit brenda afatit t\u00eb p\u00ebrcaktuar.<\/p>\n","protected":false},"excerpt":{"rendered":"<p>Prishtin\u00eb, 15 Korrik 2025 Komisioni Qendror i Zgjedhjeve (KQZ) njofton se nga data 23 korrik 2025 fillon periudha p\u00ebr regjistrimin e votuesve jasht\u00eb Kosov\u00ebs q\u00eb<\/p>\n","protected":false},"author":1,"featured_media":3899,"comment_status":"open","ping_status":"open","sticky":false,"template":"","format":"standard","meta":{"footnotes":""},"categories":[60],"tags":[],"class_list":["post-3898","post","type-post","status-publish","format-standard","has-post-thumbnail","hentry","category-shoqerore-sq"],"yoast_head":"<!-- This site is optimized with the Yoast SEO plugin v25.3.1 - https:\/\/yoast.com\/wordpress\/plugins\/seo\/ -->\n<title>Nga 23 korriku hapet regjistrimi i votuesve jasht\u00eb Kosov\u00ebs p\u00ebr votim me post\u00eb -<\/title>\n<meta name=\"robots\" content=\"index, follow, max-snippet:-1, max-image-preview:large, max-video-preview:-1\" \/>\n<link rel=\"canonical\" href=\"https:\/\/veritasinfo.org\/?p=3898\" \/>\n<meta property=\"og:locale\" content=\"en_US\" \/>\n<meta property=\"og:type\" content=\"article\" \/>\n<meta property=\"og:title\" content=\"Nga 23 korriku hapet regjistrimi i votuesve jasht\u00eb Kosov\u00ebs p\u00ebr votim me post\u00eb -\" \/>\n<meta property=\"og:description\" content=\"Prishtin\u00eb, 15 Korrik 2025 Komisioni Qendror i Zgjedhjeve (KQZ) njofton se nga data 23 korrik 2025 fillon periudha p\u00ebr regjistrimin e votuesve jasht\u00eb Kosov\u00ebs q\u00eb\" \/>\n<meta property=\"og:url\" content=\"https:\/\/veritasinfo.org\/?p=3898\" \/>\n<meta property=\"article:published_time\" content=\"2025-07-15T16:44:43+00:00\" \/>\n<meta property=\"og:image\" content=\"https:\/\/veritasinfo.org\/wp-content\/uploads\/2025\/07\/IMG_1103.jpeg\" \/>\n\t<meta property=\"og:image:width\" content=\"472\" \/>\n\t<meta property=\"og:image:height\" content=\"396\" \/>\n\t<meta property=\"og:image:type\" content=\"image\/jpeg\" \/>\n<meta name=\"author\" content=\"admin\" \/>\n<meta name=\"twitter:card\" content=\"summary_large_image\" \/>\n<meta name=\"twitter:label1\" content=\"Written by\" \/>\n\t<meta name=\"twitter:data1\" content=\"admin\" \/>\n\t<meta name=\"twitter:label2\" content=\"Est. reading time\" \/>\n\t<meta name=\"twitter:data2\" content=\"1 minute\" \/>\n<script type=\"application\/ld+json\" class=\"yoast-schema-graph\">{\"@context\":\"https:\/\/schema.org\",\"@graph\":[{\"@type\":\"WebPage\",\"@id\":\"https:\/\/veritasinfo.org\/?p=3898\",\"url\":\"https:\/\/veritasinfo.org\/?p=3898\",\"name\":\"Nga 23 korriku hapet regjistrimi i votuesve jasht\u00eb Kosov\u00ebs p\u00ebr votim me post\u00eb -\",\"isPartOf\":{\"@id\":\"https:\/\/veritasinfo.org\/#website\"},\"primaryImageOfPage\":{\"@id\":\"https:\/\/veritasinfo.org\/?p=3898#primaryimage\"},\"image\":{\"@id\":\"https:\/\/veritasinfo.org\/?p=3898#primaryimage\"},\"thumbnailUrl\":\"https:\/\/veritasinfo.org\/wp-content\/uploads\/2025\/07\/IMG_1103.jpeg\",\"datePublished\":\"2025-07-15T16:44:43+00:00\",\"author\":{\"@id\":\"https:\/\/veritasinfo.org\/#\/schema\/person\/7701f8c088bece422266b100a712374f\"},\"breadcrumb\":{\"@id\":\"https:\/\/veritasinfo.org\/?p=3898#breadcrumb\"},\"inLanguage\":\"en-US\",\"potentialAction\":[{\"@type\":\"ReadAction\",\"target\":[\"https:\/\/veritasinfo.org\/?p=3898\"]}]},{\"@type\":\"ImageObject\",\"inLanguage\":\"en-US\",\"@id\":\"https:\/\/veritasinfo.org\/?p=3898#primaryimage\",\"url\":\"https:\/\/veritasinfo.org\/wp-content\/uploads\/2025\/07\/IMG_1103.jpeg\",\"contentUrl\":\"https:\/\/veritasinfo.org\/wp-content\/uploads\/2025\/07\/IMG_1103.jpeg\",\"width\":472,\"height\":396},{\"@type\":\"BreadcrumbList\",\"@id\":\"https:\/\/veritasinfo.org\/?p=3898#breadcrumb\",\"itemListElement\":[{\"@type\":\"ListItem\",\"position\":1,\"name\":\"Home\",\"item\":\"https:\/\/veritasinfo.org\/\"},{\"@type\":\"ListItem\",\"position\":2,\"name\":\"Nga 23 korriku hapet regjistrimi i votuesve jasht\u00eb Kosov\u00ebs p\u00ebr votim me post\u00eb\"}]},{\"@type\":\"WebSite\",\"@id\":\"https:\/\/veritasinfo.org\/#website\",\"url\":\"https:\/\/veritasinfo.org\/\",\"name\":\"\",\"description\":\"\",\"potentialAction\":[{\"@type\":\"SearchAction\",\"target\":{\"@type\":\"EntryPoint\",\"urlTemplate\":\"https:\/\/veritasinfo.org\/?s={search_term_string}\"},\"query-input\":{\"@type\":\"PropertyValueSpecification\",\"valueRequired\":true,\"valueName\":\"search_term_string\"}}],\"inLanguage\":\"en-US\"},{\"@type\":\"Person\",\"@id\":\"https:\/\/veritasinfo.org\/#\/schema\/person\/7701f8c088bece422266b100a712374f\",\"name\":\"admin\",\"image\":{\"@type\":\"ImageObject\",\"inLanguage\":\"en-US\",\"@id\":\"https:\/\/veritasinfo.org\/#\/schema\/person\/image\/\",\"url\":\"https:\/\/secure.gravatar.com\/avatar\/ea53aa3bf6c9a12d5fde8ce4deff43fef3885ae33cf60184161a50d6987cfd2f?s=96&d=mm&r=g\",\"contentUrl\":\"https:\/\/secure.gravatar.com\/avatar\/ea53aa3bf6c9a12d5fde8ce4deff43fef3885ae33cf60184161a50d6987cfd2f?s=96&d=mm&r=g\",\"caption\":\"admin\"},\"sameAs\":[\"https:\/\/veritasinfo.org\"],\"url\":\"https:\/\/veritasinfo.org\/?author=1\"}]}<\/script>\n<!-- \/ Yoast SEO plugin. -->","yoast_head_json":{"title":"Nga 23 korriku hapet regjistrimi i votuesve jasht\u00eb Kosov\u00ebs p\u00ebr votim me post\u00eb -","robots":{"index":"index","follow":"follow","max-snippet":"max-snippet:-1","max-image-preview":"max-image-preview:large","max-video-preview":"max-video-preview:-1"},"canonical":"https:\/\/veritasinfo.org\/?p=3898","og_locale":"en_US","og_type":"article","og_title":"Nga 23 korriku hapet regjistrimi i votuesve jasht\u00eb Kosov\u00ebs p\u00ebr votim me post\u00eb -","og_description":"Prishtin\u00eb, 15 Korrik 2025 Komisioni Qendror i Zgjedhjeve (KQZ) njofton se nga data 23 korrik 2025 fillon periudha p\u00ebr regjistrimin e votuesve jasht\u00eb Kosov\u00ebs q\u00eb","og_url":"https:\/\/veritasinfo.org\/?p=3898","article_published_time":"2025-07-15T16:44:43+00:00","og_image":[{"width":472,"height":396,"url":"https:\/\/veritasinfo.org\/wp-content\/uploads\/2025\/07\/IMG_1103.jpeg","type":"image\/jpeg"}],"author":"admin","twitter_card":"summary_large_image","twitter_misc":{"Written by":"admin","Est. reading time":"1 minute"},"schema":{"@context":"https:\/\/schema.org","@graph":[{"@type":"WebPage","@id":"https:\/\/veritasinfo.org\/?p=3898","url":"https:\/\/veritasinfo.org\/?p=3898","name":"Nga 23 korriku hapet regjistrimi i votuesve jasht\u00eb Kosov\u00ebs p\u00ebr votim me post\u00eb -","isPartOf":{"@id":"https:\/\/veritasinfo.org\/#website"},"primaryImageOfPage":{"@id":"https:\/\/veritasinfo.org\/?p=3898#primaryimage"},"image":{"@id":"https:\/\/veritasinfo.org\/?p=3898#primaryimage"},"thumbnailUrl":"https:\/\/veritasinfo.org\/wp-content\/uploads\/2025\/07\/IMG_1103.jpeg","datePublished":"2025-07-15T16:44:43+00:00","author":{"@id":"https:\/\/veritasinfo.org\/#\/schema\/person\/7701f8c088bece422266b100a712374f"},"breadcrumb":{"@id":"https:\/\/veritasinfo.org\/?p=3898#breadcrumb"},"inLanguage":"en-US","potentialAction":[{"@type":"ReadAction","target":["https:\/\/veritasinfo.org\/?p=3898"]}]},{"@type":"ImageObject","inLanguage":"en-US","@id":"https:\/\/veritasinfo.org\/?p=3898#primaryimage","url":"https:\/\/veritasinfo.org\/wp-content\/uploads\/2025\/07\/IMG_1103.jpeg","contentUrl":"https:\/\/veritasinfo.org\/wp-content\/uploads\/2025\/07\/IMG_1103.jpeg","width":472,"height":396},{"@type":"BreadcrumbList","@id":"https:\/\/veritasinfo.org\/?p=3898#breadcrumb","itemListElement":[{"@type":"ListItem","position":1,"name":"Home","item":"https:\/\/veritasinfo.org\/"},{"@type":"ListItem","position":2,"name":"Nga 23 korriku hapet regjistrimi i votuesve jasht\u00eb Kosov\u00ebs p\u00ebr votim me post\u00eb"}]},{"@type":"WebSite","@id":"https:\/\/veritasinfo.org\/#website","url":"https:\/\/veritasinfo.org\/","name":"","description":"","potentialAction":[{"@type":"SearchAction","target":{"@type":"EntryPoint","urlTemplate":"https:\/\/veritasinfo.org\/?s={search_term_string}"},"query-input":{"@type":"PropertyValueSpecification","valueRequired":true,"valueName":"search_term_string"}}],"inLanguage":"en-US"},{"@type":"Person","@id":"https:\/\/veritasinfo.org\/#\/schema\/person\/7701f8c088bece422266b100a712374f","name":"admin","image":{"@type":"ImageObject","inLanguage":"en-US","@id":"https:\/\/veritasinfo.org\/#\/schema\/person\/image\/","url":"https:\/\/secure.gravatar.com\/avatar\/ea53aa3bf6c9a12d5fde8ce4deff43fef3885ae33cf60184161a50d6987cfd2f?s=96&d=mm&r=g","contentUrl":"https:\/\/secure.gravatar.com\/avatar\/ea53aa3bf6c9a12d5fde8ce4deff43fef3885ae33cf60184161a50d6987cfd2f?s=96&d=mm&r=g","caption":"admin"},"sameAs":["https:\/\/veritasinfo.org"],"url":"https:\/\/veritasinfo.org\/?author=1"}]}},"featured_image_urls":{"full":["https:\/\/veritasinfo.org\/wp-content\/uploads\/2025\/07\/IMG_1103.jpeg",472,396,false],"thumbnail":["https:\/\/veritasinfo.org\/wp-content\/uploads\/2025\/07\/IMG_1103-150x150.jpeg",150,150,true],"medium":["https:\/\/veritasinfo.org\/wp-content\/uploads\/2025\/07\/IMG_1103-300x252.jpeg",300,252,true],"medium_large":["https:\/\/veritasinfo.org\/wp-content\/uploads\/2025\/07\/IMG_1103.jpeg",472,396,false],"large":["https:\/\/veritasinfo.org\/wp-content\/uploads\/2025\/07\/IMG_1103.jpeg",472,396,false],"1536x1536":["https:\/\/veritasinfo.org\/wp-content\/uploads\/2025\/07\/IMG_1103.jpeg",472,396,false],"2048x2048":["https:\/\/veritasinfo.org\/wp-content\/uploads\/2025\/07\/IMG_1103.jpeg",472,396,false],"kreeti-slider-full":["https:\/\/veritasinfo.org\/wp-content\/uploads\/2025\/07\/IMG_1103.jpeg",472,396,false],"kreeti-featured":["https:\/\/veritasinfo.org\/wp-content\/uploads\/2025\/07\/IMG_1103.jpeg",472,396,false],"kreeti-medium":["https:\/\/veritasinfo.org\/wp-content\/uploads\/2025\/07\/IMG_1103.jpeg",472,396,false],"kreeti-medium-square":["https:\/\/veritasinfo.org\/wp-content\/uploads\/2025\/07\/IMG_1103.jpeg",350,294,false]},"author_info":{"info":["admin"]},"category_info":"<a href=\"https:\/\/veritasinfo.org\/?cat=60\" rel=\"category\">Shoq\u00ebrore<\/a>","tag_info":"Shoq\u00ebrore","comment_count":"0","_links":{"self":[{"href":"https:\/\/veritasinfo.org\/index.php?rest_route=\/wp\/v2\/posts\/3898","targetHints":{"allow":["GET"]}}],"collection":[{"href":"https:\/\/veritasinfo.org\/index.php?rest_route=\/wp\/v2\/posts"}],"about":[{"href":"https:\/\/veritasinfo.org\/index.php?rest_route=\/wp\/v2\/types\/post"}],"author":[{"embeddable":true,"href":"https:\/\/veritasinfo.org\/index.php?rest_route=\/wp\/v2\/users\/1"}],"replies":[{"embeddable":true,"href":"https:\/\/veritasinfo.org\/index.php?rest_route=%2Fwp%2Fv2%2Fcomments&post=3898"}],"version-history":[{"count":1,"href":"https:\/\/veritasinfo.org\/index.php?rest_route=\/wp\/v2\/posts\/3898\/revisions"}],"predecessor-version":[{"id":3900,"href":"https:\/\/veritasinfo.org\/index.php?rest_route=\/wp\/v2\/posts\/3898\/revisions\/3900"}],"wp:featuredmedia":[{"embeddable":true,"href":"https:\/\/veritasinfo.org\/index.php?rest_route=\/wp\/v2\/media\/3899"}],"wp:attachment":[{"href":"https:\/\/veritasinfo.org\/index.php?rest_route=%2Fwp%2Fv2%2Fmedia&parent=3898"}],"wp:term":[{"taxonomy":"category","embeddable":true,"href":"https:\/\/veritasinfo.org\/index.php?rest_route=%2Fwp%2Fv2%2Fcategories&post=3898"},{"taxonomy":"post_tag","embeddable":true,"href":"https:\/\/veritasinfo.org\/index.php?rest_route=%2Fwp%2Fv2%2Ftags&post=3898"}],"curies":[{"name":"wp","href":"https:\/\/api.w.org\/{rel}","templated":true}]}}