{"id":38967,"date":"2026-03-21T19:51:48","date_gmt":"2026-03-21T18:51:48","guid":{"rendered":"https:\/\/veritasinfo.org\/?p=38967"},"modified":"2026-03-21T19:51:48","modified_gmt":"2026-03-21T18:51:48","slug":"ambasadori-i-shqiperise-mohon-shpalljen-non-grata-te-gervalles-marredheniet-tona-me-kosoven-jane-te-qarta","status":"publish","type":"post","link":"https:\/\/veritasinfo.org\/?p=38967","title":{"rendered":"Ambasadori i Shqip\u00ebris\u00eb mohon shpalljen \u201cnon-grata\u201d t\u00eb G\u00ebrvall\u00ebs: Marr\u00ebdh\u00ebniet tona me Kosov\u00ebn jan\u00eb t\u00eb qarta"},"content":{"rendered":"<p>Prishtin\u00eb, 21 mars 2026 19:51<\/p>\n<p>Ambasadori i Shqip\u00ebris\u00eb n\u00eb Kosov\u00eb, Petrit Malaj, ka mohuar raportimet se Shqip\u00ebria e ka shpallur \u201cnon-grata\u201d ministren e Drejt\u00ebsis\u00eb n\u00eb Kosov\u00eb, Donika G\u00ebrvalla.<\/p>\n<p>T\u00eb shtun\u00ebn u pretendua se ministri i Jasht\u00ebm i Shqip\u00ebris\u00eb, Ferit Hoxha, ka urdh\u00ebruar ambasador\u00ebt e Shqip\u00ebris\u00eb n\u00eb rajon q\u00eb t\u00eb mos krijohet asnj\u00eb mund\u00ebsi q\u00eb G\u00ebrvalla t\u00eb ket\u00eb takim zyrtar n\u00eb Shqip\u00ebri. Pretendimi ishte se porosia m\u00eb s\u00eb shumti i ishte drejtuar Malajt.\u00a0Sipas pretendimeve, G\u00ebrvalla u shpall \u201cnon-grata\u201d sepse kritikoi kryeministrin e Shqip\u00ebris\u00eb, Edi Rama, p\u00ebr opinionin e p\u00ebrbashk\u00ebt me presidentin e Serbis\u00eb, Aleksandar Vu\u00e7iq.<\/p>\n<p>E Malaj, n\u00eb nj\u00eb p\u00ebrgjigje p\u00ebr KOH\u00cbN, ka mohuar gjith\u00e7ka. Ai ka th\u00ebn\u00eb se raportet Shqip\u00ebri-Kosov\u00eb jan\u00eb t\u00eb qarta.<\/p>\n<p>\u201cAmbasada nuk konfirmon asgj\u00eb t\u00eb till\u00eb. N\u00eb media qarkullojn\u00eb shpesh hamend\u00ebsime nga m\u00eb t\u00eb ndryshmet, t\u00eb cilat ne nuk i komentojm\u00eb m\u00eb tej. Nuk ka asnj\u00eb vendim apo udh\u00ebzim t\u00eb till\u00eb. Marr\u00ebdh\u00ebniet tona me Kosov\u00ebn dhe me qeverin\u00eb e saj jan\u00eb t\u00eb qarta, t\u00eb forta dhe gjith\u00ebp\u00ebrfshir\u00ebse, si\u00e7 \u00ebsht\u00eb theksuar s\u00eb fundmi edhe nga Ministri Hoxha n\u00eb bised\u00ebn e zhvilluar me Ministrin Konjufca\u201d, ka th\u00ebn\u00eb ai.<\/p>\n<p>M\u00eb 19 mars, ministri i ri i Jasht\u00ebm i Shqip\u00ebris\u00eb, Ferit Hoxha, pati nj\u00eb bised\u00eb telefonike me homologun nga Kosova, Glauk Konjufca. Aty Hoxha, sipas njoftimeve zyrtare, tha se Kosova \u00ebsht\u00eb dhe do t\u00eb mbetet prioritet i p\u00ebrhersh\u00ebm i politik\u00ebs s\u00eb jashtme t\u00eb Shqip\u00ebris\u00eb.<\/p>\n<p>\u201cPata sot nj\u00eb bised\u00eb shum\u00eb t\u00eb ngroht\u00eb dhe miq\u00ebsore me Z\u00ebvend\u00ebskryeministrin e Par\u00eb dhe Ministrin e Pun\u00ebve t\u00eb Jashtme dhe Diaspor\u00ebs s\u00eb Kosov\u00ebs, Glauk Konjufca. Rikonfirmuam marr\u00ebdh\u00ebnien ton\u00eb v\u00ebllaz\u00ebrore, lidhjen e ve\u00e7ant\u00eb e t\u00eb patjet\u00ebrsueshme mes dy vendeve tona, dhe ritheksova se #Kosova mbetet nj\u00eb prioritet i p\u00ebrhersh\u00ebm dhe i padiskutuesh\u00ebm i politik\u00ebs son\u00eb t\u00eb jashtme. Ndam\u00eb angazhim p\u00ebr thellimin e m\u00ebtejsh\u00ebm t\u00eb #partneritetit strategjik dhe forcimin e bashk\u00ebpunimit n\u00eb t\u00eb gjitha fushat me interes t\u00eb nd\u00ebrsjell\u00eb\u201d, pati th\u00ebn\u00eb Hoxha.<\/p>\n<p>Ai pati b\u00ebr\u00eb t\u00eb ditur po ashtu se me Konjufc\u00ebn jan\u00eb dakorduar p\u00ebr riaktivizimin e mekanizmave t\u00eb p\u00ebrbashk\u00ebt institucional\u00eb dhe p\u00ebr avancimin e projekteve madhore me interes komb\u00ebtar.<\/p>\n<p>&nbsp;<\/p>\n","protected":false},"excerpt":{"rendered":"<p>Prishtin\u00eb, 21 mars 2026 19:51 Ambasadori i Shqip\u00ebris\u00eb n\u00eb Kosov\u00eb, Petrit Malaj, ka mohuar raportimet se Shqip\u00ebria e ka shpallur \u201cnon-grata\u201d ministren e Drejt\u00ebsis\u00eb n\u00eb<\/p>\n","protected":false},"author":7,"featured_media":38968,"comment_status":"open","ping_status":"open","sticky":false,"template":"","format":"standard","meta":{"footnotes":""},"categories":[58],"tags":[],"class_list":["post-38967","post","type-post","status-publish","format-standard","has-post-thumbnail","hentry","category-politike-sq"],"yoast_head":"<!-- This site is optimized with the Yoast SEO plugin v25.3.1 - https:\/\/yoast.com\/wordpress\/plugins\/seo\/ -->\n<title>Ambasadori i Shqip\u00ebris\u00eb mohon shpalljen \u201cnon-grata\u201d t\u00eb G\u00ebrvall\u00ebs: Marr\u00ebdh\u00ebniet tona me Kosov\u00ebn jan\u00eb t\u00eb qarta -<\/title>\n<meta name=\"robots\" content=\"index, follow, max-snippet:-1, max-image-preview:large, max-video-preview:-1\" \/>\n<link rel=\"canonical\" href=\"https:\/\/veritasinfo.org\/?p=38967\" \/>\n<meta property=\"og:locale\" content=\"en_US\" \/>\n<meta property=\"og:type\" content=\"article\" \/>\n<meta property=\"og:title\" content=\"Ambasadori i Shqip\u00ebris\u00eb mohon shpalljen \u201cnon-grata\u201d t\u00eb G\u00ebrvall\u00ebs: Marr\u00ebdh\u00ebniet tona me Kosov\u00ebn jan\u00eb t\u00eb qarta -\" \/>\n<meta property=\"og:description\" content=\"Prishtin\u00eb, 21 mars 2026 19:51 Ambasadori i Shqip\u00ebris\u00eb n\u00eb Kosov\u00eb, Petrit Malaj, ka mohuar raportimet se Shqip\u00ebria e ka shpallur \u201cnon-grata\u201d ministren e Drejt\u00ebsis\u00eb n\u00eb\" \/>\n<meta property=\"og:url\" content=\"https:\/\/veritasinfo.org\/?p=38967\" \/>\n<meta property=\"article:published_time\" content=\"2026-03-21T18:51:48+00:00\" \/>\n<meta property=\"og:image\" content=\"https:\/\/veritasinfo.org\/wp-content\/uploads\/2026\/03\/1-86.jpg\" \/>\n\t<meta property=\"og:image:width\" content=\"658\" \/>\n\t<meta property=\"og:image:height\" content=\"384\" \/>\n\t<meta property=\"og:image:type\" content=\"image\/jpeg\" \/>\n<meta name=\"author\" content=\"US6\" \/>\n<meta name=\"twitter:card\" content=\"summary_large_image\" \/>\n<meta name=\"twitter:label1\" content=\"Written by\" \/>\n\t<meta name=\"twitter:data1\" content=\"US6\" \/>\n\t<meta name=\"twitter:label2\" content=\"Est. reading time\" \/>\n\t<meta name=\"twitter:data2\" content=\"2 minutes\" \/>\n<script type=\"application\/ld+json\" class=\"yoast-schema-graph\">{\"@context\":\"https:\/\/schema.org\",\"@graph\":[{\"@type\":\"WebPage\",\"@id\":\"https:\/\/veritasinfo.org\/?p=38967\",\"url\":\"https:\/\/veritasinfo.org\/?p=38967\",\"name\":\"Ambasadori i Shqip\u00ebris\u00eb mohon shpalljen \u201cnon-grata\u201d t\u00eb G\u00ebrvall\u00ebs: Marr\u00ebdh\u00ebniet tona me Kosov\u00ebn jan\u00eb t\u00eb qarta -\",\"isPartOf\":{\"@id\":\"https:\/\/veritasinfo.org\/#website\"},\"primaryImageOfPage\":{\"@id\":\"https:\/\/veritasinfo.org\/?p=38967#primaryimage\"},\"image\":{\"@id\":\"https:\/\/veritasinfo.org\/?p=38967#primaryimage\"},\"thumbnailUrl\":\"https:\/\/veritasinfo.org\/wp-content\/uploads\/2026\/03\/1-86.jpg\",\"datePublished\":\"2026-03-21T18:51:48+00:00\",\"author\":{\"@id\":\"https:\/\/veritasinfo.org\/#\/schema\/person\/fe199eede04c3937362892b7444747cc\"},\"breadcrumb\":{\"@id\":\"https:\/\/veritasinfo.org\/?p=38967#breadcrumb\"},\"inLanguage\":\"en-US\",\"potentialAction\":[{\"@type\":\"ReadAction\",\"target\":[\"https:\/\/veritasinfo.org\/?p=38967\"]}]},{\"@type\":\"ImageObject\",\"inLanguage\":\"en-US\",\"@id\":\"https:\/\/veritasinfo.org\/?p=38967#primaryimage\",\"url\":\"https:\/\/veritasinfo.org\/wp-content\/uploads\/2026\/03\/1-86.jpg\",\"contentUrl\":\"https:\/\/veritasinfo.org\/wp-content\/uploads\/2026\/03\/1-86.jpg\",\"width\":658,\"height\":384},{\"@type\":\"BreadcrumbList\",\"@id\":\"https:\/\/veritasinfo.org\/?p=38967#breadcrumb\",\"itemListElement\":[{\"@type\":\"ListItem\",\"position\":1,\"name\":\"Home\",\"item\":\"https:\/\/veritasinfo.org\/\"},{\"@type\":\"ListItem\",\"position\":2,\"name\":\"Ambasadori i Shqip\u00ebris\u00eb mohon shpalljen \u201cnon-grata\u201d t\u00eb G\u00ebrvall\u00ebs: Marr\u00ebdh\u00ebniet tona me Kosov\u00ebn jan\u00eb t\u00eb qarta\"}]},{\"@type\":\"WebSite\",\"@id\":\"https:\/\/veritasinfo.org\/#website\",\"url\":\"https:\/\/veritasinfo.org\/\",\"name\":\"\",\"description\":\"\",\"potentialAction\":[{\"@type\":\"SearchAction\",\"target\":{\"@type\":\"EntryPoint\",\"urlTemplate\":\"https:\/\/veritasinfo.org\/?s={search_term_string}\"},\"query-input\":{\"@type\":\"PropertyValueSpecification\",\"valueRequired\":true,\"valueName\":\"search_term_string\"}}],\"inLanguage\":\"en-US\"},{\"@type\":\"Person\",\"@id\":\"https:\/\/veritasinfo.org\/#\/schema\/person\/fe199eede04c3937362892b7444747cc\",\"name\":\"US6\",\"image\":{\"@type\":\"ImageObject\",\"inLanguage\":\"en-US\",\"@id\":\"https:\/\/veritasinfo.org\/#\/schema\/person\/image\/\",\"url\":\"https:\/\/secure.gravatar.com\/avatar\/cb16c3c31c9d23b9b8c705964598220b3014e42ff51eb540ff23cefa3ae8c15f?s=96&d=mm&r=g\",\"contentUrl\":\"https:\/\/secure.gravatar.com\/avatar\/cb16c3c31c9d23b9b8c705964598220b3014e42ff51eb540ff23cefa3ae8c15f?s=96&d=mm&r=g\",\"caption\":\"US6\"},\"url\":\"https:\/\/veritasinfo.org\/?author=7\"}]}<\/script>\n<!-- \/ Yoast SEO plugin. -->","yoast_head_json":{"title":"Ambasadori i Shqip\u00ebris\u00eb mohon shpalljen \u201cnon-grata\u201d t\u00eb G\u00ebrvall\u00ebs: Marr\u00ebdh\u00ebniet tona me Kosov\u00ebn jan\u00eb t\u00eb qarta -","robots":{"index":"index","follow":"follow","max-snippet":"max-snippet:-1","max-image-preview":"max-image-preview:large","max-video-preview":"max-video-preview:-1"},"canonical":"https:\/\/veritasinfo.org\/?p=38967","og_locale":"en_US","og_type":"article","og_title":"Ambasadori i Shqip\u00ebris\u00eb mohon shpalljen \u201cnon-grata\u201d t\u00eb G\u00ebrvall\u00ebs: Marr\u00ebdh\u00ebniet tona me Kosov\u00ebn jan\u00eb t\u00eb qarta -","og_description":"Prishtin\u00eb, 21 mars 2026 19:51 Ambasadori i Shqip\u00ebris\u00eb n\u00eb Kosov\u00eb, Petrit Malaj, ka mohuar raportimet se Shqip\u00ebria e ka shpallur \u201cnon-grata\u201d ministren e Drejt\u00ebsis\u00eb n\u00eb","og_url":"https:\/\/veritasinfo.org\/?p=38967","article_published_time":"2026-03-21T18:51:48+00:00","og_image":[{"width":658,"height":384,"url":"https:\/\/veritasinfo.org\/wp-content\/uploads\/2026\/03\/1-86.jpg","type":"image\/jpeg"}],"author":"US6","twitter_card":"summary_large_image","twitter_misc":{"Written by":"US6","Est. reading time":"2 minutes"},"schema":{"@context":"https:\/\/schema.org","@graph":[{"@type":"WebPage","@id":"https:\/\/veritasinfo.org\/?p=38967","url":"https:\/\/veritasinfo.org\/?p=38967","name":"Ambasadori i Shqip\u00ebris\u00eb mohon shpalljen \u201cnon-grata\u201d t\u00eb G\u00ebrvall\u00ebs: Marr\u00ebdh\u00ebniet tona me Kosov\u00ebn jan\u00eb t\u00eb qarta -","isPartOf":{"@id":"https:\/\/veritasinfo.org\/#website"},"primaryImageOfPage":{"@id":"https:\/\/veritasinfo.org\/?p=38967#primaryimage"},"image":{"@id":"https:\/\/veritasinfo.org\/?p=38967#primaryimage"},"thumbnailUrl":"https:\/\/veritasinfo.org\/wp-content\/uploads\/2026\/03\/1-86.jpg","datePublished":"2026-03-21T18:51:48+00:00","author":{"@id":"https:\/\/veritasinfo.org\/#\/schema\/person\/fe199eede04c3937362892b7444747cc"},"breadcrumb":{"@id":"https:\/\/veritasinfo.org\/?p=38967#breadcrumb"},"inLanguage":"en-US","potentialAction":[{"@type":"ReadAction","target":["https:\/\/veritasinfo.org\/?p=38967"]}]},{"@type":"ImageObject","inLanguage":"en-US","@id":"https:\/\/veritasinfo.org\/?p=38967#primaryimage","url":"https:\/\/veritasinfo.org\/wp-content\/uploads\/2026\/03\/1-86.jpg","contentUrl":"https:\/\/veritasinfo.org\/wp-content\/uploads\/2026\/03\/1-86.jpg","width":658,"height":384},{"@type":"BreadcrumbList","@id":"https:\/\/veritasinfo.org\/?p=38967#breadcrumb","itemListElement":[{"@type":"ListItem","position":1,"name":"Home","item":"https:\/\/veritasinfo.org\/"},{"@type":"ListItem","position":2,"name":"Ambasadori i Shqip\u00ebris\u00eb mohon shpalljen \u201cnon-grata\u201d t\u00eb G\u00ebrvall\u00ebs: Marr\u00ebdh\u00ebniet tona me Kosov\u00ebn jan\u00eb t\u00eb qarta"}]},{"@type":"WebSite","@id":"https:\/\/veritasinfo.org\/#website","url":"https:\/\/veritasinfo.org\/","name":"","description":"","potentialAction":[{"@type":"SearchAction","target":{"@type":"EntryPoint","urlTemplate":"https:\/\/veritasinfo.org\/?s={search_term_string}"},"query-input":{"@type":"PropertyValueSpecification","valueRequired":true,"valueName":"search_term_string"}}],"inLanguage":"en-US"},{"@type":"Person","@id":"https:\/\/veritasinfo.org\/#\/schema\/person\/fe199eede04c3937362892b7444747cc","name":"US6","image":{"@type":"ImageObject","inLanguage":"en-US","@id":"https:\/\/veritasinfo.org\/#\/schema\/person\/image\/","url":"https:\/\/secure.gravatar.com\/avatar\/cb16c3c31c9d23b9b8c705964598220b3014e42ff51eb540ff23cefa3ae8c15f?s=96&d=mm&r=g","contentUrl":"https:\/\/secure.gravatar.com\/avatar\/cb16c3c31c9d23b9b8c705964598220b3014e42ff51eb540ff23cefa3ae8c15f?s=96&d=mm&r=g","caption":"US6"},"url":"https:\/\/veritasinfo.org\/?author=7"}]}},"featured_image_urls":{"full":["https:\/\/veritasinfo.org\/wp-content\/uploads\/2026\/03\/1-86.jpg",658,384,false],"thumbnail":["https:\/\/veritasinfo.org\/wp-content\/uploads\/2026\/03\/1-86-150x150.jpg",150,150,true],"medium":["https:\/\/veritasinfo.org\/wp-content\/uploads\/2026\/03\/1-86-300x175.jpg",300,175,true],"medium_large":["https:\/\/veritasinfo.org\/wp-content\/uploads\/2026\/03\/1-86.jpg",640,373,false],"large":["https:\/\/veritasinfo.org\/wp-content\/uploads\/2026\/03\/1-86.jpg",640,373,false],"1536x1536":["https:\/\/veritasinfo.org\/wp-content\/uploads\/2026\/03\/1-86.jpg",658,384,false],"2048x2048":["https:\/\/veritasinfo.org\/wp-content\/uploads\/2026\/03\/1-86.jpg",658,384,false],"kreeti-slider-full":["https:\/\/veritasinfo.org\/wp-content\/uploads\/2026\/03\/1-86.jpg",658,384,false],"kreeti-featured":["https:\/\/veritasinfo.org\/wp-content\/uploads\/2026\/03\/1-86.jpg",658,384,false],"kreeti-medium":["https:\/\/veritasinfo.org\/wp-content\/uploads\/2026\/03\/1-86.jpg",658,384,false],"kreeti-medium-square":["https:\/\/veritasinfo.org\/wp-content\/uploads\/2026\/03\/1-86.jpg",350,204,false]},"author_info":{"info":["US6"]},"category_info":"<a href=\"https:\/\/veritasinfo.org\/?cat=58\" rel=\"category\">Politik\u00eb<\/a>","tag_info":"Politik\u00eb","comment_count":"0","_links":{"self":[{"href":"https:\/\/veritasinfo.org\/index.php?rest_route=\/wp\/v2\/posts\/38967","targetHints":{"allow":["GET"]}}],"collection":[{"href":"https:\/\/veritasinfo.org\/index.php?rest_route=\/wp\/v2\/posts"}],"about":[{"href":"https:\/\/veritasinfo.org\/index.php?rest_route=\/wp\/v2\/types\/post"}],"author":[{"embeddable":true,"href":"https:\/\/veritasinfo.org\/index.php?rest_route=\/wp\/v2\/users\/7"}],"replies":[{"embeddable":true,"href":"https:\/\/veritasinfo.org\/index.php?rest_route=%2Fwp%2Fv2%2Fcomments&post=38967"}],"version-history":[{"count":1,"href":"https:\/\/veritasinfo.org\/index.php?rest_route=\/wp\/v2\/posts\/38967\/revisions"}],"predecessor-version":[{"id":38969,"href":"https:\/\/veritasinfo.org\/index.php?rest_route=\/wp\/v2\/posts\/38967\/revisions\/38969"}],"wp:featuredmedia":[{"embeddable":true,"href":"https:\/\/veritasinfo.org\/index.php?rest_route=\/wp\/v2\/media\/38968"}],"wp:attachment":[{"href":"https:\/\/veritasinfo.org\/index.php?rest_route=%2Fwp%2Fv2%2Fmedia&parent=38967"}],"wp:term":[{"taxonomy":"category","embeddable":true,"href":"https:\/\/veritasinfo.org\/index.php?rest_route=%2Fwp%2Fv2%2Fcategories&post=38967"},{"taxonomy":"post_tag","embeddable":true,"href":"https:\/\/veritasinfo.org\/index.php?rest_route=%2Fwp%2Fv2%2Ftags&post=38967"}],"curies":[{"name":"wp","href":"https:\/\/api.w.org\/{rel}","templated":true}]}}