{"id":38961,"date":"2026-03-21T19:30:06","date_gmt":"2026-03-21T18:30:06","guid":{"rendered":"https:\/\/veritasinfo.org\/?p=38961"},"modified":"2026-03-21T19:30:06","modified_gmt":"2026-03-21T18:30:06","slug":"mes-dy-mije-shkencetareve-kosovarja-del-me-e-mira-pranvera-hyseni-fiton-cmimin-kryesor-ne-konferencen-me-te-madhe-per-shkenca-planetare","status":"publish","type":"post","link":"https:\/\/veritasinfo.org\/?p=38961","title":{"rendered":"Mes dy mij\u00eb shkenc\u00ebtar\u00ebve, kosovarja del m\u00eb e mira &#8211; Pranvera Hyseni fiton \u00e7mimin kryesor n\u00eb konferenc\u00ebn m\u00eb t\u00eb madhe p\u00ebr shkenca planetare"},"content":{"rendered":"<p>Prishtin\u00eb, 21 mars 2026 19:28<\/p>\n<p>N\u00eb Houston, Teksas, ku mbahet konferenca m\u00eb e madhe n\u00eb bot\u00eb p\u00ebr shkencat planetare &#8216;Lunnar and planetar science conference&#8217;, k\u00ebt\u00eb vit spikati nj\u00eb em\u00ebr nga Kosova.<\/p>\n<p>Shkenc\u00ebtarja e re, Pranvera Hyseni, mori pjes\u00eb p\u00ebr her\u00eb t\u00eb tret\u00eb n\u00eb k\u00ebt\u00eb ngjarje prestigjioze, ku mblidhen mbi 2000 studiues nga e gjith\u00eb bota p\u00ebr t\u00eb prezantuar k\u00ebrkimet e tyre.<\/p>\n<p>Hyseni pati mund\u00ebsin\u00eb t\u00eb prezantoj\u00eb pun\u00ebn e saj shkencore n\u00eb sken\u00eb, duke theksuar se p\u00ebr t\u00eb, krenaria m\u00eb e madhe nuk ishte vet\u00ebm prezantimi i studimit, por fakti q\u00eb p\u00ebrfaq\u00ebsonte Republik\u00ebn e Kosov\u00ebs.<\/p>\n<p>\u201cP\u00ebr mua krenari e madhe nuk \u00ebsht\u00eb t\u00eb dal n\u00eb sken\u00eb e t\u00eb tregoj vet\u00ebm p\u00ebr asteroidin, por t\u00eb dal e t\u00eb prezantohem prej Republik\u00ebs s\u00eb Kosov\u00ebs. Edhe ne t\u00eb Kosov\u00ebs mundemi t\u2019i tregojm\u00eb NASA-s p\u00ebr astronomi\u201d, deklaroi Hyseni n\u00eb nj\u00eb video t\u00eb ndar\u00eb n\u00eb TikTok.<\/p>\n<p>N\u00eb p\u00ebrfundim t\u00eb konferenc\u00ebs, u ndan\u00eb \u00e7mime p\u00ebr prezantimet m\u00eb t\u00eb mira, ku Pranvera u vler\u00ebsua me \u00e7mimin \u201cBest Oral Presentation\u201d, duke u renditur nd\u00ebr m\u00eb t\u00eb mirat n\u00eb mesin e mij\u00ebra shkenc\u00ebtar\u00ebve.<\/p>\n<p>N\u00eb mesazhin e saj motivues, ajo iu drejtua student\u00ebve n\u00eb Kosov\u00eb duke i inkurajuar t\u00eb ndjekin \u00ebndrrat e tyre, pavar\u00ebsisht sfidave.<\/p>\n<p>\u201cMos u ndalni dhe mos u frik\u00ebsoni q\u00eb jeni nga Kosova. Para pes\u00eb viteve kam qen\u00eb n\u00eb livadhe duke ruajtur lop\u00ebt, nd\u00ebrsa sot konkurroj me shkenc\u00ebtar\u00eb t\u00eb NASA\u201d, tha ajo.<\/p>\n","protected":false},"excerpt":{"rendered":"<p>Prishtin\u00eb, 21 mars 2026 19:28 N\u00eb Houston, Teksas, ku mbahet konferenca m\u00eb e madhe n\u00eb bot\u00eb p\u00ebr shkencat planetare &#8216;Lunnar and planetar science conference&#8217;, k\u00ebt\u00eb<\/p>\n","protected":false},"author":7,"featured_media":38962,"comment_status":"open","ping_status":"open","sticky":false,"template":"","format":"standard","meta":{"footnotes":""},"categories":[60],"tags":[],"class_list":["post-38961","post","type-post","status-publish","format-standard","has-post-thumbnail","hentry","category-shoqerore-sq"],"yoast_head":"<!-- This site is optimized with the Yoast SEO plugin v25.3.1 - https:\/\/yoast.com\/wordpress\/plugins\/seo\/ -->\n<title>Mes dy mij\u00eb shkenc\u00ebtar\u00ebve, kosovarja del m\u00eb e mira - Pranvera Hyseni fiton \u00e7mimin kryesor n\u00eb konferenc\u00ebn m\u00eb t\u00eb madhe p\u00ebr shkenca planetare -<\/title>\n<meta name=\"robots\" content=\"index, follow, max-snippet:-1, max-image-preview:large, max-video-preview:-1\" \/>\n<link rel=\"canonical\" href=\"https:\/\/veritasinfo.org\/?p=38961\" \/>\n<meta property=\"og:locale\" content=\"en_US\" \/>\n<meta property=\"og:type\" content=\"article\" \/>\n<meta property=\"og:title\" content=\"Mes dy mij\u00eb shkenc\u00ebtar\u00ebve, kosovarja del m\u00eb e mira - Pranvera Hyseni fiton \u00e7mimin kryesor n\u00eb konferenc\u00ebn m\u00eb t\u00eb madhe p\u00ebr shkenca planetare -\" \/>\n<meta property=\"og:description\" content=\"Prishtin\u00eb, 21 mars 2026 19:28 N\u00eb Houston, Teksas, ku mbahet konferenca m\u00eb e madhe n\u00eb bot\u00eb p\u00ebr shkencat planetare &#8216;Lunnar and planetar science conference&#8217;, k\u00ebt\u00eb\" \/>\n<meta property=\"og:url\" content=\"https:\/\/veritasinfo.org\/?p=38961\" \/>\n<meta property=\"article:published_time\" content=\"2026-03-21T18:30:06+00:00\" \/>\n<meta property=\"og:image\" content=\"https:\/\/veritasinfo.org\/wp-content\/uploads\/2026\/03\/1-84.jpg\" \/>\n\t<meta property=\"og:image:width\" content=\"868\" \/>\n\t<meta property=\"og:image:height\" content=\"480\" \/>\n\t<meta property=\"og:image:type\" content=\"image\/jpeg\" \/>\n<meta name=\"author\" content=\"US6\" \/>\n<meta name=\"twitter:card\" content=\"summary_large_image\" \/>\n<meta name=\"twitter:label1\" content=\"Written by\" \/>\n\t<meta name=\"twitter:data1\" content=\"US6\" \/>\n\t<meta name=\"twitter:label2\" content=\"Est. reading time\" \/>\n\t<meta name=\"twitter:data2\" content=\"2 minutes\" \/>\n<script type=\"application\/ld+json\" class=\"yoast-schema-graph\">{\"@context\":\"https:\/\/schema.org\",\"@graph\":[{\"@type\":\"WebPage\",\"@id\":\"https:\/\/veritasinfo.org\/?p=38961\",\"url\":\"https:\/\/veritasinfo.org\/?p=38961\",\"name\":\"Mes dy mij\u00eb shkenc\u00ebtar\u00ebve, kosovarja del m\u00eb e mira - Pranvera Hyseni fiton \u00e7mimin kryesor n\u00eb konferenc\u00ebn m\u00eb t\u00eb madhe p\u00ebr shkenca planetare -\",\"isPartOf\":{\"@id\":\"https:\/\/veritasinfo.org\/#website\"},\"primaryImageOfPage\":{\"@id\":\"https:\/\/veritasinfo.org\/?p=38961#primaryimage\"},\"image\":{\"@id\":\"https:\/\/veritasinfo.org\/?p=38961#primaryimage\"},\"thumbnailUrl\":\"https:\/\/veritasinfo.org\/wp-content\/uploads\/2026\/03\/1-84.jpg\",\"datePublished\":\"2026-03-21T18:30:06+00:00\",\"author\":{\"@id\":\"https:\/\/veritasinfo.org\/#\/schema\/person\/fe199eede04c3937362892b7444747cc\"},\"breadcrumb\":{\"@id\":\"https:\/\/veritasinfo.org\/?p=38961#breadcrumb\"},\"inLanguage\":\"en-US\",\"potentialAction\":[{\"@type\":\"ReadAction\",\"target\":[\"https:\/\/veritasinfo.org\/?p=38961\"]}]},{\"@type\":\"ImageObject\",\"inLanguage\":\"en-US\",\"@id\":\"https:\/\/veritasinfo.org\/?p=38961#primaryimage\",\"url\":\"https:\/\/veritasinfo.org\/wp-content\/uploads\/2026\/03\/1-84.jpg\",\"contentUrl\":\"https:\/\/veritasinfo.org\/wp-content\/uploads\/2026\/03\/1-84.jpg\",\"width\":868,\"height\":480},{\"@type\":\"BreadcrumbList\",\"@id\":\"https:\/\/veritasinfo.org\/?p=38961#breadcrumb\",\"itemListElement\":[{\"@type\":\"ListItem\",\"position\":1,\"name\":\"Home\",\"item\":\"https:\/\/veritasinfo.org\/\"},{\"@type\":\"ListItem\",\"position\":2,\"name\":\"Mes dy mij\u00eb shkenc\u00ebtar\u00ebve, kosovarja del m\u00eb e mira &#8211; Pranvera Hyseni fiton \u00e7mimin kryesor n\u00eb konferenc\u00ebn m\u00eb t\u00eb madhe p\u00ebr shkenca planetare\"}]},{\"@type\":\"WebSite\",\"@id\":\"https:\/\/veritasinfo.org\/#website\",\"url\":\"https:\/\/veritasinfo.org\/\",\"name\":\"\",\"description\":\"\",\"potentialAction\":[{\"@type\":\"SearchAction\",\"target\":{\"@type\":\"EntryPoint\",\"urlTemplate\":\"https:\/\/veritasinfo.org\/?s={search_term_string}\"},\"query-input\":{\"@type\":\"PropertyValueSpecification\",\"valueRequired\":true,\"valueName\":\"search_term_string\"}}],\"inLanguage\":\"en-US\"},{\"@type\":\"Person\",\"@id\":\"https:\/\/veritasinfo.org\/#\/schema\/person\/fe199eede04c3937362892b7444747cc\",\"name\":\"US6\",\"image\":{\"@type\":\"ImageObject\",\"inLanguage\":\"en-US\",\"@id\":\"https:\/\/veritasinfo.org\/#\/schema\/person\/image\/\",\"url\":\"https:\/\/secure.gravatar.com\/avatar\/cb16c3c31c9d23b9b8c705964598220b3014e42ff51eb540ff23cefa3ae8c15f?s=96&d=mm&r=g\",\"contentUrl\":\"https:\/\/secure.gravatar.com\/avatar\/cb16c3c31c9d23b9b8c705964598220b3014e42ff51eb540ff23cefa3ae8c15f?s=96&d=mm&r=g\",\"caption\":\"US6\"},\"url\":\"https:\/\/veritasinfo.org\/?author=7\"}]}<\/script>\n<!-- \/ Yoast SEO plugin. -->","yoast_head_json":{"title":"Mes dy mij\u00eb shkenc\u00ebtar\u00ebve, kosovarja del m\u00eb e mira - Pranvera Hyseni fiton \u00e7mimin kryesor n\u00eb konferenc\u00ebn m\u00eb t\u00eb madhe p\u00ebr shkenca planetare -","robots":{"index":"index","follow":"follow","max-snippet":"max-snippet:-1","max-image-preview":"max-image-preview:large","max-video-preview":"max-video-preview:-1"},"canonical":"https:\/\/veritasinfo.org\/?p=38961","og_locale":"en_US","og_type":"article","og_title":"Mes dy mij\u00eb shkenc\u00ebtar\u00ebve, kosovarja del m\u00eb e mira - Pranvera Hyseni fiton \u00e7mimin kryesor n\u00eb konferenc\u00ebn m\u00eb t\u00eb madhe p\u00ebr shkenca planetare -","og_description":"Prishtin\u00eb, 21 mars 2026 19:28 N\u00eb Houston, Teksas, ku mbahet konferenca m\u00eb e madhe n\u00eb bot\u00eb p\u00ebr shkencat planetare &#8216;Lunnar and planetar science conference&#8217;, k\u00ebt\u00eb","og_url":"https:\/\/veritasinfo.org\/?p=38961","article_published_time":"2026-03-21T18:30:06+00:00","og_image":[{"width":868,"height":480,"url":"https:\/\/veritasinfo.org\/wp-content\/uploads\/2026\/03\/1-84.jpg","type":"image\/jpeg"}],"author":"US6","twitter_card":"summary_large_image","twitter_misc":{"Written by":"US6","Est. reading time":"2 minutes"},"schema":{"@context":"https:\/\/schema.org","@graph":[{"@type":"WebPage","@id":"https:\/\/veritasinfo.org\/?p=38961","url":"https:\/\/veritasinfo.org\/?p=38961","name":"Mes dy mij\u00eb shkenc\u00ebtar\u00ebve, kosovarja del m\u00eb e mira - Pranvera Hyseni fiton \u00e7mimin kryesor n\u00eb konferenc\u00ebn m\u00eb t\u00eb madhe p\u00ebr shkenca planetare -","isPartOf":{"@id":"https:\/\/veritasinfo.org\/#website"},"primaryImageOfPage":{"@id":"https:\/\/veritasinfo.org\/?p=38961#primaryimage"},"image":{"@id":"https:\/\/veritasinfo.org\/?p=38961#primaryimage"},"thumbnailUrl":"https:\/\/veritasinfo.org\/wp-content\/uploads\/2026\/03\/1-84.jpg","datePublished":"2026-03-21T18:30:06+00:00","author":{"@id":"https:\/\/veritasinfo.org\/#\/schema\/person\/fe199eede04c3937362892b7444747cc"},"breadcrumb":{"@id":"https:\/\/veritasinfo.org\/?p=38961#breadcrumb"},"inLanguage":"en-US","potentialAction":[{"@type":"ReadAction","target":["https:\/\/veritasinfo.org\/?p=38961"]}]},{"@type":"ImageObject","inLanguage":"en-US","@id":"https:\/\/veritasinfo.org\/?p=38961#primaryimage","url":"https:\/\/veritasinfo.org\/wp-content\/uploads\/2026\/03\/1-84.jpg","contentUrl":"https:\/\/veritasinfo.org\/wp-content\/uploads\/2026\/03\/1-84.jpg","width":868,"height":480},{"@type":"BreadcrumbList","@id":"https:\/\/veritasinfo.org\/?p=38961#breadcrumb","itemListElement":[{"@type":"ListItem","position":1,"name":"Home","item":"https:\/\/veritasinfo.org\/"},{"@type":"ListItem","position":2,"name":"Mes dy mij\u00eb shkenc\u00ebtar\u00ebve, kosovarja del m\u00eb e mira &#8211; Pranvera Hyseni fiton \u00e7mimin kryesor n\u00eb konferenc\u00ebn m\u00eb t\u00eb madhe p\u00ebr shkenca planetare"}]},{"@type":"WebSite","@id":"https:\/\/veritasinfo.org\/#website","url":"https:\/\/veritasinfo.org\/","name":"","description":"","potentialAction":[{"@type":"SearchAction","target":{"@type":"EntryPoint","urlTemplate":"https:\/\/veritasinfo.org\/?s={search_term_string}"},"query-input":{"@type":"PropertyValueSpecification","valueRequired":true,"valueName":"search_term_string"}}],"inLanguage":"en-US"},{"@type":"Person","@id":"https:\/\/veritasinfo.org\/#\/schema\/person\/fe199eede04c3937362892b7444747cc","name":"US6","image":{"@type":"ImageObject","inLanguage":"en-US","@id":"https:\/\/veritasinfo.org\/#\/schema\/person\/image\/","url":"https:\/\/secure.gravatar.com\/avatar\/cb16c3c31c9d23b9b8c705964598220b3014e42ff51eb540ff23cefa3ae8c15f?s=96&d=mm&r=g","contentUrl":"https:\/\/secure.gravatar.com\/avatar\/cb16c3c31c9d23b9b8c705964598220b3014e42ff51eb540ff23cefa3ae8c15f?s=96&d=mm&r=g","caption":"US6"},"url":"https:\/\/veritasinfo.org\/?author=7"}]}},"featured_image_urls":{"full":["https:\/\/veritasinfo.org\/wp-content\/uploads\/2026\/03\/1-84.jpg",868,480,false],"thumbnail":["https:\/\/veritasinfo.org\/wp-content\/uploads\/2026\/03\/1-84-150x150.jpg",150,150,true],"medium":["https:\/\/veritasinfo.org\/wp-content\/uploads\/2026\/03\/1-84-300x166.jpg",300,166,true],"medium_large":["https:\/\/veritasinfo.org\/wp-content\/uploads\/2026\/03\/1-84-768x425.jpg",640,354,true],"large":["https:\/\/veritasinfo.org\/wp-content\/uploads\/2026\/03\/1-84.jpg",640,354,false],"1536x1536":["https:\/\/veritasinfo.org\/wp-content\/uploads\/2026\/03\/1-84.jpg",868,480,false],"2048x2048":["https:\/\/veritasinfo.org\/wp-content\/uploads\/2026\/03\/1-84.jpg",868,480,false],"kreeti-slider-full":["https:\/\/veritasinfo.org\/wp-content\/uploads\/2026\/03\/1-84.jpg",868,480,false],"kreeti-featured":["https:\/\/veritasinfo.org\/wp-content\/uploads\/2026\/03\/1-84.jpg",868,480,false],"kreeti-medium":["https:\/\/veritasinfo.org\/wp-content\/uploads\/2026\/03\/1-84.jpg",720,398,false],"kreeti-medium-square":["https:\/\/veritasinfo.org\/wp-content\/uploads\/2026\/03\/1-84.jpg",350,194,false]},"author_info":{"info":["US6"]},"category_info":"<a href=\"https:\/\/veritasinfo.org\/?cat=60\" rel=\"category\">Shoq\u00ebrore<\/a>","tag_info":"Shoq\u00ebrore","comment_count":"0","_links":{"self":[{"href":"https:\/\/veritasinfo.org\/index.php?rest_route=\/wp\/v2\/posts\/38961","targetHints":{"allow":["GET"]}}],"collection":[{"href":"https:\/\/veritasinfo.org\/index.php?rest_route=\/wp\/v2\/posts"}],"about":[{"href":"https:\/\/veritasinfo.org\/index.php?rest_route=\/wp\/v2\/types\/post"}],"author":[{"embeddable":true,"href":"https:\/\/veritasinfo.org\/index.php?rest_route=\/wp\/v2\/users\/7"}],"replies":[{"embeddable":true,"href":"https:\/\/veritasinfo.org\/index.php?rest_route=%2Fwp%2Fv2%2Fcomments&post=38961"}],"version-history":[{"count":1,"href":"https:\/\/veritasinfo.org\/index.php?rest_route=\/wp\/v2\/posts\/38961\/revisions"}],"predecessor-version":[{"id":38963,"href":"https:\/\/veritasinfo.org\/index.php?rest_route=\/wp\/v2\/posts\/38961\/revisions\/38963"}],"wp:featuredmedia":[{"embeddable":true,"href":"https:\/\/veritasinfo.org\/index.php?rest_route=\/wp\/v2\/media\/38962"}],"wp:attachment":[{"href":"https:\/\/veritasinfo.org\/index.php?rest_route=%2Fwp%2Fv2%2Fmedia&parent=38961"}],"wp:term":[{"taxonomy":"category","embeddable":true,"href":"https:\/\/veritasinfo.org\/index.php?rest_route=%2Fwp%2Fv2%2Fcategories&post=38961"},{"taxonomy":"post_tag","embeddable":true,"href":"https:\/\/veritasinfo.org\/index.php?rest_route=%2Fwp%2Fv2%2Ftags&post=38961"}],"curies":[{"name":"wp","href":"https:\/\/api.w.org\/{rel}","templated":true}]}}