{"id":38958,"date":"2026-03-21T18:20:34","date_gmt":"2026-03-21T17:20:34","guid":{"rendered":"https:\/\/veritasinfo.org\/?p=38958"},"modified":"2026-03-21T18:20:34","modified_gmt":"2026-03-21T17:20:34","slug":"sesnaestogodisnjak-sa-kosova-debituje-za-bajern","status":"publish","type":"post","link":"https:\/\/veritasinfo.org\/?p=38958&lang=sr","title":{"rendered":"\u0160esnaestogodi\u0161njak sa Kosova debituje za Bajern"},"content":{"rendered":"<p>Pri\u0161tina, 21. mart 2026. 18:18<\/p>\n<p>Erblin Osmani je dodat na duga\u010dku listu fudbalera kosovskog porekla koji su stigli do prvog tima Bajern Minhena.<\/p>\n<p>Osmani je debitovao sa seniorskim timom velikog nema\u010dkog kluba u subotu.<\/p>\n<p>\u0160esnaestogodi\u0161njak je zamenio Leona Gorecku na sredini terena u 87. minutu, u pobedi Bajern Minhena nad Union Berlinom od 4:0.<\/p>\n<p>Utakmica je bila u okviru 27. kola nema\u010dke Bundeslige.<\/p>\n<p>D\u017eerdan \u0160ac\u0301iri, Ili Salahi, Arijon Ibrahimovic\u0301i, Leon Dajaku i Meritan \u0160abani su tako\u0111e ranije igrali za prvi tim Bajern Minhena.<\/p>\n<p>Sada je na ovu listu dodat i Osmani, koji igra na poziciji defanzivnog veznog igra\u010da.<\/p>\n<p>Osmani je deo nema\u010dke reprezentacije do 16 godina, dok je u Bajernu od 2017. godine. Bajernu je pridru\u017eio se iz omladinskog tima Milbert\u0161.<\/p>\n<p>Ove sezone je igrao za Bajernovu reprezentaciju do 17 godina, gde je i kapiten. Nastupao je i sa reprezentacijom do 19 godina.<\/p>\n<p>U 15 odigranih utakmica u svim takmi\u010denjima, Osmani je postigao tri gola i ima pet asistencija.<br \/>\nBajern Minhen nije imao problema u subotnjem me\u010du. Postigli su dva gola u prvom poluvremenu, a Mihael Olise je postigao gol u 43. minutu, a Ser\u017e Gnabri u prvom minutu nadoknade prvog poluvremena.<\/p>\n<p>Hari Kejn je postigao gol \u010detiri minuta nakon pauze, dok je Gnabri postigao jo\u0161 jedan gol u 67. minutu, odlu\u010div\u0161i kona\u010dan rezultat utakmice.<\/p>\n<p>Bajern Minhen ubedljivo vodi na prvoj poziciji sa 70 bodova, dok je Union Berlin u sredini tabele sa 31 bodom.<\/p>\n","protected":false},"excerpt":{"rendered":"<p>Pri\u0161tina, 21. mart 2026. 18:18 Erblin Osmani je dodat na duga\u010dku listu fudbalera kosovskog porekla koji su stigli do prvog tima Bajern Minhena. Osmani je<\/p>\n","protected":false},"author":7,"featured_media":38959,"comment_status":"open","ping_status":"open","sticky":false,"template":"","format":"standard","meta":{"footnotes":""},"categories":[36],"tags":[],"class_list":["post-38958","post","type-post","status-publish","format-standard","has-post-thumbnail","hentry","category-sport-sr"],"yoast_head":"<!-- This site is optimized with the Yoast SEO plugin v25.3.1 - https:\/\/yoast.com\/wordpress\/plugins\/seo\/ -->\n<title>\u0160esnaestogodi\u0161njak sa Kosova debituje za Bajern -<\/title>\n<meta name=\"robots\" content=\"index, follow, max-snippet:-1, max-image-preview:large, max-video-preview:-1\" \/>\n<link rel=\"canonical\" href=\"https:\/\/veritasinfo.org\/?p=38958&lang=sr\" \/>\n<meta property=\"og:locale\" content=\"en_US\" \/>\n<meta property=\"og:type\" content=\"article\" \/>\n<meta property=\"og:title\" content=\"\u0160esnaestogodi\u0161njak sa Kosova debituje za Bajern -\" \/>\n<meta property=\"og:description\" content=\"Pri\u0161tina, 21. mart 2026. 18:18 Erblin Osmani je dodat na duga\u010dku listu fudbalera kosovskog porekla koji su stigli do prvog tima Bajern Minhena. Osmani je\" \/>\n<meta property=\"og:url\" content=\"https:\/\/veritasinfo.org\/?p=38958&amp;lang=sr\" \/>\n<meta property=\"article:published_time\" content=\"2026-03-21T17:20:34+00:00\" \/>\n<meta property=\"og:image\" content=\"https:\/\/veritasinfo.org\/wp-content\/uploads\/2026\/03\/2-22.jpg\" \/>\n\t<meta property=\"og:image:width\" content=\"621\" \/>\n\t<meta property=\"og:image:height\" content=\"392\" \/>\n\t<meta property=\"og:image:type\" content=\"image\/jpeg\" \/>\n<meta name=\"author\" content=\"US6\" \/>\n<meta name=\"twitter:card\" content=\"summary_large_image\" \/>\n<meta name=\"twitter:label1\" content=\"Written by\" \/>\n\t<meta name=\"twitter:data1\" content=\"US6\" \/>\n\t<meta name=\"twitter:label2\" content=\"Est. reading time\" \/>\n\t<meta name=\"twitter:data2\" content=\"2 minutes\" \/>\n<script type=\"application\/ld+json\" class=\"yoast-schema-graph\">{\"@context\":\"https:\/\/schema.org\",\"@graph\":[{\"@type\":\"WebPage\",\"@id\":\"https:\/\/veritasinfo.org\/?p=38958&lang=sr\",\"url\":\"https:\/\/veritasinfo.org\/?p=38958&lang=sr\",\"name\":\"\u0160esnaestogodi\u0161njak sa Kosova debituje za Bajern -\",\"isPartOf\":{\"@id\":\"https:\/\/veritasinfo.org\/#website\"},\"primaryImageOfPage\":{\"@id\":\"https:\/\/veritasinfo.org\/?p=38958&lang=sr#primaryimage\"},\"image\":{\"@id\":\"https:\/\/veritasinfo.org\/?p=38958&lang=sr#primaryimage\"},\"thumbnailUrl\":\"https:\/\/veritasinfo.org\/wp-content\/uploads\/2026\/03\/2-22.jpg\",\"datePublished\":\"2026-03-21T17:20:34+00:00\",\"author\":{\"@id\":\"https:\/\/veritasinfo.org\/#\/schema\/person\/fe199eede04c3937362892b7444747cc\"},\"breadcrumb\":{\"@id\":\"https:\/\/veritasinfo.org\/?p=38958&lang=sr#breadcrumb\"},\"inLanguage\":\"en-US\",\"potentialAction\":[{\"@type\":\"ReadAction\",\"target\":[\"https:\/\/veritasinfo.org\/?p=38958&lang=sr\"]}]},{\"@type\":\"ImageObject\",\"inLanguage\":\"en-US\",\"@id\":\"https:\/\/veritasinfo.org\/?p=38958&lang=sr#primaryimage\",\"url\":\"https:\/\/veritasinfo.org\/wp-content\/uploads\/2026\/03\/2-22.jpg\",\"contentUrl\":\"https:\/\/veritasinfo.org\/wp-content\/uploads\/2026\/03\/2-22.jpg\",\"width\":621,\"height\":392},{\"@type\":\"BreadcrumbList\",\"@id\":\"https:\/\/veritasinfo.org\/?p=38958&lang=sr#breadcrumb\",\"itemListElement\":[{\"@type\":\"ListItem\",\"position\":1,\"name\":\"Home\",\"item\":\"https:\/\/veritasinfo.org\/\"},{\"@type\":\"ListItem\",\"position\":2,\"name\":\"\u0160esnaestogodi\u0161njak sa Kosova debituje za Bajern\"}]},{\"@type\":\"WebSite\",\"@id\":\"https:\/\/veritasinfo.org\/#website\",\"url\":\"https:\/\/veritasinfo.org\/\",\"name\":\"\",\"description\":\"\",\"potentialAction\":[{\"@type\":\"SearchAction\",\"target\":{\"@type\":\"EntryPoint\",\"urlTemplate\":\"https:\/\/veritasinfo.org\/?s={search_term_string}\"},\"query-input\":{\"@type\":\"PropertyValueSpecification\",\"valueRequired\":true,\"valueName\":\"search_term_string\"}}],\"inLanguage\":\"en-US\"},{\"@type\":\"Person\",\"@id\":\"https:\/\/veritasinfo.org\/#\/schema\/person\/fe199eede04c3937362892b7444747cc\",\"name\":\"US6\",\"image\":{\"@type\":\"ImageObject\",\"inLanguage\":\"en-US\",\"@id\":\"https:\/\/veritasinfo.org\/#\/schema\/person\/image\/\",\"url\":\"https:\/\/secure.gravatar.com\/avatar\/cb16c3c31c9d23b9b8c705964598220b3014e42ff51eb540ff23cefa3ae8c15f?s=96&d=mm&r=g\",\"contentUrl\":\"https:\/\/secure.gravatar.com\/avatar\/cb16c3c31c9d23b9b8c705964598220b3014e42ff51eb540ff23cefa3ae8c15f?s=96&d=mm&r=g\",\"caption\":\"US6\"},\"url\":\"https:\/\/veritasinfo.org\/?author=7\"}]}<\/script>\n<!-- \/ Yoast SEO plugin. -->","yoast_head_json":{"title":"\u0160esnaestogodi\u0161njak sa Kosova debituje za Bajern -","robots":{"index":"index","follow":"follow","max-snippet":"max-snippet:-1","max-image-preview":"max-image-preview:large","max-video-preview":"max-video-preview:-1"},"canonical":"https:\/\/veritasinfo.org\/?p=38958&lang=sr","og_locale":"en_US","og_type":"article","og_title":"\u0160esnaestogodi\u0161njak sa Kosova debituje za Bajern -","og_description":"Pri\u0161tina, 21. mart 2026. 18:18 Erblin Osmani je dodat na duga\u010dku listu fudbalera kosovskog porekla koji su stigli do prvog tima Bajern Minhena. Osmani je","og_url":"https:\/\/veritasinfo.org\/?p=38958&lang=sr","article_published_time":"2026-03-21T17:20:34+00:00","og_image":[{"width":621,"height":392,"url":"https:\/\/veritasinfo.org\/wp-content\/uploads\/2026\/03\/2-22.jpg","type":"image\/jpeg"}],"author":"US6","twitter_card":"summary_large_image","twitter_misc":{"Written by":"US6","Est. reading time":"2 minutes"},"schema":{"@context":"https:\/\/schema.org","@graph":[{"@type":"WebPage","@id":"https:\/\/veritasinfo.org\/?p=38958&lang=sr","url":"https:\/\/veritasinfo.org\/?p=38958&lang=sr","name":"\u0160esnaestogodi\u0161njak sa Kosova debituje za Bajern -","isPartOf":{"@id":"https:\/\/veritasinfo.org\/#website"},"primaryImageOfPage":{"@id":"https:\/\/veritasinfo.org\/?p=38958&lang=sr#primaryimage"},"image":{"@id":"https:\/\/veritasinfo.org\/?p=38958&lang=sr#primaryimage"},"thumbnailUrl":"https:\/\/veritasinfo.org\/wp-content\/uploads\/2026\/03\/2-22.jpg","datePublished":"2026-03-21T17:20:34+00:00","author":{"@id":"https:\/\/veritasinfo.org\/#\/schema\/person\/fe199eede04c3937362892b7444747cc"},"breadcrumb":{"@id":"https:\/\/veritasinfo.org\/?p=38958&lang=sr#breadcrumb"},"inLanguage":"en-US","potentialAction":[{"@type":"ReadAction","target":["https:\/\/veritasinfo.org\/?p=38958&lang=sr"]}]},{"@type":"ImageObject","inLanguage":"en-US","@id":"https:\/\/veritasinfo.org\/?p=38958&lang=sr#primaryimage","url":"https:\/\/veritasinfo.org\/wp-content\/uploads\/2026\/03\/2-22.jpg","contentUrl":"https:\/\/veritasinfo.org\/wp-content\/uploads\/2026\/03\/2-22.jpg","width":621,"height":392},{"@type":"BreadcrumbList","@id":"https:\/\/veritasinfo.org\/?p=38958&lang=sr#breadcrumb","itemListElement":[{"@type":"ListItem","position":1,"name":"Home","item":"https:\/\/veritasinfo.org\/"},{"@type":"ListItem","position":2,"name":"\u0160esnaestogodi\u0161njak sa Kosova debituje za Bajern"}]},{"@type":"WebSite","@id":"https:\/\/veritasinfo.org\/#website","url":"https:\/\/veritasinfo.org\/","name":"","description":"","potentialAction":[{"@type":"SearchAction","target":{"@type":"EntryPoint","urlTemplate":"https:\/\/veritasinfo.org\/?s={search_term_string}"},"query-input":{"@type":"PropertyValueSpecification","valueRequired":true,"valueName":"search_term_string"}}],"inLanguage":"en-US"},{"@type":"Person","@id":"https:\/\/veritasinfo.org\/#\/schema\/person\/fe199eede04c3937362892b7444747cc","name":"US6","image":{"@type":"ImageObject","inLanguage":"en-US","@id":"https:\/\/veritasinfo.org\/#\/schema\/person\/image\/","url":"https:\/\/secure.gravatar.com\/avatar\/cb16c3c31c9d23b9b8c705964598220b3014e42ff51eb540ff23cefa3ae8c15f?s=96&d=mm&r=g","contentUrl":"https:\/\/secure.gravatar.com\/avatar\/cb16c3c31c9d23b9b8c705964598220b3014e42ff51eb540ff23cefa3ae8c15f?s=96&d=mm&r=g","caption":"US6"},"url":"https:\/\/veritasinfo.org\/?author=7"}]}},"featured_image_urls":{"full":["https:\/\/veritasinfo.org\/wp-content\/uploads\/2026\/03\/2-22.jpg",621,392,false],"thumbnail":["https:\/\/veritasinfo.org\/wp-content\/uploads\/2026\/03\/2-22-150x150.jpg",150,150,true],"medium":["https:\/\/veritasinfo.org\/wp-content\/uploads\/2026\/03\/2-22-300x189.jpg",300,189,true],"medium_large":["https:\/\/veritasinfo.org\/wp-content\/uploads\/2026\/03\/2-22.jpg",621,392,false],"large":["https:\/\/veritasinfo.org\/wp-content\/uploads\/2026\/03\/2-22.jpg",621,392,false],"1536x1536":["https:\/\/veritasinfo.org\/wp-content\/uploads\/2026\/03\/2-22.jpg",621,392,false],"2048x2048":["https:\/\/veritasinfo.org\/wp-content\/uploads\/2026\/03\/2-22.jpg",621,392,false],"kreeti-slider-full":["https:\/\/veritasinfo.org\/wp-content\/uploads\/2026\/03\/2-22.jpg",621,392,false],"kreeti-featured":["https:\/\/veritasinfo.org\/wp-content\/uploads\/2026\/03\/2-22.jpg",621,392,false],"kreeti-medium":["https:\/\/veritasinfo.org\/wp-content\/uploads\/2026\/03\/2-22.jpg",621,392,false],"kreeti-medium-square":["https:\/\/veritasinfo.org\/wp-content\/uploads\/2026\/03\/2-22.jpg",350,221,false]},"author_info":{"info":["US6"]},"category_info":"<a href=\"https:\/\/veritasinfo.org\/?cat=36&#038;lang=sr\" rel=\"category\">Sport<\/a>","tag_info":"Sport","comment_count":"0","_links":{"self":[{"href":"https:\/\/veritasinfo.org\/index.php?rest_route=\/wp\/v2\/posts\/38958","targetHints":{"allow":["GET"]}}],"collection":[{"href":"https:\/\/veritasinfo.org\/index.php?rest_route=\/wp\/v2\/posts"}],"about":[{"href":"https:\/\/veritasinfo.org\/index.php?rest_route=\/wp\/v2\/types\/post"}],"author":[{"embeddable":true,"href":"https:\/\/veritasinfo.org\/index.php?rest_route=\/wp\/v2\/users\/7"}],"replies":[{"embeddable":true,"href":"https:\/\/veritasinfo.org\/index.php?rest_route=%2Fwp%2Fv2%2Fcomments&post=38958"}],"version-history":[{"count":1,"href":"https:\/\/veritasinfo.org\/index.php?rest_route=\/wp\/v2\/posts\/38958\/revisions"}],"predecessor-version":[{"id":38960,"href":"https:\/\/veritasinfo.org\/index.php?rest_route=\/wp\/v2\/posts\/38958\/revisions\/38960"}],"wp:featuredmedia":[{"embeddable":true,"href":"https:\/\/veritasinfo.org\/index.php?rest_route=\/wp\/v2\/media\/38959"}],"wp:attachment":[{"href":"https:\/\/veritasinfo.org\/index.php?rest_route=%2Fwp%2Fv2%2Fmedia&parent=38958"}],"wp:term":[{"taxonomy":"category","embeddable":true,"href":"https:\/\/veritasinfo.org\/index.php?rest_route=%2Fwp%2Fv2%2Fcategories&post=38958"},{"taxonomy":"post_tag","embeddable":true,"href":"https:\/\/veritasinfo.org\/index.php?rest_route=%2Fwp%2Fv2%2Ftags&post=38958"}],"curies":[{"name":"wp","href":"https:\/\/api.w.org\/{rel}","templated":true}]}}