{"id":38955,"date":"2026-03-21T18:19:36","date_gmt":"2026-03-21T17:19:36","guid":{"rendered":"https:\/\/veritasinfo.org\/?p=38955"},"modified":"2026-03-21T18:19:36","modified_gmt":"2026-03-21T17:19:36","slug":"16-vjecari-nga-kosova-debuton-te-bayerni","status":"publish","type":"post","link":"https:\/\/veritasinfo.org\/?p=38955","title":{"rendered":"16-vje\u00e7ari nga Kosova debuton te Bayerni"},"content":{"rendered":"<p>Prishtin\u00eb, 21 mars 2026 18:18<\/p>\n<p>List\u00ebs s\u00eb gjat\u00eb t\u00eb futbollist\u00ebve me rr\u00ebnj\u00eb nga Kosova q\u00eb kan\u00eb dep\u00ebrtuar deri n\u00eb ekipin e par\u00eb t\u00eb Bayern Munichut, i \u00ebsht\u00eb shtuar edhe Erblin Osmani.<\/p>\n<p>Osmani debutoi t\u00eb shtun\u00ebn me ekipin e t\u00eb rriturve te klubi i madh gjerman.<\/p>\n<p>16-vje\u00e7ari e z\u00ebvend\u00ebsoi Leon Goretzkan n\u00eb mesfush\u00eb n\u00eb minut\u00ebn e 87-t\u00eb, n\u00eb fitoren e thell\u00eb 4:0 t\u00eb Bayern Munichut ndaj Union Berlinit.<\/p>\n<p>Ndeshja i takoi xhiros s\u00eb 27-t\u00eb t\u00eb Bundeslig\u00ebs gjermane.<\/p>\n<p>Me ekipin e par\u00eb t\u00eb Bayern Munichut m\u00eb her\u00ebt kan\u00eb luajtur edhe Xherdan Shaqiri, Ylli Sallahi, Arijon Ibrahimoviqi, Leon Dajaku e Meritan Shabani.<\/p>\n<p>Tani k\u00ebsaj liste iu shtua edhe Osmani q\u00eb luan n\u00eb pozit\u00ebn e mesfushorit defensiv.<\/p>\n<p>Osmani \u00ebsht\u00eb pjes\u00eb e Gjermanis\u00eb U16, nd\u00ebrsa te Bayerni \u00ebsht\u00eb prej vitit 2017. Bayernit iu bashkua nga t\u00eb rinjt\u00eb e Milbertsh Youth.<\/p>\n<p>Ai ka luajtur n\u00eb k\u00ebt\u00eb edicion me U17 t\u00eb Bayernit, ku \u00ebsht\u00eb edhe kapiten. Ka paraqitje edhe me grupmosh\u00ebn U19.<\/p>\n<p>N\u00eb 15 ndeshjet e zhvilluara n\u00eb t\u00eb gjitha garat, Osmani ka realizuar tri gola dhe i ka pes\u00eb asistime.<br \/>\nBayern Munichu n\u00eb ndeshjen e s\u00eb shtun\u00ebs nuk pati telashe. Dy her\u00eb sh\u00ebnoi n\u00eb pjes\u00ebn e par\u00eb, me realizator Michael Olisen n\u00eb minut\u00ebn e 43-t\u00eb dhe Serge Gnabryn n\u00eb minut\u00ebn e par\u00eb shtes\u00eb t\u00eb pjes\u00ebs s\u00eb par\u00eb.<\/p>\n<p>Harry Kane sh\u00ebnoi kat\u00ebr minuta pas pushimit, nd\u00ebrsa Gnabry me tjet\u00ebr gol n\u00eb minut\u00ebn e 67-t\u00eb, e vendosi rezultatin p\u00ebrfundimtar t\u00eb ndeshjes.<\/p>\n<p>Bayern Munichu n\u00eb pozit\u00ebn e par\u00eb prin bindsh\u00ebm me 70 pik\u00eb, nd\u00ebrsa Union Berlini n\u00eb mesin e tabel\u00ebs i ka 31 pik\u00eb.<\/p>\n","protected":false},"excerpt":{"rendered":"<p>Prishtin\u00eb, 21 mars 2026 18:18 List\u00ebs s\u00eb gjat\u00eb t\u00eb futbollist\u00ebve me rr\u00ebnj\u00eb nga Kosova q\u00eb kan\u00eb dep\u00ebrtuar deri n\u00eb ekipin e par\u00eb t\u00eb Bayern Munichut,<\/p>\n","protected":false},"author":7,"featured_media":38956,"comment_status":"open","ping_status":"open","sticky":false,"template":"","format":"standard","meta":{"footnotes":""},"categories":[5],"tags":[],"class_list":["post-38955","post","type-post","status-publish","format-standard","has-post-thumbnail","hentry","category-sport-sq"],"yoast_head":"<!-- This site is optimized with the Yoast SEO plugin v25.3.1 - https:\/\/yoast.com\/wordpress\/plugins\/seo\/ -->\n<title>16-vje\u00e7ari nga Kosova debuton te Bayerni -<\/title>\n<meta name=\"robots\" content=\"index, follow, max-snippet:-1, max-image-preview:large, max-video-preview:-1\" \/>\n<link rel=\"canonical\" href=\"https:\/\/veritasinfo.org\/?p=38955\" \/>\n<meta property=\"og:locale\" content=\"en_US\" \/>\n<meta property=\"og:type\" content=\"article\" \/>\n<meta property=\"og:title\" content=\"16-vje\u00e7ari nga Kosova debuton te Bayerni -\" \/>\n<meta property=\"og:description\" content=\"Prishtin\u00eb, 21 mars 2026 18:18 List\u00ebs s\u00eb gjat\u00eb t\u00eb futbollist\u00ebve me rr\u00ebnj\u00eb nga Kosova q\u00eb kan\u00eb dep\u00ebrtuar deri n\u00eb ekipin e par\u00eb t\u00eb Bayern Munichut,\" \/>\n<meta property=\"og:url\" content=\"https:\/\/veritasinfo.org\/?p=38955\" \/>\n<meta property=\"article:published_time\" content=\"2026-03-21T17:19:36+00:00\" \/>\n<meta property=\"og:image\" content=\"https:\/\/veritasinfo.org\/wp-content\/uploads\/2026\/03\/2-21.jpg\" \/>\n\t<meta property=\"og:image:width\" content=\"621\" \/>\n\t<meta property=\"og:image:height\" content=\"392\" \/>\n\t<meta property=\"og:image:type\" content=\"image\/jpeg\" \/>\n<meta name=\"author\" content=\"US6\" \/>\n<meta name=\"twitter:card\" content=\"summary_large_image\" \/>\n<meta name=\"twitter:label1\" content=\"Written by\" \/>\n\t<meta name=\"twitter:data1\" content=\"US6\" \/>\n\t<meta name=\"twitter:label2\" content=\"Est. reading time\" \/>\n\t<meta name=\"twitter:data2\" content=\"2 minutes\" \/>\n<script type=\"application\/ld+json\" class=\"yoast-schema-graph\">{\"@context\":\"https:\/\/schema.org\",\"@graph\":[{\"@type\":\"WebPage\",\"@id\":\"https:\/\/veritasinfo.org\/?p=38955\",\"url\":\"https:\/\/veritasinfo.org\/?p=38955\",\"name\":\"16-vje\u00e7ari nga Kosova debuton te Bayerni -\",\"isPartOf\":{\"@id\":\"https:\/\/veritasinfo.org\/#website\"},\"primaryImageOfPage\":{\"@id\":\"https:\/\/veritasinfo.org\/?p=38955#primaryimage\"},\"image\":{\"@id\":\"https:\/\/veritasinfo.org\/?p=38955#primaryimage\"},\"thumbnailUrl\":\"https:\/\/veritasinfo.org\/wp-content\/uploads\/2026\/03\/2-21.jpg\",\"datePublished\":\"2026-03-21T17:19:36+00:00\",\"author\":{\"@id\":\"https:\/\/veritasinfo.org\/#\/schema\/person\/fe199eede04c3937362892b7444747cc\"},\"breadcrumb\":{\"@id\":\"https:\/\/veritasinfo.org\/?p=38955#breadcrumb\"},\"inLanguage\":\"en-US\",\"potentialAction\":[{\"@type\":\"ReadAction\",\"target\":[\"https:\/\/veritasinfo.org\/?p=38955\"]}]},{\"@type\":\"ImageObject\",\"inLanguage\":\"en-US\",\"@id\":\"https:\/\/veritasinfo.org\/?p=38955#primaryimage\",\"url\":\"https:\/\/veritasinfo.org\/wp-content\/uploads\/2026\/03\/2-21.jpg\",\"contentUrl\":\"https:\/\/veritasinfo.org\/wp-content\/uploads\/2026\/03\/2-21.jpg\",\"width\":621,\"height\":392},{\"@type\":\"BreadcrumbList\",\"@id\":\"https:\/\/veritasinfo.org\/?p=38955#breadcrumb\",\"itemListElement\":[{\"@type\":\"ListItem\",\"position\":1,\"name\":\"Home\",\"item\":\"https:\/\/veritasinfo.org\/\"},{\"@type\":\"ListItem\",\"position\":2,\"name\":\"16-vje\u00e7ari nga Kosova debuton te Bayerni\"}]},{\"@type\":\"WebSite\",\"@id\":\"https:\/\/veritasinfo.org\/#website\",\"url\":\"https:\/\/veritasinfo.org\/\",\"name\":\"\",\"description\":\"\",\"potentialAction\":[{\"@type\":\"SearchAction\",\"target\":{\"@type\":\"EntryPoint\",\"urlTemplate\":\"https:\/\/veritasinfo.org\/?s={search_term_string}\"},\"query-input\":{\"@type\":\"PropertyValueSpecification\",\"valueRequired\":true,\"valueName\":\"search_term_string\"}}],\"inLanguage\":\"en-US\"},{\"@type\":\"Person\",\"@id\":\"https:\/\/veritasinfo.org\/#\/schema\/person\/fe199eede04c3937362892b7444747cc\",\"name\":\"US6\",\"image\":{\"@type\":\"ImageObject\",\"inLanguage\":\"en-US\",\"@id\":\"https:\/\/veritasinfo.org\/#\/schema\/person\/image\/\",\"url\":\"https:\/\/secure.gravatar.com\/avatar\/cb16c3c31c9d23b9b8c705964598220b3014e42ff51eb540ff23cefa3ae8c15f?s=96&d=mm&r=g\",\"contentUrl\":\"https:\/\/secure.gravatar.com\/avatar\/cb16c3c31c9d23b9b8c705964598220b3014e42ff51eb540ff23cefa3ae8c15f?s=96&d=mm&r=g\",\"caption\":\"US6\"},\"url\":\"https:\/\/veritasinfo.org\/?author=7\"}]}<\/script>\n<!-- \/ Yoast SEO plugin. -->","yoast_head_json":{"title":"16-vje\u00e7ari nga Kosova debuton te Bayerni -","robots":{"index":"index","follow":"follow","max-snippet":"max-snippet:-1","max-image-preview":"max-image-preview:large","max-video-preview":"max-video-preview:-1"},"canonical":"https:\/\/veritasinfo.org\/?p=38955","og_locale":"en_US","og_type":"article","og_title":"16-vje\u00e7ari nga Kosova debuton te Bayerni -","og_description":"Prishtin\u00eb, 21 mars 2026 18:18 List\u00ebs s\u00eb gjat\u00eb t\u00eb futbollist\u00ebve me rr\u00ebnj\u00eb nga Kosova q\u00eb kan\u00eb dep\u00ebrtuar deri n\u00eb ekipin e par\u00eb t\u00eb Bayern Munichut,","og_url":"https:\/\/veritasinfo.org\/?p=38955","article_published_time":"2026-03-21T17:19:36+00:00","og_image":[{"width":621,"height":392,"url":"https:\/\/veritasinfo.org\/wp-content\/uploads\/2026\/03\/2-21.jpg","type":"image\/jpeg"}],"author":"US6","twitter_card":"summary_large_image","twitter_misc":{"Written by":"US6","Est. reading time":"2 minutes"},"schema":{"@context":"https:\/\/schema.org","@graph":[{"@type":"WebPage","@id":"https:\/\/veritasinfo.org\/?p=38955","url":"https:\/\/veritasinfo.org\/?p=38955","name":"16-vje\u00e7ari nga Kosova debuton te Bayerni -","isPartOf":{"@id":"https:\/\/veritasinfo.org\/#website"},"primaryImageOfPage":{"@id":"https:\/\/veritasinfo.org\/?p=38955#primaryimage"},"image":{"@id":"https:\/\/veritasinfo.org\/?p=38955#primaryimage"},"thumbnailUrl":"https:\/\/veritasinfo.org\/wp-content\/uploads\/2026\/03\/2-21.jpg","datePublished":"2026-03-21T17:19:36+00:00","author":{"@id":"https:\/\/veritasinfo.org\/#\/schema\/person\/fe199eede04c3937362892b7444747cc"},"breadcrumb":{"@id":"https:\/\/veritasinfo.org\/?p=38955#breadcrumb"},"inLanguage":"en-US","potentialAction":[{"@type":"ReadAction","target":["https:\/\/veritasinfo.org\/?p=38955"]}]},{"@type":"ImageObject","inLanguage":"en-US","@id":"https:\/\/veritasinfo.org\/?p=38955#primaryimage","url":"https:\/\/veritasinfo.org\/wp-content\/uploads\/2026\/03\/2-21.jpg","contentUrl":"https:\/\/veritasinfo.org\/wp-content\/uploads\/2026\/03\/2-21.jpg","width":621,"height":392},{"@type":"BreadcrumbList","@id":"https:\/\/veritasinfo.org\/?p=38955#breadcrumb","itemListElement":[{"@type":"ListItem","position":1,"name":"Home","item":"https:\/\/veritasinfo.org\/"},{"@type":"ListItem","position":2,"name":"16-vje\u00e7ari nga Kosova debuton te Bayerni"}]},{"@type":"WebSite","@id":"https:\/\/veritasinfo.org\/#website","url":"https:\/\/veritasinfo.org\/","name":"","description":"","potentialAction":[{"@type":"SearchAction","target":{"@type":"EntryPoint","urlTemplate":"https:\/\/veritasinfo.org\/?s={search_term_string}"},"query-input":{"@type":"PropertyValueSpecification","valueRequired":true,"valueName":"search_term_string"}}],"inLanguage":"en-US"},{"@type":"Person","@id":"https:\/\/veritasinfo.org\/#\/schema\/person\/fe199eede04c3937362892b7444747cc","name":"US6","image":{"@type":"ImageObject","inLanguage":"en-US","@id":"https:\/\/veritasinfo.org\/#\/schema\/person\/image\/","url":"https:\/\/secure.gravatar.com\/avatar\/cb16c3c31c9d23b9b8c705964598220b3014e42ff51eb540ff23cefa3ae8c15f?s=96&d=mm&r=g","contentUrl":"https:\/\/secure.gravatar.com\/avatar\/cb16c3c31c9d23b9b8c705964598220b3014e42ff51eb540ff23cefa3ae8c15f?s=96&d=mm&r=g","caption":"US6"},"url":"https:\/\/veritasinfo.org\/?author=7"}]}},"featured_image_urls":{"full":["https:\/\/veritasinfo.org\/wp-content\/uploads\/2026\/03\/2-21.jpg",621,392,false],"thumbnail":["https:\/\/veritasinfo.org\/wp-content\/uploads\/2026\/03\/2-21-150x150.jpg",150,150,true],"medium":["https:\/\/veritasinfo.org\/wp-content\/uploads\/2026\/03\/2-21-300x189.jpg",300,189,true],"medium_large":["https:\/\/veritasinfo.org\/wp-content\/uploads\/2026\/03\/2-21.jpg",621,392,false],"large":["https:\/\/veritasinfo.org\/wp-content\/uploads\/2026\/03\/2-21.jpg",621,392,false],"1536x1536":["https:\/\/veritasinfo.org\/wp-content\/uploads\/2026\/03\/2-21.jpg",621,392,false],"2048x2048":["https:\/\/veritasinfo.org\/wp-content\/uploads\/2026\/03\/2-21.jpg",621,392,false],"kreeti-slider-full":["https:\/\/veritasinfo.org\/wp-content\/uploads\/2026\/03\/2-21.jpg",621,392,false],"kreeti-featured":["https:\/\/veritasinfo.org\/wp-content\/uploads\/2026\/03\/2-21.jpg",621,392,false],"kreeti-medium":["https:\/\/veritasinfo.org\/wp-content\/uploads\/2026\/03\/2-21.jpg",621,392,false],"kreeti-medium-square":["https:\/\/veritasinfo.org\/wp-content\/uploads\/2026\/03\/2-21.jpg",350,221,false]},"author_info":{"info":["US6"]},"category_info":"<a href=\"https:\/\/veritasinfo.org\/?cat=5\" rel=\"category\">Sport<\/a>","tag_info":"Sport","comment_count":"0","_links":{"self":[{"href":"https:\/\/veritasinfo.org\/index.php?rest_route=\/wp\/v2\/posts\/38955","targetHints":{"allow":["GET"]}}],"collection":[{"href":"https:\/\/veritasinfo.org\/index.php?rest_route=\/wp\/v2\/posts"}],"about":[{"href":"https:\/\/veritasinfo.org\/index.php?rest_route=\/wp\/v2\/types\/post"}],"author":[{"embeddable":true,"href":"https:\/\/veritasinfo.org\/index.php?rest_route=\/wp\/v2\/users\/7"}],"replies":[{"embeddable":true,"href":"https:\/\/veritasinfo.org\/index.php?rest_route=%2Fwp%2Fv2%2Fcomments&post=38955"}],"version-history":[{"count":1,"href":"https:\/\/veritasinfo.org\/index.php?rest_route=\/wp\/v2\/posts\/38955\/revisions"}],"predecessor-version":[{"id":38957,"href":"https:\/\/veritasinfo.org\/index.php?rest_route=\/wp\/v2\/posts\/38955\/revisions\/38957"}],"wp:featuredmedia":[{"embeddable":true,"href":"https:\/\/veritasinfo.org\/index.php?rest_route=\/wp\/v2\/media\/38956"}],"wp:attachment":[{"href":"https:\/\/veritasinfo.org\/index.php?rest_route=%2Fwp%2Fv2%2Fmedia&parent=38955"}],"wp:term":[{"taxonomy":"category","embeddable":true,"href":"https:\/\/veritasinfo.org\/index.php?rest_route=%2Fwp%2Fv2%2Fcategories&post=38955"},{"taxonomy":"post_tag","embeddable":true,"href":"https:\/\/veritasinfo.org\/index.php?rest_route=%2Fwp%2Fv2%2Ftags&post=38955"}],"curies":[{"name":"wp","href":"https:\/\/api.w.org\/{rel}","templated":true}]}}