{"id":3895,"date":"2025-07-15T18:05:30","date_gmt":"2025-07-15T16:05:30","guid":{"rendered":"https:\/\/veritasinfo.org\/?p=3895"},"modified":"2025-07-15T18:05:30","modified_gmt":"2025-07-15T16:05:30","slug":"svedok-tvrdi-da-su-optuzeni-pantic-i-zaric-imali-ovlascenje-da-pogube-koga-god-zele","status":"publish","type":"post","link":"https:\/\/veritasinfo.org\/?p=3895&lang=sr","title":{"rendered":"Svedok tvrdi da su optu\u017eeni Panti\u0107 i Zari\u0107 imali ovla\u0161\u0107enje da pogube koga god \u017eele"},"content":{"rendered":"<p>Pri\u0161tina, 15. jul 2025.<\/p>\n<p>Na su\u0111enju za ratne zlo\u010dine, koje se odr\u017eava u Osnovnom sudu u Pri\u0161tini, svedok Nexhmedin Pepaj izjavio je u utorak da su optu\u017eeni Momir Panti\u0107, biv\u0161i \u0161ef policijske stanice u Istoku, i biv\u0161i policajac \u017darko Zari\u0107 imali mo\u0107 da pogube koga god su hteli.<\/p>\n<p>\u201eOva dvojica su imali mo\u0107 da ubiju koga ho\u0107e, da biju koga ho\u0107e, da spasu koga ho\u0107e\u201c, rekao je Pepaj.<\/p>\n<p>Svedok Pepaj je najpre objasnio kako je poznavao optu\u017eenog Panti\u0107a, da bi zatim nastavio s opisivanjem zlostavljanja koja su, prema njegovim re\u010dima, pretrpeli on, njegova porodica i cela njegova mahala, izve\u0161tava \u201cBetimi p\u00ebr Drejt\u00ebsi\u201d (Zavet za pravdu).<\/p>\n<p>Naveo je da je Panti\u0107a, kog poznaje iz detinjstva, prepoznao tokom pretresa me\u0111u drugim uniformisanim policajcima. Rekao je da je Panti\u0107 tada bio obu\u010den u civilnu ode\u0107u i nosio je braon ko\u017enu jaknu.<\/p>\n<p>\u201eTokom pretresa i izvo\u0111enja iz ku\u0107e, veoma dobro sam ih prepoznao, jer sam ih znao i ranije\u201c, izjavio je Pepaj.<\/p>\n<p>Dalje tokom svedo\u010denja, Pepaj je opisao Panti\u0107eve postupke tog kriti\u010dnog dana, tvrde\u0107i da je on rukom komandovao policijskim jedinicama gde da u\u0111u.<\/p>\n<p>\u201eOn je bio komandant te policijske jedinice i bez njegove naredbe se ni\u0161ta nije radilo. Bio sam uveren da on pokazuje rukom \u2013 u\u0111ite na ta vrata, iza\u0111ite na ona vrata. Ja sam bio na ulici, jer sam prvi izvu\u010den, i video sam sve te policajce kako postupaju i kako izbacuju moje kom\u0161ije iz ku\u0107a\u201c, rekao je Pepaj.<\/p>\n<p>Tokom svedo\u010denja, Pepaj se obratio sudskom ve\u0107u, rekav\u0161i da jedan dan nije dovoljan da ispri\u010da sve \u0161to je pre\u017eiveo.<\/p>\n<p>Na tvrdnje odbrane optu\u017eenog Panti\u0107a da neke navode ranije nije pomenuo, Pepaj je odgovorio da je ranije dao skra\u0107enu izjavu i da se nekih stvari mo\u017eda tada nije ni setio.<\/p>\n<p>\u201eJa izjavu ne mogu da promenim, samo sam \u010duo da su policajci tokom pretresa nekim kom\u0161ijama rekli da \u0107e im uraditi gore nego \u0161to je ura\u0111eno Jasharima\u201c, rekao je on.<\/p>\n<p>Optu\u017eeni Panti\u0107 je tako\u0111e postavio pitanje svedoku Pepaju, tra\u017ee\u0107i da objasni razlog pretresa tog dana, na \u0161ta je Pepaj odgovorio da to ne zna ni do dana\u0161njeg dana.<\/p>\n<p>\u201eNismo znali ni tog dana, a ni danas ne znamo za\u0161to. Samo znam da tokom celog tog pretresa nije prona\u0111en nijedan metak, a kamoli oru\u017eje u na\u0161im ku\u0107ama\u201c, izjavio je on.<\/p>\n<p>Prema optu\u017enici koju je Specijalno tu\u017eila\u0161tvo Republike Kosovo (PSRK) podiglo 1. septembra 2024. godine, biv\u0161i \u0161ef policijske stanice u Istoku Momir Panti\u0107 i biv\u0161i policajac \u017darko Zari\u0107 terete se da su zajedno izvr\u0161ili krivi\u010dno delo \u201eRatni zlo\u010din protiv civilnog stanovni\u0161tva\u201c.<\/p>\n<p>Prema optu\u017enici koju je pribavio \u201eBetimi p\u00ebr Drejt\u00ebsi\u201c, 19. maja 1999. godine, u selu Dubrava, ta\u010dnije u zatvoru Dubrava, nakon NATO bombardovanja u kojem su poginula trojica albanskih zatvorenika, Panti\u0107 je, kao \u0161ef policijske stanice, zajedno sa srpskim policijskim snagama do\u0161ao da preuzme kontrolu nad situacijom. Nakon prestanka bombardovanja, zajedno sa \u010duvarima, u\u0161li su u \u0107elije zatvorenika i vr\u0161ili sistematsko nasilje, brutalno i neljudski ih tuku\u0107i \u2013 samo zato \u0161to su bili Albanci.<\/p>\n<p>U optu\u017enici se navodi da je bombardovanje NATO-a nastavljeno i 21. maja, kada je ubijeno 18 albanskih zatvorenika, a desetine drugih ranjeno. Slede\u0107eg jutra, prema navodima iz optu\u017enice, \u010duvari, zatvorenici, naoru\u017eani Srbi, zajedno sa policijskim snagama i specijalnim jedinicama pod komandom Policijske stanice u Istoku, najpre su okupili albanske zatvorenike na sportskom terenu, a zatim po\u010deli da pucaju iz razli\u010ditog vatrenog oru\u017eja, dok su sa zadnje strane zatvorskog zida bacali bombe u pravcu albanskih zatvorenika.<\/p>\n<p>Tako\u0111e, prema optu\u017enici, srpske policijske snage Policijske stanice u Istoku, pod rukovodstvom Panti\u0107a, kidnapovale su jednog albanskog civila sa pseudonimom \u201eA1\u201c, kojeg su seksualno zlostavljale. Pored \u017ertve \u201eA1\u201c, optu\u017enica opisuje i zlostavljanje druge \u017ertve \u2013 \u201eB1\u201c. Obojica optu\u017eenih terete se i za ubistva nekoliko porodica u op\u0161tini Istok.<\/p>\n<p>Napomena: Lica pomenuta u ovom \u010dlanku se smatraju nevinim dok se ne doka\u017ee suprotno pravosna\u017enom presudom suda.<\/p>\n","protected":false},"excerpt":{"rendered":"<p>Pri\u0161tina, 15. jul 2025. Na su\u0111enju za ratne zlo\u010dine, koje se odr\u017eava u Osnovnom sudu u Pri\u0161tini, svedok Nexhmedin Pepaj izjavio je u utorak da<\/p>\n","protected":false},"author":1,"featured_media":3891,"comment_status":"open","ping_status":"open","sticky":false,"template":"","format":"standard","meta":{"footnotes":""},"categories":[30],"tags":[],"class_list":["post-3895","post","type-post","status-publish","format-standard","has-post-thumbnail","hentry","category-drustvo"],"yoast_head":"<!-- This site is optimized with the Yoast SEO plugin v25.3.1 - https:\/\/yoast.com\/wordpress\/plugins\/seo\/ -->\n<title>Svedok tvrdi da su optu\u017eeni Panti\u0107 i Zari\u0107 imali ovla\u0161\u0107enje da pogube koga god \u017eele -<\/title>\n<meta name=\"robots\" content=\"index, follow, max-snippet:-1, max-image-preview:large, max-video-preview:-1\" \/>\n<link rel=\"canonical\" href=\"https:\/\/veritasinfo.org\/?p=3895&lang=sr\" \/>\n<meta property=\"og:locale\" content=\"en_US\" \/>\n<meta property=\"og:type\" content=\"article\" \/>\n<meta property=\"og:title\" content=\"Svedok tvrdi da su optu\u017eeni Panti\u0107 i Zari\u0107 imali ovla\u0161\u0107enje da pogube koga god \u017eele -\" \/>\n<meta property=\"og:description\" content=\"Pri\u0161tina, 15. jul 2025. Na su\u0111enju za ratne zlo\u010dine, koje se odr\u017eava u Osnovnom sudu u Pri\u0161tini, svedok Nexhmedin Pepaj izjavio je u utorak da\" \/>\n<meta property=\"og:url\" content=\"https:\/\/veritasinfo.org\/?p=3895&amp;lang=sr\" \/>\n<meta property=\"article:published_time\" content=\"2025-07-15T16:05:30+00:00\" \/>\n<meta property=\"og:image\" content=\"https:\/\/veritasinfo.org\/wp-content\/uploads\/2025\/07\/IMG_2077.jpeg\" \/>\n\t<meta property=\"og:image:width\" content=\"750\" \/>\n\t<meta property=\"og:image:height\" content=\"430\" \/>\n\t<meta property=\"og:image:type\" content=\"image\/jpeg\" \/>\n<meta name=\"author\" content=\"admin\" \/>\n<meta name=\"twitter:card\" content=\"summary_large_image\" \/>\n<meta name=\"twitter:label1\" content=\"Written by\" \/>\n\t<meta name=\"twitter:data1\" content=\"admin\" \/>\n\t<meta name=\"twitter:label2\" content=\"Est. reading time\" \/>\n\t<meta name=\"twitter:data2\" content=\"3 minutes\" \/>\n<script type=\"application\/ld+json\" class=\"yoast-schema-graph\">{\"@context\":\"https:\/\/schema.org\",\"@graph\":[{\"@type\":\"WebPage\",\"@id\":\"https:\/\/veritasinfo.org\/?p=3895&lang=sr\",\"url\":\"https:\/\/veritasinfo.org\/?p=3895&lang=sr\",\"name\":\"Svedok tvrdi da su optu\u017eeni Panti\u0107 i Zari\u0107 imali ovla\u0161\u0107enje da pogube koga god \u017eele -\",\"isPartOf\":{\"@id\":\"https:\/\/veritasinfo.org\/#website\"},\"primaryImageOfPage\":{\"@id\":\"https:\/\/veritasinfo.org\/?p=3895&lang=sr#primaryimage\"},\"image\":{\"@id\":\"https:\/\/veritasinfo.org\/?p=3895&lang=sr#primaryimage\"},\"thumbnailUrl\":\"https:\/\/veritasinfo.org\/wp-content\/uploads\/2025\/07\/IMG_2077.jpeg\",\"datePublished\":\"2025-07-15T16:05:30+00:00\",\"author\":{\"@id\":\"https:\/\/veritasinfo.org\/#\/schema\/person\/7701f8c088bece422266b100a712374f\"},\"breadcrumb\":{\"@id\":\"https:\/\/veritasinfo.org\/?p=3895&lang=sr#breadcrumb\"},\"inLanguage\":\"en-US\",\"potentialAction\":[{\"@type\":\"ReadAction\",\"target\":[\"https:\/\/veritasinfo.org\/?p=3895&lang=sr\"]}]},{\"@type\":\"ImageObject\",\"inLanguage\":\"en-US\",\"@id\":\"https:\/\/veritasinfo.org\/?p=3895&lang=sr#primaryimage\",\"url\":\"https:\/\/veritasinfo.org\/wp-content\/uploads\/2025\/07\/IMG_2077.jpeg\",\"contentUrl\":\"https:\/\/veritasinfo.org\/wp-content\/uploads\/2025\/07\/IMG_2077.jpeg\",\"width\":750,\"height\":430},{\"@type\":\"BreadcrumbList\",\"@id\":\"https:\/\/veritasinfo.org\/?p=3895&lang=sr#breadcrumb\",\"itemListElement\":[{\"@type\":\"ListItem\",\"position\":1,\"name\":\"Home\",\"item\":\"https:\/\/veritasinfo.org\/\"},{\"@type\":\"ListItem\",\"position\":2,\"name\":\"Svedok tvrdi da su optu\u017eeni Panti\u0107 i Zari\u0107 imali ovla\u0161\u0107enje da pogube koga god \u017eele\"}]},{\"@type\":\"WebSite\",\"@id\":\"https:\/\/veritasinfo.org\/#website\",\"url\":\"https:\/\/veritasinfo.org\/\",\"name\":\"\",\"description\":\"\",\"potentialAction\":[{\"@type\":\"SearchAction\",\"target\":{\"@type\":\"EntryPoint\",\"urlTemplate\":\"https:\/\/veritasinfo.org\/?s={search_term_string}\"},\"query-input\":{\"@type\":\"PropertyValueSpecification\",\"valueRequired\":true,\"valueName\":\"search_term_string\"}}],\"inLanguage\":\"en-US\"},{\"@type\":\"Person\",\"@id\":\"https:\/\/veritasinfo.org\/#\/schema\/person\/7701f8c088bece422266b100a712374f\",\"name\":\"admin\",\"image\":{\"@type\":\"ImageObject\",\"inLanguage\":\"en-US\",\"@id\":\"https:\/\/veritasinfo.org\/#\/schema\/person\/image\/\",\"url\":\"https:\/\/secure.gravatar.com\/avatar\/ea53aa3bf6c9a12d5fde8ce4deff43fef3885ae33cf60184161a50d6987cfd2f?s=96&d=mm&r=g\",\"contentUrl\":\"https:\/\/secure.gravatar.com\/avatar\/ea53aa3bf6c9a12d5fde8ce4deff43fef3885ae33cf60184161a50d6987cfd2f?s=96&d=mm&r=g\",\"caption\":\"admin\"},\"sameAs\":[\"https:\/\/veritasinfo.org\"],\"url\":\"https:\/\/veritasinfo.org\/?author=1\"}]}<\/script>\n<!-- \/ Yoast SEO plugin. -->","yoast_head_json":{"title":"Svedok tvrdi da su optu\u017eeni Panti\u0107 i Zari\u0107 imali ovla\u0161\u0107enje da pogube koga god \u017eele -","robots":{"index":"index","follow":"follow","max-snippet":"max-snippet:-1","max-image-preview":"max-image-preview:large","max-video-preview":"max-video-preview:-1"},"canonical":"https:\/\/veritasinfo.org\/?p=3895&lang=sr","og_locale":"en_US","og_type":"article","og_title":"Svedok tvrdi da su optu\u017eeni Panti\u0107 i Zari\u0107 imali ovla\u0161\u0107enje da pogube koga god \u017eele -","og_description":"Pri\u0161tina, 15. jul 2025. Na su\u0111enju za ratne zlo\u010dine, koje se odr\u017eava u Osnovnom sudu u Pri\u0161tini, svedok Nexhmedin Pepaj izjavio je u utorak da","og_url":"https:\/\/veritasinfo.org\/?p=3895&lang=sr","article_published_time":"2025-07-15T16:05:30+00:00","og_image":[{"width":750,"height":430,"url":"https:\/\/veritasinfo.org\/wp-content\/uploads\/2025\/07\/IMG_2077.jpeg","type":"image\/jpeg"}],"author":"admin","twitter_card":"summary_large_image","twitter_misc":{"Written by":"admin","Est. reading time":"3 minutes"},"schema":{"@context":"https:\/\/schema.org","@graph":[{"@type":"WebPage","@id":"https:\/\/veritasinfo.org\/?p=3895&lang=sr","url":"https:\/\/veritasinfo.org\/?p=3895&lang=sr","name":"Svedok tvrdi da su optu\u017eeni Panti\u0107 i Zari\u0107 imali ovla\u0161\u0107enje da pogube koga god \u017eele -","isPartOf":{"@id":"https:\/\/veritasinfo.org\/#website"},"primaryImageOfPage":{"@id":"https:\/\/veritasinfo.org\/?p=3895&lang=sr#primaryimage"},"image":{"@id":"https:\/\/veritasinfo.org\/?p=3895&lang=sr#primaryimage"},"thumbnailUrl":"https:\/\/veritasinfo.org\/wp-content\/uploads\/2025\/07\/IMG_2077.jpeg","datePublished":"2025-07-15T16:05:30+00:00","author":{"@id":"https:\/\/veritasinfo.org\/#\/schema\/person\/7701f8c088bece422266b100a712374f"},"breadcrumb":{"@id":"https:\/\/veritasinfo.org\/?p=3895&lang=sr#breadcrumb"},"inLanguage":"en-US","potentialAction":[{"@type":"ReadAction","target":["https:\/\/veritasinfo.org\/?p=3895&lang=sr"]}]},{"@type":"ImageObject","inLanguage":"en-US","@id":"https:\/\/veritasinfo.org\/?p=3895&lang=sr#primaryimage","url":"https:\/\/veritasinfo.org\/wp-content\/uploads\/2025\/07\/IMG_2077.jpeg","contentUrl":"https:\/\/veritasinfo.org\/wp-content\/uploads\/2025\/07\/IMG_2077.jpeg","width":750,"height":430},{"@type":"BreadcrumbList","@id":"https:\/\/veritasinfo.org\/?p=3895&lang=sr#breadcrumb","itemListElement":[{"@type":"ListItem","position":1,"name":"Home","item":"https:\/\/veritasinfo.org\/"},{"@type":"ListItem","position":2,"name":"Svedok tvrdi da su optu\u017eeni Panti\u0107 i Zari\u0107 imali ovla\u0161\u0107enje da pogube koga god \u017eele"}]},{"@type":"WebSite","@id":"https:\/\/veritasinfo.org\/#website","url":"https:\/\/veritasinfo.org\/","name":"","description":"","potentialAction":[{"@type":"SearchAction","target":{"@type":"EntryPoint","urlTemplate":"https:\/\/veritasinfo.org\/?s={search_term_string}"},"query-input":{"@type":"PropertyValueSpecification","valueRequired":true,"valueName":"search_term_string"}}],"inLanguage":"en-US"},{"@type":"Person","@id":"https:\/\/veritasinfo.org\/#\/schema\/person\/7701f8c088bece422266b100a712374f","name":"admin","image":{"@type":"ImageObject","inLanguage":"en-US","@id":"https:\/\/veritasinfo.org\/#\/schema\/person\/image\/","url":"https:\/\/secure.gravatar.com\/avatar\/ea53aa3bf6c9a12d5fde8ce4deff43fef3885ae33cf60184161a50d6987cfd2f?s=96&d=mm&r=g","contentUrl":"https:\/\/secure.gravatar.com\/avatar\/ea53aa3bf6c9a12d5fde8ce4deff43fef3885ae33cf60184161a50d6987cfd2f?s=96&d=mm&r=g","caption":"admin"},"sameAs":["https:\/\/veritasinfo.org"],"url":"https:\/\/veritasinfo.org\/?author=1"}]}},"featured_image_urls":{"full":["https:\/\/veritasinfo.org\/wp-content\/uploads\/2025\/07\/IMG_2077.jpeg",750,430,false],"thumbnail":["https:\/\/veritasinfo.org\/wp-content\/uploads\/2025\/07\/IMG_2077-150x150.jpeg",150,150,true],"medium":["https:\/\/veritasinfo.org\/wp-content\/uploads\/2025\/07\/IMG_2077-300x172.jpeg",300,172,true],"medium_large":["https:\/\/veritasinfo.org\/wp-content\/uploads\/2025\/07\/IMG_2077.jpeg",640,367,false],"large":["https:\/\/veritasinfo.org\/wp-content\/uploads\/2025\/07\/IMG_2077.jpeg",640,367,false],"1536x1536":["https:\/\/veritasinfo.org\/wp-content\/uploads\/2025\/07\/IMG_2077.jpeg",750,430,false],"2048x2048":["https:\/\/veritasinfo.org\/wp-content\/uploads\/2025\/07\/IMG_2077.jpeg",750,430,false],"kreeti-slider-full":["https:\/\/veritasinfo.org\/wp-content\/uploads\/2025\/07\/IMG_2077.jpeg",750,430,false],"kreeti-featured":["https:\/\/veritasinfo.org\/wp-content\/uploads\/2025\/07\/IMG_2077.jpeg",750,430,false],"kreeti-medium":["https:\/\/veritasinfo.org\/wp-content\/uploads\/2025\/07\/IMG_2077.jpeg",720,413,false],"kreeti-medium-square":["https:\/\/veritasinfo.org\/wp-content\/uploads\/2025\/07\/IMG_2077.jpeg",350,201,false]},"author_info":{"info":["admin"]},"category_info":"<a href=\"https:\/\/veritasinfo.org\/?cat=30&#038;lang=sr\" rel=\"category\">Dru\u0161tvo<\/a>","tag_info":"Dru\u0161tvo","comment_count":"0","_links":{"self":[{"href":"https:\/\/veritasinfo.org\/index.php?rest_route=\/wp\/v2\/posts\/3895","targetHints":{"allow":["GET"]}}],"collection":[{"href":"https:\/\/veritasinfo.org\/index.php?rest_route=\/wp\/v2\/posts"}],"about":[{"href":"https:\/\/veritasinfo.org\/index.php?rest_route=\/wp\/v2\/types\/post"}],"author":[{"embeddable":true,"href":"https:\/\/veritasinfo.org\/index.php?rest_route=\/wp\/v2\/users\/1"}],"replies":[{"embeddable":true,"href":"https:\/\/veritasinfo.org\/index.php?rest_route=%2Fwp%2Fv2%2Fcomments&post=3895"}],"version-history":[{"count":1,"href":"https:\/\/veritasinfo.org\/index.php?rest_route=\/wp\/v2\/posts\/3895\/revisions"}],"predecessor-version":[{"id":3897,"href":"https:\/\/veritasinfo.org\/index.php?rest_route=\/wp\/v2\/posts\/3895\/revisions\/3897"}],"wp:featuredmedia":[{"embeddable":true,"href":"https:\/\/veritasinfo.org\/index.php?rest_route=\/wp\/v2\/media\/3891"}],"wp:attachment":[{"href":"https:\/\/veritasinfo.org\/index.php?rest_route=%2Fwp%2Fv2%2Fmedia&parent=3895"}],"wp:term":[{"taxonomy":"category","embeddable":true,"href":"https:\/\/veritasinfo.org\/index.php?rest_route=%2Fwp%2Fv2%2Fcategories&post=3895"},{"taxonomy":"post_tag","embeddable":true,"href":"https:\/\/veritasinfo.org\/index.php?rest_route=%2Fwp%2Fv2%2Ftags&post=3895"}],"curies":[{"name":"wp","href":"https:\/\/api.w.org\/{rel}","templated":true}]}}