{"id":38942,"date":"2026-03-21T17:05:47","date_gmt":"2026-03-21T16:05:47","guid":{"rendered":"https:\/\/veritasinfo.org\/?p=38942"},"modified":"2026-03-21T17:05:47","modified_gmt":"2026-03-21T16:05:47","slug":"avokati-shpallen-te-pafajshem-haxhiu-dhe-te-tjeret-per-gazin-lotsjelles-ne-kuvendin-e-kosoves","status":"publish","type":"post","link":"https:\/\/veritasinfo.org\/?p=38942","title":{"rendered":"Avokati: Shpallen t\u00eb pafajsh\u00ebm Haxhiu dhe t\u00eb tjer\u00ebt p\u00ebr gazin lotsjell\u00ebs n\u00eb Kuvendin e Kosov\u00ebs"},"content":{"rendered":"<p>Prishtin\u00eb 21 Mars 2026 17:04<\/p>\n<p>Albulena Haxhiu, aktualisht Kryetare e Kuvendit t\u00eb Kosov\u00ebs, s\u00eb bashku me ish-deputet\u00ebt Donika Kadaj-Bujupi, Pal Lekaj dhe Besa Baftiu jan\u00eb shpallur t\u00eb pafajsh\u00ebm nga Gjykata Themelore n\u00eb Prishtin\u00eb n\u00eb rastin e njohur p\u00ebr hedhjen e gazit lotsjell\u00ebs n\u00eb Kuvend, pas nj\u00eb procesi q\u00eb zgjati rreth 10 vite.<\/p>\n<p>Lajmin e konfirmoi avokati Musa Damati, p\u00ebrfaq\u00ebsues i Pal Lekajt, i cili e cil\u00ebsoi vendimin si \u201ctriumf t\u00eb drejt\u00ebsis\u00eb\u201d dhe sukses t\u00eb mbrojtjes. Ai deklaroi se gjykata ka d\u00ebshtuar t\u00eb vazhdoj\u00eb procedimin e rastit dhe, n\u00eb aktgjykimin p\u00ebrfundimtar, klienti i tij \u00ebsht\u00eb shpallur plot\u00ebsisht i pafajsh\u00ebm p\u00ebr t\u00eb gjitha akuzat.<\/p>\n<p>Sipas Damatit, rasti \u2013 i cili lidhet me hedhjen e bombolave t\u00eb gazit lotsjell\u00ebs n\u00eb Kuvend \u2013 \u00ebsht\u00eb shqyrtuar p\u00ebr vite me radh\u00eb, me dhjet\u00ebra seanca gjyq\u00ebsore, derisa n\u00eb fund p\u00ebrfundoi me lirimin nga akuzat.<\/p>\n<p>Nd\u00ebrkaq, avokati i Haxhiut, Burim Halili, tha se veprimet e saj n\u00eb at\u00eb koh\u00eb kishin t\u00eb b\u00ebnin me kund\u00ebrshtimin e Asociacionit t\u00eb komunave me shumic\u00eb serbe dhe se gjat\u00eb gjith\u00eb procesit nuk \u00ebsht\u00eb arritur t\u00eb provohet ndonj\u00eb vep\u00ebr penale.<\/p>\n<p>Ai theksoi se rasti kishte kaluar edhe n\u00eb rigjykim pas nj\u00eb aktgjykimi t\u00eb m\u00ebhersh\u00ebm n\u00eb vitin 2021, por prokuroria nuk kishte arritur t\u00eb d\u00ebshmoj\u00eb faj\u00ebsin\u00eb e t\u00eb akuzuarve. Sipas tij, \u00e7\u00ebshtja u zvarrit nd\u00ebr vite dhe p\u00ebrfundoi edhe me elemente t\u00eb parashkrimit, duke rezultuar n\u00eb lirimin e tyre nga t\u00eb gjitha pikat e aktakuz\u00ebs.<\/p>\n","protected":false},"excerpt":{"rendered":"<p>Prishtin\u00eb 21 Mars 2026 17:04 Albulena Haxhiu, aktualisht Kryetare e Kuvendit t\u00eb Kosov\u00ebs, s\u00eb bashku me ish-deputet\u00ebt Donika Kadaj-Bujupi, Pal Lekaj dhe Besa Baftiu jan\u00eb<\/p>\n","protected":false},"author":6,"featured_media":38943,"comment_status":"open","ping_status":"open","sticky":false,"template":"","format":"standard","meta":{"footnotes":""},"categories":[60],"tags":[],"class_list":["post-38942","post","type-post","status-publish","format-standard","has-post-thumbnail","hentry","category-shoqerore-sq"],"yoast_head":"<!-- This site is optimized with the Yoast SEO plugin v25.3.1 - https:\/\/yoast.com\/wordpress\/plugins\/seo\/ -->\n<title>Avokati: Shpallen t\u00eb pafajsh\u00ebm Haxhiu dhe t\u00eb tjer\u00ebt p\u00ebr gazin lotsjell\u00ebs n\u00eb Kuvendin e Kosov\u00ebs -<\/title>\n<meta name=\"robots\" content=\"index, follow, max-snippet:-1, max-image-preview:large, max-video-preview:-1\" \/>\n<link rel=\"canonical\" href=\"https:\/\/veritasinfo.org\/?p=38942\" \/>\n<meta property=\"og:locale\" content=\"en_US\" \/>\n<meta property=\"og:type\" content=\"article\" \/>\n<meta property=\"og:title\" content=\"Avokati: Shpallen t\u00eb pafajsh\u00ebm Haxhiu dhe t\u00eb tjer\u00ebt p\u00ebr gazin lotsjell\u00ebs n\u00eb Kuvendin e Kosov\u00ebs -\" \/>\n<meta property=\"og:description\" content=\"Prishtin\u00eb 21 Mars 2026 17:04 Albulena Haxhiu, aktualisht Kryetare e Kuvendit t\u00eb Kosov\u00ebs, s\u00eb bashku me ish-deputet\u00ebt Donika Kadaj-Bujupi, Pal Lekaj dhe Besa Baftiu jan\u00eb\" \/>\n<meta property=\"og:url\" content=\"https:\/\/veritasinfo.org\/?p=38942\" \/>\n<meta property=\"article:published_time\" content=\"2026-03-21T16:05:47+00:00\" \/>\n<meta property=\"og:image\" content=\"https:\/\/veritasinfo.org\/wp-content\/uploads\/2026\/03\/image-3-1.webp\" \/>\n\t<meta property=\"og:image:width\" content=\"1245\" \/>\n\t<meta property=\"og:image:height\" content=\"700\" \/>\n\t<meta property=\"og:image:type\" content=\"image\/webp\" \/>\n<meta name=\"author\" content=\"US5\" \/>\n<meta name=\"twitter:card\" content=\"summary_large_image\" \/>\n<meta name=\"twitter:label1\" content=\"Written by\" \/>\n\t<meta name=\"twitter:data1\" content=\"US5\" \/>\n\t<meta name=\"twitter:label2\" content=\"Est. reading time\" \/>\n\t<meta name=\"twitter:data2\" content=\"1 minute\" \/>\n<script type=\"application\/ld+json\" class=\"yoast-schema-graph\">{\"@context\":\"https:\/\/schema.org\",\"@graph\":[{\"@type\":\"WebPage\",\"@id\":\"https:\/\/veritasinfo.org\/?p=38942\",\"url\":\"https:\/\/veritasinfo.org\/?p=38942\",\"name\":\"Avokati: Shpallen t\u00eb pafajsh\u00ebm Haxhiu dhe t\u00eb tjer\u00ebt p\u00ebr gazin lotsjell\u00ebs n\u00eb Kuvendin e Kosov\u00ebs -\",\"isPartOf\":{\"@id\":\"https:\/\/veritasinfo.org\/#website\"},\"primaryImageOfPage\":{\"@id\":\"https:\/\/veritasinfo.org\/?p=38942#primaryimage\"},\"image\":{\"@id\":\"https:\/\/veritasinfo.org\/?p=38942#primaryimage\"},\"thumbnailUrl\":\"https:\/\/veritasinfo.org\/wp-content\/uploads\/2026\/03\/image-3-1.webp\",\"datePublished\":\"2026-03-21T16:05:47+00:00\",\"author\":{\"@id\":\"https:\/\/veritasinfo.org\/#\/schema\/person\/bc442336e35414d04494ab8fb45db4c6\"},\"breadcrumb\":{\"@id\":\"https:\/\/veritasinfo.org\/?p=38942#breadcrumb\"},\"inLanguage\":\"en-US\",\"potentialAction\":[{\"@type\":\"ReadAction\",\"target\":[\"https:\/\/veritasinfo.org\/?p=38942\"]}]},{\"@type\":\"ImageObject\",\"inLanguage\":\"en-US\",\"@id\":\"https:\/\/veritasinfo.org\/?p=38942#primaryimage\",\"url\":\"https:\/\/veritasinfo.org\/wp-content\/uploads\/2026\/03\/image-3-1.webp\",\"contentUrl\":\"https:\/\/veritasinfo.org\/wp-content\/uploads\/2026\/03\/image-3-1.webp\",\"width\":1245,\"height\":700},{\"@type\":\"BreadcrumbList\",\"@id\":\"https:\/\/veritasinfo.org\/?p=38942#breadcrumb\",\"itemListElement\":[{\"@type\":\"ListItem\",\"position\":1,\"name\":\"Home\",\"item\":\"https:\/\/veritasinfo.org\/\"},{\"@type\":\"ListItem\",\"position\":2,\"name\":\"Avokati: Shpallen t\u00eb pafajsh\u00ebm Haxhiu dhe t\u00eb tjer\u00ebt p\u00ebr gazin lotsjell\u00ebs n\u00eb Kuvendin e Kosov\u00ebs\"}]},{\"@type\":\"WebSite\",\"@id\":\"https:\/\/veritasinfo.org\/#website\",\"url\":\"https:\/\/veritasinfo.org\/\",\"name\":\"\",\"description\":\"\",\"potentialAction\":[{\"@type\":\"SearchAction\",\"target\":{\"@type\":\"EntryPoint\",\"urlTemplate\":\"https:\/\/veritasinfo.org\/?s={search_term_string}\"},\"query-input\":{\"@type\":\"PropertyValueSpecification\",\"valueRequired\":true,\"valueName\":\"search_term_string\"}}],\"inLanguage\":\"en-US\"},{\"@type\":\"Person\",\"@id\":\"https:\/\/veritasinfo.org\/#\/schema\/person\/bc442336e35414d04494ab8fb45db4c6\",\"name\":\"US5\",\"image\":{\"@type\":\"ImageObject\",\"inLanguage\":\"en-US\",\"@id\":\"https:\/\/veritasinfo.org\/#\/schema\/person\/image\/\",\"url\":\"https:\/\/secure.gravatar.com\/avatar\/16a61e7272a0c5d001121ebb9e60e925d5816e4ac1e443ed3e640d9a6ae55d0c?s=96&d=mm&r=g\",\"contentUrl\":\"https:\/\/secure.gravatar.com\/avatar\/16a61e7272a0c5d001121ebb9e60e925d5816e4ac1e443ed3e640d9a6ae55d0c?s=96&d=mm&r=g\",\"caption\":\"US5\"},\"url\":\"https:\/\/veritasinfo.org\/?author=6\"}]}<\/script>\n<!-- \/ Yoast SEO plugin. -->","yoast_head_json":{"title":"Avokati: Shpallen t\u00eb pafajsh\u00ebm Haxhiu dhe t\u00eb tjer\u00ebt p\u00ebr gazin lotsjell\u00ebs n\u00eb Kuvendin e Kosov\u00ebs -","robots":{"index":"index","follow":"follow","max-snippet":"max-snippet:-1","max-image-preview":"max-image-preview:large","max-video-preview":"max-video-preview:-1"},"canonical":"https:\/\/veritasinfo.org\/?p=38942","og_locale":"en_US","og_type":"article","og_title":"Avokati: Shpallen t\u00eb pafajsh\u00ebm Haxhiu dhe t\u00eb tjer\u00ebt p\u00ebr gazin lotsjell\u00ebs n\u00eb Kuvendin e Kosov\u00ebs -","og_description":"Prishtin\u00eb 21 Mars 2026 17:04 Albulena Haxhiu, aktualisht Kryetare e Kuvendit t\u00eb Kosov\u00ebs, s\u00eb bashku me ish-deputet\u00ebt Donika Kadaj-Bujupi, Pal Lekaj dhe Besa Baftiu jan\u00eb","og_url":"https:\/\/veritasinfo.org\/?p=38942","article_published_time":"2026-03-21T16:05:47+00:00","og_image":[{"width":1245,"height":700,"url":"https:\/\/veritasinfo.org\/wp-content\/uploads\/2026\/03\/image-3-1.webp","type":"image\/webp"}],"author":"US5","twitter_card":"summary_large_image","twitter_misc":{"Written by":"US5","Est. reading time":"1 minute"},"schema":{"@context":"https:\/\/schema.org","@graph":[{"@type":"WebPage","@id":"https:\/\/veritasinfo.org\/?p=38942","url":"https:\/\/veritasinfo.org\/?p=38942","name":"Avokati: Shpallen t\u00eb pafajsh\u00ebm Haxhiu dhe t\u00eb tjer\u00ebt p\u00ebr gazin lotsjell\u00ebs n\u00eb Kuvendin e Kosov\u00ebs -","isPartOf":{"@id":"https:\/\/veritasinfo.org\/#website"},"primaryImageOfPage":{"@id":"https:\/\/veritasinfo.org\/?p=38942#primaryimage"},"image":{"@id":"https:\/\/veritasinfo.org\/?p=38942#primaryimage"},"thumbnailUrl":"https:\/\/veritasinfo.org\/wp-content\/uploads\/2026\/03\/image-3-1.webp","datePublished":"2026-03-21T16:05:47+00:00","author":{"@id":"https:\/\/veritasinfo.org\/#\/schema\/person\/bc442336e35414d04494ab8fb45db4c6"},"breadcrumb":{"@id":"https:\/\/veritasinfo.org\/?p=38942#breadcrumb"},"inLanguage":"en-US","potentialAction":[{"@type":"ReadAction","target":["https:\/\/veritasinfo.org\/?p=38942"]}]},{"@type":"ImageObject","inLanguage":"en-US","@id":"https:\/\/veritasinfo.org\/?p=38942#primaryimage","url":"https:\/\/veritasinfo.org\/wp-content\/uploads\/2026\/03\/image-3-1.webp","contentUrl":"https:\/\/veritasinfo.org\/wp-content\/uploads\/2026\/03\/image-3-1.webp","width":1245,"height":700},{"@type":"BreadcrumbList","@id":"https:\/\/veritasinfo.org\/?p=38942#breadcrumb","itemListElement":[{"@type":"ListItem","position":1,"name":"Home","item":"https:\/\/veritasinfo.org\/"},{"@type":"ListItem","position":2,"name":"Avokati: Shpallen t\u00eb pafajsh\u00ebm Haxhiu dhe t\u00eb tjer\u00ebt p\u00ebr gazin lotsjell\u00ebs n\u00eb Kuvendin e Kosov\u00ebs"}]},{"@type":"WebSite","@id":"https:\/\/veritasinfo.org\/#website","url":"https:\/\/veritasinfo.org\/","name":"","description":"","potentialAction":[{"@type":"SearchAction","target":{"@type":"EntryPoint","urlTemplate":"https:\/\/veritasinfo.org\/?s={search_term_string}"},"query-input":{"@type":"PropertyValueSpecification","valueRequired":true,"valueName":"search_term_string"}}],"inLanguage":"en-US"},{"@type":"Person","@id":"https:\/\/veritasinfo.org\/#\/schema\/person\/bc442336e35414d04494ab8fb45db4c6","name":"US5","image":{"@type":"ImageObject","inLanguage":"en-US","@id":"https:\/\/veritasinfo.org\/#\/schema\/person\/image\/","url":"https:\/\/secure.gravatar.com\/avatar\/16a61e7272a0c5d001121ebb9e60e925d5816e4ac1e443ed3e640d9a6ae55d0c?s=96&d=mm&r=g","contentUrl":"https:\/\/secure.gravatar.com\/avatar\/16a61e7272a0c5d001121ebb9e60e925d5816e4ac1e443ed3e640d9a6ae55d0c?s=96&d=mm&r=g","caption":"US5"},"url":"https:\/\/veritasinfo.org\/?author=6"}]}},"featured_image_urls":{"full":["https:\/\/veritasinfo.org\/wp-content\/uploads\/2026\/03\/image-3-1.webp",1245,700,false],"thumbnail":["https:\/\/veritasinfo.org\/wp-content\/uploads\/2026\/03\/image-3-1-150x150.webp",150,150,true],"medium":["https:\/\/veritasinfo.org\/wp-content\/uploads\/2026\/03\/image-3-1-300x169.webp",300,169,true],"medium_large":["https:\/\/veritasinfo.org\/wp-content\/uploads\/2026\/03\/image-3-1-768x432.webp",640,360,true],"large":["https:\/\/veritasinfo.org\/wp-content\/uploads\/2026\/03\/image-3-1-1024x576.webp",640,360,true],"1536x1536":["https:\/\/veritasinfo.org\/wp-content\/uploads\/2026\/03\/image-3-1.webp",1245,700,false],"2048x2048":["https:\/\/veritasinfo.org\/wp-content\/uploads\/2026\/03\/image-3-1.webp",1245,700,false],"kreeti-slider-full":["https:\/\/veritasinfo.org\/wp-content\/uploads\/2026\/03\/image-3-1.webp",1245,700,false],"kreeti-featured":["https:\/\/veritasinfo.org\/wp-content\/uploads\/2026\/03\/image-3-1.webp",1024,576,false],"kreeti-medium":["https:\/\/veritasinfo.org\/wp-content\/uploads\/2026\/03\/image-3-1.webp",720,405,false],"kreeti-medium-square":["https:\/\/veritasinfo.org\/wp-content\/uploads\/2026\/03\/image-3-1.webp",350,197,false]},"author_info":{"info":["US5"]},"category_info":"<a href=\"https:\/\/veritasinfo.org\/?cat=60\" rel=\"category\">Shoq\u00ebrore<\/a>","tag_info":"Shoq\u00ebrore","comment_count":"0","_links":{"self":[{"href":"https:\/\/veritasinfo.org\/index.php?rest_route=\/wp\/v2\/posts\/38942","targetHints":{"allow":["GET"]}}],"collection":[{"href":"https:\/\/veritasinfo.org\/index.php?rest_route=\/wp\/v2\/posts"}],"about":[{"href":"https:\/\/veritasinfo.org\/index.php?rest_route=\/wp\/v2\/types\/post"}],"author":[{"embeddable":true,"href":"https:\/\/veritasinfo.org\/index.php?rest_route=\/wp\/v2\/users\/6"}],"replies":[{"embeddable":true,"href":"https:\/\/veritasinfo.org\/index.php?rest_route=%2Fwp%2Fv2%2Fcomments&post=38942"}],"version-history":[{"count":1,"href":"https:\/\/veritasinfo.org\/index.php?rest_route=\/wp\/v2\/posts\/38942\/revisions"}],"predecessor-version":[{"id":38944,"href":"https:\/\/veritasinfo.org\/index.php?rest_route=\/wp\/v2\/posts\/38942\/revisions\/38944"}],"wp:featuredmedia":[{"embeddable":true,"href":"https:\/\/veritasinfo.org\/index.php?rest_route=\/wp\/v2\/media\/38943"}],"wp:attachment":[{"href":"https:\/\/veritasinfo.org\/index.php?rest_route=%2Fwp%2Fv2%2Fmedia&parent=38942"}],"wp:term":[{"taxonomy":"category","embeddable":true,"href":"https:\/\/veritasinfo.org\/index.php?rest_route=%2Fwp%2Fv2%2Fcategories&post=38942"},{"taxonomy":"post_tag","embeddable":true,"href":"https:\/\/veritasinfo.org\/index.php?rest_route=%2Fwp%2Fv2%2Ftags&post=38942"}],"curies":[{"name":"wp","href":"https:\/\/api.w.org\/{rel}","templated":true}]}}