{"id":38932,"date":"2026-03-21T16:00:03","date_gmt":"2026-03-21T15:00:03","guid":{"rendered":"https:\/\/veritasinfo.org\/?p=38932"},"modified":"2026-03-21T16:00:03","modified_gmt":"2026-03-21T15:00:03","slug":"orav-zakon-o-strancima-inspiracija-kako-da-se-tretira-put-kosova-ka-evropskoj-uniji","status":"publish","type":"post","link":"https:\/\/veritasinfo.org\/?p=38932&lang=sr","title":{"rendered":"Orav: Zakon o strancima \u2013 inspiracija kako da se tretira put Kosova ka Evropskoj uniji"},"content":{"rendered":"<p>Pri\u0161tina, 21. mart 2026, 15:56<\/p>\n<p>Po\u010detak primene Zakona o strancima ocenjen je kao inspiracija za mnoge zemlje Evropske unije o tome kako da pristupe pitanju aplikacije Kosova za \u010dlanstvo u EU, izjavio je ambasador EU na Kosovu, Aivo Orav.<\/p>\n<p>Tokom susreta sa novinarima nekoliko dana pre isteka svog 19-mese\u010dnog mandata, Orav se nada novoj dinamici u ovom procesu.<\/p>\n<p>Aplikacija Kosova za \u010dlanstvo u EU nije razmatrana u procesu. Jedan od razloga je bio to \u0161to, s jedne strane, postoje kaznene mere prema Kosovu, a s druge strane je te\u0161ko da dr\u017eave \u010dlanice EU zapo\u010dnu neki proces u takvim okolnostima. \u201eNe mogu govoriti u ime svih dr\u017eava \u010dlanica, ali sada ovaj sporazum od 14. marta daje inspiraciju mnogim dr\u017eavama \u010dlanicama kako da u bliskoj budu\u0107nosti pristupe ovom pitanju\u201c, izjavio je ambasador Orav.<\/p>\n<p>Uprkos olak\u0161icama postignutim u dogovoru izme\u0111u premijera Kosova Albina Kurtija i specijalnog izaslanika EU za dijalog, Petera Sorensena, ambasador EU je rekao da \u201eprimena ovog zakona nije ne\u0161to \u0161to se mo\u017ee desiti preko no\u0107i\u201c.<\/p>\n<p>Prema njegovim re\u010dima, odluka o izdavanju privremenih dozvola boravka za osobe koje rade u obrazovnim i zdravstvenim institucijama na severu dovela je do toga da se dostave spiskovi tih osoba.<\/p>\n<p>\u201eTi spiskovi ranije nisu bili spremni da se dostave, sada i stanovni\u0161tvo na severu vidi da je mogu\u0107e i\u0107i napred i re\u0161avati pitanja, nema problema\u201c, rekao je ambasador EU.<\/p>\n<p>Integracija ove dve institucije, prema Oravu, o\u010dekuje se da bude omogu\u0107ena kroz mere preduzete nakon konsultacija izme\u0111u premijera Kurtija, izaslanika Sorensena i srpske zajednice, bez izazivanja poreme\u0107aja ili prekida usluga.<\/p>\n<p>Pored uticaja na Srbe na severu, ambasador Orav je Zakon o strancima ocenio i kao primer kako napredovati u dijalogu i normalizaciji odnosa izme\u0111u Kosova i Srbije.<\/p>\n<p>Zakon o strancima po\u010deo je da se primenjuje 15. marta, ali uz odre\u0111ene olak\u0161ice, nakon zahteva EU koji je prenet preko izaslanika za dijalog, Petera Sorensena.<\/p>\n<p>Kosovo se slo\u017eilo da izda 12-mese\u010dne dozvole boravka srpskim studentima koji nemaju kosovska dokumenta i da prihvati identifikaciona dokumenta izdata i od strane ilegalnih struktura, jo\u0161 tri meseca.<\/p>\n<p>Kompletnu intervenciju ambasadora Orava mo\u017eete pratiti od 20:00 \u010dasova na KTV.<\/p>\n","protected":false},"excerpt":{"rendered":"<p>Pri\u0161tina, 21. mart 2026, 15:56 Po\u010detak primene Zakona o strancima ocenjen je kao inspiracija za mnoge zemlje Evropske unije o tome kako da pristupe pitanju<\/p>\n","protected":false},"author":6,"featured_media":38933,"comment_status":"open","ping_status":"open","sticky":false,"template":"","format":"standard","meta":{"footnotes":""},"categories":[28],"tags":[],"class_list":["post-38932","post","type-post","status-publish","format-standard","has-post-thumbnail","hentry","category-politika"],"yoast_head":"<!-- This site is optimized with the Yoast SEO plugin v25.3.1 - https:\/\/yoast.com\/wordpress\/plugins\/seo\/ -->\n<title>Orav: Zakon o strancima \u2013 inspiracija kako da se tretira put Kosova ka Evropskoj uniji -<\/title>\n<meta name=\"robots\" content=\"index, follow, max-snippet:-1, max-image-preview:large, max-video-preview:-1\" \/>\n<link rel=\"canonical\" href=\"https:\/\/veritasinfo.org\/?p=38932&lang=sr\" \/>\n<meta property=\"og:locale\" content=\"en_US\" \/>\n<meta property=\"og:type\" content=\"article\" \/>\n<meta property=\"og:title\" content=\"Orav: Zakon o strancima \u2013 inspiracija kako da se tretira put Kosova ka Evropskoj uniji -\" \/>\n<meta property=\"og:description\" content=\"Pri\u0161tina, 21. mart 2026, 15:56 Po\u010detak primene Zakona o strancima ocenjen je kao inspiracija za mnoge zemlje Evropske unije o tome kako da pristupe pitanju\" \/>\n<meta property=\"og:url\" content=\"https:\/\/veritasinfo.org\/?p=38932&amp;lang=sr\" \/>\n<meta property=\"article:published_time\" content=\"2026-03-21T15:00:03+00:00\" \/>\n<meta property=\"og:image\" content=\"https:\/\/veritasinfo.org\/wp-content\/uploads\/2026\/03\/IMG_2136-1.webp\" \/>\n\t<meta property=\"og:image:width\" content=\"1360\" \/>\n\t<meta property=\"og:image:height\" content=\"870\" \/>\n\t<meta property=\"og:image:type\" content=\"image\/webp\" \/>\n<meta name=\"author\" content=\"US5\" \/>\n<meta name=\"twitter:card\" content=\"summary_large_image\" \/>\n<meta name=\"twitter:label1\" content=\"Written by\" \/>\n\t<meta name=\"twitter:data1\" content=\"US5\" \/>\n\t<meta name=\"twitter:label2\" content=\"Est. reading time\" \/>\n\t<meta name=\"twitter:data2\" content=\"2 minutes\" \/>\n<script type=\"application\/ld+json\" class=\"yoast-schema-graph\">{\"@context\":\"https:\/\/schema.org\",\"@graph\":[{\"@type\":\"WebPage\",\"@id\":\"https:\/\/veritasinfo.org\/?p=38932&lang=sr\",\"url\":\"https:\/\/veritasinfo.org\/?p=38932&lang=sr\",\"name\":\"Orav: Zakon o strancima \u2013 inspiracija kako da se tretira put Kosova ka Evropskoj uniji -\",\"isPartOf\":{\"@id\":\"https:\/\/veritasinfo.org\/#website\"},\"primaryImageOfPage\":{\"@id\":\"https:\/\/veritasinfo.org\/?p=38932&lang=sr#primaryimage\"},\"image\":{\"@id\":\"https:\/\/veritasinfo.org\/?p=38932&lang=sr#primaryimage\"},\"thumbnailUrl\":\"https:\/\/veritasinfo.org\/wp-content\/uploads\/2026\/03\/IMG_2136-1.webp\",\"datePublished\":\"2026-03-21T15:00:03+00:00\",\"author\":{\"@id\":\"https:\/\/veritasinfo.org\/#\/schema\/person\/bc442336e35414d04494ab8fb45db4c6\"},\"breadcrumb\":{\"@id\":\"https:\/\/veritasinfo.org\/?p=38932&lang=sr#breadcrumb\"},\"inLanguage\":\"en-US\",\"potentialAction\":[{\"@type\":\"ReadAction\",\"target\":[\"https:\/\/veritasinfo.org\/?p=38932&lang=sr\"]}]},{\"@type\":\"ImageObject\",\"inLanguage\":\"en-US\",\"@id\":\"https:\/\/veritasinfo.org\/?p=38932&lang=sr#primaryimage\",\"url\":\"https:\/\/veritasinfo.org\/wp-content\/uploads\/2026\/03\/IMG_2136-1.webp\",\"contentUrl\":\"https:\/\/veritasinfo.org\/wp-content\/uploads\/2026\/03\/IMG_2136-1.webp\",\"width\":1360,\"height\":870},{\"@type\":\"BreadcrumbList\",\"@id\":\"https:\/\/veritasinfo.org\/?p=38932&lang=sr#breadcrumb\",\"itemListElement\":[{\"@type\":\"ListItem\",\"position\":1,\"name\":\"Home\",\"item\":\"https:\/\/veritasinfo.org\/\"},{\"@type\":\"ListItem\",\"position\":2,\"name\":\"Orav: Zakon o strancima \u2013 inspiracija kako da se tretira put Kosova ka Evropskoj uniji\"}]},{\"@type\":\"WebSite\",\"@id\":\"https:\/\/veritasinfo.org\/#website\",\"url\":\"https:\/\/veritasinfo.org\/\",\"name\":\"\",\"description\":\"\",\"potentialAction\":[{\"@type\":\"SearchAction\",\"target\":{\"@type\":\"EntryPoint\",\"urlTemplate\":\"https:\/\/veritasinfo.org\/?s={search_term_string}\"},\"query-input\":{\"@type\":\"PropertyValueSpecification\",\"valueRequired\":true,\"valueName\":\"search_term_string\"}}],\"inLanguage\":\"en-US\"},{\"@type\":\"Person\",\"@id\":\"https:\/\/veritasinfo.org\/#\/schema\/person\/bc442336e35414d04494ab8fb45db4c6\",\"name\":\"US5\",\"image\":{\"@type\":\"ImageObject\",\"inLanguage\":\"en-US\",\"@id\":\"https:\/\/veritasinfo.org\/#\/schema\/person\/image\/\",\"url\":\"https:\/\/secure.gravatar.com\/avatar\/16a61e7272a0c5d001121ebb9e60e925d5816e4ac1e443ed3e640d9a6ae55d0c?s=96&d=mm&r=g\",\"contentUrl\":\"https:\/\/secure.gravatar.com\/avatar\/16a61e7272a0c5d001121ebb9e60e925d5816e4ac1e443ed3e640d9a6ae55d0c?s=96&d=mm&r=g\",\"caption\":\"US5\"},\"url\":\"https:\/\/veritasinfo.org\/?author=6\"}]}<\/script>\n<!-- \/ Yoast SEO plugin. -->","yoast_head_json":{"title":"Orav: Zakon o strancima \u2013 inspiracija kako da se tretira put Kosova ka Evropskoj uniji -","robots":{"index":"index","follow":"follow","max-snippet":"max-snippet:-1","max-image-preview":"max-image-preview:large","max-video-preview":"max-video-preview:-1"},"canonical":"https:\/\/veritasinfo.org\/?p=38932&lang=sr","og_locale":"en_US","og_type":"article","og_title":"Orav: Zakon o strancima \u2013 inspiracija kako da se tretira put Kosova ka Evropskoj uniji -","og_description":"Pri\u0161tina, 21. mart 2026, 15:56 Po\u010detak primene Zakona o strancima ocenjen je kao inspiracija za mnoge zemlje Evropske unije o tome kako da pristupe pitanju","og_url":"https:\/\/veritasinfo.org\/?p=38932&lang=sr","article_published_time":"2026-03-21T15:00:03+00:00","og_image":[{"width":1360,"height":870,"url":"https:\/\/veritasinfo.org\/wp-content\/uploads\/2026\/03\/IMG_2136-1.webp","type":"image\/webp"}],"author":"US5","twitter_card":"summary_large_image","twitter_misc":{"Written by":"US5","Est. reading time":"2 minutes"},"schema":{"@context":"https:\/\/schema.org","@graph":[{"@type":"WebPage","@id":"https:\/\/veritasinfo.org\/?p=38932&lang=sr","url":"https:\/\/veritasinfo.org\/?p=38932&lang=sr","name":"Orav: Zakon o strancima \u2013 inspiracija kako da se tretira put Kosova ka Evropskoj uniji -","isPartOf":{"@id":"https:\/\/veritasinfo.org\/#website"},"primaryImageOfPage":{"@id":"https:\/\/veritasinfo.org\/?p=38932&lang=sr#primaryimage"},"image":{"@id":"https:\/\/veritasinfo.org\/?p=38932&lang=sr#primaryimage"},"thumbnailUrl":"https:\/\/veritasinfo.org\/wp-content\/uploads\/2026\/03\/IMG_2136-1.webp","datePublished":"2026-03-21T15:00:03+00:00","author":{"@id":"https:\/\/veritasinfo.org\/#\/schema\/person\/bc442336e35414d04494ab8fb45db4c6"},"breadcrumb":{"@id":"https:\/\/veritasinfo.org\/?p=38932&lang=sr#breadcrumb"},"inLanguage":"en-US","potentialAction":[{"@type":"ReadAction","target":["https:\/\/veritasinfo.org\/?p=38932&lang=sr"]}]},{"@type":"ImageObject","inLanguage":"en-US","@id":"https:\/\/veritasinfo.org\/?p=38932&lang=sr#primaryimage","url":"https:\/\/veritasinfo.org\/wp-content\/uploads\/2026\/03\/IMG_2136-1.webp","contentUrl":"https:\/\/veritasinfo.org\/wp-content\/uploads\/2026\/03\/IMG_2136-1.webp","width":1360,"height":870},{"@type":"BreadcrumbList","@id":"https:\/\/veritasinfo.org\/?p=38932&lang=sr#breadcrumb","itemListElement":[{"@type":"ListItem","position":1,"name":"Home","item":"https:\/\/veritasinfo.org\/"},{"@type":"ListItem","position":2,"name":"Orav: Zakon o strancima \u2013 inspiracija kako da se tretira put Kosova ka Evropskoj uniji"}]},{"@type":"WebSite","@id":"https:\/\/veritasinfo.org\/#website","url":"https:\/\/veritasinfo.org\/","name":"","description":"","potentialAction":[{"@type":"SearchAction","target":{"@type":"EntryPoint","urlTemplate":"https:\/\/veritasinfo.org\/?s={search_term_string}"},"query-input":{"@type":"PropertyValueSpecification","valueRequired":true,"valueName":"search_term_string"}}],"inLanguage":"en-US"},{"@type":"Person","@id":"https:\/\/veritasinfo.org\/#\/schema\/person\/bc442336e35414d04494ab8fb45db4c6","name":"US5","image":{"@type":"ImageObject","inLanguage":"en-US","@id":"https:\/\/veritasinfo.org\/#\/schema\/person\/image\/","url":"https:\/\/secure.gravatar.com\/avatar\/16a61e7272a0c5d001121ebb9e60e925d5816e4ac1e443ed3e640d9a6ae55d0c?s=96&d=mm&r=g","contentUrl":"https:\/\/secure.gravatar.com\/avatar\/16a61e7272a0c5d001121ebb9e60e925d5816e4ac1e443ed3e640d9a6ae55d0c?s=96&d=mm&r=g","caption":"US5"},"url":"https:\/\/veritasinfo.org\/?author=6"}]}},"featured_image_urls":{"full":["https:\/\/veritasinfo.org\/wp-content\/uploads\/2026\/03\/IMG_2136-1.webp",1360,870,false],"thumbnail":["https:\/\/veritasinfo.org\/wp-content\/uploads\/2026\/03\/IMG_2136-1-150x150.webp",150,150,true],"medium":["https:\/\/veritasinfo.org\/wp-content\/uploads\/2026\/03\/IMG_2136-1-300x192.webp",300,192,true],"medium_large":["https:\/\/veritasinfo.org\/wp-content\/uploads\/2026\/03\/IMG_2136-1-768x491.webp",640,409,true],"large":["https:\/\/veritasinfo.org\/wp-content\/uploads\/2026\/03\/IMG_2136-1-1024x655.webp",640,409,true],"1536x1536":["https:\/\/veritasinfo.org\/wp-content\/uploads\/2026\/03\/IMG_2136-1.webp",1360,870,false],"2048x2048":["https:\/\/veritasinfo.org\/wp-content\/uploads\/2026\/03\/IMG_2136-1.webp",1360,870,false],"kreeti-slider-full":["https:\/\/veritasinfo.org\/wp-content\/uploads\/2026\/03\/IMG_2136-1.webp",1126,720,false],"kreeti-featured":["https:\/\/veritasinfo.org\/wp-content\/uploads\/2026\/03\/IMG_2136-1.webp",1024,655,false],"kreeti-medium":["https:\/\/veritasinfo.org\/wp-content\/uploads\/2026\/03\/IMG_2136-1.webp",720,461,false],"kreeti-medium-square":["https:\/\/veritasinfo.org\/wp-content\/uploads\/2026\/03\/IMG_2136-1.webp",350,224,false]},"author_info":{"info":["US5"]},"category_info":"<a href=\"https:\/\/veritasinfo.org\/?cat=28&#038;lang=sr\" rel=\"category\">Politika<\/a>","tag_info":"Politika","comment_count":"0","_links":{"self":[{"href":"https:\/\/veritasinfo.org\/index.php?rest_route=\/wp\/v2\/posts\/38932","targetHints":{"allow":["GET"]}}],"collection":[{"href":"https:\/\/veritasinfo.org\/index.php?rest_route=\/wp\/v2\/posts"}],"about":[{"href":"https:\/\/veritasinfo.org\/index.php?rest_route=\/wp\/v2\/types\/post"}],"author":[{"embeddable":true,"href":"https:\/\/veritasinfo.org\/index.php?rest_route=\/wp\/v2\/users\/6"}],"replies":[{"embeddable":true,"href":"https:\/\/veritasinfo.org\/index.php?rest_route=%2Fwp%2Fv2%2Fcomments&post=38932"}],"version-history":[{"count":1,"href":"https:\/\/veritasinfo.org\/index.php?rest_route=\/wp\/v2\/posts\/38932\/revisions"}],"predecessor-version":[{"id":38934,"href":"https:\/\/veritasinfo.org\/index.php?rest_route=\/wp\/v2\/posts\/38932\/revisions\/38934"}],"wp:featuredmedia":[{"embeddable":true,"href":"https:\/\/veritasinfo.org\/index.php?rest_route=\/wp\/v2\/media\/38933"}],"wp:attachment":[{"href":"https:\/\/veritasinfo.org\/index.php?rest_route=%2Fwp%2Fv2%2Fmedia&parent=38932"}],"wp:term":[{"taxonomy":"category","embeddable":true,"href":"https:\/\/veritasinfo.org\/index.php?rest_route=%2Fwp%2Fv2%2Fcategories&post=38932"},{"taxonomy":"post_tag","embeddable":true,"href":"https:\/\/veritasinfo.org\/index.php?rest_route=%2Fwp%2Fv2%2Ftags&post=38932"}],"curies":[{"name":"wp","href":"https:\/\/api.w.org\/{rel}","templated":true}]}}