{"id":38929,"date":"2026-03-21T15:58:13","date_gmt":"2026-03-21T14:58:13","guid":{"rendered":"https:\/\/veritasinfo.org\/?p=38929"},"modified":"2026-03-21T15:58:13","modified_gmt":"2026-03-21T14:58:13","slug":"orav-ligji-per-te-huajt-frymezim-se-si-te-trajtohet-rrugetimi-i-kosoves-drejt-be-se","status":"publish","type":"post","link":"https:\/\/veritasinfo.org\/?p=38929","title":{"rendered":"Orav: Ligji p\u00ebr t\u00eb Huajt, frym\u00ebzim se si t\u00eb trajtohet rrug\u00ebtimi i Kosov\u00ebs drejt BE-s\u00eb"},"content":{"rendered":"<p>Prishtin\u00eb 21 \u00a0 Mars \u00a02026 15:56<\/p>\n<p style=\"font-weight: 400;\"><span style=\"font-style: inherit; font-weight: inherit;\">Fillimi i zbatimit t\u00eb Ligjit p\u00ebr t\u00eb Huajt \u00ebsht\u00eb cil\u00ebsuar frym\u00ebzim p\u00ebr shum\u00eb vende t\u00eb Bashkimit Evropian se si ta trajtojn\u00eb \u00e7\u00ebshtjen e aplikacionit p\u00ebr an\u00ebtar\u00ebsim t\u00eb Kosov\u00ebs n\u00eb BE, ka th\u00ebn\u00eb ambasadori i BE-s\u00eb n\u00eb Kosov\u00eb, Aivo Orav.<\/span><\/p>\n<p style=\"font-weight: 400;\"><span style=\"font-style: inherit; font-weight: inherit;\">Gjat\u00eb nj\u00eb takimi me gazetar\u00eb disa dit\u00eb para p\u00ebrfundimit t\u00eb mandatit 19-mujor, Oravi shpreson q\u00eb t\u00eb ket\u00eb dinamika t\u00eb reja n\u00eb k\u00ebt\u00eb process<\/span><\/p>\n<p style=\"font-weight: 400;\"><span style=\"font-style: inherit; font-weight: inherit;\">Aplikacioni p\u00ebr an\u00ebtar\u00ebsim t\u00eb Kosov\u00eb n\u00eb BE nuk \u00ebsht\u00eb trajtuar n\u00eb proces. Nj\u00eb prej arsyeve ka qen\u00eb se n\u00eb nj\u00ebr\u00ebn an\u00eb n\u00ebse ka masa nd\u00ebshkuese ndaj Kosov\u00ebs n\u00eb an\u00ebn tjet\u00ebr \u00ebsht\u00eb e v\u00ebshtir\u00eb q\u00eb vendet an\u00ebtare t\u00eb BE-s\u00eb t\u00eb fillojn\u00eb procesin n\u00eb di\u00e7ka. Nuk mund t\u00eb flas k\u00ebtu n\u00eb em\u00ebr t\u00eb t\u00eb gjitha vendeve an\u00ebtare, por tani kjo marr\u00ebveshja e 14 marsit i jep frym\u00ebzim shum\u00eb vendeve an\u00ebtare se si ta<\/span><span style=\"font-style: inherit; font-weight: inherit;\">\u00a0 <\/span><span style=\"font-style: inherit; font-weight: inherit;\">trajtojn\u00eb k\u00ebt\u00eb \u00e7\u00ebshtje n\u00eb t\u00eb ardhmen e af\u00ebrt\u201d, ka deklaruar ambasadori Orav.<\/span><\/p>\n<p style=\"font-weight: 400;\"><span style=\"font-style: inherit; font-weight: inherit;\">E p\u00ebrkund\u00ebr leht\u00ebsirave t\u00eb arritura n\u00eb dakordimin mes kryeministrit t\u00eb Kosov\u00ebs, Albin Kurti dhe t\u00eb d\u00ebrguarit t\u00eb posa\u00e7\u00ebm t\u00eb BE-s\u00eb p\u00ebr dialog, Peter Sorensen, ambasadori i BE-s\u00eb ka th\u00ebn\u00eb se \u201czbatimi i k\u00ebtij ligji nuk \u00ebsht\u00eb di\u00e7ka q\u00eb mund t\u00eb ndodh\u00eb brenda nat\u00ebs\u201d.<\/span><\/p>\n<p style=\"font-weight: 400;\"><span style=\"font-style: inherit; font-weight: inherit;\">Sipas tij, vendimi p\u00ebr l\u00ebshimin e lejeve t\u00eb p\u00ebrkohshme t\u00eb q\u00ebndrimit p\u00ebr personat q\u00eb punojn\u00eb n\u00eb institucionet e arsimit dhe ato sh\u00ebndet\u00ebsore n\u00eb veri, ka b\u00ebr\u00eb q\u00eb t\u00eb ofrohen listat e atyre personave.<\/span><\/p>\n<p style=\"font-weight: 400;\"><span style=\"font-style: inherit; font-weight: inherit;\">K\u00ebto lista nuk kan\u00eb qen\u00eb t\u00eb gatshme t\u00eb jepen m\u00eb her\u00ebt, tani edhe popullata n\u00eb veri e sheh q\u00eb \u00ebsht\u00eb e mundur t\u00eb ecet p\u00ebrpara t\u00eb zgjidhjen \u00e7\u00ebshtjet, nuk ka probleme\u201d, ka th\u00ebn\u00eb ambasadori i BE-s\u00eb.<\/span><\/p>\n<p style=\"font-weight: 400;\"><span style=\"font-style: inherit; font-weight: inherit;\">E integrimi i k\u00ebtyre dy institucioneve, sipas Oravit, pritet t\u00eb mund\u00ebsohet nga veprimet e nd\u00ebrmarra pas konsultimeve mes kryeministrit Kurti, emisarit Sorensen dhe komunitetit serb, pa shkaktuar \u00e7rregullime apo nd\u00ebrprerje t\u00eb sh\u00ebrbimeve.<\/span><\/p>\n<p style=\"font-weight: 400;\"><span style=\"font-style: inherit; font-weight: inherit;\">P\u00ebrve\u00e7 ndikimit te serb\u00ebt n\u00eb veri, ambasadori Orav e ka cil\u00ebsuar Ligjin p\u00ebr t\u00eb huajt edhe si nj\u00eb shembull si t\u00eb ecet para n\u00eb dialog dhe normalizim t\u00eb raporteve Kosov\u00eb-Serbi<\/span><\/p>\n<p style=\"font-weight: 400;\"><span style=\"font-style: inherit; font-weight: inherit;\">Ligji p\u00ebr t\u00eb Huajt ka nisur t\u00eb zbatohet me 15 mars, por me disa leht\u00ebsira, pas k\u00ebrkes\u00ebs s\u00eb BE-s\u00eb t\u00eb cil\u00ebn e ka p\u00ebrcjell\u00eb p\u00ebrmes emisarit p\u00ebr dialog, Peter Sorensen.<\/span><\/p>\n<p style=\"font-weight: 400;\"><span style=\"font-style: inherit; font-weight: inherit;\">Kosova u pajtua q\u00eb t\u2019u l\u00ebshoj\u00eb leje q\u00ebndrimi 12-mujore student\u00ebve serb\u00eb q\u00eb nuk kan\u00eb dokumente t\u00eb Kosov\u00ebs dhe t\u2019i pranoj\u00eb dokumentet e identifikimit t\u00eb l\u00ebshuara edhe nga strukturat ilegale, edhe p\u00ebr tre muaj.<\/span><\/p>\n<p style=\"font-weight: 400;\"><span style=\"font-style: inherit; font-weight: inherit;\">Intervist\u00ebn e plot\u00eb t\u00eb ambasadorit Orav mund ta ndiqni t\u00eb plot\u00eb nga ora 20:00 n\u00eb KTV.<\/span><\/p>\n<p>&nbsp;<\/p>\n","protected":false},"excerpt":{"rendered":"<p>Prishtin\u00eb 21 \u00a0 Mars \u00a02026 15:56 Fillimi i zbatimit t\u00eb Ligjit p\u00ebr t\u00eb Huajt \u00ebsht\u00eb cil\u00ebsuar frym\u00ebzim p\u00ebr shum\u00eb vende t\u00eb Bashkimit Evropian se si<\/p>\n","protected":false},"author":6,"featured_media":38930,"comment_status":"open","ping_status":"open","sticky":false,"template":"","format":"standard","meta":{"footnotes":""},"categories":[58],"tags":[],"class_list":["post-38929","post","type-post","status-publish","format-standard","has-post-thumbnail","hentry","category-politike-sq"],"yoast_head":"<!-- This site is optimized with the Yoast SEO plugin v25.3.1 - https:\/\/yoast.com\/wordpress\/plugins\/seo\/ -->\n<title>Orav: Ligji p\u00ebr t\u00eb Huajt, frym\u00ebzim se si t\u00eb trajtohet rrug\u00ebtimi i Kosov\u00ebs drejt BE-s\u00eb -<\/title>\n<meta name=\"robots\" content=\"index, follow, max-snippet:-1, max-image-preview:large, max-video-preview:-1\" \/>\n<link rel=\"canonical\" href=\"https:\/\/veritasinfo.org\/?p=38929\" \/>\n<meta property=\"og:locale\" content=\"en_US\" \/>\n<meta property=\"og:type\" content=\"article\" \/>\n<meta property=\"og:title\" content=\"Orav: Ligji p\u00ebr t\u00eb Huajt, frym\u00ebzim se si t\u00eb trajtohet rrug\u00ebtimi i Kosov\u00ebs drejt BE-s\u00eb -\" \/>\n<meta property=\"og:description\" content=\"Prishtin\u00eb 21 \u00a0 Mars \u00a02026 15:56 Fillimi i zbatimit t\u00eb Ligjit p\u00ebr t\u00eb Huajt \u00ebsht\u00eb cil\u00ebsuar frym\u00ebzim p\u00ebr shum\u00eb vende t\u00eb Bashkimit Evropian se si\" \/>\n<meta property=\"og:url\" content=\"https:\/\/veritasinfo.org\/?p=38929\" \/>\n<meta property=\"article:published_time\" content=\"2026-03-21T14:58:13+00:00\" \/>\n<meta property=\"og:image\" content=\"https:\/\/veritasinfo.org\/wp-content\/uploads\/2026\/03\/IMG_2136.webp\" \/>\n\t<meta property=\"og:image:width\" content=\"1360\" \/>\n\t<meta property=\"og:image:height\" content=\"870\" \/>\n\t<meta property=\"og:image:type\" content=\"image\/webp\" \/>\n<meta name=\"author\" content=\"US5\" \/>\n<meta name=\"twitter:card\" content=\"summary_large_image\" \/>\n<meta name=\"twitter:label1\" content=\"Written by\" \/>\n\t<meta name=\"twitter:data1\" content=\"US5\" \/>\n\t<meta name=\"twitter:label2\" content=\"Est. reading time\" \/>\n\t<meta name=\"twitter:data2\" content=\"2 minutes\" \/>\n<script type=\"application\/ld+json\" class=\"yoast-schema-graph\">{\"@context\":\"https:\/\/schema.org\",\"@graph\":[{\"@type\":\"WebPage\",\"@id\":\"https:\/\/veritasinfo.org\/?p=38929\",\"url\":\"https:\/\/veritasinfo.org\/?p=38929\",\"name\":\"Orav: Ligji p\u00ebr t\u00eb Huajt, frym\u00ebzim se si t\u00eb trajtohet rrug\u00ebtimi i Kosov\u00ebs drejt BE-s\u00eb -\",\"isPartOf\":{\"@id\":\"https:\/\/veritasinfo.org\/#website\"},\"primaryImageOfPage\":{\"@id\":\"https:\/\/veritasinfo.org\/?p=38929#primaryimage\"},\"image\":{\"@id\":\"https:\/\/veritasinfo.org\/?p=38929#primaryimage\"},\"thumbnailUrl\":\"https:\/\/veritasinfo.org\/wp-content\/uploads\/2026\/03\/IMG_2136.webp\",\"datePublished\":\"2026-03-21T14:58:13+00:00\",\"author\":{\"@id\":\"https:\/\/veritasinfo.org\/#\/schema\/person\/bc442336e35414d04494ab8fb45db4c6\"},\"breadcrumb\":{\"@id\":\"https:\/\/veritasinfo.org\/?p=38929#breadcrumb\"},\"inLanguage\":\"en-US\",\"potentialAction\":[{\"@type\":\"ReadAction\",\"target\":[\"https:\/\/veritasinfo.org\/?p=38929\"]}]},{\"@type\":\"ImageObject\",\"inLanguage\":\"en-US\",\"@id\":\"https:\/\/veritasinfo.org\/?p=38929#primaryimage\",\"url\":\"https:\/\/veritasinfo.org\/wp-content\/uploads\/2026\/03\/IMG_2136.webp\",\"contentUrl\":\"https:\/\/veritasinfo.org\/wp-content\/uploads\/2026\/03\/IMG_2136.webp\",\"width\":1360,\"height\":870},{\"@type\":\"BreadcrumbList\",\"@id\":\"https:\/\/veritasinfo.org\/?p=38929#breadcrumb\",\"itemListElement\":[{\"@type\":\"ListItem\",\"position\":1,\"name\":\"Home\",\"item\":\"https:\/\/veritasinfo.org\/\"},{\"@type\":\"ListItem\",\"position\":2,\"name\":\"Orav: Ligji p\u00ebr t\u00eb Huajt, frym\u00ebzim se si t\u00eb trajtohet rrug\u00ebtimi i Kosov\u00ebs drejt BE-s\u00eb\"}]},{\"@type\":\"WebSite\",\"@id\":\"https:\/\/veritasinfo.org\/#website\",\"url\":\"https:\/\/veritasinfo.org\/\",\"name\":\"\",\"description\":\"\",\"potentialAction\":[{\"@type\":\"SearchAction\",\"target\":{\"@type\":\"EntryPoint\",\"urlTemplate\":\"https:\/\/veritasinfo.org\/?s={search_term_string}\"},\"query-input\":{\"@type\":\"PropertyValueSpecification\",\"valueRequired\":true,\"valueName\":\"search_term_string\"}}],\"inLanguage\":\"en-US\"},{\"@type\":\"Person\",\"@id\":\"https:\/\/veritasinfo.org\/#\/schema\/person\/bc442336e35414d04494ab8fb45db4c6\",\"name\":\"US5\",\"image\":{\"@type\":\"ImageObject\",\"inLanguage\":\"en-US\",\"@id\":\"https:\/\/veritasinfo.org\/#\/schema\/person\/image\/\",\"url\":\"https:\/\/secure.gravatar.com\/avatar\/16a61e7272a0c5d001121ebb9e60e925d5816e4ac1e443ed3e640d9a6ae55d0c?s=96&d=mm&r=g\",\"contentUrl\":\"https:\/\/secure.gravatar.com\/avatar\/16a61e7272a0c5d001121ebb9e60e925d5816e4ac1e443ed3e640d9a6ae55d0c?s=96&d=mm&r=g\",\"caption\":\"US5\"},\"url\":\"https:\/\/veritasinfo.org\/?author=6\"}]}<\/script>\n<!-- \/ Yoast SEO plugin. -->","yoast_head_json":{"title":"Orav: Ligji p\u00ebr t\u00eb Huajt, frym\u00ebzim se si t\u00eb trajtohet rrug\u00ebtimi i Kosov\u00ebs drejt BE-s\u00eb -","robots":{"index":"index","follow":"follow","max-snippet":"max-snippet:-1","max-image-preview":"max-image-preview:large","max-video-preview":"max-video-preview:-1"},"canonical":"https:\/\/veritasinfo.org\/?p=38929","og_locale":"en_US","og_type":"article","og_title":"Orav: Ligji p\u00ebr t\u00eb Huajt, frym\u00ebzim se si t\u00eb trajtohet rrug\u00ebtimi i Kosov\u00ebs drejt BE-s\u00eb -","og_description":"Prishtin\u00eb 21 \u00a0 Mars \u00a02026 15:56 Fillimi i zbatimit t\u00eb Ligjit p\u00ebr t\u00eb Huajt \u00ebsht\u00eb cil\u00ebsuar frym\u00ebzim p\u00ebr shum\u00eb vende t\u00eb Bashkimit Evropian se si","og_url":"https:\/\/veritasinfo.org\/?p=38929","article_published_time":"2026-03-21T14:58:13+00:00","og_image":[{"width":1360,"height":870,"url":"https:\/\/veritasinfo.org\/wp-content\/uploads\/2026\/03\/IMG_2136.webp","type":"image\/webp"}],"author":"US5","twitter_card":"summary_large_image","twitter_misc":{"Written by":"US5","Est. reading time":"2 minutes"},"schema":{"@context":"https:\/\/schema.org","@graph":[{"@type":"WebPage","@id":"https:\/\/veritasinfo.org\/?p=38929","url":"https:\/\/veritasinfo.org\/?p=38929","name":"Orav: Ligji p\u00ebr t\u00eb Huajt, frym\u00ebzim se si t\u00eb trajtohet rrug\u00ebtimi i Kosov\u00ebs drejt BE-s\u00eb -","isPartOf":{"@id":"https:\/\/veritasinfo.org\/#website"},"primaryImageOfPage":{"@id":"https:\/\/veritasinfo.org\/?p=38929#primaryimage"},"image":{"@id":"https:\/\/veritasinfo.org\/?p=38929#primaryimage"},"thumbnailUrl":"https:\/\/veritasinfo.org\/wp-content\/uploads\/2026\/03\/IMG_2136.webp","datePublished":"2026-03-21T14:58:13+00:00","author":{"@id":"https:\/\/veritasinfo.org\/#\/schema\/person\/bc442336e35414d04494ab8fb45db4c6"},"breadcrumb":{"@id":"https:\/\/veritasinfo.org\/?p=38929#breadcrumb"},"inLanguage":"en-US","potentialAction":[{"@type":"ReadAction","target":["https:\/\/veritasinfo.org\/?p=38929"]}]},{"@type":"ImageObject","inLanguage":"en-US","@id":"https:\/\/veritasinfo.org\/?p=38929#primaryimage","url":"https:\/\/veritasinfo.org\/wp-content\/uploads\/2026\/03\/IMG_2136.webp","contentUrl":"https:\/\/veritasinfo.org\/wp-content\/uploads\/2026\/03\/IMG_2136.webp","width":1360,"height":870},{"@type":"BreadcrumbList","@id":"https:\/\/veritasinfo.org\/?p=38929#breadcrumb","itemListElement":[{"@type":"ListItem","position":1,"name":"Home","item":"https:\/\/veritasinfo.org\/"},{"@type":"ListItem","position":2,"name":"Orav: Ligji p\u00ebr t\u00eb Huajt, frym\u00ebzim se si t\u00eb trajtohet rrug\u00ebtimi i Kosov\u00ebs drejt BE-s\u00eb"}]},{"@type":"WebSite","@id":"https:\/\/veritasinfo.org\/#website","url":"https:\/\/veritasinfo.org\/","name":"","description":"","potentialAction":[{"@type":"SearchAction","target":{"@type":"EntryPoint","urlTemplate":"https:\/\/veritasinfo.org\/?s={search_term_string}"},"query-input":{"@type":"PropertyValueSpecification","valueRequired":true,"valueName":"search_term_string"}}],"inLanguage":"en-US"},{"@type":"Person","@id":"https:\/\/veritasinfo.org\/#\/schema\/person\/bc442336e35414d04494ab8fb45db4c6","name":"US5","image":{"@type":"ImageObject","inLanguage":"en-US","@id":"https:\/\/veritasinfo.org\/#\/schema\/person\/image\/","url":"https:\/\/secure.gravatar.com\/avatar\/16a61e7272a0c5d001121ebb9e60e925d5816e4ac1e443ed3e640d9a6ae55d0c?s=96&d=mm&r=g","contentUrl":"https:\/\/secure.gravatar.com\/avatar\/16a61e7272a0c5d001121ebb9e60e925d5816e4ac1e443ed3e640d9a6ae55d0c?s=96&d=mm&r=g","caption":"US5"},"url":"https:\/\/veritasinfo.org\/?author=6"}]}},"featured_image_urls":{"full":["https:\/\/veritasinfo.org\/wp-content\/uploads\/2026\/03\/IMG_2136.webp",1360,870,false],"thumbnail":["https:\/\/veritasinfo.org\/wp-content\/uploads\/2026\/03\/IMG_2136-150x150.webp",150,150,true],"medium":["https:\/\/veritasinfo.org\/wp-content\/uploads\/2026\/03\/IMG_2136-300x192.webp",300,192,true],"medium_large":["https:\/\/veritasinfo.org\/wp-content\/uploads\/2026\/03\/IMG_2136-768x491.webp",640,409,true],"large":["https:\/\/veritasinfo.org\/wp-content\/uploads\/2026\/03\/IMG_2136-1024x655.webp",640,409,true],"1536x1536":["https:\/\/veritasinfo.org\/wp-content\/uploads\/2026\/03\/IMG_2136.webp",1360,870,false],"2048x2048":["https:\/\/veritasinfo.org\/wp-content\/uploads\/2026\/03\/IMG_2136.webp",1360,870,false],"kreeti-slider-full":["https:\/\/veritasinfo.org\/wp-content\/uploads\/2026\/03\/IMG_2136.webp",1126,720,false],"kreeti-featured":["https:\/\/veritasinfo.org\/wp-content\/uploads\/2026\/03\/IMG_2136.webp",1024,655,false],"kreeti-medium":["https:\/\/veritasinfo.org\/wp-content\/uploads\/2026\/03\/IMG_2136.webp",720,461,false],"kreeti-medium-square":["https:\/\/veritasinfo.org\/wp-content\/uploads\/2026\/03\/IMG_2136.webp",350,224,false]},"author_info":{"info":["US5"]},"category_info":"<a href=\"https:\/\/veritasinfo.org\/?cat=58\" rel=\"category\">Politik\u00eb<\/a>","tag_info":"Politik\u00eb","comment_count":"0","_links":{"self":[{"href":"https:\/\/veritasinfo.org\/index.php?rest_route=\/wp\/v2\/posts\/38929","targetHints":{"allow":["GET"]}}],"collection":[{"href":"https:\/\/veritasinfo.org\/index.php?rest_route=\/wp\/v2\/posts"}],"about":[{"href":"https:\/\/veritasinfo.org\/index.php?rest_route=\/wp\/v2\/types\/post"}],"author":[{"embeddable":true,"href":"https:\/\/veritasinfo.org\/index.php?rest_route=\/wp\/v2\/users\/6"}],"replies":[{"embeddable":true,"href":"https:\/\/veritasinfo.org\/index.php?rest_route=%2Fwp%2Fv2%2Fcomments&post=38929"}],"version-history":[{"count":1,"href":"https:\/\/veritasinfo.org\/index.php?rest_route=\/wp\/v2\/posts\/38929\/revisions"}],"predecessor-version":[{"id":38931,"href":"https:\/\/veritasinfo.org\/index.php?rest_route=\/wp\/v2\/posts\/38929\/revisions\/38931"}],"wp:featuredmedia":[{"embeddable":true,"href":"https:\/\/veritasinfo.org\/index.php?rest_route=\/wp\/v2\/media\/38930"}],"wp:attachment":[{"href":"https:\/\/veritasinfo.org\/index.php?rest_route=%2Fwp%2Fv2%2Fmedia&parent=38929"}],"wp:term":[{"taxonomy":"category","embeddable":true,"href":"https:\/\/veritasinfo.org\/index.php?rest_route=%2Fwp%2Fv2%2Fcategories&post=38929"},{"taxonomy":"post_tag","embeddable":true,"href":"https:\/\/veritasinfo.org\/index.php?rest_route=%2Fwp%2Fv2%2Ftags&post=38929"}],"curies":[{"name":"wp","href":"https:\/\/api.w.org\/{rel}","templated":true}]}}