{"id":3890,"date":"2025-07-15T18:01:51","date_gmt":"2025-07-15T16:01:51","guid":{"rendered":"https:\/\/veritasinfo.org\/?p=3890"},"modified":"2025-07-15T18:03:28","modified_gmt":"2025-07-15T16:03:28","slug":"deshmitari-thote-se-te-akuzuarit-pantiq-dhe-zariq-kishin-autoritet-te-ekzekutonin-ke-te-donin","status":"publish","type":"post","link":"https:\/\/veritasinfo.org\/?p=3890","title":{"rendered":"D\u00ebshmitari thot\u00eb se t\u00eb akuzuarit Pantiq dhe Zariq kishin autoritet t\u00eb ekzekutonin k\u00eb t\u00eb donin"},"content":{"rendered":"<p>Prishtin\u00eb, 15 Korrik 2025<\/p>\n<p><strong>N\u00eb seanc\u00ebn e s\u00eb mart\u00ebs n\u00eb Gjykat\u00ebn Themelore n\u00eb Prishtin\u00eb n\u00eb gjykimin p\u00ebr krime lufte, n\u00eb cil\u00ebsin\u00eb e d\u00ebshmitarit Nexhmedin Pepaj tha se t\u00eb akuzuarit Momir Pantiq si ish-kryeshef i stacionit policor n\u00eb Istog, dhe ish-polici Zharko Zariq, kan\u00eb pasur fuqi t\u00eb ekzekutonin k\u00eb t\u00eb donin.<\/strong><\/p>\n<p>\u201cK\u00ebta dy kan\u00eb pas fuqin\u00eb t\u00eb ekzekutojn\u00eb k\u00eb t\u00eb dojn\u00eb, t\u00eb rrahin k\u00eb t\u00eb dojn\u00eb, ta vrajn\u00eb k\u00eb t\u00eb dojn\u00eb, ta shp\u00ebtojn\u00eb k\u00eb t\u00eb dojn\u00eb\u201d, tha Pepaj.<\/p>\n<p>D\u00ebshmitari Pepaj fillimisht tregoi se si e kishte njohur t\u00eb akuzuarin Pantiq, p\u00ebr t\u00eb vazhduar me rr\u00ebfimin p\u00ebr maltretimet q\u00eb kishte p\u00ebrjetuar ai, familja e tij dhe e gjith\u00eb lagja, raporton \u201c<strong>Betimi p\u00ebr Drejt\u00ebsi<\/strong>\u201c.<\/p>\n<p>Ai tha se t\u00eb akuzuarin Pantiq t\u00eb cilin e njeh nga f\u00ebmij\u00ebria, n\u00eb dit\u00ebn kur kishte ndodhur bastisja e identifikoi n\u00eb mesin e polic\u00ebve t\u00eb tjer\u00eb t\u00eb uniformuar. Tha se Pantiqi aty ishte i veshur me rroba civile dhe mbante nj\u00eb xhaket\u00eb l\u00ebkure ngjyr\u00eb kafe.<\/p>\n<p>\u201cGjat\u00eb bastisjes dhe nxjerrjes nga sht\u00ebpia e kam njoft\u00eb shum\u00eb mir\u00eb kta, se e kam njoft\u00eb edhe m\u00eb p\u00ebrpara\u201d, tha Pepaj.<\/p>\n<p>D\u00ebshmitari Pepaj edhe m\u00eb tutje p\u00ebrshkroi veprimet e t\u00eb akuzuarit Pantiq n\u00eb dit\u00ebn kritike, ku tha se vet\u00eb Pantiqi i urdh\u00ebronte me dor\u00eb njesitet policore se nga t\u00eb hynin.<\/p>\n<p>\u201cKy ishte komandant i atij nj\u00ebsiti policor dhe pa urdhrin e tij asgj\u00eb s\u2019ishte b\u00ebr\u00eb. E krijova bindjen se ky b\u00ebnte me dor\u00eb, hyni n\u00eb at\u00eb der\u00eb e dilni n\u00eb at\u00eb der\u00eb. Nga krejt lagjia un\u00eb isha n\u00eb rrug\u00eb, se isha i pari q\u00eb m\u00eb kishin nxjerr\u00eb dhe i shihja t\u00eb gjith\u00eb ata polic\u00eb p\u00ebrreth se \u00e7far\u00eb vepra po b\u00ebjn\u00eb dhe si po i nxjerrin fqinjt\u00eb e mi nga sht\u00ebpia\u201d, deklaroj Pepaj.<\/p>\n<p>Gjat\u00eb d\u00ebshmis\u00eb s\u00eb tij, Pepaj iu drejtua trupit gjykues duke th\u00ebn\u00eb se p\u00ebr t\u00eb d\u00ebshmuar nuk do t\u00eb mjaftonte nj\u00eb dit\u00eb p\u00ebr t\u00eb rr\u00ebfyer p\u00ebrjetimet e tij.<\/p>\n<p>Nd\u00ebrsa, lidhur me ato q\u00eb mbrojtja e t\u00eb akuzuarit Pantiq pretendoi se nuk i kishte th\u00ebn\u00eb m\u00eb her\u00ebt n\u00eb deklarimet e tij, d\u00ebshmitari u p\u00ebrgjigj duke th\u00ebn\u00eb se ishte rr\u00ebfyer shkurtimisht, e disa t\u00eb tjera mund edhe t\u00eb mos t\u2019iu ken\u00eb kujtuar.<\/p>\n<p>\u201cUn\u00eb deklarat\u00ebn nuk mundem ta ndryshoj, vet\u00ebm kam d\u00ebgju se disa fqinjve gjat\u00eb bastisjes policia ju kan\u00eb th\u00ebn\u00eb do t\u2019ua b\u00ebjm\u00eb m\u00eb zi se Jashar\u00ebve\u201d, tha ai.<\/p>\n<p>Pyetje p\u00ebr d\u00ebshmitarin Pepaj parashtroi edhe i akuzuari Pantiq, i cili k\u00ebrkoi nga d\u00ebshmitari arsyen e bastisjes q\u00eb kishte ndodhur at\u00eb dit\u00eb, e q\u00eb Pepaj tha se nuk e di sot e asaj dite.<\/p>\n<p>\u201cNe s\u2019e kemi dit\u00eb at\u00eb dit\u00eb, as sot nuk e dim\u00eb p\u00ebr \u00e7far\u00eb arsye, vet\u00ebm nj\u00eb e di se gjat\u00eb krejt asaj bastisje asnj\u00eb fishek, se le ma arm\u00eb n\u00eb shtepit\u00eb tona nuk ka gjet\u00eb\u201d, tha ai.<\/p>\n<p>Sipas aktakuz\u00ebs s\u00eb ngritur m\u00eb 1 shtator 2024 nga Prokuroria Speciale e Republik\u00ebs s\u00eb Kosov\u00ebs (PSRK), ish-kryeshef i stacionit policor n\u00eb Istog, Momir Pantiq dhe ish-polici Zharko Zariq, ngarkohen se n\u00eb bashk\u00ebkryerje e kan\u00eb kryer vepr\u00ebn penale \u201cKrimi i luft\u00ebs kund\u00ebr popullsis\u00eb civile\u201d.<\/p>\n<p>Sipas aktakuz\u00ebs, t\u00eb cil\u00ebn e ka siguruar\u00a0\u201cBetimi p\u00ebr Drejt\u00ebsi\u201d,\u00a0m\u00eb dat\u00ebn 19 maj 1999 n\u00eb fshatin Dubrav\u00eb, sakt\u00ebsisht n\u00eb burgun e Dubrav\u00ebs pas bombardimeve t\u00eb NATO-s ku si pasoj\u00eb kishin mbetur t\u00eb vrar\u00eb 3 t\u00eb burgosur shqiptar\u00eb, Pantiq si kryeshef i stacionit policor bashk\u00eb me forcat policore serbe kishin shkuar p\u00ebr t\u00eb marr\u00eb kontrollin e situat\u00ebs dhe pasi pushuan bombardimet n\u00eb p\u00ebrb\u00ebrje edhe t\u00eb gardian\u00ebve kan\u00eb hyr\u00eb n\u00eb dhomat e t\u00eb burgosurve dhe kan\u00eb ushtruar dhun\u00eb sistematike, duke i rrahur n\u00eb m\u00ebnyr\u00eb mizore dhe \u00e7njer\u00ebzore, vet\u00ebm p\u00ebr faktin se ishin shqiptar\u00eb.<\/p>\n<p>N\u00eb aktakuz\u00eb thuhet se bombardimet e NATO-s kan\u00eb vazhduar edhe m\u00eb 21 maj, ku mbet\u00ebn t\u00eb vrar\u00eb 18 t\u00eb burgosur shqiptar\u00eb dhe dhjet\u00ebra t\u00eb tjer\u00eb t\u00eb plagosur. Nd\u00ebrsa, nj\u00eb dit\u00eb pas n\u00eb m\u00ebngjes gardian\u00ebt, t\u00eb burgosurit, serb\u00eb t\u00eb armatosur bashk\u00eb me forcat policore dhe Nj\u00ebsit\u00eb Speciale t\u00eb cil\u00ebt gjendeshin n\u00ebn komand\u00ebn e Stacionit Policor n\u00eb Istog, fillimisht i kan\u00eb mbledhur t\u00eb burgosurit shqiptar\u00eb n\u00eb fush\u00ebn e sportit dhe m\u00eb pas, si\u00e7 thuhet n\u00eb aktakuz\u00eb filluan t\u00eb gjuajn\u00eb me arm\u00eb zjarri t\u00eb llojeve t\u00eb ndryshme, kurse nga mbrapa murit t\u00eb burgut kan\u00eb gjuajtur me bomba n\u00eb drejtim t\u00eb burgosurve shqiptar\u00eb.<\/p>\n<p>Gjithmon\u00eb, duke iu referuar aktakuz\u00ebs, forcat policore serbe t\u00eb Stacionit Policor n\u00eb Istog, n\u00ebn udh\u00ebheqjen e Pantiqit po ashtu, kidnapuan nj\u00eb civil shqiptar me pseudonimin \u201cA1\u201d, t\u00eb cilin e dhunuan seksualisht. P\u00ebrve\u00e7 viktim\u00ebs \u201cA1\u201d, n\u00eb aktakuz\u00eb p\u00ebrshkruhet dhunimi i nj\u00eb viktime tjet\u00ebr- \u201cB1\u201d. Dy t\u00eb pandehurit, po ashtu akuzohen p\u00ebr vrasje t\u00eb disa familjeve n\u00eb Komun\u00ebn e Istogut. P\u00ebr t\u00eb lexuar akuz\u00ebn e plot\u00eb klikoni\u00a0<a href=\"https:\/\/betimiperdrejtesi.com\/me-kerkese-te-mbrojtjes-nderpritet-seanca-fillestare-ndaj-dy-te-akuzuarve-per-krime-lufte-ne-kosove\/\">K\u00cbTU<\/a><strong>\u00a0\/Betimip\u00ebrDrejt\u00ebsi<\/strong><\/p>\n<p><em><strong>She\u0308nim: Personat e pe\u0308rmendur ne\u0308\u00a0ke\u0308te\u0308\u00a0artikull konsiderohen t\u00eb\u00a0pafajshe\u0308m, pe\u0308rvec\u0327\u00a0ne\u0308se nga gjykata ve\u0308rtetohet se jan\u00eb\u00a0fajtore\u0308\u00a0me vendim te\u0308\u00a0forme\u0308s se\u0308\u00a0prere\u0308.<\/strong><\/em><\/p>\n<p>&nbsp;<\/p>\n<p>&nbsp;<\/p>\n","protected":false},"excerpt":{"rendered":"<p>Prishtin\u00eb, 15 Korrik 2025 N\u00eb seanc\u00ebn e s\u00eb mart\u00ebs n\u00eb Gjykat\u00ebn Themelore n\u00eb Prishtin\u00eb n\u00eb gjykimin p\u00ebr krime lufte, n\u00eb cil\u00ebsin\u00eb e d\u00ebshmitarit Nexhmedin Pepaj<\/p>\n","protected":false},"author":1,"featured_media":3891,"comment_status":"open","ping_status":"open","sticky":false,"template":"","format":"standard","meta":{"footnotes":""},"categories":[60],"tags":[],"class_list":["post-3890","post","type-post","status-publish","format-standard","has-post-thumbnail","hentry","category-shoqerore-sq"],"yoast_head":"<!-- This site is optimized with the Yoast SEO plugin v25.3.1 - https:\/\/yoast.com\/wordpress\/plugins\/seo\/ -->\n<title>D\u00ebshmitari thot\u00eb se t\u00eb akuzuarit Pantiq dhe Zariq kishin autoritet t\u00eb ekzekutonin k\u00eb t\u00eb donin -<\/title>\n<meta name=\"robots\" content=\"index, follow, max-snippet:-1, max-image-preview:large, max-video-preview:-1\" \/>\n<link rel=\"canonical\" href=\"https:\/\/veritasinfo.org\/?p=3890\" \/>\n<meta property=\"og:locale\" content=\"en_US\" \/>\n<meta property=\"og:type\" content=\"article\" \/>\n<meta property=\"og:title\" content=\"D\u00ebshmitari thot\u00eb se t\u00eb akuzuarit Pantiq dhe Zariq kishin autoritet t\u00eb ekzekutonin k\u00eb t\u00eb donin -\" \/>\n<meta property=\"og:description\" content=\"Prishtin\u00eb, 15 Korrik 2025 N\u00eb seanc\u00ebn e s\u00eb mart\u00ebs n\u00eb Gjykat\u00ebn Themelore n\u00eb Prishtin\u00eb n\u00eb gjykimin p\u00ebr krime lufte, n\u00eb cil\u00ebsin\u00eb e d\u00ebshmitarit Nexhmedin Pepaj\" \/>\n<meta property=\"og:url\" content=\"https:\/\/veritasinfo.org\/?p=3890\" \/>\n<meta property=\"article:published_time\" content=\"2025-07-15T16:01:51+00:00\" \/>\n<meta property=\"article:modified_time\" content=\"2025-07-15T16:03:28+00:00\" \/>\n<meta property=\"og:image\" content=\"https:\/\/veritasinfo.org\/wp-content\/uploads\/2025\/07\/IMG_2077.jpeg\" \/>\n\t<meta property=\"og:image:width\" content=\"750\" \/>\n\t<meta property=\"og:image:height\" content=\"430\" \/>\n\t<meta property=\"og:image:type\" content=\"image\/jpeg\" \/>\n<meta name=\"author\" content=\"admin\" \/>\n<meta name=\"twitter:card\" content=\"summary_large_image\" \/>\n<meta name=\"twitter:label1\" content=\"Written by\" \/>\n\t<meta name=\"twitter:data1\" content=\"admin\" \/>\n\t<meta name=\"twitter:label2\" content=\"Est. reading time\" \/>\n\t<meta name=\"twitter:data2\" content=\"4 minutes\" \/>\n<script type=\"application\/ld+json\" class=\"yoast-schema-graph\">{\"@context\":\"https:\/\/schema.org\",\"@graph\":[{\"@type\":\"WebPage\",\"@id\":\"https:\/\/veritasinfo.org\/?p=3890\",\"url\":\"https:\/\/veritasinfo.org\/?p=3890\",\"name\":\"D\u00ebshmitari thot\u00eb se t\u00eb akuzuarit Pantiq dhe Zariq kishin autoritet t\u00eb ekzekutonin k\u00eb t\u00eb donin -\",\"isPartOf\":{\"@id\":\"https:\/\/veritasinfo.org\/#website\"},\"primaryImageOfPage\":{\"@id\":\"https:\/\/veritasinfo.org\/?p=3890#primaryimage\"},\"image\":{\"@id\":\"https:\/\/veritasinfo.org\/?p=3890#primaryimage\"},\"thumbnailUrl\":\"https:\/\/veritasinfo.org\/wp-content\/uploads\/2025\/07\/IMG_2077.jpeg\",\"datePublished\":\"2025-07-15T16:01:51+00:00\",\"dateModified\":\"2025-07-15T16:03:28+00:00\",\"author\":{\"@id\":\"https:\/\/veritasinfo.org\/#\/schema\/person\/7701f8c088bece422266b100a712374f\"},\"breadcrumb\":{\"@id\":\"https:\/\/veritasinfo.org\/?p=3890#breadcrumb\"},\"inLanguage\":\"en-US\",\"potentialAction\":[{\"@type\":\"ReadAction\",\"target\":[\"https:\/\/veritasinfo.org\/?p=3890\"]}]},{\"@type\":\"ImageObject\",\"inLanguage\":\"en-US\",\"@id\":\"https:\/\/veritasinfo.org\/?p=3890#primaryimage\",\"url\":\"https:\/\/veritasinfo.org\/wp-content\/uploads\/2025\/07\/IMG_2077.jpeg\",\"contentUrl\":\"https:\/\/veritasinfo.org\/wp-content\/uploads\/2025\/07\/IMG_2077.jpeg\",\"width\":750,\"height\":430},{\"@type\":\"BreadcrumbList\",\"@id\":\"https:\/\/veritasinfo.org\/?p=3890#breadcrumb\",\"itemListElement\":[{\"@type\":\"ListItem\",\"position\":1,\"name\":\"Home\",\"item\":\"https:\/\/veritasinfo.org\/\"},{\"@type\":\"ListItem\",\"position\":2,\"name\":\"D\u00ebshmitari thot\u00eb se t\u00eb akuzuarit Pantiq dhe Zariq kishin autoritet t\u00eb ekzekutonin k\u00eb t\u00eb donin\"}]},{\"@type\":\"WebSite\",\"@id\":\"https:\/\/veritasinfo.org\/#website\",\"url\":\"https:\/\/veritasinfo.org\/\",\"name\":\"\",\"description\":\"\",\"potentialAction\":[{\"@type\":\"SearchAction\",\"target\":{\"@type\":\"EntryPoint\",\"urlTemplate\":\"https:\/\/veritasinfo.org\/?s={search_term_string}\"},\"query-input\":{\"@type\":\"PropertyValueSpecification\",\"valueRequired\":true,\"valueName\":\"search_term_string\"}}],\"inLanguage\":\"en-US\"},{\"@type\":\"Person\",\"@id\":\"https:\/\/veritasinfo.org\/#\/schema\/person\/7701f8c088bece422266b100a712374f\",\"name\":\"admin\",\"image\":{\"@type\":\"ImageObject\",\"inLanguage\":\"en-US\",\"@id\":\"https:\/\/veritasinfo.org\/#\/schema\/person\/image\/\",\"url\":\"https:\/\/secure.gravatar.com\/avatar\/ea53aa3bf6c9a12d5fde8ce4deff43fef3885ae33cf60184161a50d6987cfd2f?s=96&d=mm&r=g\",\"contentUrl\":\"https:\/\/secure.gravatar.com\/avatar\/ea53aa3bf6c9a12d5fde8ce4deff43fef3885ae33cf60184161a50d6987cfd2f?s=96&d=mm&r=g\",\"caption\":\"admin\"},\"sameAs\":[\"https:\/\/veritasinfo.org\"],\"url\":\"https:\/\/veritasinfo.org\/?author=1\"}]}<\/script>\n<!-- \/ Yoast SEO plugin. -->","yoast_head_json":{"title":"D\u00ebshmitari thot\u00eb se t\u00eb akuzuarit Pantiq dhe Zariq kishin autoritet t\u00eb ekzekutonin k\u00eb t\u00eb donin -","robots":{"index":"index","follow":"follow","max-snippet":"max-snippet:-1","max-image-preview":"max-image-preview:large","max-video-preview":"max-video-preview:-1"},"canonical":"https:\/\/veritasinfo.org\/?p=3890","og_locale":"en_US","og_type":"article","og_title":"D\u00ebshmitari thot\u00eb se t\u00eb akuzuarit Pantiq dhe Zariq kishin autoritet t\u00eb ekzekutonin k\u00eb t\u00eb donin -","og_description":"Prishtin\u00eb, 15 Korrik 2025 N\u00eb seanc\u00ebn e s\u00eb mart\u00ebs n\u00eb Gjykat\u00ebn Themelore n\u00eb Prishtin\u00eb n\u00eb gjykimin p\u00ebr krime lufte, n\u00eb cil\u00ebsin\u00eb e d\u00ebshmitarit Nexhmedin Pepaj","og_url":"https:\/\/veritasinfo.org\/?p=3890","article_published_time":"2025-07-15T16:01:51+00:00","article_modified_time":"2025-07-15T16:03:28+00:00","og_image":[{"width":750,"height":430,"url":"https:\/\/veritasinfo.org\/wp-content\/uploads\/2025\/07\/IMG_2077.jpeg","type":"image\/jpeg"}],"author":"admin","twitter_card":"summary_large_image","twitter_misc":{"Written by":"admin","Est. reading time":"4 minutes"},"schema":{"@context":"https:\/\/schema.org","@graph":[{"@type":"WebPage","@id":"https:\/\/veritasinfo.org\/?p=3890","url":"https:\/\/veritasinfo.org\/?p=3890","name":"D\u00ebshmitari thot\u00eb se t\u00eb akuzuarit Pantiq dhe Zariq kishin autoritet t\u00eb ekzekutonin k\u00eb t\u00eb donin -","isPartOf":{"@id":"https:\/\/veritasinfo.org\/#website"},"primaryImageOfPage":{"@id":"https:\/\/veritasinfo.org\/?p=3890#primaryimage"},"image":{"@id":"https:\/\/veritasinfo.org\/?p=3890#primaryimage"},"thumbnailUrl":"https:\/\/veritasinfo.org\/wp-content\/uploads\/2025\/07\/IMG_2077.jpeg","datePublished":"2025-07-15T16:01:51+00:00","dateModified":"2025-07-15T16:03:28+00:00","author":{"@id":"https:\/\/veritasinfo.org\/#\/schema\/person\/7701f8c088bece422266b100a712374f"},"breadcrumb":{"@id":"https:\/\/veritasinfo.org\/?p=3890#breadcrumb"},"inLanguage":"en-US","potentialAction":[{"@type":"ReadAction","target":["https:\/\/veritasinfo.org\/?p=3890"]}]},{"@type":"ImageObject","inLanguage":"en-US","@id":"https:\/\/veritasinfo.org\/?p=3890#primaryimage","url":"https:\/\/veritasinfo.org\/wp-content\/uploads\/2025\/07\/IMG_2077.jpeg","contentUrl":"https:\/\/veritasinfo.org\/wp-content\/uploads\/2025\/07\/IMG_2077.jpeg","width":750,"height":430},{"@type":"BreadcrumbList","@id":"https:\/\/veritasinfo.org\/?p=3890#breadcrumb","itemListElement":[{"@type":"ListItem","position":1,"name":"Home","item":"https:\/\/veritasinfo.org\/"},{"@type":"ListItem","position":2,"name":"D\u00ebshmitari thot\u00eb se t\u00eb akuzuarit Pantiq dhe Zariq kishin autoritet t\u00eb ekzekutonin k\u00eb t\u00eb donin"}]},{"@type":"WebSite","@id":"https:\/\/veritasinfo.org\/#website","url":"https:\/\/veritasinfo.org\/","name":"","description":"","potentialAction":[{"@type":"SearchAction","target":{"@type":"EntryPoint","urlTemplate":"https:\/\/veritasinfo.org\/?s={search_term_string}"},"query-input":{"@type":"PropertyValueSpecification","valueRequired":true,"valueName":"search_term_string"}}],"inLanguage":"en-US"},{"@type":"Person","@id":"https:\/\/veritasinfo.org\/#\/schema\/person\/7701f8c088bece422266b100a712374f","name":"admin","image":{"@type":"ImageObject","inLanguage":"en-US","@id":"https:\/\/veritasinfo.org\/#\/schema\/person\/image\/","url":"https:\/\/secure.gravatar.com\/avatar\/ea53aa3bf6c9a12d5fde8ce4deff43fef3885ae33cf60184161a50d6987cfd2f?s=96&d=mm&r=g","contentUrl":"https:\/\/secure.gravatar.com\/avatar\/ea53aa3bf6c9a12d5fde8ce4deff43fef3885ae33cf60184161a50d6987cfd2f?s=96&d=mm&r=g","caption":"admin"},"sameAs":["https:\/\/veritasinfo.org"],"url":"https:\/\/veritasinfo.org\/?author=1"}]}},"featured_image_urls":{"full":["https:\/\/veritasinfo.org\/wp-content\/uploads\/2025\/07\/IMG_2077.jpeg",750,430,false],"thumbnail":["https:\/\/veritasinfo.org\/wp-content\/uploads\/2025\/07\/IMG_2077-150x150.jpeg",150,150,true],"medium":["https:\/\/veritasinfo.org\/wp-content\/uploads\/2025\/07\/IMG_2077-300x172.jpeg",300,172,true],"medium_large":["https:\/\/veritasinfo.org\/wp-content\/uploads\/2025\/07\/IMG_2077.jpeg",640,367,false],"large":["https:\/\/veritasinfo.org\/wp-content\/uploads\/2025\/07\/IMG_2077.jpeg",640,367,false],"1536x1536":["https:\/\/veritasinfo.org\/wp-content\/uploads\/2025\/07\/IMG_2077.jpeg",750,430,false],"2048x2048":["https:\/\/veritasinfo.org\/wp-content\/uploads\/2025\/07\/IMG_2077.jpeg",750,430,false],"kreeti-slider-full":["https:\/\/veritasinfo.org\/wp-content\/uploads\/2025\/07\/IMG_2077.jpeg",750,430,false],"kreeti-featured":["https:\/\/veritasinfo.org\/wp-content\/uploads\/2025\/07\/IMG_2077.jpeg",750,430,false],"kreeti-medium":["https:\/\/veritasinfo.org\/wp-content\/uploads\/2025\/07\/IMG_2077.jpeg",720,413,false],"kreeti-medium-square":["https:\/\/veritasinfo.org\/wp-content\/uploads\/2025\/07\/IMG_2077.jpeg",350,201,false]},"author_info":{"info":["admin"]},"category_info":"<a href=\"https:\/\/veritasinfo.org\/?cat=60\" rel=\"category\">Shoq\u00ebrore<\/a>","tag_info":"Shoq\u00ebrore","comment_count":"0","_links":{"self":[{"href":"https:\/\/veritasinfo.org\/index.php?rest_route=\/wp\/v2\/posts\/3890","targetHints":{"allow":["GET"]}}],"collection":[{"href":"https:\/\/veritasinfo.org\/index.php?rest_route=\/wp\/v2\/posts"}],"about":[{"href":"https:\/\/veritasinfo.org\/index.php?rest_route=\/wp\/v2\/types\/post"}],"author":[{"embeddable":true,"href":"https:\/\/veritasinfo.org\/index.php?rest_route=\/wp\/v2\/users\/1"}],"replies":[{"embeddable":true,"href":"https:\/\/veritasinfo.org\/index.php?rest_route=%2Fwp%2Fv2%2Fcomments&post=3890"}],"version-history":[{"count":3,"href":"https:\/\/veritasinfo.org\/index.php?rest_route=\/wp\/v2\/posts\/3890\/revisions"}],"predecessor-version":[{"id":3894,"href":"https:\/\/veritasinfo.org\/index.php?rest_route=\/wp\/v2\/posts\/3890\/revisions\/3894"}],"wp:featuredmedia":[{"embeddable":true,"href":"https:\/\/veritasinfo.org\/index.php?rest_route=\/wp\/v2\/media\/3891"}],"wp:attachment":[{"href":"https:\/\/veritasinfo.org\/index.php?rest_route=%2Fwp%2Fv2%2Fmedia&parent=3890"}],"wp:term":[{"taxonomy":"category","embeddable":true,"href":"https:\/\/veritasinfo.org\/index.php?rest_route=%2Fwp%2Fv2%2Fcategories&post=3890"},{"taxonomy":"post_tag","embeddable":true,"href":"https:\/\/veritasinfo.org\/index.php?rest_route=%2Fwp%2Fv2%2Ftags&post=3890"}],"curies":[{"name":"wp","href":"https:\/\/api.w.org\/{rel}","templated":true}]}}