{"id":38834,"date":"2026-03-21T09:03:49","date_gmt":"2026-03-21T08:03:49","guid":{"rendered":"https:\/\/veritasinfo.org\/?p=38834"},"modified":"2026-03-21T09:03:49","modified_gmt":"2026-03-21T08:03:49","slug":"dogana-e-kosoves-pjese-e-projektit-te-organizuar-nga-komisioni-evropian","status":"publish","type":"post","link":"https:\/\/veritasinfo.org\/?p=38834","title":{"rendered":"Dogana e Kosov\u00ebs pjes\u00eb e projektit t\u00eb organizuar nga Komisioni Evropian"},"content":{"rendered":"<p>Prishtin\u00eb 21 Mars 2026 9:02<\/p>\n<p>Delegacioni i Dogan\u00ebs s\u00eb Kosov\u00ebs ka marr\u00eb pjes\u00eb n\u00eb takimin e par\u00eb t\u00eb Grupit t\u00eb Projektit p\u00ebr Electronic Proof of Certificates (e-PoC), i cili organizohet nga Komisioni Evropian.<\/p>\n<p>Bazuar n\u00eb njoftimin e l\u00ebshuar p\u00ebr media, ky takim p\u00ebrfaq\u00ebson nj\u00eb hap t\u00eb r\u00ebnd\u00ebsish\u00ebm n\u00eb avancimin e projektit e-PoC p\u00ebr formalitetin EUR1 n\u00eb kuad\u00ebr t\u00eb Konvent\u00ebs PEM, duke adresuar \u00e7\u00ebshtje ky\u00e7e q\u00eb lidhen me zhvillimin legjislativ, modelimin e proceseve t\u00eb biznesit, si dhe forcimin e sistemeve t\u00eb bashk\u00ebpunimit administrativ dhe t\u00eb licencimit elektronik n\u00eb nivel t\u00eb BE-s\u00eb.<\/p>\n<p>P\u00ebrmes njoftimit, Dogana e Kosov\u00ebs ka theksuar se pret me interes vazhdimin e diskutimeve konstruktive, ve\u00e7an\u00ebrisht n\u00eb drejtim t\u00eb strukturimit t\u00eb n\u00ebn-grupeve t\u00eb pun\u00ebs, ndarjes s\u00eb p\u00ebrgjegj\u00ebsive dhe zbatimit t\u00eb ardhsh\u00ebm t\u00eb projektit n\u00eb administratat pjes\u00ebmarr\u00ebse.<\/p>\n<p>\u201cDogana e Kosov\u00ebs kontribuon aktivisht, duke sjell\u00eb ekspertiz\u00eb t\u00eb konsoliduar n\u00eb fush\u00ebn e proceseve dhe digjitalizimit, n\u00eb funksion t\u00eb thellimit t\u00eb bashk\u00ebpunimit rajonal dhe evropian n\u00eb sektorin doganor. Shprehim mir\u00ebnjohje t\u00eb ve\u00e7ant\u00eb p\u00ebr Komisionin Evropian dhe ekipin e Programit t\u00eb Doganave p\u00ebr organizimin dhe koordinimin e k\u00ebsaj nisme t\u00eb r\u00ebnd\u00ebsishme\u201d, thuhet n\u00eb njoftim.<\/p>\n","protected":false},"excerpt":{"rendered":"<p>Prishtin\u00eb 21 Mars 2026 9:02 Delegacioni i Dogan\u00ebs s\u00eb Kosov\u00ebs ka marr\u00eb pjes\u00eb n\u00eb takimin e par\u00eb t\u00eb Grupit t\u00eb Projektit p\u00ebr Electronic Proof of<\/p>\n","protected":false},"author":6,"featured_media":38836,"comment_status":"open","ping_status":"open","sticky":false,"template":"","format":"standard","meta":{"footnotes":""},"categories":[60],"tags":[],"class_list":["post-38834","post","type-post","status-publish","format-standard","has-post-thumbnail","hentry","category-shoqerore-sq"],"yoast_head":"<!-- This site is optimized with the Yoast SEO plugin v25.3.1 - https:\/\/yoast.com\/wordpress\/plugins\/seo\/ -->\n<title>Dogana e Kosov\u00ebs pjes\u00eb e projektit t\u00eb organizuar nga Komisioni Evropian -<\/title>\n<meta name=\"robots\" content=\"index, follow, max-snippet:-1, max-image-preview:large, max-video-preview:-1\" \/>\n<link rel=\"canonical\" href=\"https:\/\/veritasinfo.org\/?p=38834\" \/>\n<meta property=\"og:locale\" content=\"en_US\" \/>\n<meta property=\"og:type\" content=\"article\" \/>\n<meta property=\"og:title\" content=\"Dogana e Kosov\u00ebs pjes\u00eb e projektit t\u00eb organizuar nga Komisioni Evropian -\" \/>\n<meta property=\"og:description\" content=\"Prishtin\u00eb 21 Mars 2026 9:02 Delegacioni i Dogan\u00ebs s\u00eb Kosov\u00ebs ka marr\u00eb pjes\u00eb n\u00eb takimin e par\u00eb t\u00eb Grupit t\u00eb Projektit p\u00ebr Electronic Proof of\" \/>\n<meta property=\"og:url\" content=\"https:\/\/veritasinfo.org\/?p=38834\" \/>\n<meta property=\"article:published_time\" content=\"2026-03-21T08:03:49+00:00\" \/>\n<meta property=\"og:image\" content=\"https:\/\/veritasinfo.org\/wp-content\/uploads\/2026\/03\/Foto-nga-Dogana-e-Kosoves-1.jpg\" \/>\n\t<meta property=\"og:image:width\" content=\"1440\" \/>\n\t<meta property=\"og:image:height\" content=\"1126\" \/>\n\t<meta property=\"og:image:type\" content=\"image\/jpeg\" \/>\n<meta name=\"author\" content=\"US5\" \/>\n<meta name=\"twitter:card\" content=\"summary_large_image\" \/>\n<meta name=\"twitter:label1\" content=\"Written by\" \/>\n\t<meta name=\"twitter:data1\" content=\"US5\" \/>\n\t<meta name=\"twitter:label2\" content=\"Est. reading time\" \/>\n\t<meta name=\"twitter:data2\" content=\"1 minute\" \/>\n<script type=\"application\/ld+json\" class=\"yoast-schema-graph\">{\"@context\":\"https:\/\/schema.org\",\"@graph\":[{\"@type\":\"WebPage\",\"@id\":\"https:\/\/veritasinfo.org\/?p=38834\",\"url\":\"https:\/\/veritasinfo.org\/?p=38834\",\"name\":\"Dogana e Kosov\u00ebs pjes\u00eb e projektit t\u00eb organizuar nga Komisioni Evropian -\",\"isPartOf\":{\"@id\":\"https:\/\/veritasinfo.org\/#website\"},\"primaryImageOfPage\":{\"@id\":\"https:\/\/veritasinfo.org\/?p=38834#primaryimage\"},\"image\":{\"@id\":\"https:\/\/veritasinfo.org\/?p=38834#primaryimage\"},\"thumbnailUrl\":\"https:\/\/veritasinfo.org\/wp-content\/uploads\/2026\/03\/Foto-nga-Dogana-e-Kosoves-1.jpg\",\"datePublished\":\"2026-03-21T08:03:49+00:00\",\"author\":{\"@id\":\"https:\/\/veritasinfo.org\/#\/schema\/person\/bc442336e35414d04494ab8fb45db4c6\"},\"breadcrumb\":{\"@id\":\"https:\/\/veritasinfo.org\/?p=38834#breadcrumb\"},\"inLanguage\":\"en-US\",\"potentialAction\":[{\"@type\":\"ReadAction\",\"target\":[\"https:\/\/veritasinfo.org\/?p=38834\"]}]},{\"@type\":\"ImageObject\",\"inLanguage\":\"en-US\",\"@id\":\"https:\/\/veritasinfo.org\/?p=38834#primaryimage\",\"url\":\"https:\/\/veritasinfo.org\/wp-content\/uploads\/2026\/03\/Foto-nga-Dogana-e-Kosoves-1.jpg\",\"contentUrl\":\"https:\/\/veritasinfo.org\/wp-content\/uploads\/2026\/03\/Foto-nga-Dogana-e-Kosoves-1.jpg\",\"width\":1440,\"height\":1126},{\"@type\":\"BreadcrumbList\",\"@id\":\"https:\/\/veritasinfo.org\/?p=38834#breadcrumb\",\"itemListElement\":[{\"@type\":\"ListItem\",\"position\":1,\"name\":\"Home\",\"item\":\"https:\/\/veritasinfo.org\/\"},{\"@type\":\"ListItem\",\"position\":2,\"name\":\"Dogana e Kosov\u00ebs pjes\u00eb e projektit t\u00eb organizuar nga Komisioni Evropian\"}]},{\"@type\":\"WebSite\",\"@id\":\"https:\/\/veritasinfo.org\/#website\",\"url\":\"https:\/\/veritasinfo.org\/\",\"name\":\"\",\"description\":\"\",\"potentialAction\":[{\"@type\":\"SearchAction\",\"target\":{\"@type\":\"EntryPoint\",\"urlTemplate\":\"https:\/\/veritasinfo.org\/?s={search_term_string}\"},\"query-input\":{\"@type\":\"PropertyValueSpecification\",\"valueRequired\":true,\"valueName\":\"search_term_string\"}}],\"inLanguage\":\"en-US\"},{\"@type\":\"Person\",\"@id\":\"https:\/\/veritasinfo.org\/#\/schema\/person\/bc442336e35414d04494ab8fb45db4c6\",\"name\":\"US5\",\"image\":{\"@type\":\"ImageObject\",\"inLanguage\":\"en-US\",\"@id\":\"https:\/\/veritasinfo.org\/#\/schema\/person\/image\/\",\"url\":\"https:\/\/secure.gravatar.com\/avatar\/16a61e7272a0c5d001121ebb9e60e925d5816e4ac1e443ed3e640d9a6ae55d0c?s=96&d=mm&r=g\",\"contentUrl\":\"https:\/\/secure.gravatar.com\/avatar\/16a61e7272a0c5d001121ebb9e60e925d5816e4ac1e443ed3e640d9a6ae55d0c?s=96&d=mm&r=g\",\"caption\":\"US5\"},\"url\":\"https:\/\/veritasinfo.org\/?author=6\"}]}<\/script>\n<!-- \/ Yoast SEO plugin. -->","yoast_head_json":{"title":"Dogana e Kosov\u00ebs pjes\u00eb e projektit t\u00eb organizuar nga Komisioni Evropian -","robots":{"index":"index","follow":"follow","max-snippet":"max-snippet:-1","max-image-preview":"max-image-preview:large","max-video-preview":"max-video-preview:-1"},"canonical":"https:\/\/veritasinfo.org\/?p=38834","og_locale":"en_US","og_type":"article","og_title":"Dogana e Kosov\u00ebs pjes\u00eb e projektit t\u00eb organizuar nga Komisioni Evropian -","og_description":"Prishtin\u00eb 21 Mars 2026 9:02 Delegacioni i Dogan\u00ebs s\u00eb Kosov\u00ebs ka marr\u00eb pjes\u00eb n\u00eb takimin e par\u00eb t\u00eb Grupit t\u00eb Projektit p\u00ebr Electronic Proof of","og_url":"https:\/\/veritasinfo.org\/?p=38834","article_published_time":"2026-03-21T08:03:49+00:00","og_image":[{"width":1440,"height":1126,"url":"https:\/\/veritasinfo.org\/wp-content\/uploads\/2026\/03\/Foto-nga-Dogana-e-Kosoves-1.jpg","type":"image\/jpeg"}],"author":"US5","twitter_card":"summary_large_image","twitter_misc":{"Written by":"US5","Est. reading time":"1 minute"},"schema":{"@context":"https:\/\/schema.org","@graph":[{"@type":"WebPage","@id":"https:\/\/veritasinfo.org\/?p=38834","url":"https:\/\/veritasinfo.org\/?p=38834","name":"Dogana e Kosov\u00ebs pjes\u00eb e projektit t\u00eb organizuar nga Komisioni Evropian -","isPartOf":{"@id":"https:\/\/veritasinfo.org\/#website"},"primaryImageOfPage":{"@id":"https:\/\/veritasinfo.org\/?p=38834#primaryimage"},"image":{"@id":"https:\/\/veritasinfo.org\/?p=38834#primaryimage"},"thumbnailUrl":"https:\/\/veritasinfo.org\/wp-content\/uploads\/2026\/03\/Foto-nga-Dogana-e-Kosoves-1.jpg","datePublished":"2026-03-21T08:03:49+00:00","author":{"@id":"https:\/\/veritasinfo.org\/#\/schema\/person\/bc442336e35414d04494ab8fb45db4c6"},"breadcrumb":{"@id":"https:\/\/veritasinfo.org\/?p=38834#breadcrumb"},"inLanguage":"en-US","potentialAction":[{"@type":"ReadAction","target":["https:\/\/veritasinfo.org\/?p=38834"]}]},{"@type":"ImageObject","inLanguage":"en-US","@id":"https:\/\/veritasinfo.org\/?p=38834#primaryimage","url":"https:\/\/veritasinfo.org\/wp-content\/uploads\/2026\/03\/Foto-nga-Dogana-e-Kosoves-1.jpg","contentUrl":"https:\/\/veritasinfo.org\/wp-content\/uploads\/2026\/03\/Foto-nga-Dogana-e-Kosoves-1.jpg","width":1440,"height":1126},{"@type":"BreadcrumbList","@id":"https:\/\/veritasinfo.org\/?p=38834#breadcrumb","itemListElement":[{"@type":"ListItem","position":1,"name":"Home","item":"https:\/\/veritasinfo.org\/"},{"@type":"ListItem","position":2,"name":"Dogana e Kosov\u00ebs pjes\u00eb e projektit t\u00eb organizuar nga Komisioni Evropian"}]},{"@type":"WebSite","@id":"https:\/\/veritasinfo.org\/#website","url":"https:\/\/veritasinfo.org\/","name":"","description":"","potentialAction":[{"@type":"SearchAction","target":{"@type":"EntryPoint","urlTemplate":"https:\/\/veritasinfo.org\/?s={search_term_string}"},"query-input":{"@type":"PropertyValueSpecification","valueRequired":true,"valueName":"search_term_string"}}],"inLanguage":"en-US"},{"@type":"Person","@id":"https:\/\/veritasinfo.org\/#\/schema\/person\/bc442336e35414d04494ab8fb45db4c6","name":"US5","image":{"@type":"ImageObject","inLanguage":"en-US","@id":"https:\/\/veritasinfo.org\/#\/schema\/person\/image\/","url":"https:\/\/secure.gravatar.com\/avatar\/16a61e7272a0c5d001121ebb9e60e925d5816e4ac1e443ed3e640d9a6ae55d0c?s=96&d=mm&r=g","contentUrl":"https:\/\/secure.gravatar.com\/avatar\/16a61e7272a0c5d001121ebb9e60e925d5816e4ac1e443ed3e640d9a6ae55d0c?s=96&d=mm&r=g","caption":"US5"},"url":"https:\/\/veritasinfo.org\/?author=6"}]}},"featured_image_urls":{"full":["https:\/\/veritasinfo.org\/wp-content\/uploads\/2026\/03\/Foto-nga-Dogana-e-Kosoves-1.jpg",1440,1126,false],"thumbnail":["https:\/\/veritasinfo.org\/wp-content\/uploads\/2026\/03\/Foto-nga-Dogana-e-Kosoves-1-150x150.jpg",150,150,true],"medium":["https:\/\/veritasinfo.org\/wp-content\/uploads\/2026\/03\/Foto-nga-Dogana-e-Kosoves-1-300x235.jpg",300,235,true],"medium_large":["https:\/\/veritasinfo.org\/wp-content\/uploads\/2026\/03\/Foto-nga-Dogana-e-Kosoves-1-768x601.jpg",640,501,true],"large":["https:\/\/veritasinfo.org\/wp-content\/uploads\/2026\/03\/Foto-nga-Dogana-e-Kosoves-1-1024x801.jpg",640,501,true],"1536x1536":["https:\/\/veritasinfo.org\/wp-content\/uploads\/2026\/03\/Foto-nga-Dogana-e-Kosoves-1.jpg",1440,1126,false],"2048x2048":["https:\/\/veritasinfo.org\/wp-content\/uploads\/2026\/03\/Foto-nga-Dogana-e-Kosoves-1.jpg",1440,1126,false],"kreeti-slider-full":["https:\/\/veritasinfo.org\/wp-content\/uploads\/2026\/03\/Foto-nga-Dogana-e-Kosoves-1.jpg",921,720,false],"kreeti-featured":["https:\/\/veritasinfo.org\/wp-content\/uploads\/2026\/03\/Foto-nga-Dogana-e-Kosoves-1.jpg",1024,801,false],"kreeti-medium":["https:\/\/veritasinfo.org\/wp-content\/uploads\/2026\/03\/Foto-nga-Dogana-e-Kosoves-1.jpg",678,530,false],"kreeti-medium-square":["https:\/\/veritasinfo.org\/wp-content\/uploads\/2026\/03\/Foto-nga-Dogana-e-Kosoves-1.jpg",350,274,false]},"author_info":{"info":["US5"]},"category_info":"<a href=\"https:\/\/veritasinfo.org\/?cat=60\" rel=\"category\">Shoq\u00ebrore<\/a>","tag_info":"Shoq\u00ebrore","comment_count":"0","_links":{"self":[{"href":"https:\/\/veritasinfo.org\/index.php?rest_route=\/wp\/v2\/posts\/38834","targetHints":{"allow":["GET"]}}],"collection":[{"href":"https:\/\/veritasinfo.org\/index.php?rest_route=\/wp\/v2\/posts"}],"about":[{"href":"https:\/\/veritasinfo.org\/index.php?rest_route=\/wp\/v2\/types\/post"}],"author":[{"embeddable":true,"href":"https:\/\/veritasinfo.org\/index.php?rest_route=\/wp\/v2\/users\/6"}],"replies":[{"embeddable":true,"href":"https:\/\/veritasinfo.org\/index.php?rest_route=%2Fwp%2Fv2%2Fcomments&post=38834"}],"version-history":[{"count":2,"href":"https:\/\/veritasinfo.org\/index.php?rest_route=\/wp\/v2\/posts\/38834\/revisions"}],"predecessor-version":[{"id":38837,"href":"https:\/\/veritasinfo.org\/index.php?rest_route=\/wp\/v2\/posts\/38834\/revisions\/38837"}],"wp:featuredmedia":[{"embeddable":true,"href":"https:\/\/veritasinfo.org\/index.php?rest_route=\/wp\/v2\/media\/38836"}],"wp:attachment":[{"href":"https:\/\/veritasinfo.org\/index.php?rest_route=%2Fwp%2Fv2%2Fmedia&parent=38834"}],"wp:term":[{"taxonomy":"category","embeddable":true,"href":"https:\/\/veritasinfo.org\/index.php?rest_route=%2Fwp%2Fv2%2Fcategories&post=38834"},{"taxonomy":"post_tag","embeddable":true,"href":"https:\/\/veritasinfo.org\/index.php?rest_route=%2Fwp%2Fv2%2Ftags&post=38834"}],"curies":[{"name":"wp","href":"https:\/\/api.w.org\/{rel}","templated":true}]}}