{"id":38803,"date":"2026-03-20T21:34:11","date_gmt":"2026-03-20T20:34:11","guid":{"rendered":"https:\/\/veritasinfo.org\/?p=38803"},"modified":"2026-03-20T21:34:11","modified_gmt":"2026-03-20T20:34:11","slug":"familja-shqiptare-ne-surdulice-ben-kallezim-ndaj-disa-serbeve-per-kercenim-e-mostolerance-kombetare","status":"publish","type":"post","link":"https:\/\/veritasinfo.org\/?p=38803","title":{"rendered":"Familja shqiptare n\u00eb Surdulic\u00eb b\u00ebn kall\u00ebzim ndaj disa serb\u00ebve p\u00ebr k\u00ebrc\u00ebnim e mostoleranc\u00eb komb\u00ebtare"},"content":{"rendered":"<p>Prishtin\u00eb, 20 mars 2026 21:31<\/p>\n<p style=\"font-weight: 500;\">P\u00ebr gjitha k\u00ebrc\u00ebnimet, fyerjet e p\u00ebrndjekjet, familja e vetme shqiptare q\u00eb jeton n\u00eb Surdullic\u00eb t\u00eb Serbis\u00eb, ka deponuar kall\u00ebzim p\u00ebr vepr\u00ebn penale &#8220;Nxitje e p\u00ebr\u00e7arjes dhe mostoleranc\u00ebs komb\u00ebtare&#8221;. Kjo familje, p\u00ebr dit\u00eb t\u00eb t\u00ebra \u00ebsht\u00eb p\u00ebrballur me protesta e fushat\u00eb online t\u00eb serb\u00ebve, pasi an\u00ebtari i tyre shkaktoi aksident me fatalitet ku humbi jet\u00ebn nj\u00eb 40-vje\u00e7ar serb.<\/p>\n<p style=\"font-weight: 400;\">Familja e 20-vje\u00e7arit shqiptar, q\u00eb jav\u00eb m\u00eb par\u00eb shkaktoi aksident me fatalitet n\u00eb Surdullic\u00eb e ku humbi jet\u00ebn nj\u00eb 40-vje\u00e7ar serb, ka b\u00ebr\u00eb kall\u00ebzim penal ndaj disa qytetar\u00ebve serb\u00eb p\u00ebr vepr\u00ebn penale &#8220;Nxitje e p\u00ebr\u00e7arjes dhe mostoleranc\u00ebs komb\u00ebtare&#8221;.<\/p>\n<p style=\"font-weight: 400;\">Kall\u00ebzimi \u00ebsht\u00eb deponuar n\u00eb Prokurorin\u00eb n\u00eb Vranj\u00eb dhe \u00ebsht\u00eb shtyr\u00eb pas protestave e fushat\u00ebs online t\u00eb banor\u00ebve serb\u00eb p\u00ebr d\u00ebbimin e k\u00ebsaj familje nga Surdullica pas aksidentit t\u00eb shkaktuar nga 20-vje\u00e7ari me inicialet B.F.<\/p>\n<p style=\"font-weight: 400;\">&#8220;N\u00eb Prokurorin\u00eb e Lart\u00eb Publike n\u00eb Vranj\u00eb, nga ana e nj\u00eb an\u00ebtari t\u00eb familjes s\u00eb t\u00eb dyshuarit p\u00ebr aksidentin e ndodhur, p\u00ebrmes nj\u00eb zyre avokatie nga Vranja, \u00ebsht\u00eb paraqitur kall\u00ebzim penal kund\u00ebr disa personave, p\u00ebr shkak t\u00eb dyshimit se kan\u00eb kryer vepr\u00ebn penale \u2018Nxitja e urrejtjes dhe intoleranc\u00ebs komb\u00ebtare, racore dhe fetare\u2019 nga neni 317 i Kodit Penal. Kall\u00ebzimi n\u00eb fjal\u00eb \u00ebsht\u00eb p\u00ebrcjell\u00eb n\u00eb Prokurorin\u00eb e Lart\u00eb Publike n\u00eb Beograd, n\u00eb Departamentin Special p\u00ebr Luftimin e Krimit t\u00eb Teknologjis\u00eb s\u00eb Lart\u00eb, pasi i gjith\u00eb materiali i propozuar si prov\u00eb gjendet n\u00eb rrjetet sociale, p\u00ebr \u00e7ka kemi qen\u00eb t\u00eb mendimit se kjo prokurori \u00ebsht\u00eb kompetente p\u00ebr t\u00eb vepruar&#8221;, thuhet n\u00eb njoftimin e Prokuroris\u00eb n\u00eb Vranj\u00eb.<\/p>\n<p style=\"font-weight: 400;\">Prokuroria e Lart\u00eb Publike n\u00eb Beograd nuk ka dh\u00ebn\u00eb p\u00ebrgjigje n\u00eb pyetjet e mediave t\u00eb Kosov\u00ebs lidhur me rastin.<\/p>\n<p style=\"font-weight: 400;\">E n\u00eb Prokurorin\u00eb Publike n\u00eb Vladi\u00e7in-Han kan\u00eb b\u00ebr\u00eb t\u00eb ditur se t\u00eb dyshuarit B.F. i \u00ebsht\u00eb vazhduar masa e paraburgimit, teksa hetimet po vazhdojn\u00eb.<\/p>\n<p style=\"font-weight: 400;\">\u201cJu njoftojm\u00eb se t\u00eb dyshuarit B.F. nga fshati Planija, Prizren, i \u00ebsht\u00eb vazhduar paraburgimi edhe p\u00ebr 30 dit\u00eb. N\u00eb cil\u00ebsin\u00eb e d\u00ebshmitares nuk \u00ebsht\u00eb marr\u00eb n\u00eb pyetje vajza e t\u00eb ndjerit J.R. nga fshati Zaguzhanje, komuna e Surdulic\u00ebs. Gjithashtu, nuk jan\u00eb kryer t\u00eb gjitha ekspertizat e nevojshme, nd\u00ebrsa \u00ebsht\u00eb nxjerr\u00eb urdh\u00ebr p\u00ebr kryerjen e ekspertiz\u00ebs s\u00eb komunikacionit me q\u00ebllim t\u00eb p\u00ebrcaktimit t\u00eb l\u00ebshimeve q\u00eb jan\u00eb n\u00eb lidhje t\u00eb drejtp\u00ebrdrejt\u00eb me shkakun e aksidentit. Konstatimi dhe mendimi i ekspertit t\u00eb fush\u00ebs s\u00eb komunikacionit ende nuk i \u00ebsht\u00eb dor\u00ebzuar prokuroris\u00eb\u201d, ka deklaruar prokuroria n\u00eb Vladi\u00e7in-Han.<\/p>\n<p style=\"font-weight: 400;\">Ky aksident me fatalitet, shpejt \u00ebsht\u00eb kthyer n\u00eb \u00e7\u00ebshtje etnike. P\u00ebr disa dit\u00eb, polic\u00ebt u detyruan t\u00eb ruajn\u00eb biznesin e familjes shqiptare, nd\u00ebrkoh\u00eb u b\u00eb fushat\u00eb q\u00eb ai t\u00eb bojkotohet nga banor\u00ebt serb\u00eb.<\/p>\n<p style=\"font-weight: 400;\">P\u00ebr situat\u00ebn pati reaguar edhe komisioneri p\u00ebr Mbrojtjen e Barazis\u00eb, Millan Antonijeviq. Ai pati theksuar se thirrjet p\u00ebr d\u00ebbim dhe k\u00ebrc\u00ebnimet ndaj familjes me komb\u00ebsi shqiptare p\u00ebrb\u00ebjn\u00eb shkelje serioze t\u00eb s\u00eb drejt\u00ebs p\u00ebr barazi.<\/p>\n<p style=\"font-weight: 400;\">N\u00eb Surdullic\u00eb t\u00eb Serbis\u00eb, sipas regjistrimit t\u00eb fundit t\u00eb popullsis\u00eb jetojn\u00eb rreth 10 mij\u00eb banor\u00eb, prej t\u00eb cil\u00ebve vet\u00ebm gjasht\u00eb jan\u00eb shqiptar\u00eb, t\u00eb gjith\u00eb pjes\u00ebtar\u00eb t\u00eb nj\u00eb familjeje.<\/p>\n","protected":false},"excerpt":{"rendered":"<p>Prishtin\u00eb, 20 mars 2026 21:31 P\u00ebr gjitha k\u00ebrc\u00ebnimet, fyerjet e p\u00ebrndjekjet, familja e vetme shqiptare q\u00eb jeton n\u00eb Surdullic\u00eb t\u00eb Serbis\u00eb, ka deponuar kall\u00ebzim p\u00ebr<\/p>\n","protected":false},"author":7,"featured_media":38804,"comment_status":"open","ping_status":"open","sticky":false,"template":"","format":"standard","meta":{"footnotes":""},"categories":[60],"tags":[],"class_list":["post-38803","post","type-post","status-publish","format-standard","has-post-thumbnail","hentry","category-shoqerore-sq"],"yoast_head":"<!-- This site is optimized with the Yoast SEO plugin v25.3.1 - https:\/\/yoast.com\/wordpress\/plugins\/seo\/ -->\n<title>Familja shqiptare n\u00eb Surdulic\u00eb b\u00ebn kall\u00ebzim ndaj disa serb\u00ebve p\u00ebr k\u00ebrc\u00ebnim e mostoleranc\u00eb komb\u00ebtare -<\/title>\n<meta name=\"robots\" content=\"index, follow, max-snippet:-1, max-image-preview:large, max-video-preview:-1\" \/>\n<link rel=\"canonical\" href=\"https:\/\/veritasinfo.org\/?p=38803\" \/>\n<meta property=\"og:locale\" content=\"en_US\" \/>\n<meta property=\"og:type\" content=\"article\" \/>\n<meta property=\"og:title\" content=\"Familja shqiptare n\u00eb Surdulic\u00eb b\u00ebn kall\u00ebzim ndaj disa serb\u00ebve p\u00ebr k\u00ebrc\u00ebnim e mostoleranc\u00eb komb\u00ebtare -\" \/>\n<meta property=\"og:description\" content=\"Prishtin\u00eb, 20 mars 2026 21:31 P\u00ebr gjitha k\u00ebrc\u00ebnimet, fyerjet e p\u00ebrndjekjet, familja e vetme shqiptare q\u00eb jeton n\u00eb Surdullic\u00eb t\u00eb Serbis\u00eb, ka deponuar kall\u00ebzim p\u00ebr\" \/>\n<meta property=\"og:url\" content=\"https:\/\/veritasinfo.org\/?p=38803\" \/>\n<meta property=\"article:published_time\" content=\"2026-03-20T20:34:11+00:00\" \/>\n<meta property=\"og:image\" content=\"https:\/\/veritasinfo.org\/wp-content\/uploads\/2026\/03\/1-79.jpg\" \/>\n\t<meta property=\"og:image:width\" content=\"664\" \/>\n\t<meta property=\"og:image:height\" content=\"415\" \/>\n\t<meta property=\"og:image:type\" content=\"image\/jpeg\" \/>\n<meta name=\"author\" content=\"US6\" \/>\n<meta name=\"twitter:card\" content=\"summary_large_image\" \/>\n<meta name=\"twitter:label1\" content=\"Written by\" \/>\n\t<meta name=\"twitter:data1\" content=\"US6\" \/>\n\t<meta name=\"twitter:label2\" content=\"Est. reading time\" \/>\n\t<meta name=\"twitter:data2\" content=\"3 minutes\" \/>\n<script type=\"application\/ld+json\" class=\"yoast-schema-graph\">{\"@context\":\"https:\/\/schema.org\",\"@graph\":[{\"@type\":\"WebPage\",\"@id\":\"https:\/\/veritasinfo.org\/?p=38803\",\"url\":\"https:\/\/veritasinfo.org\/?p=38803\",\"name\":\"Familja shqiptare n\u00eb Surdulic\u00eb b\u00ebn kall\u00ebzim ndaj disa serb\u00ebve p\u00ebr k\u00ebrc\u00ebnim e mostoleranc\u00eb komb\u00ebtare -\",\"isPartOf\":{\"@id\":\"https:\/\/veritasinfo.org\/#website\"},\"primaryImageOfPage\":{\"@id\":\"https:\/\/veritasinfo.org\/?p=38803#primaryimage\"},\"image\":{\"@id\":\"https:\/\/veritasinfo.org\/?p=38803#primaryimage\"},\"thumbnailUrl\":\"https:\/\/veritasinfo.org\/wp-content\/uploads\/2026\/03\/1-79.jpg\",\"datePublished\":\"2026-03-20T20:34:11+00:00\",\"author\":{\"@id\":\"https:\/\/veritasinfo.org\/#\/schema\/person\/fe199eede04c3937362892b7444747cc\"},\"breadcrumb\":{\"@id\":\"https:\/\/veritasinfo.org\/?p=38803#breadcrumb\"},\"inLanguage\":\"en-US\",\"potentialAction\":[{\"@type\":\"ReadAction\",\"target\":[\"https:\/\/veritasinfo.org\/?p=38803\"]}]},{\"@type\":\"ImageObject\",\"inLanguage\":\"en-US\",\"@id\":\"https:\/\/veritasinfo.org\/?p=38803#primaryimage\",\"url\":\"https:\/\/veritasinfo.org\/wp-content\/uploads\/2026\/03\/1-79.jpg\",\"contentUrl\":\"https:\/\/veritasinfo.org\/wp-content\/uploads\/2026\/03\/1-79.jpg\",\"width\":664,\"height\":415},{\"@type\":\"BreadcrumbList\",\"@id\":\"https:\/\/veritasinfo.org\/?p=38803#breadcrumb\",\"itemListElement\":[{\"@type\":\"ListItem\",\"position\":1,\"name\":\"Home\",\"item\":\"https:\/\/veritasinfo.org\/\"},{\"@type\":\"ListItem\",\"position\":2,\"name\":\"Familja shqiptare n\u00eb Surdulic\u00eb b\u00ebn kall\u00ebzim ndaj disa serb\u00ebve p\u00ebr k\u00ebrc\u00ebnim e mostoleranc\u00eb komb\u00ebtare\"}]},{\"@type\":\"WebSite\",\"@id\":\"https:\/\/veritasinfo.org\/#website\",\"url\":\"https:\/\/veritasinfo.org\/\",\"name\":\"\",\"description\":\"\",\"potentialAction\":[{\"@type\":\"SearchAction\",\"target\":{\"@type\":\"EntryPoint\",\"urlTemplate\":\"https:\/\/veritasinfo.org\/?s={search_term_string}\"},\"query-input\":{\"@type\":\"PropertyValueSpecification\",\"valueRequired\":true,\"valueName\":\"search_term_string\"}}],\"inLanguage\":\"en-US\"},{\"@type\":\"Person\",\"@id\":\"https:\/\/veritasinfo.org\/#\/schema\/person\/fe199eede04c3937362892b7444747cc\",\"name\":\"US6\",\"image\":{\"@type\":\"ImageObject\",\"inLanguage\":\"en-US\",\"@id\":\"https:\/\/veritasinfo.org\/#\/schema\/person\/image\/\",\"url\":\"https:\/\/secure.gravatar.com\/avatar\/cb16c3c31c9d23b9b8c705964598220b3014e42ff51eb540ff23cefa3ae8c15f?s=96&d=mm&r=g\",\"contentUrl\":\"https:\/\/secure.gravatar.com\/avatar\/cb16c3c31c9d23b9b8c705964598220b3014e42ff51eb540ff23cefa3ae8c15f?s=96&d=mm&r=g\",\"caption\":\"US6\"},\"url\":\"https:\/\/veritasinfo.org\/?author=7\"}]}<\/script>\n<!-- \/ Yoast SEO plugin. -->","yoast_head_json":{"title":"Familja shqiptare n\u00eb Surdulic\u00eb b\u00ebn kall\u00ebzim ndaj disa serb\u00ebve p\u00ebr k\u00ebrc\u00ebnim e mostoleranc\u00eb komb\u00ebtare -","robots":{"index":"index","follow":"follow","max-snippet":"max-snippet:-1","max-image-preview":"max-image-preview:large","max-video-preview":"max-video-preview:-1"},"canonical":"https:\/\/veritasinfo.org\/?p=38803","og_locale":"en_US","og_type":"article","og_title":"Familja shqiptare n\u00eb Surdulic\u00eb b\u00ebn kall\u00ebzim ndaj disa serb\u00ebve p\u00ebr k\u00ebrc\u00ebnim e mostoleranc\u00eb komb\u00ebtare -","og_description":"Prishtin\u00eb, 20 mars 2026 21:31 P\u00ebr gjitha k\u00ebrc\u00ebnimet, fyerjet e p\u00ebrndjekjet, familja e vetme shqiptare q\u00eb jeton n\u00eb Surdullic\u00eb t\u00eb Serbis\u00eb, ka deponuar kall\u00ebzim p\u00ebr","og_url":"https:\/\/veritasinfo.org\/?p=38803","article_published_time":"2026-03-20T20:34:11+00:00","og_image":[{"width":664,"height":415,"url":"https:\/\/veritasinfo.org\/wp-content\/uploads\/2026\/03\/1-79.jpg","type":"image\/jpeg"}],"author":"US6","twitter_card":"summary_large_image","twitter_misc":{"Written by":"US6","Est. reading time":"3 minutes"},"schema":{"@context":"https:\/\/schema.org","@graph":[{"@type":"WebPage","@id":"https:\/\/veritasinfo.org\/?p=38803","url":"https:\/\/veritasinfo.org\/?p=38803","name":"Familja shqiptare n\u00eb Surdulic\u00eb b\u00ebn kall\u00ebzim ndaj disa serb\u00ebve p\u00ebr k\u00ebrc\u00ebnim e mostoleranc\u00eb komb\u00ebtare -","isPartOf":{"@id":"https:\/\/veritasinfo.org\/#website"},"primaryImageOfPage":{"@id":"https:\/\/veritasinfo.org\/?p=38803#primaryimage"},"image":{"@id":"https:\/\/veritasinfo.org\/?p=38803#primaryimage"},"thumbnailUrl":"https:\/\/veritasinfo.org\/wp-content\/uploads\/2026\/03\/1-79.jpg","datePublished":"2026-03-20T20:34:11+00:00","author":{"@id":"https:\/\/veritasinfo.org\/#\/schema\/person\/fe199eede04c3937362892b7444747cc"},"breadcrumb":{"@id":"https:\/\/veritasinfo.org\/?p=38803#breadcrumb"},"inLanguage":"en-US","potentialAction":[{"@type":"ReadAction","target":["https:\/\/veritasinfo.org\/?p=38803"]}]},{"@type":"ImageObject","inLanguage":"en-US","@id":"https:\/\/veritasinfo.org\/?p=38803#primaryimage","url":"https:\/\/veritasinfo.org\/wp-content\/uploads\/2026\/03\/1-79.jpg","contentUrl":"https:\/\/veritasinfo.org\/wp-content\/uploads\/2026\/03\/1-79.jpg","width":664,"height":415},{"@type":"BreadcrumbList","@id":"https:\/\/veritasinfo.org\/?p=38803#breadcrumb","itemListElement":[{"@type":"ListItem","position":1,"name":"Home","item":"https:\/\/veritasinfo.org\/"},{"@type":"ListItem","position":2,"name":"Familja shqiptare n\u00eb Surdulic\u00eb b\u00ebn kall\u00ebzim ndaj disa serb\u00ebve p\u00ebr k\u00ebrc\u00ebnim e mostoleranc\u00eb komb\u00ebtare"}]},{"@type":"WebSite","@id":"https:\/\/veritasinfo.org\/#website","url":"https:\/\/veritasinfo.org\/","name":"","description":"","potentialAction":[{"@type":"SearchAction","target":{"@type":"EntryPoint","urlTemplate":"https:\/\/veritasinfo.org\/?s={search_term_string}"},"query-input":{"@type":"PropertyValueSpecification","valueRequired":true,"valueName":"search_term_string"}}],"inLanguage":"en-US"},{"@type":"Person","@id":"https:\/\/veritasinfo.org\/#\/schema\/person\/fe199eede04c3937362892b7444747cc","name":"US6","image":{"@type":"ImageObject","inLanguage":"en-US","@id":"https:\/\/veritasinfo.org\/#\/schema\/person\/image\/","url":"https:\/\/secure.gravatar.com\/avatar\/cb16c3c31c9d23b9b8c705964598220b3014e42ff51eb540ff23cefa3ae8c15f?s=96&d=mm&r=g","contentUrl":"https:\/\/secure.gravatar.com\/avatar\/cb16c3c31c9d23b9b8c705964598220b3014e42ff51eb540ff23cefa3ae8c15f?s=96&d=mm&r=g","caption":"US6"},"url":"https:\/\/veritasinfo.org\/?author=7"}]}},"featured_image_urls":{"full":["https:\/\/veritasinfo.org\/wp-content\/uploads\/2026\/03\/1-79.jpg",664,415,false],"thumbnail":["https:\/\/veritasinfo.org\/wp-content\/uploads\/2026\/03\/1-79-150x150.jpg",150,150,true],"medium":["https:\/\/veritasinfo.org\/wp-content\/uploads\/2026\/03\/1-79-300x188.jpg",300,188,true],"medium_large":["https:\/\/veritasinfo.org\/wp-content\/uploads\/2026\/03\/1-79.jpg",640,400,false],"large":["https:\/\/veritasinfo.org\/wp-content\/uploads\/2026\/03\/1-79.jpg",640,400,false],"1536x1536":["https:\/\/veritasinfo.org\/wp-content\/uploads\/2026\/03\/1-79.jpg",664,415,false],"2048x2048":["https:\/\/veritasinfo.org\/wp-content\/uploads\/2026\/03\/1-79.jpg",664,415,false],"kreeti-slider-full":["https:\/\/veritasinfo.org\/wp-content\/uploads\/2026\/03\/1-79.jpg",664,415,false],"kreeti-featured":["https:\/\/veritasinfo.org\/wp-content\/uploads\/2026\/03\/1-79.jpg",664,415,false],"kreeti-medium":["https:\/\/veritasinfo.org\/wp-content\/uploads\/2026\/03\/1-79.jpg",664,415,false],"kreeti-medium-square":["https:\/\/veritasinfo.org\/wp-content\/uploads\/2026\/03\/1-79.jpg",350,219,false]},"author_info":{"info":["US6"]},"category_info":"<a href=\"https:\/\/veritasinfo.org\/?cat=60\" rel=\"category\">Shoq\u00ebrore<\/a>","tag_info":"Shoq\u00ebrore","comment_count":"0","_links":{"self":[{"href":"https:\/\/veritasinfo.org\/index.php?rest_route=\/wp\/v2\/posts\/38803","targetHints":{"allow":["GET"]}}],"collection":[{"href":"https:\/\/veritasinfo.org\/index.php?rest_route=\/wp\/v2\/posts"}],"about":[{"href":"https:\/\/veritasinfo.org\/index.php?rest_route=\/wp\/v2\/types\/post"}],"author":[{"embeddable":true,"href":"https:\/\/veritasinfo.org\/index.php?rest_route=\/wp\/v2\/users\/7"}],"replies":[{"embeddable":true,"href":"https:\/\/veritasinfo.org\/index.php?rest_route=%2Fwp%2Fv2%2Fcomments&post=38803"}],"version-history":[{"count":1,"href":"https:\/\/veritasinfo.org\/index.php?rest_route=\/wp\/v2\/posts\/38803\/revisions"}],"predecessor-version":[{"id":38805,"href":"https:\/\/veritasinfo.org\/index.php?rest_route=\/wp\/v2\/posts\/38803\/revisions\/38805"}],"wp:featuredmedia":[{"embeddable":true,"href":"https:\/\/veritasinfo.org\/index.php?rest_route=\/wp\/v2\/media\/38804"}],"wp:attachment":[{"href":"https:\/\/veritasinfo.org\/index.php?rest_route=%2Fwp%2Fv2%2Fmedia&parent=38803"}],"wp:term":[{"taxonomy":"category","embeddable":true,"href":"https:\/\/veritasinfo.org\/index.php?rest_route=%2Fwp%2Fv2%2Fcategories&post=38803"},{"taxonomy":"post_tag","embeddable":true,"href":"https:\/\/veritasinfo.org\/index.php?rest_route=%2Fwp%2Fv2%2Ftags&post=38803"}],"curies":[{"name":"wp","href":"https:\/\/api.w.org\/{rel}","templated":true}]}}