{"id":38776,"date":"2026-03-20T13:44:00","date_gmt":"2026-03-20T12:44:00","guid":{"rendered":"https:\/\/veritasinfo.org\/?p=38776"},"modified":"2026-03-20T13:44:00","modified_gmt":"2026-03-20T12:44:00","slug":"kurti-po-perballemi-me-dy-sfida-me-provokime-ne-kufi-dhe-me-ngritjen-e-cmimit-te-naftes","status":"publish","type":"post","link":"https:\/\/veritasinfo.org\/?p=38776","title":{"rendered":"Kurti: Po p\u00ebrballemi me dy sfida, me provokime n\u00eb kufi dhe me ngritjen e \u00e7mimit t\u00eb naft\u00ebs"},"content":{"rendered":"<p>Prishtin\u00eb, 20 mars 2026 13:42<\/p>\n<p>Kryeministri Albin Kurti gjat\u00eb vizit\u00ebs n\u00eb Bashk\u00ebsin\u00eb Islame t\u00eb Kosov\u00ebs ka folur edhe p\u00ebr dy sfidat me t\u00eb cilat Kosova \u00ebsht\u00eb duke u p\u00ebrballur aktualisht.<\/p>\n<p>Kurti ka th\u00ebn\u00eb se sfidat jan\u00eb ato q\u00eb kan\u00eb t\u00eb b\u00ebjn\u00eb me provokime n\u00eb kufi si dhe me ngritjen e \u00e7mimit t\u00eb naft\u00ebs.<\/p>\n<p>\u201cProvokimet rreth kufirit po shtohen. P\u00ebrshtypja jon\u00eb \u00ebsht\u00eb q\u00eb vjen nga dy d\u00ebshtime. I pari \u00ebsht\u00eb q\u00eb nuk kan\u00eb nj\u00eb struktur\u00eb t\u00eb brendshme. E dyta \u00ebsht\u00eb se e kan\u00eb kuptuar se nuk mund ta mbajn\u00eb peng krejt rajonin p\u00ebr integrime n\u00eb Bashkimin Evropian. Pra Brukseli si kryeqytet i dyfisht\u00eb, i Bashkimit Evropian dhe NATO-s, po thot\u00eb kush d\u00ebshiron t\u00eb vij\u00eb do t\u2019i krijohen shanset, por duhet t\u2019i b\u00ebhen detyrat e sht\u00ebpis\u00eb. Kush nuk d\u00ebshiron t\u00eb vij\u00eb nuk mund t\u2019i pengoj\u00eb t\u00eb tjer\u00ebt dhe kjo i ka acaruar shum\u00eb serb\u00ebt sepse ata e kan\u00eb pas privilegjin q\u00eb pa neve nuk mund t\u00eb shkonin askund. Kjo \u00ebsht\u00eb nj\u00eb d\u00ebshp\u00ebrim i dyfisht\u00eb\u201d, ka th\u00ebn\u00eb ai.<\/p>\n<p>Ai u ndal edhe te ngritja e \u00e7mimit t\u00eb naft\u00ebs, si pasoj\u00eb e luft\u00ebs n\u00eb Lindjen e Mesme.<\/p>\n<p>\u201cSfida e dyt\u00eb \u00ebsht\u00eb q\u00eb luft\u00ebrat q\u00eb nis\u00ebn nuk p\u00ebrfunduan, por nis\u00ebn ato t\u00eb rejat dhe k\u00ebto tash po e b\u00ebjn\u00eb \u00e7rregullimin e zinxhirit t\u00eb furnizimit. Kemi folur me ministrin e Financave dhe ministren e Tregtis\u00eb q\u00eb t\u00eb p\u00ebrgatiten sa m\u00eb mir\u00eb, sepse \u00e7mimet e naft\u00ebs dhe produkteve tjera po rriten\u201d, ka deklaruar Kurti.<\/p>\n<p>N\u00eb k\u00ebt\u00eb takim u diskutua edhe p\u00ebr r\u00ebnd\u00ebsin\u00eb e bashk\u00ebpunimit institucional dhe rolin e institucioneve fetare n\u00eb ruajtjen e stabilitetit shoq\u00ebror.<\/p>\n<p>P\u00ebr st\u00ebrvitjet e ushtris\u00eb serbe n\u00eb kufi me Kosov\u00ebn, Kurti reagoi edhe nj\u00eb dit\u00eb m\u00eb par\u00eb. Ai akuzoi Beogradin p\u00ebr shfaqje t\u00eb \u201cagresionit\u201d, pasi ushtria serbe ka kryer gjat\u00eb s\u00eb m\u00ebrkur\u00ebs st\u00ebrvitje ushtarake n\u00eb fshatin Muhoc t\u00eb Bujanocit q\u00eb ndodhet n\u00eb af\u00ebrsi me Kosov\u00ebn. E n\u00eb misionin paqeruajt\u00ebs t\u00eb NATO-s n\u00eb Kosov\u00eb \u2013 KFOR \u2013 kan\u00eb th\u00ebn\u00eb se st\u00ebrvitjet e tilla nuk p\u00ebrb\u00ebnin rrezik p\u00ebr sigurin\u00eb n\u00eb rajon.<\/p>\n","protected":false},"excerpt":{"rendered":"<p>Prishtin\u00eb, 20 mars 2026 13:42 Kryeministri Albin Kurti gjat\u00eb vizit\u00ebs n\u00eb Bashk\u00ebsin\u00eb Islame t\u00eb Kosov\u00ebs ka folur edhe p\u00ebr dy sfidat me t\u00eb cilat Kosova<\/p>\n","protected":false},"author":7,"featured_media":37708,"comment_status":"open","ping_status":"open","sticky":false,"template":"","format":"standard","meta":{"footnotes":""},"categories":[58],"tags":[],"class_list":["post-38776","post","type-post","status-publish","format-standard","has-post-thumbnail","hentry","category-politike-sq"],"yoast_head":"<!-- This site is optimized with the Yoast SEO plugin v25.3.1 - https:\/\/yoast.com\/wordpress\/plugins\/seo\/ -->\n<title>Kurti: Po p\u00ebrballemi me dy sfida, me provokime n\u00eb kufi dhe me ngritjen e \u00e7mimit t\u00eb naft\u00ebs -<\/title>\n<meta name=\"robots\" content=\"index, follow, max-snippet:-1, max-image-preview:large, max-video-preview:-1\" \/>\n<link rel=\"canonical\" href=\"https:\/\/veritasinfo.org\/?p=38776\" \/>\n<meta property=\"og:locale\" content=\"en_US\" \/>\n<meta property=\"og:type\" content=\"article\" \/>\n<meta property=\"og:title\" content=\"Kurti: Po p\u00ebrballemi me dy sfida, me provokime n\u00eb kufi dhe me ngritjen e \u00e7mimit t\u00eb naft\u00ebs -\" \/>\n<meta property=\"og:description\" content=\"Prishtin\u00eb, 20 mars 2026 13:42 Kryeministri Albin Kurti gjat\u00eb vizit\u00ebs n\u00eb Bashk\u00ebsin\u00eb Islame t\u00eb Kosov\u00ebs ka folur edhe p\u00ebr dy sfidat me t\u00eb cilat Kosova\" \/>\n<meta property=\"og:url\" content=\"https:\/\/veritasinfo.org\/?p=38776\" \/>\n<meta property=\"article:published_time\" content=\"2026-03-20T12:44:00+00:00\" \/>\n<meta property=\"og:image\" content=\"https:\/\/veritasinfo.org\/wp-content\/uploads\/2026\/03\/cf8349dc-65f3-4baf-bdd2-b8b78f4c9701.webp\" \/>\n\t<meta property=\"og:image:width\" content=\"1360\" \/>\n\t<meta property=\"og:image:height\" content=\"870\" \/>\n\t<meta property=\"og:image:type\" content=\"image\/webp\" \/>\n<meta name=\"author\" content=\"US6\" \/>\n<meta name=\"twitter:card\" content=\"summary_large_image\" \/>\n<meta name=\"twitter:label1\" content=\"Written by\" \/>\n\t<meta name=\"twitter:data1\" content=\"US6\" \/>\n\t<meta name=\"twitter:label2\" content=\"Est. reading time\" \/>\n\t<meta name=\"twitter:data2\" content=\"2 minutes\" \/>\n<script type=\"application\/ld+json\" class=\"yoast-schema-graph\">{\"@context\":\"https:\/\/schema.org\",\"@graph\":[{\"@type\":\"WebPage\",\"@id\":\"https:\/\/veritasinfo.org\/?p=38776\",\"url\":\"https:\/\/veritasinfo.org\/?p=38776\",\"name\":\"Kurti: Po p\u00ebrballemi me dy sfida, me provokime n\u00eb kufi dhe me ngritjen e \u00e7mimit t\u00eb naft\u00ebs -\",\"isPartOf\":{\"@id\":\"https:\/\/veritasinfo.org\/#website\"},\"primaryImageOfPage\":{\"@id\":\"https:\/\/veritasinfo.org\/?p=38776#primaryimage\"},\"image\":{\"@id\":\"https:\/\/veritasinfo.org\/?p=38776#primaryimage\"},\"thumbnailUrl\":\"https:\/\/veritasinfo.org\/wp-content\/uploads\/2026\/03\/cf8349dc-65f3-4baf-bdd2-b8b78f4c9701.webp\",\"datePublished\":\"2026-03-20T12:44:00+00:00\",\"author\":{\"@id\":\"https:\/\/veritasinfo.org\/#\/schema\/person\/fe199eede04c3937362892b7444747cc\"},\"breadcrumb\":{\"@id\":\"https:\/\/veritasinfo.org\/?p=38776#breadcrumb\"},\"inLanguage\":\"en-US\",\"potentialAction\":[{\"@type\":\"ReadAction\",\"target\":[\"https:\/\/veritasinfo.org\/?p=38776\"]}]},{\"@type\":\"ImageObject\",\"inLanguage\":\"en-US\",\"@id\":\"https:\/\/veritasinfo.org\/?p=38776#primaryimage\",\"url\":\"https:\/\/veritasinfo.org\/wp-content\/uploads\/2026\/03\/cf8349dc-65f3-4baf-bdd2-b8b78f4c9701.webp\",\"contentUrl\":\"https:\/\/veritasinfo.org\/wp-content\/uploads\/2026\/03\/cf8349dc-65f3-4baf-bdd2-b8b78f4c9701.webp\",\"width\":1360,\"height\":870},{\"@type\":\"BreadcrumbList\",\"@id\":\"https:\/\/veritasinfo.org\/?p=38776#breadcrumb\",\"itemListElement\":[{\"@type\":\"ListItem\",\"position\":1,\"name\":\"Home\",\"item\":\"https:\/\/veritasinfo.org\/\"},{\"@type\":\"ListItem\",\"position\":2,\"name\":\"Kurti: Po p\u00ebrballemi me dy sfida, me provokime n\u00eb kufi dhe me ngritjen e \u00e7mimit t\u00eb naft\u00ebs\"}]},{\"@type\":\"WebSite\",\"@id\":\"https:\/\/veritasinfo.org\/#website\",\"url\":\"https:\/\/veritasinfo.org\/\",\"name\":\"\",\"description\":\"\",\"potentialAction\":[{\"@type\":\"SearchAction\",\"target\":{\"@type\":\"EntryPoint\",\"urlTemplate\":\"https:\/\/veritasinfo.org\/?s={search_term_string}\"},\"query-input\":{\"@type\":\"PropertyValueSpecification\",\"valueRequired\":true,\"valueName\":\"search_term_string\"}}],\"inLanguage\":\"en-US\"},{\"@type\":\"Person\",\"@id\":\"https:\/\/veritasinfo.org\/#\/schema\/person\/fe199eede04c3937362892b7444747cc\",\"name\":\"US6\",\"image\":{\"@type\":\"ImageObject\",\"inLanguage\":\"en-US\",\"@id\":\"https:\/\/veritasinfo.org\/#\/schema\/person\/image\/\",\"url\":\"https:\/\/secure.gravatar.com\/avatar\/cb16c3c31c9d23b9b8c705964598220b3014e42ff51eb540ff23cefa3ae8c15f?s=96&d=mm&r=g\",\"contentUrl\":\"https:\/\/secure.gravatar.com\/avatar\/cb16c3c31c9d23b9b8c705964598220b3014e42ff51eb540ff23cefa3ae8c15f?s=96&d=mm&r=g\",\"caption\":\"US6\"},\"url\":\"https:\/\/veritasinfo.org\/?author=7\"}]}<\/script>\n<!-- \/ Yoast SEO plugin. -->","yoast_head_json":{"title":"Kurti: Po p\u00ebrballemi me dy sfida, me provokime n\u00eb kufi dhe me ngritjen e \u00e7mimit t\u00eb naft\u00ebs -","robots":{"index":"index","follow":"follow","max-snippet":"max-snippet:-1","max-image-preview":"max-image-preview:large","max-video-preview":"max-video-preview:-1"},"canonical":"https:\/\/veritasinfo.org\/?p=38776","og_locale":"en_US","og_type":"article","og_title":"Kurti: Po p\u00ebrballemi me dy sfida, me provokime n\u00eb kufi dhe me ngritjen e \u00e7mimit t\u00eb naft\u00ebs -","og_description":"Prishtin\u00eb, 20 mars 2026 13:42 Kryeministri Albin Kurti gjat\u00eb vizit\u00ebs n\u00eb Bashk\u00ebsin\u00eb Islame t\u00eb Kosov\u00ebs ka folur edhe p\u00ebr dy sfidat me t\u00eb cilat Kosova","og_url":"https:\/\/veritasinfo.org\/?p=38776","article_published_time":"2026-03-20T12:44:00+00:00","og_image":[{"width":1360,"height":870,"url":"https:\/\/veritasinfo.org\/wp-content\/uploads\/2026\/03\/cf8349dc-65f3-4baf-bdd2-b8b78f4c9701.webp","type":"image\/webp"}],"author":"US6","twitter_card":"summary_large_image","twitter_misc":{"Written by":"US6","Est. reading time":"2 minutes"},"schema":{"@context":"https:\/\/schema.org","@graph":[{"@type":"WebPage","@id":"https:\/\/veritasinfo.org\/?p=38776","url":"https:\/\/veritasinfo.org\/?p=38776","name":"Kurti: Po p\u00ebrballemi me dy sfida, me provokime n\u00eb kufi dhe me ngritjen e \u00e7mimit t\u00eb naft\u00ebs -","isPartOf":{"@id":"https:\/\/veritasinfo.org\/#website"},"primaryImageOfPage":{"@id":"https:\/\/veritasinfo.org\/?p=38776#primaryimage"},"image":{"@id":"https:\/\/veritasinfo.org\/?p=38776#primaryimage"},"thumbnailUrl":"https:\/\/veritasinfo.org\/wp-content\/uploads\/2026\/03\/cf8349dc-65f3-4baf-bdd2-b8b78f4c9701.webp","datePublished":"2026-03-20T12:44:00+00:00","author":{"@id":"https:\/\/veritasinfo.org\/#\/schema\/person\/fe199eede04c3937362892b7444747cc"},"breadcrumb":{"@id":"https:\/\/veritasinfo.org\/?p=38776#breadcrumb"},"inLanguage":"en-US","potentialAction":[{"@type":"ReadAction","target":["https:\/\/veritasinfo.org\/?p=38776"]}]},{"@type":"ImageObject","inLanguage":"en-US","@id":"https:\/\/veritasinfo.org\/?p=38776#primaryimage","url":"https:\/\/veritasinfo.org\/wp-content\/uploads\/2026\/03\/cf8349dc-65f3-4baf-bdd2-b8b78f4c9701.webp","contentUrl":"https:\/\/veritasinfo.org\/wp-content\/uploads\/2026\/03\/cf8349dc-65f3-4baf-bdd2-b8b78f4c9701.webp","width":1360,"height":870},{"@type":"BreadcrumbList","@id":"https:\/\/veritasinfo.org\/?p=38776#breadcrumb","itemListElement":[{"@type":"ListItem","position":1,"name":"Home","item":"https:\/\/veritasinfo.org\/"},{"@type":"ListItem","position":2,"name":"Kurti: Po p\u00ebrballemi me dy sfida, me provokime n\u00eb kufi dhe me ngritjen e \u00e7mimit t\u00eb naft\u00ebs"}]},{"@type":"WebSite","@id":"https:\/\/veritasinfo.org\/#website","url":"https:\/\/veritasinfo.org\/","name":"","description":"","potentialAction":[{"@type":"SearchAction","target":{"@type":"EntryPoint","urlTemplate":"https:\/\/veritasinfo.org\/?s={search_term_string}"},"query-input":{"@type":"PropertyValueSpecification","valueRequired":true,"valueName":"search_term_string"}}],"inLanguage":"en-US"},{"@type":"Person","@id":"https:\/\/veritasinfo.org\/#\/schema\/person\/fe199eede04c3937362892b7444747cc","name":"US6","image":{"@type":"ImageObject","inLanguage":"en-US","@id":"https:\/\/veritasinfo.org\/#\/schema\/person\/image\/","url":"https:\/\/secure.gravatar.com\/avatar\/cb16c3c31c9d23b9b8c705964598220b3014e42ff51eb540ff23cefa3ae8c15f?s=96&d=mm&r=g","contentUrl":"https:\/\/secure.gravatar.com\/avatar\/cb16c3c31c9d23b9b8c705964598220b3014e42ff51eb540ff23cefa3ae8c15f?s=96&d=mm&r=g","caption":"US6"},"url":"https:\/\/veritasinfo.org\/?author=7"}]}},"featured_image_urls":{"full":["https:\/\/veritasinfo.org\/wp-content\/uploads\/2026\/03\/cf8349dc-65f3-4baf-bdd2-b8b78f4c9701.webp",1360,870,false],"thumbnail":["https:\/\/veritasinfo.org\/wp-content\/uploads\/2026\/03\/cf8349dc-65f3-4baf-bdd2-b8b78f4c9701-150x150.webp",150,150,true],"medium":["https:\/\/veritasinfo.org\/wp-content\/uploads\/2026\/03\/cf8349dc-65f3-4baf-bdd2-b8b78f4c9701-300x192.webp",300,192,true],"medium_large":["https:\/\/veritasinfo.org\/wp-content\/uploads\/2026\/03\/cf8349dc-65f3-4baf-bdd2-b8b78f4c9701-768x491.webp",640,409,true],"large":["https:\/\/veritasinfo.org\/wp-content\/uploads\/2026\/03\/cf8349dc-65f3-4baf-bdd2-b8b78f4c9701-1024x655.webp",640,409,true],"1536x1536":["https:\/\/veritasinfo.org\/wp-content\/uploads\/2026\/03\/cf8349dc-65f3-4baf-bdd2-b8b78f4c9701.webp",1360,870,false],"2048x2048":["https:\/\/veritasinfo.org\/wp-content\/uploads\/2026\/03\/cf8349dc-65f3-4baf-bdd2-b8b78f4c9701.webp",1360,870,false],"kreeti-slider-full":["https:\/\/veritasinfo.org\/wp-content\/uploads\/2026\/03\/cf8349dc-65f3-4baf-bdd2-b8b78f4c9701.webp",1126,720,false],"kreeti-featured":["https:\/\/veritasinfo.org\/wp-content\/uploads\/2026\/03\/cf8349dc-65f3-4baf-bdd2-b8b78f4c9701.webp",1024,655,false],"kreeti-medium":["https:\/\/veritasinfo.org\/wp-content\/uploads\/2026\/03\/cf8349dc-65f3-4baf-bdd2-b8b78f4c9701.webp",720,461,false],"kreeti-medium-square":["https:\/\/veritasinfo.org\/wp-content\/uploads\/2026\/03\/cf8349dc-65f3-4baf-bdd2-b8b78f4c9701.webp",350,224,false]},"author_info":{"info":["US6"]},"category_info":"<a href=\"https:\/\/veritasinfo.org\/?cat=58\" rel=\"category\">Politik\u00eb<\/a>","tag_info":"Politik\u00eb","comment_count":"0","_links":{"self":[{"href":"https:\/\/veritasinfo.org\/index.php?rest_route=\/wp\/v2\/posts\/38776","targetHints":{"allow":["GET"]}}],"collection":[{"href":"https:\/\/veritasinfo.org\/index.php?rest_route=\/wp\/v2\/posts"}],"about":[{"href":"https:\/\/veritasinfo.org\/index.php?rest_route=\/wp\/v2\/types\/post"}],"author":[{"embeddable":true,"href":"https:\/\/veritasinfo.org\/index.php?rest_route=\/wp\/v2\/users\/7"}],"replies":[{"embeddable":true,"href":"https:\/\/veritasinfo.org\/index.php?rest_route=%2Fwp%2Fv2%2Fcomments&post=38776"}],"version-history":[{"count":1,"href":"https:\/\/veritasinfo.org\/index.php?rest_route=\/wp\/v2\/posts\/38776\/revisions"}],"predecessor-version":[{"id":38777,"href":"https:\/\/veritasinfo.org\/index.php?rest_route=\/wp\/v2\/posts\/38776\/revisions\/38777"}],"wp:featuredmedia":[{"embeddable":true,"href":"https:\/\/veritasinfo.org\/index.php?rest_route=\/wp\/v2\/media\/37708"}],"wp:attachment":[{"href":"https:\/\/veritasinfo.org\/index.php?rest_route=%2Fwp%2Fv2%2Fmedia&parent=38776"}],"wp:term":[{"taxonomy":"category","embeddable":true,"href":"https:\/\/veritasinfo.org\/index.php?rest_route=%2Fwp%2Fv2%2Fcategories&post=38776"},{"taxonomy":"post_tag","embeddable":true,"href":"https:\/\/veritasinfo.org\/index.php?rest_route=%2Fwp%2Fv2%2Ftags&post=38776"}],"curies":[{"name":"wp","href":"https:\/\/api.w.org\/{rel}","templated":true}]}}