{"id":38771,"date":"2026-03-20T10:37:22","date_gmt":"2026-03-20T09:37:22","guid":{"rendered":"https:\/\/veritasinfo.org\/?p=38771"},"modified":"2026-03-20T10:37:22","modified_gmt":"2026-03-20T09:37:22","slug":"osmani-bajrami-te-sherbeje-si-feste-per-bashkim","status":"publish","type":"post","link":"https:\/\/veritasinfo.org\/?p=38771","title":{"rendered":"Osmani: Bajrami t\u00eb sh\u00ebrbej\u00eb si fest\u00eb p\u00ebr bashkim"},"content":{"rendered":"<p>Prishtin\u00eb, 20 mars 2026 10:36<\/p>\n<p>Presidentja Vjosa Osmani ka uruar q\u00eb festa e Fit\u00ebr Bajramit t\u00eb sh\u00ebrbej\u00eb si dit\u00eb p\u00ebr bashkim.<\/p>\n<p>N\u00eb vizit\u00ebn n\u00eb Bashk\u00ebsin\u00eb Islame t\u00eb Kosov\u00ebs, Osmani ka th\u00ebn\u00eb se Bajrami sh\u00ebrben si dit\u00eb p\u00ebr hapje t\u00eb zemrave dhe dyerve dhe tejkalim t\u00eb koh\u00ebrave t\u00eb v\u00ebshtira.<\/p>\n<p>&#8220;Ju uroj t\u00eb gjith\u00eb qytetar\u00ebve t\u00eb Republik\u00ebs son\u00eb me fat fest\u00ebn e Fit\u00ebr Bajramit, duke uruar m\u00eb t\u00eb mirat p\u00ebr ta, duke shpresuar q\u00eb Zoti i madh\u00ebrish\u00ebm t\u2019i ket\u00eb pranuar lutjet dhe agj\u00ebrimin e gjithsecilit dhe duke shpresuar q\u00eb kjo dit\u00eb, si gjithnj\u00eb p\u00ebrgjat\u00eb historis\u00eb son\u00eb, t\u00eb na b\u00ebj\u00eb t\u00eb gjith\u00ebve bashk\u00eb, t\u2019i hap\u00eb zemrat, t\u2019i hap\u00eb dyert e secilit, ta rris\u00eb solidaritetin dhe t\u2019i rris\u00eb vlerat njer\u00ebzore t\u00eb cilat gjithmon\u00eb na kan\u00eb b\u00ebr\u00eb bashk\u00eb si popull, p\u00ebrfshir\u00eb n\u00eb koh\u00ebt m\u00eb t\u00eb r\u00ebnda, kur pik\u00ebrisht ky bashkim, pik\u00ebrisht hapja e zemrave dhe dyerve, na ka ndihmuar q\u00eb t\u2019i tejkalojm\u00eb koh\u00eb shum\u00eb t\u00eb r\u00ebnda p\u00ebr shtetin dhe p\u00ebr kombin ton\u00eb\u201d, ka th\u00ebn\u00eb Osmani.<\/p>\n<p>Osmani, q\u00eb \u00ebsht\u00eb n\u00eb fund t\u00eb mandatit si presidente, ka fal\u00ebnderuar Bashk\u00ebsin\u00eb Islame dhe myftiun Naim T\u00ebrnava p\u00ebr bashk\u00ebpunimin.<\/p>\n","protected":false},"excerpt":{"rendered":"<p>Prishtin\u00eb, 20 mars 2026 10:36 Presidentja Vjosa Osmani ka uruar q\u00eb festa e Fit\u00ebr Bajramit t\u00eb sh\u00ebrbej\u00eb si dit\u00eb p\u00ebr bashkim. N\u00eb vizit\u00ebn n\u00eb Bashk\u00ebsin\u00eb<\/p>\n","protected":false},"author":7,"featured_media":38772,"comment_status":"open","ping_status":"open","sticky":false,"template":"","format":"standard","meta":{"footnotes":""},"categories":[60],"tags":[],"class_list":["post-38771","post","type-post","status-publish","format-standard","has-post-thumbnail","hentry","category-shoqerore-sq"],"yoast_head":"<!-- This site is optimized with the Yoast SEO plugin v25.3.1 - https:\/\/yoast.com\/wordpress\/plugins\/seo\/ -->\n<title>Osmani: Bajrami t\u00eb sh\u00ebrbej\u00eb si fest\u00eb p\u00ebr bashkim -<\/title>\n<meta name=\"robots\" content=\"index, follow, max-snippet:-1, max-image-preview:large, max-video-preview:-1\" \/>\n<link rel=\"canonical\" href=\"https:\/\/veritasinfo.org\/?p=38771\" \/>\n<meta property=\"og:locale\" content=\"en_US\" \/>\n<meta property=\"og:type\" content=\"article\" \/>\n<meta property=\"og:title\" content=\"Osmani: Bajrami t\u00eb sh\u00ebrbej\u00eb si fest\u00eb p\u00ebr bashkim -\" \/>\n<meta property=\"og:description\" content=\"Prishtin\u00eb, 20 mars 2026 10:36 Presidentja Vjosa Osmani ka uruar q\u00eb festa e Fit\u00ebr Bajramit t\u00eb sh\u00ebrbej\u00eb si dit\u00eb p\u00ebr bashkim. N\u00eb vizit\u00ebn n\u00eb Bashk\u00ebsin\u00eb\" \/>\n<meta property=\"og:url\" content=\"https:\/\/veritasinfo.org\/?p=38771\" \/>\n<meta property=\"article:published_time\" content=\"2026-03-20T09:37:22+00:00\" \/>\n<meta property=\"og:image\" content=\"https:\/\/veritasinfo.org\/wp-content\/uploads\/2026\/03\/eace0154-0bd4-4468-8252-6bfe84ce5504.webp\" \/>\n\t<meta property=\"og:image:width\" content=\"850\" \/>\n\t<meta property=\"og:image:height\" content=\"638\" \/>\n\t<meta property=\"og:image:type\" content=\"image\/webp\" \/>\n<meta name=\"author\" content=\"US6\" \/>\n<meta name=\"twitter:card\" content=\"summary_large_image\" \/>\n<meta name=\"twitter:label1\" content=\"Written by\" \/>\n\t<meta name=\"twitter:data1\" content=\"US6\" \/>\n\t<meta name=\"twitter:label2\" content=\"Est. reading time\" \/>\n\t<meta name=\"twitter:data2\" content=\"1 minute\" \/>\n<script type=\"application\/ld+json\" class=\"yoast-schema-graph\">{\"@context\":\"https:\/\/schema.org\",\"@graph\":[{\"@type\":\"WebPage\",\"@id\":\"https:\/\/veritasinfo.org\/?p=38771\",\"url\":\"https:\/\/veritasinfo.org\/?p=38771\",\"name\":\"Osmani: Bajrami t\u00eb sh\u00ebrbej\u00eb si fest\u00eb p\u00ebr bashkim -\",\"isPartOf\":{\"@id\":\"https:\/\/veritasinfo.org\/#website\"},\"primaryImageOfPage\":{\"@id\":\"https:\/\/veritasinfo.org\/?p=38771#primaryimage\"},\"image\":{\"@id\":\"https:\/\/veritasinfo.org\/?p=38771#primaryimage\"},\"thumbnailUrl\":\"https:\/\/veritasinfo.org\/wp-content\/uploads\/2026\/03\/eace0154-0bd4-4468-8252-6bfe84ce5504.webp\",\"datePublished\":\"2026-03-20T09:37:22+00:00\",\"author\":{\"@id\":\"https:\/\/veritasinfo.org\/#\/schema\/person\/fe199eede04c3937362892b7444747cc\"},\"breadcrumb\":{\"@id\":\"https:\/\/veritasinfo.org\/?p=38771#breadcrumb\"},\"inLanguage\":\"en-US\",\"potentialAction\":[{\"@type\":\"ReadAction\",\"target\":[\"https:\/\/veritasinfo.org\/?p=38771\"]}]},{\"@type\":\"ImageObject\",\"inLanguage\":\"en-US\",\"@id\":\"https:\/\/veritasinfo.org\/?p=38771#primaryimage\",\"url\":\"https:\/\/veritasinfo.org\/wp-content\/uploads\/2026\/03\/eace0154-0bd4-4468-8252-6bfe84ce5504.webp\",\"contentUrl\":\"https:\/\/veritasinfo.org\/wp-content\/uploads\/2026\/03\/eace0154-0bd4-4468-8252-6bfe84ce5504.webp\",\"width\":850,\"height\":638},{\"@type\":\"BreadcrumbList\",\"@id\":\"https:\/\/veritasinfo.org\/?p=38771#breadcrumb\",\"itemListElement\":[{\"@type\":\"ListItem\",\"position\":1,\"name\":\"Home\",\"item\":\"https:\/\/veritasinfo.org\/\"},{\"@type\":\"ListItem\",\"position\":2,\"name\":\"Osmani: Bajrami t\u00eb sh\u00ebrbej\u00eb si fest\u00eb p\u00ebr bashkim\"}]},{\"@type\":\"WebSite\",\"@id\":\"https:\/\/veritasinfo.org\/#website\",\"url\":\"https:\/\/veritasinfo.org\/\",\"name\":\"\",\"description\":\"\",\"potentialAction\":[{\"@type\":\"SearchAction\",\"target\":{\"@type\":\"EntryPoint\",\"urlTemplate\":\"https:\/\/veritasinfo.org\/?s={search_term_string}\"},\"query-input\":{\"@type\":\"PropertyValueSpecification\",\"valueRequired\":true,\"valueName\":\"search_term_string\"}}],\"inLanguage\":\"en-US\"},{\"@type\":\"Person\",\"@id\":\"https:\/\/veritasinfo.org\/#\/schema\/person\/fe199eede04c3937362892b7444747cc\",\"name\":\"US6\",\"image\":{\"@type\":\"ImageObject\",\"inLanguage\":\"en-US\",\"@id\":\"https:\/\/veritasinfo.org\/#\/schema\/person\/image\/\",\"url\":\"https:\/\/secure.gravatar.com\/avatar\/cb16c3c31c9d23b9b8c705964598220b3014e42ff51eb540ff23cefa3ae8c15f?s=96&d=mm&r=g\",\"contentUrl\":\"https:\/\/secure.gravatar.com\/avatar\/cb16c3c31c9d23b9b8c705964598220b3014e42ff51eb540ff23cefa3ae8c15f?s=96&d=mm&r=g\",\"caption\":\"US6\"},\"url\":\"https:\/\/veritasinfo.org\/?author=7\"}]}<\/script>\n<!-- \/ Yoast SEO plugin. -->","yoast_head_json":{"title":"Osmani: Bajrami t\u00eb sh\u00ebrbej\u00eb si fest\u00eb p\u00ebr bashkim -","robots":{"index":"index","follow":"follow","max-snippet":"max-snippet:-1","max-image-preview":"max-image-preview:large","max-video-preview":"max-video-preview:-1"},"canonical":"https:\/\/veritasinfo.org\/?p=38771","og_locale":"en_US","og_type":"article","og_title":"Osmani: Bajrami t\u00eb sh\u00ebrbej\u00eb si fest\u00eb p\u00ebr bashkim -","og_description":"Prishtin\u00eb, 20 mars 2026 10:36 Presidentja Vjosa Osmani ka uruar q\u00eb festa e Fit\u00ebr Bajramit t\u00eb sh\u00ebrbej\u00eb si dit\u00eb p\u00ebr bashkim. N\u00eb vizit\u00ebn n\u00eb Bashk\u00ebsin\u00eb","og_url":"https:\/\/veritasinfo.org\/?p=38771","article_published_time":"2026-03-20T09:37:22+00:00","og_image":[{"width":850,"height":638,"url":"https:\/\/veritasinfo.org\/wp-content\/uploads\/2026\/03\/eace0154-0bd4-4468-8252-6bfe84ce5504.webp","type":"image\/webp"}],"author":"US6","twitter_card":"summary_large_image","twitter_misc":{"Written by":"US6","Est. reading time":"1 minute"},"schema":{"@context":"https:\/\/schema.org","@graph":[{"@type":"WebPage","@id":"https:\/\/veritasinfo.org\/?p=38771","url":"https:\/\/veritasinfo.org\/?p=38771","name":"Osmani: Bajrami t\u00eb sh\u00ebrbej\u00eb si fest\u00eb p\u00ebr bashkim -","isPartOf":{"@id":"https:\/\/veritasinfo.org\/#website"},"primaryImageOfPage":{"@id":"https:\/\/veritasinfo.org\/?p=38771#primaryimage"},"image":{"@id":"https:\/\/veritasinfo.org\/?p=38771#primaryimage"},"thumbnailUrl":"https:\/\/veritasinfo.org\/wp-content\/uploads\/2026\/03\/eace0154-0bd4-4468-8252-6bfe84ce5504.webp","datePublished":"2026-03-20T09:37:22+00:00","author":{"@id":"https:\/\/veritasinfo.org\/#\/schema\/person\/fe199eede04c3937362892b7444747cc"},"breadcrumb":{"@id":"https:\/\/veritasinfo.org\/?p=38771#breadcrumb"},"inLanguage":"en-US","potentialAction":[{"@type":"ReadAction","target":["https:\/\/veritasinfo.org\/?p=38771"]}]},{"@type":"ImageObject","inLanguage":"en-US","@id":"https:\/\/veritasinfo.org\/?p=38771#primaryimage","url":"https:\/\/veritasinfo.org\/wp-content\/uploads\/2026\/03\/eace0154-0bd4-4468-8252-6bfe84ce5504.webp","contentUrl":"https:\/\/veritasinfo.org\/wp-content\/uploads\/2026\/03\/eace0154-0bd4-4468-8252-6bfe84ce5504.webp","width":850,"height":638},{"@type":"BreadcrumbList","@id":"https:\/\/veritasinfo.org\/?p=38771#breadcrumb","itemListElement":[{"@type":"ListItem","position":1,"name":"Home","item":"https:\/\/veritasinfo.org\/"},{"@type":"ListItem","position":2,"name":"Osmani: Bajrami t\u00eb sh\u00ebrbej\u00eb si fest\u00eb p\u00ebr bashkim"}]},{"@type":"WebSite","@id":"https:\/\/veritasinfo.org\/#website","url":"https:\/\/veritasinfo.org\/","name":"","description":"","potentialAction":[{"@type":"SearchAction","target":{"@type":"EntryPoint","urlTemplate":"https:\/\/veritasinfo.org\/?s={search_term_string}"},"query-input":{"@type":"PropertyValueSpecification","valueRequired":true,"valueName":"search_term_string"}}],"inLanguage":"en-US"},{"@type":"Person","@id":"https:\/\/veritasinfo.org\/#\/schema\/person\/fe199eede04c3937362892b7444747cc","name":"US6","image":{"@type":"ImageObject","inLanguage":"en-US","@id":"https:\/\/veritasinfo.org\/#\/schema\/person\/image\/","url":"https:\/\/secure.gravatar.com\/avatar\/cb16c3c31c9d23b9b8c705964598220b3014e42ff51eb540ff23cefa3ae8c15f?s=96&d=mm&r=g","contentUrl":"https:\/\/secure.gravatar.com\/avatar\/cb16c3c31c9d23b9b8c705964598220b3014e42ff51eb540ff23cefa3ae8c15f?s=96&d=mm&r=g","caption":"US6"},"url":"https:\/\/veritasinfo.org\/?author=7"}]}},"featured_image_urls":{"full":["https:\/\/veritasinfo.org\/wp-content\/uploads\/2026\/03\/eace0154-0bd4-4468-8252-6bfe84ce5504.webp",850,638,false],"thumbnail":["https:\/\/veritasinfo.org\/wp-content\/uploads\/2026\/03\/eace0154-0bd4-4468-8252-6bfe84ce5504-150x150.webp",150,150,true],"medium":["https:\/\/veritasinfo.org\/wp-content\/uploads\/2026\/03\/eace0154-0bd4-4468-8252-6bfe84ce5504-300x225.webp",300,225,true],"medium_large":["https:\/\/veritasinfo.org\/wp-content\/uploads\/2026\/03\/eace0154-0bd4-4468-8252-6bfe84ce5504-768x576.webp",640,480,true],"large":["https:\/\/veritasinfo.org\/wp-content\/uploads\/2026\/03\/eace0154-0bd4-4468-8252-6bfe84ce5504.webp",640,480,false],"1536x1536":["https:\/\/veritasinfo.org\/wp-content\/uploads\/2026\/03\/eace0154-0bd4-4468-8252-6bfe84ce5504.webp",850,638,false],"2048x2048":["https:\/\/veritasinfo.org\/wp-content\/uploads\/2026\/03\/eace0154-0bd4-4468-8252-6bfe84ce5504.webp",850,638,false],"kreeti-slider-full":["https:\/\/veritasinfo.org\/wp-content\/uploads\/2026\/03\/eace0154-0bd4-4468-8252-6bfe84ce5504.webp",850,638,false],"kreeti-featured":["https:\/\/veritasinfo.org\/wp-content\/uploads\/2026\/03\/eace0154-0bd4-4468-8252-6bfe84ce5504.webp",850,638,false],"kreeti-medium":["https:\/\/veritasinfo.org\/wp-content\/uploads\/2026\/03\/eace0154-0bd4-4468-8252-6bfe84ce5504.webp",706,530,false],"kreeti-medium-square":["https:\/\/veritasinfo.org\/wp-content\/uploads\/2026\/03\/eace0154-0bd4-4468-8252-6bfe84ce5504.webp",350,263,false]},"author_info":{"info":["US6"]},"category_info":"<a href=\"https:\/\/veritasinfo.org\/?cat=60\" rel=\"category\">Shoq\u00ebrore<\/a>","tag_info":"Shoq\u00ebrore","comment_count":"0","_links":{"self":[{"href":"https:\/\/veritasinfo.org\/index.php?rest_route=\/wp\/v2\/posts\/38771","targetHints":{"allow":["GET"]}}],"collection":[{"href":"https:\/\/veritasinfo.org\/index.php?rest_route=\/wp\/v2\/posts"}],"about":[{"href":"https:\/\/veritasinfo.org\/index.php?rest_route=\/wp\/v2\/types\/post"}],"author":[{"embeddable":true,"href":"https:\/\/veritasinfo.org\/index.php?rest_route=\/wp\/v2\/users\/7"}],"replies":[{"embeddable":true,"href":"https:\/\/veritasinfo.org\/index.php?rest_route=%2Fwp%2Fv2%2Fcomments&post=38771"}],"version-history":[{"count":1,"href":"https:\/\/veritasinfo.org\/index.php?rest_route=\/wp\/v2\/posts\/38771\/revisions"}],"predecessor-version":[{"id":38773,"href":"https:\/\/veritasinfo.org\/index.php?rest_route=\/wp\/v2\/posts\/38771\/revisions\/38773"}],"wp:featuredmedia":[{"embeddable":true,"href":"https:\/\/veritasinfo.org\/index.php?rest_route=\/wp\/v2\/media\/38772"}],"wp:attachment":[{"href":"https:\/\/veritasinfo.org\/index.php?rest_route=%2Fwp%2Fv2%2Fmedia&parent=38771"}],"wp:term":[{"taxonomy":"category","embeddable":true,"href":"https:\/\/veritasinfo.org\/index.php?rest_route=%2Fwp%2Fv2%2Fcategories&post=38771"},{"taxonomy":"post_tag","embeddable":true,"href":"https:\/\/veritasinfo.org\/index.php?rest_route=%2Fwp%2Fv2%2Ftags&post=38771"}],"curies":[{"name":"wp","href":"https:\/\/api.w.org\/{rel}","templated":true}]}}