{"id":38740,"date":"2026-03-19T20:00:30","date_gmt":"2026-03-19T19:00:30","guid":{"rendered":"https:\/\/veritasinfo.org\/?p=38740"},"modified":"2026-03-19T20:00:30","modified_gmt":"2026-03-19T19:00:30","slug":"vlada-usvojila-17-odluka-kancelarija-za-ratne-kategorije-prelazi-u-ministarstvo","status":"publish","type":"post","link":"https:\/\/veritasinfo.org\/?p=38740&lang=sr","title":{"rendered":"Vlada usvojila 17 odluka, Kancelarija za ratne kategorije prelazi u ministarstvo"},"content":{"rendered":"<p>Peta sednica Vlade Kosova po\u010dela je minutom c\u0301utanja.<\/p>\n<p>\u0160ef izvr\u0161ne vlasti izrazio je sau\u010de\u0161c\u0301e porodicama trojice Kosovara koji su izgubili \u017eivote u Austriji.<\/p>\n<p>\u201ePajtimi, Aslani i Istrefi c\u0301e uvek biti upamc\u0301eni kao radnici i sunarodnici. Njihova tragi\u010dna smrt, dok su radili u inostranstvu, trebalo bi da poslu\u017ei kao trenutak brige i razmi\u0161ljanja o \u017ertvi i trudu na\u0161e dijaspore, \u010desto nedovoljno cenjenom; stavljajuc\u0301i sebe do granica svog bic\u0301a, dok su se posvec\u0301ivali svojim porodicama i na\u0161oj zemlji\u201c, rekao je Kurti.<\/p>\n<p>Na ovoj sednici, prva ta\u010dka dnevnog reda bio je predlog-odluka da se kancelarija za pitanja kategorija proisteklih iz rata OVK prebaci u Ministarstvo za rad, porodicu i vrednosti oslobodila\u010dkog rata.<\/p>\n<p>Do sada je ova kancelarija delovala u okviru Kancelarije premijera.<\/p>\n<p>Zeleno svetlo je dato i nacrtu odluke kojom se od Dr\u017eavnog saveta zahteva da ovlasti ministra pravde da potpi\u0161e Sporazum o me\u0111usobnoj pravnoj pomoc\u0301i u krivi\u010dnim stvarima sa Vladom Kraljevine Belgije.<\/p>\n<p>Vi\u0161e detalja o ovoj ta\u010dki dala je ministarka pravde, Donika Gervala.<\/p>\n<p>Tako\u0111e je odobren nacrt odluke o pokrivanju plac\u0301anja za 37 samofinansirajuc\u0301ih specijalista iz Pre\u0161evske doline, Crne Gore, Severne Makedonije i Albanije.<\/p>\n<p>\u201eOva podr\u0161ka olak\u0161ava teret, omoguc\u0301ava nastavak stru\u010dnog usavr\u0161avanja i stvara uslove za njihovo uklju\u010divanje u zdravstvene usluge\u201c, dalje je izjavio Kurti.<\/p>\n<p>Na izvr\u0161nom sastanku je odobren i jo\u0161 jedan zahtev Ministarstva finansija za obezbe\u0111ivanje katastarskih parcela za kori\u0161c\u0301enje Carine Kosova.<\/p>\n","protected":false},"excerpt":{"rendered":"<p>Peta sednica Vlade Kosova po\u010dela je minutom c\u0301utanja. \u0160ef izvr\u0161ne vlasti izrazio je sau\u010de\u0161c\u0301e porodicama trojice Kosovara koji su izgubili \u017eivote u Austriji. \u201ePajtimi, Aslani<\/p>\n","protected":false},"author":7,"featured_media":38738,"comment_status":"open","ping_status":"open","sticky":false,"template":"","format":"standard","meta":{"footnotes":""},"categories":[28],"tags":[],"class_list":["post-38740","post","type-post","status-publish","format-standard","has-post-thumbnail","hentry","category-politika"],"yoast_head":"<!-- This site is optimized with the Yoast SEO plugin v25.3.1 - https:\/\/yoast.com\/wordpress\/plugins\/seo\/ -->\n<title>Vlada usvojila 17 odluka, Kancelarija za ratne kategorije prelazi u ministarstvo -<\/title>\n<meta name=\"robots\" content=\"index, follow, max-snippet:-1, max-image-preview:large, max-video-preview:-1\" \/>\n<link rel=\"canonical\" href=\"https:\/\/veritasinfo.org\/?p=38740&lang=sr\" \/>\n<meta property=\"og:locale\" content=\"en_US\" \/>\n<meta property=\"og:type\" content=\"article\" \/>\n<meta property=\"og:title\" content=\"Vlada usvojila 17 odluka, Kancelarija za ratne kategorije prelazi u ministarstvo -\" \/>\n<meta property=\"og:description\" content=\"Peta sednica Vlade Kosova po\u010dela je minutom c\u0301utanja. \u0160ef izvr\u0161ne vlasti izrazio je sau\u010de\u0161c\u0301e porodicama trojice Kosovara koji su izgubili \u017eivote u Austriji. \u201ePajtimi, Aslani\" \/>\n<meta property=\"og:url\" content=\"https:\/\/veritasinfo.org\/?p=38740&amp;lang=sr\" \/>\n<meta property=\"article:published_time\" content=\"2026-03-19T19:00:30+00:00\" \/>\n<meta property=\"og:image\" content=\"https:\/\/veritasinfo.org\/wp-content\/uploads\/2026\/03\/1-71.jpg\" \/>\n\t<meta property=\"og:image:width\" content=\"850\" \/>\n\t<meta property=\"og:image:height\" content=\"567\" \/>\n\t<meta property=\"og:image:type\" content=\"image\/jpeg\" \/>\n<meta name=\"author\" content=\"US6\" \/>\n<meta name=\"twitter:card\" content=\"summary_large_image\" \/>\n<meta name=\"twitter:label1\" content=\"Written by\" \/>\n\t<meta name=\"twitter:data1\" content=\"US6\" \/>\n\t<meta name=\"twitter:label2\" content=\"Est. reading time\" \/>\n\t<meta name=\"twitter:data2\" content=\"2 minutes\" \/>\n<script type=\"application\/ld+json\" class=\"yoast-schema-graph\">{\"@context\":\"https:\/\/schema.org\",\"@graph\":[{\"@type\":\"WebPage\",\"@id\":\"https:\/\/veritasinfo.org\/?p=38740&lang=sr\",\"url\":\"https:\/\/veritasinfo.org\/?p=38740&lang=sr\",\"name\":\"Vlada usvojila 17 odluka, Kancelarija za ratne kategorije prelazi u ministarstvo -\",\"isPartOf\":{\"@id\":\"https:\/\/veritasinfo.org\/#website\"},\"primaryImageOfPage\":{\"@id\":\"https:\/\/veritasinfo.org\/?p=38740&lang=sr#primaryimage\"},\"image\":{\"@id\":\"https:\/\/veritasinfo.org\/?p=38740&lang=sr#primaryimage\"},\"thumbnailUrl\":\"https:\/\/veritasinfo.org\/wp-content\/uploads\/2026\/03\/1-71.jpg\",\"datePublished\":\"2026-03-19T19:00:30+00:00\",\"author\":{\"@id\":\"https:\/\/veritasinfo.org\/#\/schema\/person\/fe199eede04c3937362892b7444747cc\"},\"breadcrumb\":{\"@id\":\"https:\/\/veritasinfo.org\/?p=38740&lang=sr#breadcrumb\"},\"inLanguage\":\"en-US\",\"potentialAction\":[{\"@type\":\"ReadAction\",\"target\":[\"https:\/\/veritasinfo.org\/?p=38740&lang=sr\"]}]},{\"@type\":\"ImageObject\",\"inLanguage\":\"en-US\",\"@id\":\"https:\/\/veritasinfo.org\/?p=38740&lang=sr#primaryimage\",\"url\":\"https:\/\/veritasinfo.org\/wp-content\/uploads\/2026\/03\/1-71.jpg\",\"contentUrl\":\"https:\/\/veritasinfo.org\/wp-content\/uploads\/2026\/03\/1-71.jpg\",\"width\":850,\"height\":567},{\"@type\":\"BreadcrumbList\",\"@id\":\"https:\/\/veritasinfo.org\/?p=38740&lang=sr#breadcrumb\",\"itemListElement\":[{\"@type\":\"ListItem\",\"position\":1,\"name\":\"Home\",\"item\":\"https:\/\/veritasinfo.org\/\"},{\"@type\":\"ListItem\",\"position\":2,\"name\":\"Vlada usvojila 17 odluka, Kancelarija za ratne kategorije prelazi u ministarstvo\"}]},{\"@type\":\"WebSite\",\"@id\":\"https:\/\/veritasinfo.org\/#website\",\"url\":\"https:\/\/veritasinfo.org\/\",\"name\":\"\",\"description\":\"\",\"potentialAction\":[{\"@type\":\"SearchAction\",\"target\":{\"@type\":\"EntryPoint\",\"urlTemplate\":\"https:\/\/veritasinfo.org\/?s={search_term_string}\"},\"query-input\":{\"@type\":\"PropertyValueSpecification\",\"valueRequired\":true,\"valueName\":\"search_term_string\"}}],\"inLanguage\":\"en-US\"},{\"@type\":\"Person\",\"@id\":\"https:\/\/veritasinfo.org\/#\/schema\/person\/fe199eede04c3937362892b7444747cc\",\"name\":\"US6\",\"image\":{\"@type\":\"ImageObject\",\"inLanguage\":\"en-US\",\"@id\":\"https:\/\/veritasinfo.org\/#\/schema\/person\/image\/\",\"url\":\"https:\/\/secure.gravatar.com\/avatar\/cb16c3c31c9d23b9b8c705964598220b3014e42ff51eb540ff23cefa3ae8c15f?s=96&d=mm&r=g\",\"contentUrl\":\"https:\/\/secure.gravatar.com\/avatar\/cb16c3c31c9d23b9b8c705964598220b3014e42ff51eb540ff23cefa3ae8c15f?s=96&d=mm&r=g\",\"caption\":\"US6\"},\"url\":\"https:\/\/veritasinfo.org\/?author=7\"}]}<\/script>\n<!-- \/ Yoast SEO plugin. -->","yoast_head_json":{"title":"Vlada usvojila 17 odluka, Kancelarija za ratne kategorije prelazi u ministarstvo -","robots":{"index":"index","follow":"follow","max-snippet":"max-snippet:-1","max-image-preview":"max-image-preview:large","max-video-preview":"max-video-preview:-1"},"canonical":"https:\/\/veritasinfo.org\/?p=38740&lang=sr","og_locale":"en_US","og_type":"article","og_title":"Vlada usvojila 17 odluka, Kancelarija za ratne kategorije prelazi u ministarstvo -","og_description":"Peta sednica Vlade Kosova po\u010dela je minutom c\u0301utanja. \u0160ef izvr\u0161ne vlasti izrazio je sau\u010de\u0161c\u0301e porodicama trojice Kosovara koji su izgubili \u017eivote u Austriji. \u201ePajtimi, Aslani","og_url":"https:\/\/veritasinfo.org\/?p=38740&lang=sr","article_published_time":"2026-03-19T19:00:30+00:00","og_image":[{"width":850,"height":567,"url":"https:\/\/veritasinfo.org\/wp-content\/uploads\/2026\/03\/1-71.jpg","type":"image\/jpeg"}],"author":"US6","twitter_card":"summary_large_image","twitter_misc":{"Written by":"US6","Est. reading time":"2 minutes"},"schema":{"@context":"https:\/\/schema.org","@graph":[{"@type":"WebPage","@id":"https:\/\/veritasinfo.org\/?p=38740&lang=sr","url":"https:\/\/veritasinfo.org\/?p=38740&lang=sr","name":"Vlada usvojila 17 odluka, Kancelarija za ratne kategorije prelazi u ministarstvo -","isPartOf":{"@id":"https:\/\/veritasinfo.org\/#website"},"primaryImageOfPage":{"@id":"https:\/\/veritasinfo.org\/?p=38740&lang=sr#primaryimage"},"image":{"@id":"https:\/\/veritasinfo.org\/?p=38740&lang=sr#primaryimage"},"thumbnailUrl":"https:\/\/veritasinfo.org\/wp-content\/uploads\/2026\/03\/1-71.jpg","datePublished":"2026-03-19T19:00:30+00:00","author":{"@id":"https:\/\/veritasinfo.org\/#\/schema\/person\/fe199eede04c3937362892b7444747cc"},"breadcrumb":{"@id":"https:\/\/veritasinfo.org\/?p=38740&lang=sr#breadcrumb"},"inLanguage":"en-US","potentialAction":[{"@type":"ReadAction","target":["https:\/\/veritasinfo.org\/?p=38740&lang=sr"]}]},{"@type":"ImageObject","inLanguage":"en-US","@id":"https:\/\/veritasinfo.org\/?p=38740&lang=sr#primaryimage","url":"https:\/\/veritasinfo.org\/wp-content\/uploads\/2026\/03\/1-71.jpg","contentUrl":"https:\/\/veritasinfo.org\/wp-content\/uploads\/2026\/03\/1-71.jpg","width":850,"height":567},{"@type":"BreadcrumbList","@id":"https:\/\/veritasinfo.org\/?p=38740&lang=sr#breadcrumb","itemListElement":[{"@type":"ListItem","position":1,"name":"Home","item":"https:\/\/veritasinfo.org\/"},{"@type":"ListItem","position":2,"name":"Vlada usvojila 17 odluka, Kancelarija za ratne kategorije prelazi u ministarstvo"}]},{"@type":"WebSite","@id":"https:\/\/veritasinfo.org\/#website","url":"https:\/\/veritasinfo.org\/","name":"","description":"","potentialAction":[{"@type":"SearchAction","target":{"@type":"EntryPoint","urlTemplate":"https:\/\/veritasinfo.org\/?s={search_term_string}"},"query-input":{"@type":"PropertyValueSpecification","valueRequired":true,"valueName":"search_term_string"}}],"inLanguage":"en-US"},{"@type":"Person","@id":"https:\/\/veritasinfo.org\/#\/schema\/person\/fe199eede04c3937362892b7444747cc","name":"US6","image":{"@type":"ImageObject","inLanguage":"en-US","@id":"https:\/\/veritasinfo.org\/#\/schema\/person\/image\/","url":"https:\/\/secure.gravatar.com\/avatar\/cb16c3c31c9d23b9b8c705964598220b3014e42ff51eb540ff23cefa3ae8c15f?s=96&d=mm&r=g","contentUrl":"https:\/\/secure.gravatar.com\/avatar\/cb16c3c31c9d23b9b8c705964598220b3014e42ff51eb540ff23cefa3ae8c15f?s=96&d=mm&r=g","caption":"US6"},"url":"https:\/\/veritasinfo.org\/?author=7"}]}},"featured_image_urls":{"full":["https:\/\/veritasinfo.org\/wp-content\/uploads\/2026\/03\/1-71.jpg",850,567,false],"thumbnail":["https:\/\/veritasinfo.org\/wp-content\/uploads\/2026\/03\/1-71-150x150.jpg",150,150,true],"medium":["https:\/\/veritasinfo.org\/wp-content\/uploads\/2026\/03\/1-71-300x200.jpg",300,200,true],"medium_large":["https:\/\/veritasinfo.org\/wp-content\/uploads\/2026\/03\/1-71-768x512.jpg",640,427,true],"large":["https:\/\/veritasinfo.org\/wp-content\/uploads\/2026\/03\/1-71.jpg",640,427,false],"1536x1536":["https:\/\/veritasinfo.org\/wp-content\/uploads\/2026\/03\/1-71.jpg",850,567,false],"2048x2048":["https:\/\/veritasinfo.org\/wp-content\/uploads\/2026\/03\/1-71.jpg",850,567,false],"kreeti-slider-full":["https:\/\/veritasinfo.org\/wp-content\/uploads\/2026\/03\/1-71.jpg",850,567,false],"kreeti-featured":["https:\/\/veritasinfo.org\/wp-content\/uploads\/2026\/03\/1-71.jpg",850,567,false],"kreeti-medium":["https:\/\/veritasinfo.org\/wp-content\/uploads\/2026\/03\/1-71.jpg",720,480,false],"kreeti-medium-square":["https:\/\/veritasinfo.org\/wp-content\/uploads\/2026\/03\/1-71.jpg",350,233,false]},"author_info":{"info":["US6"]},"category_info":"<a href=\"https:\/\/veritasinfo.org\/?cat=28&#038;lang=sr\" rel=\"category\">Politika<\/a>","tag_info":"Politika","comment_count":"0","_links":{"self":[{"href":"https:\/\/veritasinfo.org\/index.php?rest_route=\/wp\/v2\/posts\/38740","targetHints":{"allow":["GET"]}}],"collection":[{"href":"https:\/\/veritasinfo.org\/index.php?rest_route=\/wp\/v2\/posts"}],"about":[{"href":"https:\/\/veritasinfo.org\/index.php?rest_route=\/wp\/v2\/types\/post"}],"author":[{"embeddable":true,"href":"https:\/\/veritasinfo.org\/index.php?rest_route=\/wp\/v2\/users\/7"}],"replies":[{"embeddable":true,"href":"https:\/\/veritasinfo.org\/index.php?rest_route=%2Fwp%2Fv2%2Fcomments&post=38740"}],"version-history":[{"count":1,"href":"https:\/\/veritasinfo.org\/index.php?rest_route=\/wp\/v2\/posts\/38740\/revisions"}],"predecessor-version":[{"id":38741,"href":"https:\/\/veritasinfo.org\/index.php?rest_route=\/wp\/v2\/posts\/38740\/revisions\/38741"}],"wp:featuredmedia":[{"embeddable":true,"href":"https:\/\/veritasinfo.org\/index.php?rest_route=\/wp\/v2\/media\/38738"}],"wp:attachment":[{"href":"https:\/\/veritasinfo.org\/index.php?rest_route=%2Fwp%2Fv2%2Fmedia&parent=38740"}],"wp:term":[{"taxonomy":"category","embeddable":true,"href":"https:\/\/veritasinfo.org\/index.php?rest_route=%2Fwp%2Fv2%2Fcategories&post=38740"},{"taxonomy":"post_tag","embeddable":true,"href":"https:\/\/veritasinfo.org\/index.php?rest_route=%2Fwp%2Fv2%2Ftags&post=38740"}],"curies":[{"name":"wp","href":"https:\/\/api.w.org\/{rel}","templated":true}]}}