{"id":38693,"date":"2026-03-19T15:13:18","date_gmt":"2026-03-19T14:13:18","guid":{"rendered":"https:\/\/veritasinfo.org\/?p=38693"},"modified":"2026-03-19T15:13:18","modified_gmt":"2026-03-19T14:13:18","slug":"fatalna-nesreca-u-prizrenu-poginuo-29-godisnjak-arbres","status":"publish","type":"post","link":"https:\/\/veritasinfo.org\/?p=38693&lang=sr","title":{"rendered":"Fatalna nesrec\u0301a u Prizrenu, poginuo 29-godi\u0161njak &#8211; Arbre\u0161"},"content":{"rendered":"<p>Pri\u0161tina, 19. mart 2026. 15:11<\/p>\n<p>Dvadesetdevetogodi\u0161nji mu\u0161karac, sa inicijalima E.A., izgubio je danas \u017eivot u nesrec\u0301i koja se dogodila u Prizrenu, ta\u010dnije na putu \u201eStari tranzit\u201c.<\/p>\n<p>Slu\u010daj je potvrdio portparol policije za region ovog grada, \u0160ac\u0301ir Bitic\u0301i.<\/p>\n<p>Bitic\u0301i je izjavio da su u nesrec\u0301i u\u010destvovali motocikl, automobil i kamion.<\/p>\n<p>\u201eDanas, 19.03.2026. godine, oko 12:10 \u010dasova, na putu \u201eStari tranzit\u201c u Prizrenu, prijavljena je saobrac\u0301ajna nezgoda izme\u0111u motocikla, kamiona i automobila. Prema prvim informacijama, sumnja se da je voza\u010d motocikla, ne prilago\u0111avajuc\u0301i brzinu uslovima na putu, prvobitno blago udario u automobil, a zatim se otpozadi zakucao u kamion. Usled nezgode, \u017eivot je izgubio motociklista E.A., star oko 29 godina. Smrt nastradalog potvrdile su medicinske ekipe na licu mesta. Policija je odmah iza\u0161la na lice mesta, gde je preduzela sve neophodne radnje, uklju\u010dujuc\u0301i obezbe\u0111enje i uvi\u0111aj mesta doga\u0111aja. Na lice mesta iza\u0161ao je i dr\u017eavni tu\u017eilac. Po nalogu tu\u017eioca, telo nastradalog je poslato na pregled u Institut za sudsku medicinu u Pri\u0161tini\u201c, naveo je on.<\/p>\n","protected":false},"excerpt":{"rendered":"<p>Pri\u0161tina, 19. mart 2026. 15:11 Dvadesetdevetogodi\u0161nji mu\u0161karac, sa inicijalima E.A., izgubio je danas \u017eivot u nesrec\u0301i koja se dogodila u Prizrenu, ta\u010dnije na putu \u201eStari<\/p>\n","protected":false},"author":6,"featured_media":38695,"comment_status":"open","ping_status":"open","sticky":false,"template":"","format":"standard","meta":{"footnotes":""},"categories":[103],"tags":[],"class_list":["post-38693","post","type-post","status-publish","format-standard","has-post-thumbnail","hentry","category-hronika"],"yoast_head":"<!-- This site is optimized with the Yoast SEO plugin v25.3.1 - https:\/\/yoast.com\/wordpress\/plugins\/seo\/ -->\n<title>Fatalna nesrec\u0301a u Prizrenu, poginuo 29-godi\u0161njak - Arbre\u0161 -<\/title>\n<meta name=\"robots\" content=\"index, follow, max-snippet:-1, max-image-preview:large, max-video-preview:-1\" \/>\n<link rel=\"canonical\" href=\"https:\/\/veritasinfo.org\/?p=38693&lang=sr\" \/>\n<meta property=\"og:locale\" content=\"en_US\" \/>\n<meta property=\"og:type\" content=\"article\" \/>\n<meta property=\"og:title\" content=\"Fatalna nesrec\u0301a u Prizrenu, poginuo 29-godi\u0161njak - Arbre\u0161 -\" \/>\n<meta property=\"og:description\" content=\"Pri\u0161tina, 19. mart 2026. 15:11 Dvadesetdevetogodi\u0161nji mu\u0161karac, sa inicijalima E.A., izgubio je danas \u017eivot u nesrec\u0301i koja se dogodila u Prizrenu, ta\u010dnije na putu \u201eStari\" \/>\n<meta property=\"og:url\" content=\"https:\/\/veritasinfo.org\/?p=38693&amp;lang=sr\" \/>\n<meta property=\"article:published_time\" content=\"2026-03-19T14:13:18+00:00\" \/>\n<meta property=\"og:image\" content=\"https:\/\/veritasinfo.org\/wp-content\/uploads\/2026\/03\/608933657_1198701715713390_421304001730556885_n-1.jpg\" \/>\n\t<meta property=\"og:image:width\" content=\"1400\" \/>\n\t<meta property=\"og:image:height\" content=\"788\" \/>\n\t<meta property=\"og:image:type\" content=\"image\/jpeg\" \/>\n<meta name=\"author\" content=\"US5\" \/>\n<meta name=\"twitter:card\" content=\"summary_large_image\" \/>\n<meta name=\"twitter:label1\" content=\"Written by\" \/>\n\t<meta name=\"twitter:data1\" content=\"US5\" \/>\n\t<meta name=\"twitter:label2\" content=\"Est. reading time\" \/>\n\t<meta name=\"twitter:data2\" content=\"1 minute\" \/>\n<script type=\"application\/ld+json\" class=\"yoast-schema-graph\">{\"@context\":\"https:\/\/schema.org\",\"@graph\":[{\"@type\":\"WebPage\",\"@id\":\"https:\/\/veritasinfo.org\/?p=38693&lang=sr\",\"url\":\"https:\/\/veritasinfo.org\/?p=38693&lang=sr\",\"name\":\"Fatalna nesrec\u0301a u Prizrenu, poginuo 29-godi\u0161njak - Arbre\u0161 -\",\"isPartOf\":{\"@id\":\"https:\/\/veritasinfo.org\/#website\"},\"primaryImageOfPage\":{\"@id\":\"https:\/\/veritasinfo.org\/?p=38693&lang=sr#primaryimage\"},\"image\":{\"@id\":\"https:\/\/veritasinfo.org\/?p=38693&lang=sr#primaryimage\"},\"thumbnailUrl\":\"https:\/\/veritasinfo.org\/wp-content\/uploads\/2026\/03\/608933657_1198701715713390_421304001730556885_n-1.jpg\",\"datePublished\":\"2026-03-19T14:13:18+00:00\",\"author\":{\"@id\":\"https:\/\/veritasinfo.org\/#\/schema\/person\/bc442336e35414d04494ab8fb45db4c6\"},\"breadcrumb\":{\"@id\":\"https:\/\/veritasinfo.org\/?p=38693&lang=sr#breadcrumb\"},\"inLanguage\":\"en-US\",\"potentialAction\":[{\"@type\":\"ReadAction\",\"target\":[\"https:\/\/veritasinfo.org\/?p=38693&lang=sr\"]}]},{\"@type\":\"ImageObject\",\"inLanguage\":\"en-US\",\"@id\":\"https:\/\/veritasinfo.org\/?p=38693&lang=sr#primaryimage\",\"url\":\"https:\/\/veritasinfo.org\/wp-content\/uploads\/2026\/03\/608933657_1198701715713390_421304001730556885_n-1.jpg\",\"contentUrl\":\"https:\/\/veritasinfo.org\/wp-content\/uploads\/2026\/03\/608933657_1198701715713390_421304001730556885_n-1.jpg\",\"width\":1400,\"height\":788},{\"@type\":\"BreadcrumbList\",\"@id\":\"https:\/\/veritasinfo.org\/?p=38693&lang=sr#breadcrumb\",\"itemListElement\":[{\"@type\":\"ListItem\",\"position\":1,\"name\":\"Home\",\"item\":\"https:\/\/veritasinfo.org\/\"},{\"@type\":\"ListItem\",\"position\":2,\"name\":\"Fatalna nesrec\u0301a u Prizrenu, poginuo 29-godi\u0161njak &#8211; Arbre\u0161\"}]},{\"@type\":\"WebSite\",\"@id\":\"https:\/\/veritasinfo.org\/#website\",\"url\":\"https:\/\/veritasinfo.org\/\",\"name\":\"\",\"description\":\"\",\"potentialAction\":[{\"@type\":\"SearchAction\",\"target\":{\"@type\":\"EntryPoint\",\"urlTemplate\":\"https:\/\/veritasinfo.org\/?s={search_term_string}\"},\"query-input\":{\"@type\":\"PropertyValueSpecification\",\"valueRequired\":true,\"valueName\":\"search_term_string\"}}],\"inLanguage\":\"en-US\"},{\"@type\":\"Person\",\"@id\":\"https:\/\/veritasinfo.org\/#\/schema\/person\/bc442336e35414d04494ab8fb45db4c6\",\"name\":\"US5\",\"image\":{\"@type\":\"ImageObject\",\"inLanguage\":\"en-US\",\"@id\":\"https:\/\/veritasinfo.org\/#\/schema\/person\/image\/\",\"url\":\"https:\/\/secure.gravatar.com\/avatar\/16a61e7272a0c5d001121ebb9e60e925d5816e4ac1e443ed3e640d9a6ae55d0c?s=96&d=mm&r=g\",\"contentUrl\":\"https:\/\/secure.gravatar.com\/avatar\/16a61e7272a0c5d001121ebb9e60e925d5816e4ac1e443ed3e640d9a6ae55d0c?s=96&d=mm&r=g\",\"caption\":\"US5\"},\"url\":\"https:\/\/veritasinfo.org\/?author=6\"}]}<\/script>\n<!-- \/ Yoast SEO plugin. -->","yoast_head_json":{"title":"Fatalna nesrec\u0301a u Prizrenu, poginuo 29-godi\u0161njak - Arbre\u0161 -","robots":{"index":"index","follow":"follow","max-snippet":"max-snippet:-1","max-image-preview":"max-image-preview:large","max-video-preview":"max-video-preview:-1"},"canonical":"https:\/\/veritasinfo.org\/?p=38693&lang=sr","og_locale":"en_US","og_type":"article","og_title":"Fatalna nesrec\u0301a u Prizrenu, poginuo 29-godi\u0161njak - Arbre\u0161 -","og_description":"Pri\u0161tina, 19. mart 2026. 15:11 Dvadesetdevetogodi\u0161nji mu\u0161karac, sa inicijalima E.A., izgubio je danas \u017eivot u nesrec\u0301i koja se dogodila u Prizrenu, ta\u010dnije na putu \u201eStari","og_url":"https:\/\/veritasinfo.org\/?p=38693&lang=sr","article_published_time":"2026-03-19T14:13:18+00:00","og_image":[{"width":1400,"height":788,"url":"https:\/\/veritasinfo.org\/wp-content\/uploads\/2026\/03\/608933657_1198701715713390_421304001730556885_n-1.jpg","type":"image\/jpeg"}],"author":"US5","twitter_card":"summary_large_image","twitter_misc":{"Written by":"US5","Est. reading time":"1 minute"},"schema":{"@context":"https:\/\/schema.org","@graph":[{"@type":"WebPage","@id":"https:\/\/veritasinfo.org\/?p=38693&lang=sr","url":"https:\/\/veritasinfo.org\/?p=38693&lang=sr","name":"Fatalna nesrec\u0301a u Prizrenu, poginuo 29-godi\u0161njak - Arbre\u0161 -","isPartOf":{"@id":"https:\/\/veritasinfo.org\/#website"},"primaryImageOfPage":{"@id":"https:\/\/veritasinfo.org\/?p=38693&lang=sr#primaryimage"},"image":{"@id":"https:\/\/veritasinfo.org\/?p=38693&lang=sr#primaryimage"},"thumbnailUrl":"https:\/\/veritasinfo.org\/wp-content\/uploads\/2026\/03\/608933657_1198701715713390_421304001730556885_n-1.jpg","datePublished":"2026-03-19T14:13:18+00:00","author":{"@id":"https:\/\/veritasinfo.org\/#\/schema\/person\/bc442336e35414d04494ab8fb45db4c6"},"breadcrumb":{"@id":"https:\/\/veritasinfo.org\/?p=38693&lang=sr#breadcrumb"},"inLanguage":"en-US","potentialAction":[{"@type":"ReadAction","target":["https:\/\/veritasinfo.org\/?p=38693&lang=sr"]}]},{"@type":"ImageObject","inLanguage":"en-US","@id":"https:\/\/veritasinfo.org\/?p=38693&lang=sr#primaryimage","url":"https:\/\/veritasinfo.org\/wp-content\/uploads\/2026\/03\/608933657_1198701715713390_421304001730556885_n-1.jpg","contentUrl":"https:\/\/veritasinfo.org\/wp-content\/uploads\/2026\/03\/608933657_1198701715713390_421304001730556885_n-1.jpg","width":1400,"height":788},{"@type":"BreadcrumbList","@id":"https:\/\/veritasinfo.org\/?p=38693&lang=sr#breadcrumb","itemListElement":[{"@type":"ListItem","position":1,"name":"Home","item":"https:\/\/veritasinfo.org\/"},{"@type":"ListItem","position":2,"name":"Fatalna nesrec\u0301a u Prizrenu, poginuo 29-godi\u0161njak &#8211; Arbre\u0161"}]},{"@type":"WebSite","@id":"https:\/\/veritasinfo.org\/#website","url":"https:\/\/veritasinfo.org\/","name":"","description":"","potentialAction":[{"@type":"SearchAction","target":{"@type":"EntryPoint","urlTemplate":"https:\/\/veritasinfo.org\/?s={search_term_string}"},"query-input":{"@type":"PropertyValueSpecification","valueRequired":true,"valueName":"search_term_string"}}],"inLanguage":"en-US"},{"@type":"Person","@id":"https:\/\/veritasinfo.org\/#\/schema\/person\/bc442336e35414d04494ab8fb45db4c6","name":"US5","image":{"@type":"ImageObject","inLanguage":"en-US","@id":"https:\/\/veritasinfo.org\/#\/schema\/person\/image\/","url":"https:\/\/secure.gravatar.com\/avatar\/16a61e7272a0c5d001121ebb9e60e925d5816e4ac1e443ed3e640d9a6ae55d0c?s=96&d=mm&r=g","contentUrl":"https:\/\/secure.gravatar.com\/avatar\/16a61e7272a0c5d001121ebb9e60e925d5816e4ac1e443ed3e640d9a6ae55d0c?s=96&d=mm&r=g","caption":"US5"},"url":"https:\/\/veritasinfo.org\/?author=6"}]}},"featured_image_urls":{"full":["https:\/\/veritasinfo.org\/wp-content\/uploads\/2026\/03\/608933657_1198701715713390_421304001730556885_n-1.jpg",1400,788,false],"thumbnail":["https:\/\/veritasinfo.org\/wp-content\/uploads\/2026\/03\/608933657_1198701715713390_421304001730556885_n-1-150x150.jpg",150,150,true],"medium":["https:\/\/veritasinfo.org\/wp-content\/uploads\/2026\/03\/608933657_1198701715713390_421304001730556885_n-1-300x169.jpg",300,169,true],"medium_large":["https:\/\/veritasinfo.org\/wp-content\/uploads\/2026\/03\/608933657_1198701715713390_421304001730556885_n-1-768x432.jpg",640,360,true],"large":["https:\/\/veritasinfo.org\/wp-content\/uploads\/2026\/03\/608933657_1198701715713390_421304001730556885_n-1-1024x576.jpg",640,360,true],"1536x1536":["https:\/\/veritasinfo.org\/wp-content\/uploads\/2026\/03\/608933657_1198701715713390_421304001730556885_n-1.jpg",1400,788,false],"2048x2048":["https:\/\/veritasinfo.org\/wp-content\/uploads\/2026\/03\/608933657_1198701715713390_421304001730556885_n-1.jpg",1400,788,false],"kreeti-slider-full":["https:\/\/veritasinfo.org\/wp-content\/uploads\/2026\/03\/608933657_1198701715713390_421304001730556885_n-1.jpg",1280,720,false],"kreeti-featured":["https:\/\/veritasinfo.org\/wp-content\/uploads\/2026\/03\/608933657_1198701715713390_421304001730556885_n-1.jpg",1024,576,false],"kreeti-medium":["https:\/\/veritasinfo.org\/wp-content\/uploads\/2026\/03\/608933657_1198701715713390_421304001730556885_n-1.jpg",720,405,false],"kreeti-medium-square":["https:\/\/veritasinfo.org\/wp-content\/uploads\/2026\/03\/608933657_1198701715713390_421304001730556885_n-1.jpg",350,197,false]},"author_info":{"info":["US5"]},"category_info":"<a href=\"https:\/\/veritasinfo.org\/?cat=103&#038;lang=sr\" rel=\"category\">Hronika<\/a>","tag_info":"Hronika","comment_count":"0","_links":{"self":[{"href":"https:\/\/veritasinfo.org\/index.php?rest_route=\/wp\/v2\/posts\/38693","targetHints":{"allow":["GET"]}}],"collection":[{"href":"https:\/\/veritasinfo.org\/index.php?rest_route=\/wp\/v2\/posts"}],"about":[{"href":"https:\/\/veritasinfo.org\/index.php?rest_route=\/wp\/v2\/types\/post"}],"author":[{"embeddable":true,"href":"https:\/\/veritasinfo.org\/index.php?rest_route=\/wp\/v2\/users\/6"}],"replies":[{"embeddable":true,"href":"https:\/\/veritasinfo.org\/index.php?rest_route=%2Fwp%2Fv2%2Fcomments&post=38693"}],"version-history":[{"count":1,"href":"https:\/\/veritasinfo.org\/index.php?rest_route=\/wp\/v2\/posts\/38693\/revisions"}],"predecessor-version":[{"id":38696,"href":"https:\/\/veritasinfo.org\/index.php?rest_route=\/wp\/v2\/posts\/38693\/revisions\/38696"}],"wp:featuredmedia":[{"embeddable":true,"href":"https:\/\/veritasinfo.org\/index.php?rest_route=\/wp\/v2\/media\/38695"}],"wp:attachment":[{"href":"https:\/\/veritasinfo.org\/index.php?rest_route=%2Fwp%2Fv2%2Fmedia&parent=38693"}],"wp:term":[{"taxonomy":"category","embeddable":true,"href":"https:\/\/veritasinfo.org\/index.php?rest_route=%2Fwp%2Fv2%2Fcategories&post=38693"},{"taxonomy":"post_tag","embeddable":true,"href":"https:\/\/veritasinfo.org\/index.php?rest_route=%2Fwp%2Fv2%2Ftags&post=38693"}],"curies":[{"name":"wp","href":"https:\/\/api.w.org\/{rel}","templated":true}]}}