{"id":38616,"date":"2026-03-19T11:16:27","date_gmt":"2026-03-19T10:16:27","guid":{"rendered":"https:\/\/veritasinfo.org\/?p=38616"},"modified":"2026-03-19T11:16:27","modified_gmt":"2026-03-19T10:16:27","slug":"kurti-o-vezbama-srpske-vojske-blizu-granice-zele-da-naruse-teritorijalni-integritet","status":"publish","type":"post","link":"https:\/\/veritasinfo.org\/?p=38616&lang=sr","title":{"rendered":"Kurti o ve\u017ebama srpske vojske blizu granice: \u017dele da naru\u0161e teritorijalni integritet"},"content":{"rendered":"<p>Pri\u0161tina, 19. mart 2026. 11:14<\/p>\n<p>Premijer Kosova, Aljbin Kurti, komentarisao je ve\u017ebe srpske vojske u blizini granice sa Kosovom, opisujuc\u0301i ih kao provokaciju i poku\u0161aj naru\u0161avanja teritorijalnog integriteta i suvereniteta zemlje.<\/p>\n<p>Izjavio je da su bezbednosne institucije spremne i da je kosovska granica za\u0161tic\u0301ena u saradnji sa me\u0111unarodnim partnerima.<\/p>\n<p>Podr\u017eite KOH\u0116N. Za\u0161titite istinu.<\/p>\n<p>Profesionalno novinarstvo je u javnom interesu. Va\u0161a podr\u0161ka mu poma\u017ee da ostane nezavisno i kredibilno. Doprinesite i vi. 1 evro \u010dini razliku.<\/p>\n<p>\u201eOvo je provokacija od strane Srbije, koja naravno \u017eeli da naru\u0161i teritorijalni integritet i dr\u017eavni suverenitet na\u0161e Republike. Govorimo o jedinicama koje su obu\u010davale glavnog kriminalca i glavnog teroristu Milana Radoi\u010dic\u0301a, na poligonima za ubistvo kosovskog policajca, heroja Afrima Bunjakua. Ali istovremeno, to pokazuje i njihovu nemoc\u0301. Jer na Kosovu vi\u0161e nema ilegalnih struktura koje mogu da naru\u0161e institucionalnu stabilnost, teritorijalni integritet, dr\u017eavni suverenitet, mir i bezbednost za sve. I zbog te njihove nemoc\u0301i da ne\u0161to urade unutar Kosova, sada su obi\u0161li granicu i poku\u0161avaju da demonstriraju svoju snagu\u201c, rekao je on u izjavi medijima nakon otvaranja deonice puta Vu\u010ditrn-Pri\u0161tina.<\/p>\n<p>Kurti je objavio da se obratio me\u0111unarodnim faktorima povodom ovog pitanja i najavio obrac\u0301anje i na sednici Vlade.<\/p>\n<p>\u201eTo je provokacija, pisali smo me\u0111unarodnim faktorima o tome. Tako\u0111e c\u0301emo se time pozabaviti na sastanku vlade Republike Kosovo, koji se odr\u017eava danas. Ali na\u0161e snage su spremne, na\u0161a granica je za\u0161tic\u0301ena, i to radimo sa Kosovskim bezbednosnim snagama, Kosovskom policijom, Kosovskom obave\u0161tajnom agencijom i na\u0161im me\u0111unarodnim partnerima, posebno KFOR-om. Dakle, s jedne strane je istina da oni demonstriraju destruktivnost i agresivnost, ali s druge strane, ovo je tako\u0111e izraz njihovog straha i bespomoc\u0301nosti da je Republika Kosovo ja\u010da nego ikad, naprednija nego ikad, i da nas ne mogu zaustaviti bez obzira na to kakve planove imaju ili kakve \u017eelje jo\u0161 nisu re\u0161ili\u201c, rekao je Kurti, pi\u0161e EO.<\/p>\n<p>Gradona\u010delnik op\u0161tine Gnjilane, Alban Hiseni, u sredu je rekao da su vojne ve\u017ebe odr\u017eane blizu granice sa Republikom Kosovo, kod Gnjilana, zabrinjavajuc\u0301e i provokativne za gra\u0111ane.<\/p>\n<p>Dodao je da prisustvo vojnih snaga, aviona i takvih aktivnosti u naseljenim podru\u010djima stvara osec\u0301aj nesigurnosti i nepotrebne napetosti, direktno uti\u010duc\u0301i na svakodnevni \u017eivot gra\u0111ana.<\/p>\n<p>U me\u0111uvremenu, u sredu je predsednik Albanskog nacionalnog saveta u Pre\u0161evskoj dolini, Enkel Red\u017eepi, nazvao neprihvatljivim vojne ve\u017ebe Srbije na teritoriji op\u0161tine Bujanovac, blizu granice sa Republikom Kosovo, navodec\u0301i da one predstavljaju provokaciju protiv albanskog stanovni\u0161tva.<\/p>\n","protected":false},"excerpt":{"rendered":"<p>Pri\u0161tina, 19. mart 2026. 11:14 Premijer Kosova, Aljbin Kurti, komentarisao je ve\u017ebe srpske vojske u blizini granice sa Kosovom, opisujuc\u0301i ih kao provokaciju i poku\u0161aj<\/p>\n","protected":false},"author":6,"featured_media":38617,"comment_status":"open","ping_status":"open","sticky":false,"template":"","format":"standard","meta":{"footnotes":""},"categories":[28],"tags":[],"class_list":["post-38616","post","type-post","status-publish","format-standard","has-post-thumbnail","hentry","category-politika"],"yoast_head":"<!-- This site is optimized with the Yoast SEO plugin v25.3.1 - https:\/\/yoast.com\/wordpress\/plugins\/seo\/ -->\n<title>Kurti o ve\u017ebama srpske vojske blizu granice: \u017dele da naru\u0161e teritorijalni integritet -<\/title>\n<meta name=\"robots\" content=\"index, follow, max-snippet:-1, max-image-preview:large, max-video-preview:-1\" \/>\n<link rel=\"canonical\" href=\"https:\/\/veritasinfo.org\/?p=38616&lang=sr\" \/>\n<meta property=\"og:locale\" content=\"en_US\" \/>\n<meta property=\"og:type\" content=\"article\" \/>\n<meta property=\"og:title\" content=\"Kurti o ve\u017ebama srpske vojske blizu granice: \u017dele da naru\u0161e teritorijalni integritet -\" \/>\n<meta property=\"og:description\" content=\"Pri\u0161tina, 19. mart 2026. 11:14 Premijer Kosova, Aljbin Kurti, komentarisao je ve\u017ebe srpske vojske u blizini granice sa Kosovom, opisujuc\u0301i ih kao provokaciju i poku\u0161aj\" \/>\n<meta property=\"og:url\" content=\"https:\/\/veritasinfo.org\/?p=38616&amp;lang=sr\" \/>\n<meta property=\"article:published_time\" content=\"2026-03-19T10:16:27+00:00\" \/>\n<meta property=\"og:image\" content=\"https:\/\/veritasinfo.org\/wp-content\/uploads\/2026\/03\/8baef4e0-8637-4f51-8e2f-e27f11084064-1.webp\" \/>\n\t<meta property=\"og:image:width\" content=\"850\" \/>\n\t<meta property=\"og:image:height\" content=\"638\" \/>\n\t<meta property=\"og:image:type\" content=\"image\/webp\" \/>\n<meta name=\"author\" content=\"US5\" \/>\n<meta name=\"twitter:card\" content=\"summary_large_image\" \/>\n<meta name=\"twitter:label1\" content=\"Written by\" \/>\n\t<meta name=\"twitter:data1\" content=\"US5\" \/>\n<script type=\"application\/ld+json\" class=\"yoast-schema-graph\">{\"@context\":\"https:\/\/schema.org\",\"@graph\":[{\"@type\":\"WebPage\",\"@id\":\"https:\/\/veritasinfo.org\/?p=38616&lang=sr\",\"url\":\"https:\/\/veritasinfo.org\/?p=38616&lang=sr\",\"name\":\"Kurti o ve\u017ebama srpske vojske blizu granice: \u017dele da naru\u0161e teritorijalni integritet -\",\"isPartOf\":{\"@id\":\"https:\/\/veritasinfo.org\/#website\"},\"primaryImageOfPage\":{\"@id\":\"https:\/\/veritasinfo.org\/?p=38616&lang=sr#primaryimage\"},\"image\":{\"@id\":\"https:\/\/veritasinfo.org\/?p=38616&lang=sr#primaryimage\"},\"thumbnailUrl\":\"https:\/\/veritasinfo.org\/wp-content\/uploads\/2026\/03\/8baef4e0-8637-4f51-8e2f-e27f11084064-1.webp\",\"datePublished\":\"2026-03-19T10:16:27+00:00\",\"author\":{\"@id\":\"https:\/\/veritasinfo.org\/#\/schema\/person\/bc442336e35414d04494ab8fb45db4c6\"},\"breadcrumb\":{\"@id\":\"https:\/\/veritasinfo.org\/?p=38616&lang=sr#breadcrumb\"},\"inLanguage\":\"en-US\",\"potentialAction\":[{\"@type\":\"ReadAction\",\"target\":[\"https:\/\/veritasinfo.org\/?p=38616&lang=sr\"]}]},{\"@type\":\"ImageObject\",\"inLanguage\":\"en-US\",\"@id\":\"https:\/\/veritasinfo.org\/?p=38616&lang=sr#primaryimage\",\"url\":\"https:\/\/veritasinfo.org\/wp-content\/uploads\/2026\/03\/8baef4e0-8637-4f51-8e2f-e27f11084064-1.webp\",\"contentUrl\":\"https:\/\/veritasinfo.org\/wp-content\/uploads\/2026\/03\/8baef4e0-8637-4f51-8e2f-e27f11084064-1.webp\",\"width\":850,\"height\":638},{\"@type\":\"BreadcrumbList\",\"@id\":\"https:\/\/veritasinfo.org\/?p=38616&lang=sr#breadcrumb\",\"itemListElement\":[{\"@type\":\"ListItem\",\"position\":1,\"name\":\"Home\",\"item\":\"https:\/\/veritasinfo.org\/\"},{\"@type\":\"ListItem\",\"position\":2,\"name\":\"Kurti o ve\u017ebama srpske vojske blizu granice: \u017dele da naru\u0161e teritorijalni integritet\"}]},{\"@type\":\"WebSite\",\"@id\":\"https:\/\/veritasinfo.org\/#website\",\"url\":\"https:\/\/veritasinfo.org\/\",\"name\":\"\",\"description\":\"\",\"potentialAction\":[{\"@type\":\"SearchAction\",\"target\":{\"@type\":\"EntryPoint\",\"urlTemplate\":\"https:\/\/veritasinfo.org\/?s={search_term_string}\"},\"query-input\":{\"@type\":\"PropertyValueSpecification\",\"valueRequired\":true,\"valueName\":\"search_term_string\"}}],\"inLanguage\":\"en-US\"},{\"@type\":\"Person\",\"@id\":\"https:\/\/veritasinfo.org\/#\/schema\/person\/bc442336e35414d04494ab8fb45db4c6\",\"name\":\"US5\",\"image\":{\"@type\":\"ImageObject\",\"inLanguage\":\"en-US\",\"@id\":\"https:\/\/veritasinfo.org\/#\/schema\/person\/image\/\",\"url\":\"https:\/\/secure.gravatar.com\/avatar\/16a61e7272a0c5d001121ebb9e60e925d5816e4ac1e443ed3e640d9a6ae55d0c?s=96&d=mm&r=g\",\"contentUrl\":\"https:\/\/secure.gravatar.com\/avatar\/16a61e7272a0c5d001121ebb9e60e925d5816e4ac1e443ed3e640d9a6ae55d0c?s=96&d=mm&r=g\",\"caption\":\"US5\"},\"url\":\"https:\/\/veritasinfo.org\/?author=6\"}]}<\/script>\n<!-- \/ Yoast SEO plugin. -->","yoast_head_json":{"title":"Kurti o ve\u017ebama srpske vojske blizu granice: \u017dele da naru\u0161e teritorijalni integritet -","robots":{"index":"index","follow":"follow","max-snippet":"max-snippet:-1","max-image-preview":"max-image-preview:large","max-video-preview":"max-video-preview:-1"},"canonical":"https:\/\/veritasinfo.org\/?p=38616&lang=sr","og_locale":"en_US","og_type":"article","og_title":"Kurti o ve\u017ebama srpske vojske blizu granice: \u017dele da naru\u0161e teritorijalni integritet -","og_description":"Pri\u0161tina, 19. mart 2026. 11:14 Premijer Kosova, Aljbin Kurti, komentarisao je ve\u017ebe srpske vojske u blizini granice sa Kosovom, opisujuc\u0301i ih kao provokaciju i poku\u0161aj","og_url":"https:\/\/veritasinfo.org\/?p=38616&lang=sr","article_published_time":"2026-03-19T10:16:27+00:00","og_image":[{"width":850,"height":638,"url":"https:\/\/veritasinfo.org\/wp-content\/uploads\/2026\/03\/8baef4e0-8637-4f51-8e2f-e27f11084064-1.webp","type":"image\/webp"}],"author":"US5","twitter_card":"summary_large_image","twitter_misc":{"Written by":"US5"},"schema":{"@context":"https:\/\/schema.org","@graph":[{"@type":"WebPage","@id":"https:\/\/veritasinfo.org\/?p=38616&lang=sr","url":"https:\/\/veritasinfo.org\/?p=38616&lang=sr","name":"Kurti o ve\u017ebama srpske vojske blizu granice: \u017dele da naru\u0161e teritorijalni integritet -","isPartOf":{"@id":"https:\/\/veritasinfo.org\/#website"},"primaryImageOfPage":{"@id":"https:\/\/veritasinfo.org\/?p=38616&lang=sr#primaryimage"},"image":{"@id":"https:\/\/veritasinfo.org\/?p=38616&lang=sr#primaryimage"},"thumbnailUrl":"https:\/\/veritasinfo.org\/wp-content\/uploads\/2026\/03\/8baef4e0-8637-4f51-8e2f-e27f11084064-1.webp","datePublished":"2026-03-19T10:16:27+00:00","author":{"@id":"https:\/\/veritasinfo.org\/#\/schema\/person\/bc442336e35414d04494ab8fb45db4c6"},"breadcrumb":{"@id":"https:\/\/veritasinfo.org\/?p=38616&lang=sr#breadcrumb"},"inLanguage":"en-US","potentialAction":[{"@type":"ReadAction","target":["https:\/\/veritasinfo.org\/?p=38616&lang=sr"]}]},{"@type":"ImageObject","inLanguage":"en-US","@id":"https:\/\/veritasinfo.org\/?p=38616&lang=sr#primaryimage","url":"https:\/\/veritasinfo.org\/wp-content\/uploads\/2026\/03\/8baef4e0-8637-4f51-8e2f-e27f11084064-1.webp","contentUrl":"https:\/\/veritasinfo.org\/wp-content\/uploads\/2026\/03\/8baef4e0-8637-4f51-8e2f-e27f11084064-1.webp","width":850,"height":638},{"@type":"BreadcrumbList","@id":"https:\/\/veritasinfo.org\/?p=38616&lang=sr#breadcrumb","itemListElement":[{"@type":"ListItem","position":1,"name":"Home","item":"https:\/\/veritasinfo.org\/"},{"@type":"ListItem","position":2,"name":"Kurti o ve\u017ebama srpske vojske blizu granice: \u017dele da naru\u0161e teritorijalni integritet"}]},{"@type":"WebSite","@id":"https:\/\/veritasinfo.org\/#website","url":"https:\/\/veritasinfo.org\/","name":"","description":"","potentialAction":[{"@type":"SearchAction","target":{"@type":"EntryPoint","urlTemplate":"https:\/\/veritasinfo.org\/?s={search_term_string}"},"query-input":{"@type":"PropertyValueSpecification","valueRequired":true,"valueName":"search_term_string"}}],"inLanguage":"en-US"},{"@type":"Person","@id":"https:\/\/veritasinfo.org\/#\/schema\/person\/bc442336e35414d04494ab8fb45db4c6","name":"US5","image":{"@type":"ImageObject","inLanguage":"en-US","@id":"https:\/\/veritasinfo.org\/#\/schema\/person\/image\/","url":"https:\/\/secure.gravatar.com\/avatar\/16a61e7272a0c5d001121ebb9e60e925d5816e4ac1e443ed3e640d9a6ae55d0c?s=96&d=mm&r=g","contentUrl":"https:\/\/secure.gravatar.com\/avatar\/16a61e7272a0c5d001121ebb9e60e925d5816e4ac1e443ed3e640d9a6ae55d0c?s=96&d=mm&r=g","caption":"US5"},"url":"https:\/\/veritasinfo.org\/?author=6"}]}},"featured_image_urls":{"full":["https:\/\/veritasinfo.org\/wp-content\/uploads\/2026\/03\/8baef4e0-8637-4f51-8e2f-e27f11084064-1.webp",850,638,false],"thumbnail":["https:\/\/veritasinfo.org\/wp-content\/uploads\/2026\/03\/8baef4e0-8637-4f51-8e2f-e27f11084064-1-150x150.webp",150,150,true],"medium":["https:\/\/veritasinfo.org\/wp-content\/uploads\/2026\/03\/8baef4e0-8637-4f51-8e2f-e27f11084064-1-300x225.webp",300,225,true],"medium_large":["https:\/\/veritasinfo.org\/wp-content\/uploads\/2026\/03\/8baef4e0-8637-4f51-8e2f-e27f11084064-1-768x576.webp",640,480,true],"large":["https:\/\/veritasinfo.org\/wp-content\/uploads\/2026\/03\/8baef4e0-8637-4f51-8e2f-e27f11084064-1.webp",640,480,false],"1536x1536":["https:\/\/veritasinfo.org\/wp-content\/uploads\/2026\/03\/8baef4e0-8637-4f51-8e2f-e27f11084064-1.webp",850,638,false],"2048x2048":["https:\/\/veritasinfo.org\/wp-content\/uploads\/2026\/03\/8baef4e0-8637-4f51-8e2f-e27f11084064-1.webp",850,638,false],"kreeti-slider-full":["https:\/\/veritasinfo.org\/wp-content\/uploads\/2026\/03\/8baef4e0-8637-4f51-8e2f-e27f11084064-1.webp",850,638,false],"kreeti-featured":["https:\/\/veritasinfo.org\/wp-content\/uploads\/2026\/03\/8baef4e0-8637-4f51-8e2f-e27f11084064-1.webp",850,638,false],"kreeti-medium":["https:\/\/veritasinfo.org\/wp-content\/uploads\/2026\/03\/8baef4e0-8637-4f51-8e2f-e27f11084064-1.webp",706,530,false],"kreeti-medium-square":["https:\/\/veritasinfo.org\/wp-content\/uploads\/2026\/03\/8baef4e0-8637-4f51-8e2f-e27f11084064-1.webp",350,263,false]},"author_info":{"info":["US5"]},"category_info":"<a href=\"https:\/\/veritasinfo.org\/?cat=28&#038;lang=sr\" rel=\"category\">Politika<\/a>","tag_info":"Politika","comment_count":"0","_links":{"self":[{"href":"https:\/\/veritasinfo.org\/index.php?rest_route=\/wp\/v2\/posts\/38616","targetHints":{"allow":["GET"]}}],"collection":[{"href":"https:\/\/veritasinfo.org\/index.php?rest_route=\/wp\/v2\/posts"}],"about":[{"href":"https:\/\/veritasinfo.org\/index.php?rest_route=\/wp\/v2\/types\/post"}],"author":[{"embeddable":true,"href":"https:\/\/veritasinfo.org\/index.php?rest_route=\/wp\/v2\/users\/6"}],"replies":[{"embeddable":true,"href":"https:\/\/veritasinfo.org\/index.php?rest_route=%2Fwp%2Fv2%2Fcomments&post=38616"}],"version-history":[{"count":1,"href":"https:\/\/veritasinfo.org\/index.php?rest_route=\/wp\/v2\/posts\/38616\/revisions"}],"predecessor-version":[{"id":38618,"href":"https:\/\/veritasinfo.org\/index.php?rest_route=\/wp\/v2\/posts\/38616\/revisions\/38618"}],"wp:featuredmedia":[{"embeddable":true,"href":"https:\/\/veritasinfo.org\/index.php?rest_route=\/wp\/v2\/media\/38617"}],"wp:attachment":[{"href":"https:\/\/veritasinfo.org\/index.php?rest_route=%2Fwp%2Fv2%2Fmedia&parent=38616"}],"wp:term":[{"taxonomy":"category","embeddable":true,"href":"https:\/\/veritasinfo.org\/index.php?rest_route=%2Fwp%2Fv2%2Fcategories&post=38616"},{"taxonomy":"post_tag","embeddable":true,"href":"https:\/\/veritasinfo.org\/index.php?rest_route=%2Fwp%2Fv2%2Ftags&post=38616"}],"curies":[{"name":"wp","href":"https:\/\/api.w.org\/{rel}","templated":true}]}}