{"id":38612,"date":"2026-03-19T11:15:05","date_gmt":"2026-03-19T10:15:05","guid":{"rendered":"https:\/\/veritasinfo.org\/?p=38612"},"modified":"2026-03-19T11:15:05","modified_gmt":"2026-03-19T10:15:05","slug":"kurti-per-stervitjet-e-ushtrise-serbe-prane-kufirit-duan-ta-cenojne-integritetin-territorial","status":"publish","type":"post","link":"https:\/\/veritasinfo.org\/?p=38612","title":{"rendered":"Kurti p\u00ebr st\u00ebrvitjet e ushtris\u00eb serbe pran\u00eb kufirit: Duan ta cenojn\u00eb integritetin territorial"},"content":{"rendered":"<p>Prishtin\u00eb 19 Mars 2026 11:14<\/p>\n<p>Kryeministri i Kosov\u00ebs, Albin Kurti, ka komentuar st\u00ebrvitjet e ushtris\u00eb serbe pran\u00eb kufirit me Kosov\u00ebn, duke i cil\u00ebsuar ato si provokim dhe p\u00ebrpjekje p\u00ebr t\u00eb cenuar integritetin territorial dhe sovranitetin e vendit.<\/p>\n<p>Ai ka deklaruar se institucionet e siguris\u00eb jan\u00eb t\u00eb p\u00ebrgatitura dhe se kufiri i Kosov\u00ebs \u00ebsht\u00eb i mbrojtur n\u00eb bashk\u00ebpunim me partner\u00ebt nd\u00ebrkomb\u00ebtar\u00eb.<\/p>\n<p>Mb\u00ebshtete KOH\u00cbN. Ruaje t\u00eb v\u00ebrtet\u00ebn.<br \/>\nGazetaria profesionale \u00ebsht\u00eb interes publik. Mb\u00ebshtetja juaj ndihmon q\u00eb ajo t\u00eb mbetet e pavarur dhe e besueshme. Kontribuoni edhe ju. 1 euro e b\u00ebn dallimin.<\/p>\n<p>\u201cKy \u00ebsht\u00eb nj\u00eb provokim i Serbis\u00eb, i cili natyrisht q\u00eb d\u00ebshiron ta cenoj\u00eb integritetin territorial dhe sovranitetin shtet\u00ebror t\u00eb Republik\u00ebs son\u00eb. B\u00ebhet fjal\u00eb p\u00ebr nj\u00ebsi t\u00eb cilat e kan\u00eb trajnuar kryekriminelin dhe kryeterroristin Milan Radoi\u00e7iq, n\u00eb bazat e st\u00ebrvitjes p\u00ebr vrasjen e policit t\u00eb Kosov\u00ebs, heroit Afrim Bunjaku. Por n\u00eb t\u00eb nj\u00ebjt\u00ebn koh\u00eb tregon edhe pafuqin\u00eb e tyre. Sepse n\u00eb Kosov\u00eb m\u00eb nuk ka struktura ilegale t\u00eb cilat mund ta cenojn\u00eb stabilitetin institucional, integritetin territorial, sovranitetin shtet\u00ebror, paqen dhe sigurin\u00eb p\u00ebr t\u00eb gjith\u00eb. Dhe nga kjo pafuqi e tyre q\u00eb t\u00eb b\u00ebjn\u00eb di\u00e7ka brenda Kosov\u00ebs tash kan\u00eb shkuar aty rrotull kufirit edhe p\u00ebrpiqen q\u00eb t\u00eb demonstrojn\u00eb forc\u00ebn\u201d, tha ai n\u00eb nj\u00eb deklarat\u00eb p\u00ebr media pas p\u00ebrurimit t\u00eb segmentit t\u00eb rrug\u00ebs Vushtrri-Prishtin\u00eb.<\/p>\n<p>Kurti b\u00ebri t\u00eb ditur se lidhur me k\u00ebt\u00eb \u00e7\u00ebshtje u \u00ebsht\u00eb drejtuar faktor\u00ebve nd\u00ebrkomb\u00ebtar\u00eb dhe paralajm\u00ebroi adresim edhe n\u00eb mbledhjen e Qeveris\u00eb.<\/p>\n<p>\u201c\u00cbsht\u00eb provokim, ne p\u00ebr k\u00ebt\u00eb u kemi shkruar faktor\u00ebve nd\u00ebrkomb\u00ebtar\u00eb. Do ta kemi nj\u00eb adresim edhe n\u00eb mbledhjen e qeveris\u00eb s\u00eb Republik\u00ebs s\u00eb Kosov\u00ebs e cila mbahet sot. Por forcat tona jan\u00eb t\u00eb p\u00ebrgatitura, kufiri yn\u00eb \u00ebsht\u00eb i mbrojtur, dhe k\u00ebt\u00eb e b\u00ebjm\u00eb me forc\u00ebn e siguris\u00eb s\u00eb Kosov\u00ebs, me policin\u00eb e Kosov\u00ebs, me Agjencin\u00eb e Kosov\u00ebs p\u00ebr Inteligjenc\u00eb dhe me partner\u00ebt tan\u00eb nd\u00ebrkomb\u00ebtar\u00eb n\u00eb ve\u00e7anti me KFOR-in. Pra n\u00eb nj\u00ebr\u00ebn an\u00eb \u00ebsht\u00eb e v\u00ebrtet\u00eb q\u00eb demonstrojn\u00eb destruktivitet dhe agresivitet, por n\u00eb an\u00ebn tjet\u00ebr kjo \u00ebsht\u00eb edhe shprehje e frik\u00ebs edhe e pafuqis\u00eb s\u00eb tyre q\u00eb Republika e Kosov\u00ebs \u00ebsht\u00eb m\u00eb e fort\u00eb se kurr\u00eb, m\u00eb e p\u00ebrparuar se kurr\u00eb, dhe nuk mund t\u00eb na ndalin pavar\u00ebsisht se \u00e7far\u00eb planesh kan\u00eb apo \u00e7far\u00eb d\u00ebshirash nuk ju treten ende\u201d, tha Kurti, shkruan EO.<\/p>\n<p>Kryetari i Komun\u00ebs s\u00eb Gjilanit Alban Hyseni, gjat\u00eb s\u00eb m\u00ebrkur\u00ebs ka th\u00ebn\u00eb se st\u00ebrvitjet ushtarake t\u00eb zhvilluara pran\u00eb kufirit me Republik\u00ebn e Kosov\u00ebs, n\u00eb af\u00ebrsi t\u00eb Gjilanit, jan\u00eb shqet\u00ebsuese dhe provokuese p\u00ebr qytetar\u00ebt. <\/p>\n<p>Ka shtuar se prania e forcave ushtarake, mjeteve ajrore dhe aktiviteteve t\u00eb tilla n\u00eb zona t\u00eb banuara krijon ndjenj\u00eb pasigurie dhe tensioni t\u00eb panevojsh\u00ebm, duke ndikuar drejtp\u00ebrdrejt n\u00eb jet\u00ebn e p\u00ebrditshme t\u00eb qytetar\u00ebve.<\/p>\n<p>Nd\u00ebrkaq po t\u00eb m\u00ebrkur\u00ebn, kryetari i K\u00ebshillit Komb\u00ebtar Shqiptar n\u00eb Lugin\u00eb t\u00eb Preshev\u00ebs, Enkel Rexhepi, i ka quajtur t\u00eb papranueshme st\u00ebrvitjet ushtarake t\u00eb Serbis\u00eb n\u00eb territorin e Komun\u00ebs s\u00eb Bujanocit, pran\u00eb kufirit me Republik\u00ebn e Kosov\u00ebs, duke deklaruar se ato p\u00ebrb\u00ebjn\u00eb provokim ndaj popullat\u00ebs shqiptare.<\/p>\n","protected":false},"excerpt":{"rendered":"<p>Prishtin\u00eb 19 Mars 2026 11:14 Kryeministri i Kosov\u00ebs, Albin Kurti, ka komentuar st\u00ebrvitjet e ushtris\u00eb serbe pran\u00eb kufirit me Kosov\u00ebn, duke i cil\u00ebsuar ato si<\/p>\n","protected":false},"author":6,"featured_media":38613,"comment_status":"open","ping_status":"open","sticky":false,"template":"","format":"standard","meta":{"footnotes":""},"categories":[58],"tags":[],"class_list":["post-38612","post","type-post","status-publish","format-standard","has-post-thumbnail","hentry","category-politike-sq"],"yoast_head":"<!-- This site is optimized with the Yoast SEO plugin v25.3.1 - https:\/\/yoast.com\/wordpress\/plugins\/seo\/ -->\n<title>Kurti p\u00ebr st\u00ebrvitjet e ushtris\u00eb serbe pran\u00eb kufirit: Duan ta cenojn\u00eb integritetin territorial -<\/title>\n<meta name=\"robots\" content=\"index, follow, max-snippet:-1, max-image-preview:large, max-video-preview:-1\" \/>\n<link rel=\"canonical\" href=\"https:\/\/veritasinfo.org\/?p=38612\" \/>\n<meta property=\"og:locale\" content=\"en_US\" \/>\n<meta property=\"og:type\" content=\"article\" \/>\n<meta property=\"og:title\" content=\"Kurti p\u00ebr st\u00ebrvitjet e ushtris\u00eb serbe pran\u00eb kufirit: Duan ta cenojn\u00eb integritetin territorial -\" \/>\n<meta property=\"og:description\" content=\"Prishtin\u00eb 19 Mars 2026 11:14 Kryeministri i Kosov\u00ebs, Albin Kurti, ka komentuar st\u00ebrvitjet e ushtris\u00eb serbe pran\u00eb kufirit me Kosov\u00ebn, duke i cil\u00ebsuar ato si\" \/>\n<meta property=\"og:url\" content=\"https:\/\/veritasinfo.org\/?p=38612\" \/>\n<meta property=\"article:published_time\" content=\"2026-03-19T10:15:05+00:00\" \/>\n<meta property=\"og:image\" content=\"https:\/\/veritasinfo.org\/wp-content\/uploads\/2026\/03\/8baef4e0-8637-4f51-8e2f-e27f11084064.webp\" \/>\n\t<meta property=\"og:image:width\" content=\"850\" \/>\n\t<meta property=\"og:image:height\" content=\"638\" \/>\n\t<meta property=\"og:image:type\" content=\"image\/webp\" \/>\n<meta name=\"author\" content=\"US5\" \/>\n<meta name=\"twitter:card\" content=\"summary_large_image\" \/>\n<meta name=\"twitter:label1\" content=\"Written by\" \/>\n\t<meta name=\"twitter:data1\" content=\"US5\" \/>\n\t<meta name=\"twitter:label2\" content=\"Est. reading time\" \/>\n\t<meta name=\"twitter:data2\" content=\"3 minutes\" \/>\n<script type=\"application\/ld+json\" class=\"yoast-schema-graph\">{\"@context\":\"https:\/\/schema.org\",\"@graph\":[{\"@type\":\"WebPage\",\"@id\":\"https:\/\/veritasinfo.org\/?p=38612\",\"url\":\"https:\/\/veritasinfo.org\/?p=38612\",\"name\":\"Kurti p\u00ebr st\u00ebrvitjet e ushtris\u00eb serbe pran\u00eb kufirit: Duan ta cenojn\u00eb integritetin territorial -\",\"isPartOf\":{\"@id\":\"https:\/\/veritasinfo.org\/#website\"},\"primaryImageOfPage\":{\"@id\":\"https:\/\/veritasinfo.org\/?p=38612#primaryimage\"},\"image\":{\"@id\":\"https:\/\/veritasinfo.org\/?p=38612#primaryimage\"},\"thumbnailUrl\":\"https:\/\/veritasinfo.org\/wp-content\/uploads\/2026\/03\/8baef4e0-8637-4f51-8e2f-e27f11084064.webp\",\"datePublished\":\"2026-03-19T10:15:05+00:00\",\"author\":{\"@id\":\"https:\/\/veritasinfo.org\/#\/schema\/person\/bc442336e35414d04494ab8fb45db4c6\"},\"breadcrumb\":{\"@id\":\"https:\/\/veritasinfo.org\/?p=38612#breadcrumb\"},\"inLanguage\":\"en-US\",\"potentialAction\":[{\"@type\":\"ReadAction\",\"target\":[\"https:\/\/veritasinfo.org\/?p=38612\"]}]},{\"@type\":\"ImageObject\",\"inLanguage\":\"en-US\",\"@id\":\"https:\/\/veritasinfo.org\/?p=38612#primaryimage\",\"url\":\"https:\/\/veritasinfo.org\/wp-content\/uploads\/2026\/03\/8baef4e0-8637-4f51-8e2f-e27f11084064.webp\",\"contentUrl\":\"https:\/\/veritasinfo.org\/wp-content\/uploads\/2026\/03\/8baef4e0-8637-4f51-8e2f-e27f11084064.webp\",\"width\":850,\"height\":638},{\"@type\":\"BreadcrumbList\",\"@id\":\"https:\/\/veritasinfo.org\/?p=38612#breadcrumb\",\"itemListElement\":[{\"@type\":\"ListItem\",\"position\":1,\"name\":\"Home\",\"item\":\"https:\/\/veritasinfo.org\/\"},{\"@type\":\"ListItem\",\"position\":2,\"name\":\"Kurti p\u00ebr st\u00ebrvitjet e ushtris\u00eb serbe pran\u00eb kufirit: Duan ta cenojn\u00eb integritetin territorial\"}]},{\"@type\":\"WebSite\",\"@id\":\"https:\/\/veritasinfo.org\/#website\",\"url\":\"https:\/\/veritasinfo.org\/\",\"name\":\"\",\"description\":\"\",\"potentialAction\":[{\"@type\":\"SearchAction\",\"target\":{\"@type\":\"EntryPoint\",\"urlTemplate\":\"https:\/\/veritasinfo.org\/?s={search_term_string}\"},\"query-input\":{\"@type\":\"PropertyValueSpecification\",\"valueRequired\":true,\"valueName\":\"search_term_string\"}}],\"inLanguage\":\"en-US\"},{\"@type\":\"Person\",\"@id\":\"https:\/\/veritasinfo.org\/#\/schema\/person\/bc442336e35414d04494ab8fb45db4c6\",\"name\":\"US5\",\"image\":{\"@type\":\"ImageObject\",\"inLanguage\":\"en-US\",\"@id\":\"https:\/\/veritasinfo.org\/#\/schema\/person\/image\/\",\"url\":\"https:\/\/secure.gravatar.com\/avatar\/16a61e7272a0c5d001121ebb9e60e925d5816e4ac1e443ed3e640d9a6ae55d0c?s=96&d=mm&r=g\",\"contentUrl\":\"https:\/\/secure.gravatar.com\/avatar\/16a61e7272a0c5d001121ebb9e60e925d5816e4ac1e443ed3e640d9a6ae55d0c?s=96&d=mm&r=g\",\"caption\":\"US5\"},\"url\":\"https:\/\/veritasinfo.org\/?author=6\"}]}<\/script>\n<!-- \/ Yoast SEO plugin. -->","yoast_head_json":{"title":"Kurti p\u00ebr st\u00ebrvitjet e ushtris\u00eb serbe pran\u00eb kufirit: Duan ta cenojn\u00eb integritetin territorial -","robots":{"index":"index","follow":"follow","max-snippet":"max-snippet:-1","max-image-preview":"max-image-preview:large","max-video-preview":"max-video-preview:-1"},"canonical":"https:\/\/veritasinfo.org\/?p=38612","og_locale":"en_US","og_type":"article","og_title":"Kurti p\u00ebr st\u00ebrvitjet e ushtris\u00eb serbe pran\u00eb kufirit: Duan ta cenojn\u00eb integritetin territorial -","og_description":"Prishtin\u00eb 19 Mars 2026 11:14 Kryeministri i Kosov\u00ebs, Albin Kurti, ka komentuar st\u00ebrvitjet e ushtris\u00eb serbe pran\u00eb kufirit me Kosov\u00ebn, duke i cil\u00ebsuar ato si","og_url":"https:\/\/veritasinfo.org\/?p=38612","article_published_time":"2026-03-19T10:15:05+00:00","og_image":[{"width":850,"height":638,"url":"https:\/\/veritasinfo.org\/wp-content\/uploads\/2026\/03\/8baef4e0-8637-4f51-8e2f-e27f11084064.webp","type":"image\/webp"}],"author":"US5","twitter_card":"summary_large_image","twitter_misc":{"Written by":"US5","Est. reading time":"3 minutes"},"schema":{"@context":"https:\/\/schema.org","@graph":[{"@type":"WebPage","@id":"https:\/\/veritasinfo.org\/?p=38612","url":"https:\/\/veritasinfo.org\/?p=38612","name":"Kurti p\u00ebr st\u00ebrvitjet e ushtris\u00eb serbe pran\u00eb kufirit: Duan ta cenojn\u00eb integritetin territorial -","isPartOf":{"@id":"https:\/\/veritasinfo.org\/#website"},"primaryImageOfPage":{"@id":"https:\/\/veritasinfo.org\/?p=38612#primaryimage"},"image":{"@id":"https:\/\/veritasinfo.org\/?p=38612#primaryimage"},"thumbnailUrl":"https:\/\/veritasinfo.org\/wp-content\/uploads\/2026\/03\/8baef4e0-8637-4f51-8e2f-e27f11084064.webp","datePublished":"2026-03-19T10:15:05+00:00","author":{"@id":"https:\/\/veritasinfo.org\/#\/schema\/person\/bc442336e35414d04494ab8fb45db4c6"},"breadcrumb":{"@id":"https:\/\/veritasinfo.org\/?p=38612#breadcrumb"},"inLanguage":"en-US","potentialAction":[{"@type":"ReadAction","target":["https:\/\/veritasinfo.org\/?p=38612"]}]},{"@type":"ImageObject","inLanguage":"en-US","@id":"https:\/\/veritasinfo.org\/?p=38612#primaryimage","url":"https:\/\/veritasinfo.org\/wp-content\/uploads\/2026\/03\/8baef4e0-8637-4f51-8e2f-e27f11084064.webp","contentUrl":"https:\/\/veritasinfo.org\/wp-content\/uploads\/2026\/03\/8baef4e0-8637-4f51-8e2f-e27f11084064.webp","width":850,"height":638},{"@type":"BreadcrumbList","@id":"https:\/\/veritasinfo.org\/?p=38612#breadcrumb","itemListElement":[{"@type":"ListItem","position":1,"name":"Home","item":"https:\/\/veritasinfo.org\/"},{"@type":"ListItem","position":2,"name":"Kurti p\u00ebr st\u00ebrvitjet e ushtris\u00eb serbe pran\u00eb kufirit: Duan ta cenojn\u00eb integritetin territorial"}]},{"@type":"WebSite","@id":"https:\/\/veritasinfo.org\/#website","url":"https:\/\/veritasinfo.org\/","name":"","description":"","potentialAction":[{"@type":"SearchAction","target":{"@type":"EntryPoint","urlTemplate":"https:\/\/veritasinfo.org\/?s={search_term_string}"},"query-input":{"@type":"PropertyValueSpecification","valueRequired":true,"valueName":"search_term_string"}}],"inLanguage":"en-US"},{"@type":"Person","@id":"https:\/\/veritasinfo.org\/#\/schema\/person\/bc442336e35414d04494ab8fb45db4c6","name":"US5","image":{"@type":"ImageObject","inLanguage":"en-US","@id":"https:\/\/veritasinfo.org\/#\/schema\/person\/image\/","url":"https:\/\/secure.gravatar.com\/avatar\/16a61e7272a0c5d001121ebb9e60e925d5816e4ac1e443ed3e640d9a6ae55d0c?s=96&d=mm&r=g","contentUrl":"https:\/\/secure.gravatar.com\/avatar\/16a61e7272a0c5d001121ebb9e60e925d5816e4ac1e443ed3e640d9a6ae55d0c?s=96&d=mm&r=g","caption":"US5"},"url":"https:\/\/veritasinfo.org\/?author=6"}]}},"featured_image_urls":{"full":["https:\/\/veritasinfo.org\/wp-content\/uploads\/2026\/03\/8baef4e0-8637-4f51-8e2f-e27f11084064.webp",850,638,false],"thumbnail":["https:\/\/veritasinfo.org\/wp-content\/uploads\/2026\/03\/8baef4e0-8637-4f51-8e2f-e27f11084064-150x150.webp",150,150,true],"medium":["https:\/\/veritasinfo.org\/wp-content\/uploads\/2026\/03\/8baef4e0-8637-4f51-8e2f-e27f11084064-300x225.webp",300,225,true],"medium_large":["https:\/\/veritasinfo.org\/wp-content\/uploads\/2026\/03\/8baef4e0-8637-4f51-8e2f-e27f11084064-768x576.webp",640,480,true],"large":["https:\/\/veritasinfo.org\/wp-content\/uploads\/2026\/03\/8baef4e0-8637-4f51-8e2f-e27f11084064.webp",640,480,false],"1536x1536":["https:\/\/veritasinfo.org\/wp-content\/uploads\/2026\/03\/8baef4e0-8637-4f51-8e2f-e27f11084064.webp",850,638,false],"2048x2048":["https:\/\/veritasinfo.org\/wp-content\/uploads\/2026\/03\/8baef4e0-8637-4f51-8e2f-e27f11084064.webp",850,638,false],"kreeti-slider-full":["https:\/\/veritasinfo.org\/wp-content\/uploads\/2026\/03\/8baef4e0-8637-4f51-8e2f-e27f11084064.webp",850,638,false],"kreeti-featured":["https:\/\/veritasinfo.org\/wp-content\/uploads\/2026\/03\/8baef4e0-8637-4f51-8e2f-e27f11084064.webp",850,638,false],"kreeti-medium":["https:\/\/veritasinfo.org\/wp-content\/uploads\/2026\/03\/8baef4e0-8637-4f51-8e2f-e27f11084064.webp",706,530,false],"kreeti-medium-square":["https:\/\/veritasinfo.org\/wp-content\/uploads\/2026\/03\/8baef4e0-8637-4f51-8e2f-e27f11084064.webp",350,263,false]},"author_info":{"info":["US5"]},"category_info":"<a href=\"https:\/\/veritasinfo.org\/?cat=58\" rel=\"category\">Politik\u00eb<\/a>","tag_info":"Politik\u00eb","comment_count":"0","_links":{"self":[{"href":"https:\/\/veritasinfo.org\/index.php?rest_route=\/wp\/v2\/posts\/38612","targetHints":{"allow":["GET"]}}],"collection":[{"href":"https:\/\/veritasinfo.org\/index.php?rest_route=\/wp\/v2\/posts"}],"about":[{"href":"https:\/\/veritasinfo.org\/index.php?rest_route=\/wp\/v2\/types\/post"}],"author":[{"embeddable":true,"href":"https:\/\/veritasinfo.org\/index.php?rest_route=\/wp\/v2\/users\/6"}],"replies":[{"embeddable":true,"href":"https:\/\/veritasinfo.org\/index.php?rest_route=%2Fwp%2Fv2%2Fcomments&post=38612"}],"version-history":[{"count":2,"href":"https:\/\/veritasinfo.org\/index.php?rest_route=\/wp\/v2\/posts\/38612\/revisions"}],"predecessor-version":[{"id":38615,"href":"https:\/\/veritasinfo.org\/index.php?rest_route=\/wp\/v2\/posts\/38612\/revisions\/38615"}],"wp:featuredmedia":[{"embeddable":true,"href":"https:\/\/veritasinfo.org\/index.php?rest_route=\/wp\/v2\/media\/38613"}],"wp:attachment":[{"href":"https:\/\/veritasinfo.org\/index.php?rest_route=%2Fwp%2Fv2%2Fmedia&parent=38612"}],"wp:term":[{"taxonomy":"category","embeddable":true,"href":"https:\/\/veritasinfo.org\/index.php?rest_route=%2Fwp%2Fv2%2Fcategories&post=38612"},{"taxonomy":"post_tag","embeddable":true,"href":"https:\/\/veritasinfo.org\/index.php?rest_route=%2Fwp%2Fv2%2Ftags&post=38612"}],"curies":[{"name":"wp","href":"https:\/\/api.w.org\/{rel}","templated":true}]}}