{"id":3861,"date":"2025-07-15T09:35:34","date_gmt":"2025-07-15T07:35:34","guid":{"rendered":"https:\/\/veritasinfo.org\/?p=3861"},"modified":"2025-07-15T09:35:34","modified_gmt":"2025-07-15T07:35:34","slug":"kako-tece-proces-povratak-albanskih-stanovnika-na-sever-kosova","status":"publish","type":"post","link":"https:\/\/veritasinfo.org\/?p=3861&lang=sr","title":{"rendered":"Kako te\u010de proces povratak albanskih stanovnika na sever Kosova"},"content":{"rendered":"<p><strong>Severna Mitrovica, 15 jul 2025<\/strong><\/p>\n<p>Na severu Kosova, u poslednje tri godine, zapo\u010det je proces povratka. Re\u010d je o obnovi kuc\u0301a koje su spaljene tokom rata na Kosovu. \u010citav proces je pokrenut na centralnom nivou kroz potprogram koji vode dva ministarstva (MLSA i Ministarstvo infrastrukture).<\/p>\n<p>Ukupno je izgra\u0111eno 107 kuc\u0301a, koje se uglavnom nalaze na severu Mitrovice, selima Bistrica, Ceraja i nekim u selima u blizini Zve\u010dana. Pitali smo neke od sugra\u0111ana koji su deo ovog programa kako je sproveden i da li su se povratnici zaista vratili svojim kuc\u0301ama. \u201eMoja kuc\u0301a je izgra\u0111ena pre dve godine, ali se jo\u0161 nisam preselio. Postoji problem sa pristupom kuc\u0301i, a struja, voda i kanalizacija jo\u0161 nisu popravljeni. Tako\u0111e, u 21. veku \u010dovek ne mo\u017ee da \u017eivi samo izme\u0111u golih zidova. Nadam se da c\u0301e se i to re\u0161iti, ali sve ide prili\u010dno sporo. \u010cekali smo 25 godina da se vratimo u svoju kuc\u0301u, pa c\u0301emo \u010dekati jo\u0161 malo ako bude potrebno. \u0160to se ti\u010de bezbednosti, moram priznati da je sada mnogo bolje u tom pogledu\u201c, rekao je za Veritas.onfo Besnik I. iz naselja Br\u0111ani u severnoj Mitrovici.<\/p>\n<p>Kosovska vlada je najavila da c\u0301e nastaviti sa izgradnjom kuc\u0301a i povratkom kako bi svi koji \u017eele da se vrate imali priliku za to. Ostaje nada da c\u0301e lokalne vlasti shvatiti va\u017enost i zna\u010daj ovog programa i da c\u0301e u\u010diniti sve \u0161to je u njihovom opisu posla kako bi njihovi sugra\u0111ani dobili priliku da se vrate svojim domovima posle 25 godina.<\/p>\n<p>&nbsp;<\/p>\n","protected":false},"excerpt":{"rendered":"<p>Severna Mitrovica, 15 jul 2025 Na severu Kosova, u poslednje tri godine, zapo\u010det je proces povratka. Re\u010d je o obnovi kuc\u0301a koje su spaljene tokom<\/p>\n","protected":false},"author":2,"featured_media":3859,"comment_status":"open","ping_status":"open","sticky":false,"template":"","format":"standard","meta":{"footnotes":""},"categories":[30],"tags":[],"class_list":["post-3861","post","type-post","status-publish","format-standard","has-post-thumbnail","hentry","category-drustvo"],"yoast_head":"<!-- This site is optimized with the Yoast SEO plugin v25.3.1 - https:\/\/yoast.com\/wordpress\/plugins\/seo\/ -->\n<title>Kako te\u010de proces povratak albanskih stanovnika na sever Kosova -<\/title>\n<meta name=\"robots\" content=\"index, follow, max-snippet:-1, max-image-preview:large, max-video-preview:-1\" \/>\n<link rel=\"canonical\" href=\"https:\/\/veritasinfo.org\/?p=3861&lang=sr\" \/>\n<meta property=\"og:locale\" content=\"en_US\" \/>\n<meta property=\"og:type\" content=\"article\" \/>\n<meta property=\"og:title\" content=\"Kako te\u010de proces povratak albanskih stanovnika na sever Kosova -\" \/>\n<meta property=\"og:description\" content=\"Severna Mitrovica, 15 jul 2025 Na severu Kosova, u poslednje tri godine, zapo\u010det je proces povratka. Re\u010d je o obnovi kuc\u0301a koje su spaljene tokom\" \/>\n<meta property=\"og:url\" content=\"https:\/\/veritasinfo.org\/?p=3861&amp;lang=sr\" \/>\n<meta property=\"article:published_time\" content=\"2025-07-15T07:35:34+00:00\" \/>\n<meta property=\"og:image\" content=\"https:\/\/veritasinfo.org\/wp-content\/uploads\/2025\/07\/brgjani-scaled.jpg\" \/>\n\t<meta property=\"og:image:width\" content=\"2560\" \/>\n\t<meta property=\"og:image:height\" content=\"1152\" \/>\n\t<meta property=\"og:image:type\" content=\"image\/jpeg\" \/>\n<meta name=\"author\" content=\"US1\" \/>\n<meta name=\"twitter:card\" content=\"summary_large_image\" \/>\n<meta name=\"twitter:label1\" content=\"Written by\" \/>\n\t<meta name=\"twitter:data1\" content=\"US1\" \/>\n\t<meta name=\"twitter:label2\" content=\"Est. reading time\" \/>\n\t<meta name=\"twitter:data2\" content=\"2 minutes\" \/>\n<script type=\"application\/ld+json\" class=\"yoast-schema-graph\">{\"@context\":\"https:\/\/schema.org\",\"@graph\":[{\"@type\":\"WebPage\",\"@id\":\"https:\/\/veritasinfo.org\/?p=3861&lang=sr\",\"url\":\"https:\/\/veritasinfo.org\/?p=3861&lang=sr\",\"name\":\"Kako te\u010de proces povratak albanskih stanovnika na sever Kosova -\",\"isPartOf\":{\"@id\":\"https:\/\/veritasinfo.org\/#website\"},\"primaryImageOfPage\":{\"@id\":\"https:\/\/veritasinfo.org\/?p=3861&lang=sr#primaryimage\"},\"image\":{\"@id\":\"https:\/\/veritasinfo.org\/?p=3861&lang=sr#primaryimage\"},\"thumbnailUrl\":\"https:\/\/veritasinfo.org\/wp-content\/uploads\/2025\/07\/brgjani-scaled.jpg\",\"datePublished\":\"2025-07-15T07:35:34+00:00\",\"author\":{\"@id\":\"https:\/\/veritasinfo.org\/#\/schema\/person\/c2b8be262ea994d0995addca692c5e98\"},\"breadcrumb\":{\"@id\":\"https:\/\/veritasinfo.org\/?p=3861&lang=sr#breadcrumb\"},\"inLanguage\":\"en-US\",\"potentialAction\":[{\"@type\":\"ReadAction\",\"target\":[\"https:\/\/veritasinfo.org\/?p=3861&lang=sr\"]}]},{\"@type\":\"ImageObject\",\"inLanguage\":\"en-US\",\"@id\":\"https:\/\/veritasinfo.org\/?p=3861&lang=sr#primaryimage\",\"url\":\"https:\/\/veritasinfo.org\/wp-content\/uploads\/2025\/07\/brgjani-scaled.jpg\",\"contentUrl\":\"https:\/\/veritasinfo.org\/wp-content\/uploads\/2025\/07\/brgjani-scaled.jpg\",\"width\":2560,\"height\":1152},{\"@type\":\"BreadcrumbList\",\"@id\":\"https:\/\/veritasinfo.org\/?p=3861&lang=sr#breadcrumb\",\"itemListElement\":[{\"@type\":\"ListItem\",\"position\":1,\"name\":\"Home\",\"item\":\"https:\/\/veritasinfo.org\/\"},{\"@type\":\"ListItem\",\"position\":2,\"name\":\"Kako te\u010de proces povratak albanskih stanovnika na sever Kosova\"}]},{\"@type\":\"WebSite\",\"@id\":\"https:\/\/veritasinfo.org\/#website\",\"url\":\"https:\/\/veritasinfo.org\/\",\"name\":\"\",\"description\":\"\",\"potentialAction\":[{\"@type\":\"SearchAction\",\"target\":{\"@type\":\"EntryPoint\",\"urlTemplate\":\"https:\/\/veritasinfo.org\/?s={search_term_string}\"},\"query-input\":{\"@type\":\"PropertyValueSpecification\",\"valueRequired\":true,\"valueName\":\"search_term_string\"}}],\"inLanguage\":\"en-US\"},{\"@type\":\"Person\",\"@id\":\"https:\/\/veritasinfo.org\/#\/schema\/person\/c2b8be262ea994d0995addca692c5e98\",\"name\":\"US1\",\"image\":{\"@type\":\"ImageObject\",\"inLanguage\":\"en-US\",\"@id\":\"https:\/\/veritasinfo.org\/#\/schema\/person\/image\/\",\"url\":\"https:\/\/secure.gravatar.com\/avatar\/4e96a59bd256abf9956eb9963ac891a47461ffb364d47b0e9aab113328fdb75b?s=96&d=mm&r=g\",\"contentUrl\":\"https:\/\/secure.gravatar.com\/avatar\/4e96a59bd256abf9956eb9963ac891a47461ffb364d47b0e9aab113328fdb75b?s=96&d=mm&r=g\",\"caption\":\"US1\"},\"url\":\"https:\/\/veritasinfo.org\/?author=2\"}]}<\/script>\n<!-- \/ Yoast SEO plugin. -->","yoast_head_json":{"title":"Kako te\u010de proces povratak albanskih stanovnika na sever Kosova -","robots":{"index":"index","follow":"follow","max-snippet":"max-snippet:-1","max-image-preview":"max-image-preview:large","max-video-preview":"max-video-preview:-1"},"canonical":"https:\/\/veritasinfo.org\/?p=3861&lang=sr","og_locale":"en_US","og_type":"article","og_title":"Kako te\u010de proces povratak albanskih stanovnika na sever Kosova -","og_description":"Severna Mitrovica, 15 jul 2025 Na severu Kosova, u poslednje tri godine, zapo\u010det je proces povratka. Re\u010d je o obnovi kuc\u0301a koje su spaljene tokom","og_url":"https:\/\/veritasinfo.org\/?p=3861&lang=sr","article_published_time":"2025-07-15T07:35:34+00:00","og_image":[{"width":2560,"height":1152,"url":"https:\/\/veritasinfo.org\/wp-content\/uploads\/2025\/07\/brgjani-scaled.jpg","type":"image\/jpeg"}],"author":"US1","twitter_card":"summary_large_image","twitter_misc":{"Written by":"US1","Est. reading time":"2 minutes"},"schema":{"@context":"https:\/\/schema.org","@graph":[{"@type":"WebPage","@id":"https:\/\/veritasinfo.org\/?p=3861&lang=sr","url":"https:\/\/veritasinfo.org\/?p=3861&lang=sr","name":"Kako te\u010de proces povratak albanskih stanovnika na sever Kosova -","isPartOf":{"@id":"https:\/\/veritasinfo.org\/#website"},"primaryImageOfPage":{"@id":"https:\/\/veritasinfo.org\/?p=3861&lang=sr#primaryimage"},"image":{"@id":"https:\/\/veritasinfo.org\/?p=3861&lang=sr#primaryimage"},"thumbnailUrl":"https:\/\/veritasinfo.org\/wp-content\/uploads\/2025\/07\/brgjani-scaled.jpg","datePublished":"2025-07-15T07:35:34+00:00","author":{"@id":"https:\/\/veritasinfo.org\/#\/schema\/person\/c2b8be262ea994d0995addca692c5e98"},"breadcrumb":{"@id":"https:\/\/veritasinfo.org\/?p=3861&lang=sr#breadcrumb"},"inLanguage":"en-US","potentialAction":[{"@type":"ReadAction","target":["https:\/\/veritasinfo.org\/?p=3861&lang=sr"]}]},{"@type":"ImageObject","inLanguage":"en-US","@id":"https:\/\/veritasinfo.org\/?p=3861&lang=sr#primaryimage","url":"https:\/\/veritasinfo.org\/wp-content\/uploads\/2025\/07\/brgjani-scaled.jpg","contentUrl":"https:\/\/veritasinfo.org\/wp-content\/uploads\/2025\/07\/brgjani-scaled.jpg","width":2560,"height":1152},{"@type":"BreadcrumbList","@id":"https:\/\/veritasinfo.org\/?p=3861&lang=sr#breadcrumb","itemListElement":[{"@type":"ListItem","position":1,"name":"Home","item":"https:\/\/veritasinfo.org\/"},{"@type":"ListItem","position":2,"name":"Kako te\u010de proces povratak albanskih stanovnika na sever Kosova"}]},{"@type":"WebSite","@id":"https:\/\/veritasinfo.org\/#website","url":"https:\/\/veritasinfo.org\/","name":"","description":"","potentialAction":[{"@type":"SearchAction","target":{"@type":"EntryPoint","urlTemplate":"https:\/\/veritasinfo.org\/?s={search_term_string}"},"query-input":{"@type":"PropertyValueSpecification","valueRequired":true,"valueName":"search_term_string"}}],"inLanguage":"en-US"},{"@type":"Person","@id":"https:\/\/veritasinfo.org\/#\/schema\/person\/c2b8be262ea994d0995addca692c5e98","name":"US1","image":{"@type":"ImageObject","inLanguage":"en-US","@id":"https:\/\/veritasinfo.org\/#\/schema\/person\/image\/","url":"https:\/\/secure.gravatar.com\/avatar\/4e96a59bd256abf9956eb9963ac891a47461ffb364d47b0e9aab113328fdb75b?s=96&d=mm&r=g","contentUrl":"https:\/\/secure.gravatar.com\/avatar\/4e96a59bd256abf9956eb9963ac891a47461ffb364d47b0e9aab113328fdb75b?s=96&d=mm&r=g","caption":"US1"},"url":"https:\/\/veritasinfo.org\/?author=2"}]}},"featured_image_urls":{"full":["https:\/\/veritasinfo.org\/wp-content\/uploads\/2025\/07\/brgjani-scaled.jpg",2560,1152,false],"thumbnail":["https:\/\/veritasinfo.org\/wp-content\/uploads\/2025\/07\/brgjani-150x150.jpg",150,150,true],"medium":["https:\/\/veritasinfo.org\/wp-content\/uploads\/2025\/07\/brgjani-300x135.jpg",300,135,true],"medium_large":["https:\/\/veritasinfo.org\/wp-content\/uploads\/2025\/07\/brgjani-768x345.jpg",640,288,true],"large":["https:\/\/veritasinfo.org\/wp-content\/uploads\/2025\/07\/brgjani-1024x461.jpg",640,288,true],"1536x1536":["https:\/\/veritasinfo.org\/wp-content\/uploads\/2025\/07\/brgjani-1536x691.jpg",1536,691,true],"2048x2048":["https:\/\/veritasinfo.org\/wp-content\/uploads\/2025\/07\/brgjani-2048x921.jpg",2048,921,true],"kreeti-slider-full":["https:\/\/veritasinfo.org\/wp-content\/uploads\/2025\/07\/brgjani-scaled.jpg",1280,576,false],"kreeti-featured":["https:\/\/veritasinfo.org\/wp-content\/uploads\/2025\/07\/brgjani-scaled.jpg",1024,461,false],"kreeti-medium":["https:\/\/veritasinfo.org\/wp-content\/uploads\/2025\/07\/brgjani-scaled.jpg",720,324,false],"kreeti-medium-square":["https:\/\/veritasinfo.org\/wp-content\/uploads\/2025\/07\/brgjani-scaled.jpg",350,158,false]},"author_info":{"info":["US1"]},"category_info":"<a href=\"https:\/\/veritasinfo.org\/?cat=30&#038;lang=sr\" rel=\"category\">Dru\u0161tvo<\/a>","tag_info":"Dru\u0161tvo","comment_count":"0","_links":{"self":[{"href":"https:\/\/veritasinfo.org\/index.php?rest_route=\/wp\/v2\/posts\/3861","targetHints":{"allow":["GET"]}}],"collection":[{"href":"https:\/\/veritasinfo.org\/index.php?rest_route=\/wp\/v2\/posts"}],"about":[{"href":"https:\/\/veritasinfo.org\/index.php?rest_route=\/wp\/v2\/types\/post"}],"author":[{"embeddable":true,"href":"https:\/\/veritasinfo.org\/index.php?rest_route=\/wp\/v2\/users\/2"}],"replies":[{"embeddable":true,"href":"https:\/\/veritasinfo.org\/index.php?rest_route=%2Fwp%2Fv2%2Fcomments&post=3861"}],"version-history":[{"count":1,"href":"https:\/\/veritasinfo.org\/index.php?rest_route=\/wp\/v2\/posts\/3861\/revisions"}],"predecessor-version":[{"id":3862,"href":"https:\/\/veritasinfo.org\/index.php?rest_route=\/wp\/v2\/posts\/3861\/revisions\/3862"}],"wp:featuredmedia":[{"embeddable":true,"href":"https:\/\/veritasinfo.org\/index.php?rest_route=\/wp\/v2\/media\/3859"}],"wp:attachment":[{"href":"https:\/\/veritasinfo.org\/index.php?rest_route=%2Fwp%2Fv2%2Fmedia&parent=3861"}],"wp:term":[{"taxonomy":"category","embeddable":true,"href":"https:\/\/veritasinfo.org\/index.php?rest_route=%2Fwp%2Fv2%2Fcategories&post=3861"},{"taxonomy":"post_tag","embeddable":true,"href":"https:\/\/veritasinfo.org\/index.php?rest_route=%2Fwp%2Fv2%2Ftags&post=3861"}],"curies":[{"name":"wp","href":"https:\/\/api.w.org\/{rel}","templated":true}]}}