{"id":3858,"date":"2025-07-15T09:34:37","date_gmt":"2025-07-15T07:34:37","guid":{"rendered":"https:\/\/veritasinfo.org\/?p=3858"},"modified":"2025-07-15T09:34:37","modified_gmt":"2025-07-15T07:34:37","slug":"si-po-ecen-procesi-i-kthimit-te-banoreve-shqiptare-ne-veriun-e-kosoves","status":"publish","type":"post","link":"https:\/\/veritasinfo.org\/?p=3858","title":{"rendered":"Si po ec\u00ebn procesi i kthimit t\u00eb banor\u00ebve shqiptar\u00eb n\u00eb veriun e Kosov\u00ebs"},"content":{"rendered":"<p><strong>Mitrovic\u00eb e Veriut, 15 korrik<\/strong><\/p>\n<p>N\u00eb veri t\u00eb Kosov\u00ebs, n\u00eb tre vitet e fundit, ka filluar procesi i kthimit. B\u00ebhet fjal\u00eb p\u00ebr nd\u00ebrtimin e sht\u00ebpive q\u00eb u dogj\u00ebn gjat\u00eb luft\u00ebs n\u00eb Kosov\u00eb.<\/p>\n<p>I gjith\u00eb procesi u iniciua n\u00eb nivel qendror p\u00ebrmes nj\u00eb n\u00ebnprogrami t\u00eb udh\u00ebhequr nga dy ministri (MAPL dhe Ministria e Infrastruktur\u00ebs). U nd\u00ebrtuan gjithsej 107 sht\u00ebpi, t\u00eb cilat ndodhen kryesisht n\u00eb veri t\u00eb Mitrovic\u00ebs, fshatrat Bistric\u00eb, Ceraj\u00eb dhe disa n\u00eb fshatrat pran\u00eb Zve\u00e7anit.<\/p>\n<p>Ne pyet\u00ebm disa nga bashk\u00ebqytetar\u00ebt q\u00eb jan\u00eb pjes\u00eb e k\u00ebtij programi se si \u00ebsht\u00eb kryer dhe n\u00ebse t\u00eb kthyerit jan\u00eb kthyer v\u00ebrtet n\u00eb sht\u00ebpit\u00eb e tyre. &#8220;Sht\u00ebpia ime \u00ebsht\u00eb nd\u00ebrtuar dy vjet m\u00eb par\u00eb, por ende nuk jam zhvendosur. Ka nj\u00eb problem me qasjen n\u00eb sht\u00ebpi dhe energjia elektrike, uji dhe kanalizimet nuk jan\u00eb rregulluar ende. Gjithashtu, n\u00eb shekullin e 21-t\u00eb, nj\u00eb person nuk mund t\u00eb jetoj\u00eb vet\u00ebm midis mureve t\u00eb zhveshura. Shpresoj q\u00eb edhe kjo t\u00eb zgjidhet, por gjith\u00e7ka po shkon mjaft ngadal\u00eb. Kemi pritur 25 vjet p\u00ebr t&#8217;u kthyer n\u00eb sht\u00ebpin\u00eb ton\u00eb, k\u00ebshtu q\u00eb do t\u00eb presim edhe pak n\u00ebse \u00ebsht\u00eb e nevojshme. Sa i p\u00ebrket siguris\u00eb, duhet t\u00eb pranoj se tani \u00ebsht\u00eb shum\u00eb m\u00eb mir\u00eb n\u00eb k\u00ebt\u00eb drejtim&#8221;, tha per Veritas.onfo, Besnik I. nga vendbanimi i quajtur Brgjani n\u00eb veri t\u00eb Mitrovic\u00ebs.<\/p>\n<p>Qeveria e Kosov\u00ebs ka njoftuar se do t\u00eb vazhdoj\u00eb me nd\u00ebrtimin e sht\u00ebpive dhe kthimin n\u00eb m\u00ebnyr\u00eb q\u00eb t\u00eb gjith\u00eb ata q\u00eb duan t\u00eb kthehen t\u00eb ken\u00eb mund\u00ebsin\u00eb ta b\u00ebjn\u00eb k\u00ebt\u00eb. Shpresa mbetet q\u00eb autoritetet lokale do ta kuptojn\u00eb r\u00ebnd\u00ebsin\u00eb dhe r\u00ebnd\u00ebsin\u00eb e k\u00ebtij programi dhe do t\u00eb b\u00ebjn\u00eb gjith\u00e7ka n\u00eb p\u00ebrshkrimin e tyre t\u00eb pun\u00ebs p\u00ebr t&#8217;u dh\u00ebn\u00eb bashk\u00ebqytetar\u00ebve t\u00eb tyre mund\u00ebsin\u00eb t\u00eb kthehen n\u00eb sht\u00ebpit\u00eb e tyre pas 25 vjet\u00ebsh.<\/p>\n","protected":false},"excerpt":{"rendered":"<p>Mitrovic\u00eb e Veriut, 15 korrik N\u00eb veri t\u00eb Kosov\u00ebs, n\u00eb tre vitet e fundit, ka filluar procesi i kthimit. B\u00ebhet fjal\u00eb p\u00ebr nd\u00ebrtimin e sht\u00ebpive<\/p>\n","protected":false},"author":2,"featured_media":3859,"comment_status":"open","ping_status":"open","sticky":false,"template":"","format":"standard","meta":{"footnotes":""},"categories":[60],"tags":[],"class_list":["post-3858","post","type-post","status-publish","format-standard","has-post-thumbnail","hentry","category-shoqerore-sq"],"yoast_head":"<!-- This site is optimized with the Yoast SEO plugin v25.3.1 - https:\/\/yoast.com\/wordpress\/plugins\/seo\/ -->\n<title>Si po ec\u00ebn procesi i kthimit t\u00eb banor\u00ebve shqiptar\u00eb n\u00eb veriun e Kosov\u00ebs -<\/title>\n<meta name=\"robots\" content=\"index, follow, max-snippet:-1, max-image-preview:large, max-video-preview:-1\" \/>\n<link rel=\"canonical\" href=\"https:\/\/veritasinfo.org\/?p=3858\" \/>\n<meta property=\"og:locale\" content=\"en_US\" \/>\n<meta property=\"og:type\" content=\"article\" \/>\n<meta property=\"og:title\" content=\"Si po ec\u00ebn procesi i kthimit t\u00eb banor\u00ebve shqiptar\u00eb n\u00eb veriun e Kosov\u00ebs -\" \/>\n<meta property=\"og:description\" content=\"Mitrovic\u00eb e Veriut, 15 korrik N\u00eb veri t\u00eb Kosov\u00ebs, n\u00eb tre vitet e fundit, ka filluar procesi i kthimit. B\u00ebhet fjal\u00eb p\u00ebr nd\u00ebrtimin e sht\u00ebpive\" \/>\n<meta property=\"og:url\" content=\"https:\/\/veritasinfo.org\/?p=3858\" \/>\n<meta property=\"article:published_time\" content=\"2025-07-15T07:34:37+00:00\" \/>\n<meta property=\"og:image\" content=\"https:\/\/veritasinfo.org\/wp-content\/uploads\/2025\/07\/brgjani-scaled.jpg\" \/>\n\t<meta property=\"og:image:width\" content=\"2560\" \/>\n\t<meta property=\"og:image:height\" content=\"1152\" \/>\n\t<meta property=\"og:image:type\" content=\"image\/jpeg\" \/>\n<meta name=\"author\" content=\"US1\" \/>\n<meta name=\"twitter:card\" content=\"summary_large_image\" \/>\n<meta name=\"twitter:label1\" content=\"Written by\" \/>\n\t<meta name=\"twitter:data1\" content=\"US1\" \/>\n\t<meta name=\"twitter:label2\" content=\"Est. reading time\" \/>\n\t<meta name=\"twitter:data2\" content=\"2 minutes\" \/>\n<script type=\"application\/ld+json\" class=\"yoast-schema-graph\">{\"@context\":\"https:\/\/schema.org\",\"@graph\":[{\"@type\":\"WebPage\",\"@id\":\"https:\/\/veritasinfo.org\/?p=3858\",\"url\":\"https:\/\/veritasinfo.org\/?p=3858\",\"name\":\"Si po ec\u00ebn procesi i kthimit t\u00eb banor\u00ebve shqiptar\u00eb n\u00eb veriun e Kosov\u00ebs -\",\"isPartOf\":{\"@id\":\"https:\/\/veritasinfo.org\/#website\"},\"primaryImageOfPage\":{\"@id\":\"https:\/\/veritasinfo.org\/?p=3858#primaryimage\"},\"image\":{\"@id\":\"https:\/\/veritasinfo.org\/?p=3858#primaryimage\"},\"thumbnailUrl\":\"https:\/\/veritasinfo.org\/wp-content\/uploads\/2025\/07\/brgjani-scaled.jpg\",\"datePublished\":\"2025-07-15T07:34:37+00:00\",\"author\":{\"@id\":\"https:\/\/veritasinfo.org\/#\/schema\/person\/c2b8be262ea994d0995addca692c5e98\"},\"breadcrumb\":{\"@id\":\"https:\/\/veritasinfo.org\/?p=3858#breadcrumb\"},\"inLanguage\":\"en-US\",\"potentialAction\":[{\"@type\":\"ReadAction\",\"target\":[\"https:\/\/veritasinfo.org\/?p=3858\"]}]},{\"@type\":\"ImageObject\",\"inLanguage\":\"en-US\",\"@id\":\"https:\/\/veritasinfo.org\/?p=3858#primaryimage\",\"url\":\"https:\/\/veritasinfo.org\/wp-content\/uploads\/2025\/07\/brgjani-scaled.jpg\",\"contentUrl\":\"https:\/\/veritasinfo.org\/wp-content\/uploads\/2025\/07\/brgjani-scaled.jpg\",\"width\":2560,\"height\":1152},{\"@type\":\"BreadcrumbList\",\"@id\":\"https:\/\/veritasinfo.org\/?p=3858#breadcrumb\",\"itemListElement\":[{\"@type\":\"ListItem\",\"position\":1,\"name\":\"Home\",\"item\":\"https:\/\/veritasinfo.org\/\"},{\"@type\":\"ListItem\",\"position\":2,\"name\":\"Si po ec\u00ebn procesi i kthimit t\u00eb banor\u00ebve shqiptar\u00eb n\u00eb veriun e Kosov\u00ebs\"}]},{\"@type\":\"WebSite\",\"@id\":\"https:\/\/veritasinfo.org\/#website\",\"url\":\"https:\/\/veritasinfo.org\/\",\"name\":\"\",\"description\":\"\",\"potentialAction\":[{\"@type\":\"SearchAction\",\"target\":{\"@type\":\"EntryPoint\",\"urlTemplate\":\"https:\/\/veritasinfo.org\/?s={search_term_string}\"},\"query-input\":{\"@type\":\"PropertyValueSpecification\",\"valueRequired\":true,\"valueName\":\"search_term_string\"}}],\"inLanguage\":\"en-US\"},{\"@type\":\"Person\",\"@id\":\"https:\/\/veritasinfo.org\/#\/schema\/person\/c2b8be262ea994d0995addca692c5e98\",\"name\":\"US1\",\"image\":{\"@type\":\"ImageObject\",\"inLanguage\":\"en-US\",\"@id\":\"https:\/\/veritasinfo.org\/#\/schema\/person\/image\/\",\"url\":\"https:\/\/secure.gravatar.com\/avatar\/4e96a59bd256abf9956eb9963ac891a47461ffb364d47b0e9aab113328fdb75b?s=96&d=mm&r=g\",\"contentUrl\":\"https:\/\/secure.gravatar.com\/avatar\/4e96a59bd256abf9956eb9963ac891a47461ffb364d47b0e9aab113328fdb75b?s=96&d=mm&r=g\",\"caption\":\"US1\"},\"url\":\"https:\/\/veritasinfo.org\/?author=2\"}]}<\/script>\n<!-- \/ Yoast SEO plugin. -->","yoast_head_json":{"title":"Si po ec\u00ebn procesi i kthimit t\u00eb banor\u00ebve shqiptar\u00eb n\u00eb veriun e Kosov\u00ebs -","robots":{"index":"index","follow":"follow","max-snippet":"max-snippet:-1","max-image-preview":"max-image-preview:large","max-video-preview":"max-video-preview:-1"},"canonical":"https:\/\/veritasinfo.org\/?p=3858","og_locale":"en_US","og_type":"article","og_title":"Si po ec\u00ebn procesi i kthimit t\u00eb banor\u00ebve shqiptar\u00eb n\u00eb veriun e Kosov\u00ebs -","og_description":"Mitrovic\u00eb e Veriut, 15 korrik N\u00eb veri t\u00eb Kosov\u00ebs, n\u00eb tre vitet e fundit, ka filluar procesi i kthimit. B\u00ebhet fjal\u00eb p\u00ebr nd\u00ebrtimin e sht\u00ebpive","og_url":"https:\/\/veritasinfo.org\/?p=3858","article_published_time":"2025-07-15T07:34:37+00:00","og_image":[{"width":2560,"height":1152,"url":"https:\/\/veritasinfo.org\/wp-content\/uploads\/2025\/07\/brgjani-scaled.jpg","type":"image\/jpeg"}],"author":"US1","twitter_card":"summary_large_image","twitter_misc":{"Written by":"US1","Est. reading time":"2 minutes"},"schema":{"@context":"https:\/\/schema.org","@graph":[{"@type":"WebPage","@id":"https:\/\/veritasinfo.org\/?p=3858","url":"https:\/\/veritasinfo.org\/?p=3858","name":"Si po ec\u00ebn procesi i kthimit t\u00eb banor\u00ebve shqiptar\u00eb n\u00eb veriun e Kosov\u00ebs -","isPartOf":{"@id":"https:\/\/veritasinfo.org\/#website"},"primaryImageOfPage":{"@id":"https:\/\/veritasinfo.org\/?p=3858#primaryimage"},"image":{"@id":"https:\/\/veritasinfo.org\/?p=3858#primaryimage"},"thumbnailUrl":"https:\/\/veritasinfo.org\/wp-content\/uploads\/2025\/07\/brgjani-scaled.jpg","datePublished":"2025-07-15T07:34:37+00:00","author":{"@id":"https:\/\/veritasinfo.org\/#\/schema\/person\/c2b8be262ea994d0995addca692c5e98"},"breadcrumb":{"@id":"https:\/\/veritasinfo.org\/?p=3858#breadcrumb"},"inLanguage":"en-US","potentialAction":[{"@type":"ReadAction","target":["https:\/\/veritasinfo.org\/?p=3858"]}]},{"@type":"ImageObject","inLanguage":"en-US","@id":"https:\/\/veritasinfo.org\/?p=3858#primaryimage","url":"https:\/\/veritasinfo.org\/wp-content\/uploads\/2025\/07\/brgjani-scaled.jpg","contentUrl":"https:\/\/veritasinfo.org\/wp-content\/uploads\/2025\/07\/brgjani-scaled.jpg","width":2560,"height":1152},{"@type":"BreadcrumbList","@id":"https:\/\/veritasinfo.org\/?p=3858#breadcrumb","itemListElement":[{"@type":"ListItem","position":1,"name":"Home","item":"https:\/\/veritasinfo.org\/"},{"@type":"ListItem","position":2,"name":"Si po ec\u00ebn procesi i kthimit t\u00eb banor\u00ebve shqiptar\u00eb n\u00eb veriun e Kosov\u00ebs"}]},{"@type":"WebSite","@id":"https:\/\/veritasinfo.org\/#website","url":"https:\/\/veritasinfo.org\/","name":"","description":"","potentialAction":[{"@type":"SearchAction","target":{"@type":"EntryPoint","urlTemplate":"https:\/\/veritasinfo.org\/?s={search_term_string}"},"query-input":{"@type":"PropertyValueSpecification","valueRequired":true,"valueName":"search_term_string"}}],"inLanguage":"en-US"},{"@type":"Person","@id":"https:\/\/veritasinfo.org\/#\/schema\/person\/c2b8be262ea994d0995addca692c5e98","name":"US1","image":{"@type":"ImageObject","inLanguage":"en-US","@id":"https:\/\/veritasinfo.org\/#\/schema\/person\/image\/","url":"https:\/\/secure.gravatar.com\/avatar\/4e96a59bd256abf9956eb9963ac891a47461ffb364d47b0e9aab113328fdb75b?s=96&d=mm&r=g","contentUrl":"https:\/\/secure.gravatar.com\/avatar\/4e96a59bd256abf9956eb9963ac891a47461ffb364d47b0e9aab113328fdb75b?s=96&d=mm&r=g","caption":"US1"},"url":"https:\/\/veritasinfo.org\/?author=2"}]}},"featured_image_urls":{"full":["https:\/\/veritasinfo.org\/wp-content\/uploads\/2025\/07\/brgjani-scaled.jpg",2560,1152,false],"thumbnail":["https:\/\/veritasinfo.org\/wp-content\/uploads\/2025\/07\/brgjani-150x150.jpg",150,150,true],"medium":["https:\/\/veritasinfo.org\/wp-content\/uploads\/2025\/07\/brgjani-300x135.jpg",300,135,true],"medium_large":["https:\/\/veritasinfo.org\/wp-content\/uploads\/2025\/07\/brgjani-768x345.jpg",640,288,true],"large":["https:\/\/veritasinfo.org\/wp-content\/uploads\/2025\/07\/brgjani-1024x461.jpg",640,288,true],"1536x1536":["https:\/\/veritasinfo.org\/wp-content\/uploads\/2025\/07\/brgjani-1536x691.jpg",1536,691,true],"2048x2048":["https:\/\/veritasinfo.org\/wp-content\/uploads\/2025\/07\/brgjani-2048x921.jpg",2048,921,true],"kreeti-slider-full":["https:\/\/veritasinfo.org\/wp-content\/uploads\/2025\/07\/brgjani-scaled.jpg",1280,576,false],"kreeti-featured":["https:\/\/veritasinfo.org\/wp-content\/uploads\/2025\/07\/brgjani-scaled.jpg",1024,461,false],"kreeti-medium":["https:\/\/veritasinfo.org\/wp-content\/uploads\/2025\/07\/brgjani-scaled.jpg",720,324,false],"kreeti-medium-square":["https:\/\/veritasinfo.org\/wp-content\/uploads\/2025\/07\/brgjani-scaled.jpg",350,158,false]},"author_info":{"info":["US1"]},"category_info":"<a href=\"https:\/\/veritasinfo.org\/?cat=60\" rel=\"category\">Shoq\u00ebrore<\/a>","tag_info":"Shoq\u00ebrore","comment_count":"0","_links":{"self":[{"href":"https:\/\/veritasinfo.org\/index.php?rest_route=\/wp\/v2\/posts\/3858","targetHints":{"allow":["GET"]}}],"collection":[{"href":"https:\/\/veritasinfo.org\/index.php?rest_route=\/wp\/v2\/posts"}],"about":[{"href":"https:\/\/veritasinfo.org\/index.php?rest_route=\/wp\/v2\/types\/post"}],"author":[{"embeddable":true,"href":"https:\/\/veritasinfo.org\/index.php?rest_route=\/wp\/v2\/users\/2"}],"replies":[{"embeddable":true,"href":"https:\/\/veritasinfo.org\/index.php?rest_route=%2Fwp%2Fv2%2Fcomments&post=3858"}],"version-history":[{"count":1,"href":"https:\/\/veritasinfo.org\/index.php?rest_route=\/wp\/v2\/posts\/3858\/revisions"}],"predecessor-version":[{"id":3860,"href":"https:\/\/veritasinfo.org\/index.php?rest_route=\/wp\/v2\/posts\/3858\/revisions\/3860"}],"wp:featuredmedia":[{"embeddable":true,"href":"https:\/\/veritasinfo.org\/index.php?rest_route=\/wp\/v2\/media\/3859"}],"wp:attachment":[{"href":"https:\/\/veritasinfo.org\/index.php?rest_route=%2Fwp%2Fv2%2Fmedia&parent=3858"}],"wp:term":[{"taxonomy":"category","embeddable":true,"href":"https:\/\/veritasinfo.org\/index.php?rest_route=%2Fwp%2Fv2%2Fcategories&post=3858"},{"taxonomy":"post_tag","embeddable":true,"href":"https:\/\/veritasinfo.org\/index.php?rest_route=%2Fwp%2Fv2%2Ftags&post=3858"}],"curies":[{"name":"wp","href":"https:\/\/api.w.org\/{rel}","templated":true}]}}