{"id":38564,"date":"2026-03-19T08:46:43","date_gmt":"2026-03-19T07:46:43","guid":{"rendered":"https:\/\/veritasinfo.org\/?p=38564"},"modified":"2026-03-19T08:46:43","modified_gmt":"2026-03-19T07:46:43","slug":"rrefimi-per-tre-femijet-e-mbytur-ne-iber-ngjarja-qe-shkaktoi-trazira-ne-mars-te-2004-s","status":"publish","type":"post","link":"https:\/\/veritasinfo.org\/?p=38564","title":{"rendered":"Rr\u00ebfimi p\u00ebr tre f\u00ebmij\u00ebt e mbytur n\u00eb Ib\u00ebr, ngjarja q\u00eb shkaktoi trazira n\u00eb mars t\u00eb 2004-s"},"content":{"rendered":"<p>Mitrovic\u00eb, 19 mars 2026 08:43<\/p>\n<p>Jan\u00eb b\u00ebr\u00eb 22 vite nga trazirat e dhunshme t\u00eb marsit 2004, p\u00ebr t\u00eb cilat askush nuk u gjykua apo d\u00ebnua p\u00ebr humbjet njer\u00ebzore dhe ato materiale.<\/p>\n<p>Gjat\u00eb trazirave t\u00eb 17 e 18 marsit 2004 u vran\u00eb 19 civil\u00eb, nga t\u00eb cil\u00ebt 11 shqiptar\u00eb dhe 8 serb\u00eb, u l\u00ebnduan mbi 900 persona dhe u shkat\u00ebrruan objekte fetare e kulturore.<\/p>\n<p>K\u00ebto trazira shp\u00ebrthyen dhe eskaluan n\u00eb gjith\u00eb Kosov\u00ebn pas raportimeve se n\u00eb lumin Ib\u00ebr ishin mbytur tre f\u00ebmij\u00eb shqiptar\u00eb duke ikur nga nj\u00eb grup serb\u00ebsh.<\/p>\n<p>N\u00eb lumin Ib\u00ebr ishin mbytur : Egzon Deliu (13-vje\u00e7), Avni Veseli (12-vje\u00e7) dhe Florent Veseli (9-vje\u00e7). Tragjedis\u00eb i kishte shp\u00ebtuar nj\u00eb f\u00ebmij\u00eb tjet\u00ebr.<\/p>\n<p>Babai i tij, Zaim Deliu, n\u00eb nj\u00eb rr\u00ebfim p\u00ebr KALLXO kujton dit\u00ebn, e cila ia ndryshoi jet\u00ebn p\u00ebr t\u00eb keq.<\/p>\n<p>\u201cP\u00ebr mua \u00ebsht\u00eb tragjedia m\u00eb e madhe n\u00eb jet\u00eb. F\u00ebmij\u00ebt kan\u00eb dal\u00eb matan\u00eb lumit Ib\u00ebr. I ka th\u00ebn\u00eb nj\u00eb shok: \u2018Hajde shkojm\u00eb t\u2019i shohim a t\u2019i z\u00ebm\u00eb do shota, puna e tyre\u2026 Atje u jan\u00eb v\u00ebrsulur serb\u00ebt, i kan\u00eb bllokuar nga t\u00eb gjitha an\u00ebt edhe me qen. \u00cbsht\u00eb dashur t\u00eb hyjn\u00eb n\u00eb lumin Ib\u00ebr, ku lumi ka qen\u00eb jasht\u00eb shtratit, ka qen\u00eb shum\u00eb i madh. Edhe aty, kur i bien lumit, tre f\u00ebmij\u00eb vdesin dhe nj\u00eb fatbardh\u00ebsisht shp\u00ebton, Fitim Veseli\u201d \u2013 rr\u00ebfen Zaimi.<\/p>\n<p>\u00cbndrra e trisht\u00eb q\u00eb e kishte par\u00eb se Egzoni kishte vdekur u b\u00eb realitet pas nj\u00eb jave.<\/p>\n<p>Nj\u00eb jav\u00eb p\u00ebrpara e pash nj\u00eb \u00ebnd\u00ebrr q\u00eb ma mbytnin serb\u00ebt dhe gati u trenova. Kur u zgjova, kur e pash duke fjetur, u qet\u00ebsova. Brenda k\u00ebtyre 22 viteve gjith\u00eb e kujtoj, por plag\u00ebn q\u00eb e kam marr\u00eb n\u00eb zem\u00ebr jam munduar mos me lan\u00eb me u zgjeru. Ajo plag\u00eb nuk shlyhet deri sa t\u00eb vdes\u201d- tha ai.<\/p>\n<p>&nbsp;<\/p>\n<p>Nga bashk\u00ebvendasit, Zaim Deliu shquhet si nj\u00eb burr\u00eb stoik, i fort\u00eb emocionalisht e i p\u00ebrmbajtur.<\/p>\n<p>Zaimi tregoi momentin e fundit kur ishte Egzoni gjall\u00eb.<\/p>\n<p>&nbsp;<\/p>\n<p>\u201cN\u00eb sht\u00ebpi kam qen\u00eb duke i rregulluar, i pata marr\u00eb dy \u2018Volvo\u2019. Ai me Avniun erdh\u00ebn, h\u00ebngr\u00ebn buk\u00eb k\u00ebtu dhe u nis\u00ebn. Edhe un\u00eb jam \u00e7u, kam dashur t\u2019i them kthehu se gati \u00ebsht\u00eb makina. Edhe jam \u00e7u, e kam shiku p\u00ebr her\u00ebn e fundit, nuk kam mundur t\u00eb flas hi\u00e7. Ai ka qen\u00eb momenti i fundit q\u00eb e kam par\u00eb gjall\u00eb dhe m\u00eb pas vet\u00ebm kur erdhi lajmi q\u00eb ka vdekur\u201d \u2013 kujtoi ai.<\/p>\n<p>Sikur nuk do i mjaftonte mungesa e p\u00ebrhershme e djalit, moszbardhja e rastit dhe neglizhenca e institucioneve t\u00eb drejt\u00ebsis\u00eb ia shtojn\u00eb dhimbjen.<\/p>\n<p>Absolutisht drejt\u00ebsia nuk e ka b\u00ebr\u00eb pun\u00ebn e saj. N\u00eb at\u00eb koh\u00eb kan\u00eb qen\u00eb nd\u00ebrkomb\u00ebtar\u00ebt. Kam pasur biseda me ta, me sigurimin e tri shteteve m\u00eb t\u00eb fuqishme, edhe ata nuk kan\u00eb dashur t\u00eb zbulojn\u00eb rastin. UNMIK-u, kan\u00eb qen\u00eb shum\u00eb shtete t\u00eb p\u00ebrfshira. Q\u00eb ndodh\u00ebn edhe trazirat pati edhe viktima m\u00eb pas dhe kan\u00eb dashur me l\u00ebn\u00eb fajin m\u00eb tep\u00ebr tek ne se tek ata q\u00eb e b\u00ebn\u00eb\u201d- theksoi Deliu.<\/p>\n<p>&nbsp;<\/p>\n<p>Duke theksuar se \u2018shpresa vdes e fundit\u2019, Zaim Deliu dyshon n\u00ebse drejt\u00ebsia do t\u00eb vihet n\u00eb vend ndonj\u00ebher\u00eb p\u00ebr djalin dhe bashk\u00ebmoshatar\u00ebt e tij.<\/p>\n<p>&nbsp;<\/p>\n<p>Drejtori i shkoll\u00ebs \u201cOsman Rama\u201d, Enver Hasani, i cili ka p\u00ebrcjell\u00eb gjenerat\u00eb pas gjenerate n\u00eb k\u00ebt\u00eb shkoll\u00eb, t\u00eb fresk\u00ebt e ka kujtimin p\u00ebr Egzon Deliun, Avni e Florent Veselin, t\u00eb cil\u00ebt humb\u00ebn jet\u00ebn m\u00eb 16 mars t\u00eb vitit 2004.<\/p>\n<p>&nbsp;<\/p>\n<p>Ora e gjeografis\u00eb e historis\u00eb i kishte b\u00ebr\u00eb bashk\u00eb Hasanin me k\u00ebta nx\u00ebn\u00ebs sepse asokohe ligj\u00ebronte k\u00ebto dy l\u00ebnd\u00eb anipse i njihte mir\u00eb \u2018tre engjujt\u2019 sepse ishin t\u00eb fshatit t\u00eb nj\u00ebjt\u00eb.<\/p>\n<p>&nbsp;<\/p>\n<p>Me lot n\u00eb sy e plot emocione, drejtori kujton fjal\u00ebn e Fitimit, djali i cili doli nga lumi dhe shp\u00ebtoi.<\/p>\n<p>&nbsp;<\/p>\n<p>\u201cFitimi ka qen\u00eb n\u00eb gjendje t\u00eb r\u00ebnd\u00eb, se po m\u00eb rr\u00ebqethet trupi, pasha bes\u00ebn! Ka qen\u00eb n\u00eb gjendje t\u00eb r\u00ebnd\u00eb q\u00eb nuk mund ta p\u00ebrshkruante ngjarjen qysh ka ndodh\u00eb. Po megjithat\u00eb e kan\u00eb mbajt\u00eb edhe n\u00eb kontroll\u00eb t\u00eb mjekut. Edhe duke i fol\u00eb, duke u munduar ta bindim se ka qen\u00eb akt i kryer prej tyre. T\u00eb pakt\u00ebn shyqyr q\u00eb nj\u00ebri nga ju ka shp\u00ebtuar dhe e ka treguar rastin\u201d- tha Hasani.<\/p>\n<p>Sipas drejtorit, nga momenti kur banor\u00ebt e \u00c7abr\u00ebs mor\u00ebn vesh se kan\u00eb vdekur tre f\u00ebmij\u00ebt, jetesa n\u00eb fshat ka qen\u00eb e v\u00ebshtir\u00eb.<\/p>\n<p>Sepse, si\u00e7 thot ai, njer\u00ebzit kan\u00eb jetuar me traum\u00ebn, ku mbet\u00ebn, \u00e7ka po b\u00ebhet, a po i gjejm\u00eb apo nuk po i gjejm\u00eb.<\/p>\n<p>\u201cDeri n\u00eb m\u00ebngjes i kemi gjetur Egzonin dhe Avniun, nj\u00ebrin e kemi gjetur diku rreth or\u00ebs 23:00 e tjetrin diku rreth or\u00ebs 7:00 n\u00eb m\u00ebngjes. Nd\u00ebrsa Florentin s\u2019e kemi gjetur tre muaj. N\u00eb mos gabofsha ka qen\u00eb nj\u00eb aksion i KFOR-it prej n\u00eb ur\u00eb k\u00ebtu q\u00eb kan\u00eb hyr\u00eb Ibrin ta kontrollojn\u00eb. Uji ishte ndal\u00eb gati krejt dhe nuk ka l\u00ebn\u00eb gur pa rrotulluar n\u00eb Ib\u00ebr p\u00ebr ta gjetur edhe f\u00ebmij\u00ebn e tret\u00eb\u201d- rr\u00ebfeu Hasani.<\/p>\n<p>T\u00eb ndjerit, Egzoni, Avniu e Florenti, sipas drejtorit, kan\u00eb qen\u00eb nx\u00ebn\u00ebs t\u00eb urt\u00eb dhe t\u00eb mir\u00eb n\u00eb m\u00ebsime.<\/p>\n<p>&nbsp;<\/p>\n<p>&nbsp;<\/p>\n","protected":false},"excerpt":{"rendered":"<p>Mitrovic\u00eb, 19 mars 2026 08:43 Jan\u00eb b\u00ebr\u00eb 22 vite nga trazirat e dhunshme t\u00eb marsit 2004, p\u00ebr t\u00eb cilat askush nuk u gjykua apo d\u00ebnua<\/p>\n","protected":false},"author":7,"featured_media":38572,"comment_status":"open","ping_status":"open","sticky":false,"template":"","format":"standard","meta":{"footnotes":""},"categories":[60],"tags":[],"class_list":["post-38564","post","type-post","status-publish","format-standard","has-post-thumbnail","hentry","category-shoqerore-sq"],"yoast_head":"<!-- This site is optimized with the Yoast SEO plugin v25.3.1 - https:\/\/yoast.com\/wordpress\/plugins\/seo\/ -->\n<title>Rr\u00ebfimi p\u00ebr tre f\u00ebmij\u00ebt e mbytur n\u00eb Ib\u00ebr, ngjarja q\u00eb shkaktoi trazira n\u00eb mars t\u00eb 2004-s -<\/title>\n<meta name=\"robots\" content=\"index, follow, max-snippet:-1, max-image-preview:large, max-video-preview:-1\" \/>\n<link rel=\"canonical\" href=\"https:\/\/veritasinfo.org\/?p=38564\" \/>\n<meta property=\"og:locale\" content=\"en_US\" \/>\n<meta property=\"og:type\" content=\"article\" \/>\n<meta property=\"og:title\" content=\"Rr\u00ebfimi p\u00ebr tre f\u00ebmij\u00ebt e mbytur n\u00eb Ib\u00ebr, ngjarja q\u00eb shkaktoi trazira n\u00eb mars t\u00eb 2004-s -\" \/>\n<meta property=\"og:description\" content=\"Mitrovic\u00eb, 19 mars 2026 08:43 Jan\u00eb b\u00ebr\u00eb 22 vite nga trazirat e dhunshme t\u00eb marsit 2004, p\u00ebr t\u00eb cilat askush nuk u gjykua apo d\u00ebnua\" \/>\n<meta property=\"og:url\" content=\"https:\/\/veritasinfo.org\/?p=38564\" \/>\n<meta property=\"article:published_time\" content=\"2026-03-19T07:46:43+00:00\" \/>\n<meta property=\"og:image\" content=\"https:\/\/veritasinfo.org\/wp-content\/uploads\/2026\/03\/12-2.png\" \/>\n\t<meta property=\"og:image:width\" content=\"600\" \/>\n\t<meta property=\"og:image:height\" content=\"360\" \/>\n\t<meta property=\"og:image:type\" content=\"image\/png\" \/>\n<meta name=\"author\" content=\"US6\" \/>\n<meta name=\"twitter:card\" content=\"summary_large_image\" \/>\n<meta name=\"twitter:label1\" content=\"Written by\" \/>\n\t<meta name=\"twitter:data1\" content=\"US6\" \/>\n\t<meta name=\"twitter:label2\" content=\"Est. reading time\" \/>\n\t<meta name=\"twitter:data2\" content=\"4 minutes\" \/>\n<script type=\"application\/ld+json\" class=\"yoast-schema-graph\">{\"@context\":\"https:\/\/schema.org\",\"@graph\":[{\"@type\":\"WebPage\",\"@id\":\"https:\/\/veritasinfo.org\/?p=38564\",\"url\":\"https:\/\/veritasinfo.org\/?p=38564\",\"name\":\"Rr\u00ebfimi p\u00ebr tre f\u00ebmij\u00ebt e mbytur n\u00eb Ib\u00ebr, ngjarja q\u00eb shkaktoi trazira n\u00eb mars t\u00eb 2004-s -\",\"isPartOf\":{\"@id\":\"https:\/\/veritasinfo.org\/#website\"},\"primaryImageOfPage\":{\"@id\":\"https:\/\/veritasinfo.org\/?p=38564#primaryimage\"},\"image\":{\"@id\":\"https:\/\/veritasinfo.org\/?p=38564#primaryimage\"},\"thumbnailUrl\":\"https:\/\/veritasinfo.org\/wp-content\/uploads\/2026\/03\/12-2.png\",\"datePublished\":\"2026-03-19T07:46:43+00:00\",\"author\":{\"@id\":\"https:\/\/veritasinfo.org\/#\/schema\/person\/fe199eede04c3937362892b7444747cc\"},\"breadcrumb\":{\"@id\":\"https:\/\/veritasinfo.org\/?p=38564#breadcrumb\"},\"inLanguage\":\"en-US\",\"potentialAction\":[{\"@type\":\"ReadAction\",\"target\":[\"https:\/\/veritasinfo.org\/?p=38564\"]}]},{\"@type\":\"ImageObject\",\"inLanguage\":\"en-US\",\"@id\":\"https:\/\/veritasinfo.org\/?p=38564#primaryimage\",\"url\":\"https:\/\/veritasinfo.org\/wp-content\/uploads\/2026\/03\/12-2.png\",\"contentUrl\":\"https:\/\/veritasinfo.org\/wp-content\/uploads\/2026\/03\/12-2.png\",\"width\":600,\"height\":360},{\"@type\":\"BreadcrumbList\",\"@id\":\"https:\/\/veritasinfo.org\/?p=38564#breadcrumb\",\"itemListElement\":[{\"@type\":\"ListItem\",\"position\":1,\"name\":\"Home\",\"item\":\"https:\/\/veritasinfo.org\/\"},{\"@type\":\"ListItem\",\"position\":2,\"name\":\"Rr\u00ebfimi p\u00ebr tre f\u00ebmij\u00ebt e mbytur n\u00eb Ib\u00ebr, ngjarja q\u00eb shkaktoi trazira n\u00eb mars t\u00eb 2004-s\"}]},{\"@type\":\"WebSite\",\"@id\":\"https:\/\/veritasinfo.org\/#website\",\"url\":\"https:\/\/veritasinfo.org\/\",\"name\":\"\",\"description\":\"\",\"potentialAction\":[{\"@type\":\"SearchAction\",\"target\":{\"@type\":\"EntryPoint\",\"urlTemplate\":\"https:\/\/veritasinfo.org\/?s={search_term_string}\"},\"query-input\":{\"@type\":\"PropertyValueSpecification\",\"valueRequired\":true,\"valueName\":\"search_term_string\"}}],\"inLanguage\":\"en-US\"},{\"@type\":\"Person\",\"@id\":\"https:\/\/veritasinfo.org\/#\/schema\/person\/fe199eede04c3937362892b7444747cc\",\"name\":\"US6\",\"image\":{\"@type\":\"ImageObject\",\"inLanguage\":\"en-US\",\"@id\":\"https:\/\/veritasinfo.org\/#\/schema\/person\/image\/\",\"url\":\"https:\/\/secure.gravatar.com\/avatar\/cb16c3c31c9d23b9b8c705964598220b3014e42ff51eb540ff23cefa3ae8c15f?s=96&d=mm&r=g\",\"contentUrl\":\"https:\/\/secure.gravatar.com\/avatar\/cb16c3c31c9d23b9b8c705964598220b3014e42ff51eb540ff23cefa3ae8c15f?s=96&d=mm&r=g\",\"caption\":\"US6\"},\"url\":\"https:\/\/veritasinfo.org\/?author=7\"}]}<\/script>\n<!-- \/ Yoast SEO plugin. -->","yoast_head_json":{"title":"Rr\u00ebfimi p\u00ebr tre f\u00ebmij\u00ebt e mbytur n\u00eb Ib\u00ebr, ngjarja q\u00eb shkaktoi trazira n\u00eb mars t\u00eb 2004-s -","robots":{"index":"index","follow":"follow","max-snippet":"max-snippet:-1","max-image-preview":"max-image-preview:large","max-video-preview":"max-video-preview:-1"},"canonical":"https:\/\/veritasinfo.org\/?p=38564","og_locale":"en_US","og_type":"article","og_title":"Rr\u00ebfimi p\u00ebr tre f\u00ebmij\u00ebt e mbytur n\u00eb Ib\u00ebr, ngjarja q\u00eb shkaktoi trazira n\u00eb mars t\u00eb 2004-s -","og_description":"Mitrovic\u00eb, 19 mars 2026 08:43 Jan\u00eb b\u00ebr\u00eb 22 vite nga trazirat e dhunshme t\u00eb marsit 2004, p\u00ebr t\u00eb cilat askush nuk u gjykua apo d\u00ebnua","og_url":"https:\/\/veritasinfo.org\/?p=38564","article_published_time":"2026-03-19T07:46:43+00:00","og_image":[{"width":600,"height":360,"url":"https:\/\/veritasinfo.org\/wp-content\/uploads\/2026\/03\/12-2.png","type":"image\/png"}],"author":"US6","twitter_card":"summary_large_image","twitter_misc":{"Written by":"US6","Est. reading time":"4 minutes"},"schema":{"@context":"https:\/\/schema.org","@graph":[{"@type":"WebPage","@id":"https:\/\/veritasinfo.org\/?p=38564","url":"https:\/\/veritasinfo.org\/?p=38564","name":"Rr\u00ebfimi p\u00ebr tre f\u00ebmij\u00ebt e mbytur n\u00eb Ib\u00ebr, ngjarja q\u00eb shkaktoi trazira n\u00eb mars t\u00eb 2004-s -","isPartOf":{"@id":"https:\/\/veritasinfo.org\/#website"},"primaryImageOfPage":{"@id":"https:\/\/veritasinfo.org\/?p=38564#primaryimage"},"image":{"@id":"https:\/\/veritasinfo.org\/?p=38564#primaryimage"},"thumbnailUrl":"https:\/\/veritasinfo.org\/wp-content\/uploads\/2026\/03\/12-2.png","datePublished":"2026-03-19T07:46:43+00:00","author":{"@id":"https:\/\/veritasinfo.org\/#\/schema\/person\/fe199eede04c3937362892b7444747cc"},"breadcrumb":{"@id":"https:\/\/veritasinfo.org\/?p=38564#breadcrumb"},"inLanguage":"en-US","potentialAction":[{"@type":"ReadAction","target":["https:\/\/veritasinfo.org\/?p=38564"]}]},{"@type":"ImageObject","inLanguage":"en-US","@id":"https:\/\/veritasinfo.org\/?p=38564#primaryimage","url":"https:\/\/veritasinfo.org\/wp-content\/uploads\/2026\/03\/12-2.png","contentUrl":"https:\/\/veritasinfo.org\/wp-content\/uploads\/2026\/03\/12-2.png","width":600,"height":360},{"@type":"BreadcrumbList","@id":"https:\/\/veritasinfo.org\/?p=38564#breadcrumb","itemListElement":[{"@type":"ListItem","position":1,"name":"Home","item":"https:\/\/veritasinfo.org\/"},{"@type":"ListItem","position":2,"name":"Rr\u00ebfimi p\u00ebr tre f\u00ebmij\u00ebt e mbytur n\u00eb Ib\u00ebr, ngjarja q\u00eb shkaktoi trazira n\u00eb mars t\u00eb 2004-s"}]},{"@type":"WebSite","@id":"https:\/\/veritasinfo.org\/#website","url":"https:\/\/veritasinfo.org\/","name":"","description":"","potentialAction":[{"@type":"SearchAction","target":{"@type":"EntryPoint","urlTemplate":"https:\/\/veritasinfo.org\/?s={search_term_string}"},"query-input":{"@type":"PropertyValueSpecification","valueRequired":true,"valueName":"search_term_string"}}],"inLanguage":"en-US"},{"@type":"Person","@id":"https:\/\/veritasinfo.org\/#\/schema\/person\/fe199eede04c3937362892b7444747cc","name":"US6","image":{"@type":"ImageObject","inLanguage":"en-US","@id":"https:\/\/veritasinfo.org\/#\/schema\/person\/image\/","url":"https:\/\/secure.gravatar.com\/avatar\/cb16c3c31c9d23b9b8c705964598220b3014e42ff51eb540ff23cefa3ae8c15f?s=96&d=mm&r=g","contentUrl":"https:\/\/secure.gravatar.com\/avatar\/cb16c3c31c9d23b9b8c705964598220b3014e42ff51eb540ff23cefa3ae8c15f?s=96&d=mm&r=g","caption":"US6"},"url":"https:\/\/veritasinfo.org\/?author=7"}]}},"featured_image_urls":{"full":["https:\/\/veritasinfo.org\/wp-content\/uploads\/2026\/03\/12-2.png",600,360,false],"thumbnail":["https:\/\/veritasinfo.org\/wp-content\/uploads\/2026\/03\/12-2-150x150.png",150,150,true],"medium":["https:\/\/veritasinfo.org\/wp-content\/uploads\/2026\/03\/12-2-300x180.png",300,180,true],"medium_large":["https:\/\/veritasinfo.org\/wp-content\/uploads\/2026\/03\/12-2.png",600,360,false],"large":["https:\/\/veritasinfo.org\/wp-content\/uploads\/2026\/03\/12-2.png",600,360,false],"1536x1536":["https:\/\/veritasinfo.org\/wp-content\/uploads\/2026\/03\/12-2.png",600,360,false],"2048x2048":["https:\/\/veritasinfo.org\/wp-content\/uploads\/2026\/03\/12-2.png",600,360,false],"kreeti-slider-full":["https:\/\/veritasinfo.org\/wp-content\/uploads\/2026\/03\/12-2.png",600,360,false],"kreeti-featured":["https:\/\/veritasinfo.org\/wp-content\/uploads\/2026\/03\/12-2.png",600,360,false],"kreeti-medium":["https:\/\/veritasinfo.org\/wp-content\/uploads\/2026\/03\/12-2.png",600,360,false],"kreeti-medium-square":["https:\/\/veritasinfo.org\/wp-content\/uploads\/2026\/03\/12-2.png",350,210,false]},"author_info":{"info":["US6"]},"category_info":"<a href=\"https:\/\/veritasinfo.org\/?cat=60\" rel=\"category\">Shoq\u00ebrore<\/a>","tag_info":"Shoq\u00ebrore","comment_count":"0","_links":{"self":[{"href":"https:\/\/veritasinfo.org\/index.php?rest_route=\/wp\/v2\/posts\/38564","targetHints":{"allow":["GET"]}}],"collection":[{"href":"https:\/\/veritasinfo.org\/index.php?rest_route=\/wp\/v2\/posts"}],"about":[{"href":"https:\/\/veritasinfo.org\/index.php?rest_route=\/wp\/v2\/types\/post"}],"author":[{"embeddable":true,"href":"https:\/\/veritasinfo.org\/index.php?rest_route=\/wp\/v2\/users\/7"}],"replies":[{"embeddable":true,"href":"https:\/\/veritasinfo.org\/index.php?rest_route=%2Fwp%2Fv2%2Fcomments&post=38564"}],"version-history":[{"count":1,"href":"https:\/\/veritasinfo.org\/index.php?rest_route=\/wp\/v2\/posts\/38564\/revisions"}],"predecessor-version":[{"id":38573,"href":"https:\/\/veritasinfo.org\/index.php?rest_route=\/wp\/v2\/posts\/38564\/revisions\/38573"}],"wp:featuredmedia":[{"embeddable":true,"href":"https:\/\/veritasinfo.org\/index.php?rest_route=\/wp\/v2\/media\/38572"}],"wp:attachment":[{"href":"https:\/\/veritasinfo.org\/index.php?rest_route=%2Fwp%2Fv2%2Fmedia&parent=38564"}],"wp:term":[{"taxonomy":"category","embeddable":true,"href":"https:\/\/veritasinfo.org\/index.php?rest_route=%2Fwp%2Fv2%2Fcategories&post=38564"},{"taxonomy":"post_tag","embeddable":true,"href":"https:\/\/veritasinfo.org\/index.php?rest_route=%2Fwp%2Fv2%2Ftags&post=38564"}],"curies":[{"name":"wp","href":"https:\/\/api.w.org\/{rel}","templated":true}]}}